{"id":21223,"date":"2024-03-01T20:35:41","date_gmt":"2024-03-01T19:35:41","guid":{"rendered":"https:\/\/www.ladiagonale.net\/?p=21223"},"modified":"2024-03-01T20:38:55","modified_gmt":"2024-03-01T19:38:55","slug":"les-compositions-salisu-blesse-et-forfait","status":"publish","type":"post","link":"https:\/\/www.ladiagonale.net\/index.php\/2024\/03\/01\/les-compositions-salisu-blesse-et-forfait\/","title":{"rendered":"Les compositions : Salisu bless\u00e9 et forfait"},"content":{"rendered":"\n<p>D\u00e9j\u00e0 oblig\u00e9 de composer avec de nombreuses absences, Adi H\u00fctter va devoir \u00e9galement se passer de Mohammed Salisu face au PSG. Le d\u00e9fenseur ghan\u00e9en s\u2019est bless\u00e9 \u00e0 un ischio-jambiers apr\u00e8s la s\u00e9ance d\u2019entra\u00eenement de ce vendredi matin.<\/p>\n\n\n\n<p>Pour son XI de d\u00e9part, le technicien autrichien va proposer une \u00e9quipe au profil offensif avec trois de ses meneurs de jeu align\u00e9s d\u2019entr\u00e9e plus deux attaquants. Mais le syst\u00e8me devrait davantage ressembler \u00e0 celui vu \u00e0 Lens avec un Minamino comme piston droit et un Golovin plus d\u00e9fensif.<\/p>\n\n\n\n<p><strong>AS Monaco\u00a0:\u00a0<\/strong>Majecki \u2013 Singo, Maripan, Kehrer \u2013 Minamino, Fofana,\u00a0Golovin, Ouattara &#8211; Akliouche \u2013 Balogun, Ben Yedder (cap.).<br><em>Rempla\u00e7ants : <\/em>K\u00f6hn (g.), Platret, Valme, Magassa, Benama, Coulibaly, Diop, Ben Seghir, Michal.<\/p>\n\n\n\n<p><strong>Paris SG\u00a0:<\/strong>\u00a0Donnarumma \u2013 Hakimi, Beraldo, Hernandez, Mukiele \u2013 Vitinha, Ugarte, Soler \u2013 Asensio, Mbapp\u00e9 (cap.), Ramos.<br><em>Rempla\u00e7ants : <\/em>Navas (g.), Nuno Mendes, Gadou, Ruiz, Za\u00efre-Emery, Lee, Barcola, Kolo Muani, Dembel\u00e9.<\/p>\n","protected":false},"excerpt":{"rendered":"<p>D\u00e9j\u00e0 oblig\u00e9 de composer avec de nombreuses absences, Adi H\u00fctter va devoir \u00e9galement se passer de Mohammed Salisu face au PSG. Le d\u00e9fenseur ghan\u00e9en s\u2019est bless\u00e9 \u00e0 un ischio-jambiers apr\u00e8s la s\u00e9ance d\u2019entra\u00eenement de ce vendredi matin. Pour son XI de d\u00e9part, le technicien autrichien va proposer une \u00e9quipe au profil offensif avec trois de [&#8230;]\n","protected":false},"author":2,"featured_media":0,"comment_status":"open","ping_status":"open","sticky":false,"template":"","format":"standard","meta":[],"categories":[4,6],"tags":[86,213,786],"yoast_head":"<!-- This site is optimized with the Yoast SEO plugin v19.8 - https:\/\/yoast.com\/wordpress\/plugins\/seo\/ -->\n<title>Les compositions : Salisu bless\u00e9 et forfait - La Diagonale<\/title>\n<meta name=\"robots\" content=\"index, follow, max-snippet:-1, max-image-preview:large, max-video-preview:-1\" \/>\n<link rel=\"canonical\" href=\"https:\/\/www.ladiagonale.net\/index.php\/2024\/03\/01\/les-compositions-salisu-blesse-et-forfait\/\" \/>\n<meta property=\"og:locale\" content=\"fr_FR\" \/>\n<meta property=\"og:type\" content=\"article\" \/>\n<meta property=\"og:title\" content=\"Les compositions : Salisu bless\u00e9 et forfait - La Diagonale\" \/>\n<meta property=\"og:description\" content=\"D\u00e9j\u00e0 oblig\u00e9 de composer avec de nombreuses absences, Adi H\u00fctter va devoir \u00e9galement se passer de Mohammed Salisu face au PSG. Le d\u00e9fenseur ghan\u00e9en s\u2019est bless\u00e9 \u00e0 un ischio-jambiers apr\u00e8s la s\u00e9ance d\u2019entra\u00eenement de ce vendredi matin. Pour son XI de d\u00e9part, le technicien autrichien va proposer une \u00e9quipe au profil offensif avec trois de [...]\" \/>\n<meta property=\"og:url\" content=\"https:\/\/www.ladiagonale.net\/index.php\/2024\/03\/01\/les-compositions-salisu-blesse-et-forfait\/\" \/>\n<meta property=\"og:site_name\" content=\"La Diagonale\" \/>\n<meta property=\"article:published_time\" content=\"2024-03-01T19:35:41+00:00\" \/>\n<meta property=\"article:modified_time\" content=\"2024-03-01T19:38:55+00:00\" \/>\n<meta property=\"og:image\" content=\"https:\/\/www.ladiagonale.net\/wp-content\/uploads\/2024\/01\/salisu-title-1024x574-1.jpg\" \/>\n\t<meta property=\"og:image:width\" content=\"1024\" \/>\n\t<meta property=\"og:image:height\" content=\"574\" \/>\n\t<meta property=\"og:image:type\" content=\"image\/jpeg\" \/>\n<meta name=\"author\" content=\"Damien Dellerba\" \/>\n<meta name=\"twitter:card\" content=\"summary_large_image\" \/>\n<meta name=\"twitter:image\" content=\"https:\/\/www.ladiagonale.net\/wp-content\/uploads\/2024\/01\/salisu-title-1024x574-1.jpg\" \/>\n<meta name=\"twitter:label1\" content=\"\u00c9crit par\" \/>\n\t<meta name=\"twitter:data1\" content=\"Damien Dellerba\" \/>\n\t<meta name=\"twitter:label2\" content=\"Dur\u00e9e de lecture estim\u00e9e\" \/>\n\t<meta name=\"twitter:data2\" content=\"1 minute\" \/>\n<script type=\"application\/ld+json\" class=\"yoast-schema-graph\">{\"@context\":\"https:\/\/schema.org\",\"@graph\":[{\"@type\":\"WebPage\",\"@id\":\"https:\/\/www.ladiagonale.net\/index.php\/2024\/03\/01\/les-compositions-salisu-blesse-et-forfait\/\",\"url\":\"https:\/\/www.ladiagonale.net\/index.php\/2024\/03\/01\/les-compositions-salisu-blesse-et-forfait\/\",\"name\":\"Les compositions : Salisu bless\u00e9 et forfait - La Diagonale\",\"isPartOf\":{\"@id\":\"https:\/\/www.ladiagonale.net\/#website\"},\"datePublished\":\"2024-03-01T19:35:41+00:00\",\"dateModified\":\"2024-03-01T19:38:55+00:00\",\"author\":{\"@id\":\"https:\/\/www.ladiagonale.net\/#\/schema\/person\/79ff1e7b0853ed01b2aa26e64ad300bf\"},\"breadcrumb\":{\"@id\":\"https:\/\/www.ladiagonale.net\/index.php\/2024\/03\/01\/les-compositions-salisu-blesse-et-forfait\/#breadcrumb\"},\"inLanguage\":\"fr-FR\",\"potentialAction\":[{\"@type\":\"ReadAction\",\"target\":[\"https:\/\/www.ladiagonale.net\/index.php\/2024\/03\/01\/les-compositions-salisu-blesse-et-forfait\/\"]}]},{\"@type\":\"BreadcrumbList\",\"@id\":\"https:\/\/www.ladiagonale.net\/index.php\/2024\/03\/01\/les-compositions-salisu-blesse-et-forfait\/#breadcrumb\",\"itemListElement\":[{\"@type\":\"ListItem\",\"position\":1,\"name\":\"Accueil\",\"item\":\"https:\/\/www.ladiagonale.net\/\"},{\"@type\":\"ListItem\",\"position\":2,\"name\":\"Les compositions : Salisu bless\u00e9 et forfait\"}]},{\"@type\":\"WebSite\",\"@id\":\"https:\/\/www.ladiagonale.net\/#website\",\"url\":\"https:\/\/www.ladiagonale.net\/\",\"name\":\"La Diagonale\",\"description\":\"Le site des supporters de l&#039;AS Monaco FC\",\"potentialAction\":[{\"@type\":\"SearchAction\",\"target\":{\"@type\":\"EntryPoint\",\"urlTemplate\":\"https:\/\/www.ladiagonale.net\/?s={search_term_string}\"},\"query-input\":\"required name=search_term_string\"}],\"inLanguage\":\"fr-FR\"},{\"@type\":\"Person\",\"@id\":\"https:\/\/www.ladiagonale.net\/#\/schema\/person\/79ff1e7b0853ed01b2aa26e64ad300bf\",\"name\":\"Damien Dellerba\",\"image\":{\"@type\":\"ImageObject\",\"inLanguage\":\"fr-FR\",\"@id\":\"https:\/\/www.ladiagonale.net\/#\/schema\/person\/image\/\",\"url\":\"https:\/\/secure.gravatar.com\/avatar\/c7850e06d3ff63cdbaee88b7fc16e2f0?s=96&d=mm&r=g\",\"contentUrl\":\"https:\/\/secure.gravatar.com\/avatar\/c7850e06d3ff63cdbaee88b7fc16e2f0?s=96&d=mm&r=g\",\"caption\":\"Damien Dellerba\"},\"url\":\"https:\/\/www.ladiagonale.net\/index.php\/author\/damien\/\"}]}<\/script>\n<!-- \/ Yoast SEO plugin. -->","yoast_head_json":{"title":"Les compositions : Salisu bless\u00e9 et forfait - La Diagonale","robots":{"index":"index","follow":"follow","max-snippet":"max-snippet:-1","max-image-preview":"max-image-preview:large","max-video-preview":"max-video-preview:-1"},"canonical":"https:\/\/www.ladiagonale.net\/index.php\/2024\/03\/01\/les-compositions-salisu-blesse-et-forfait\/","og_locale":"fr_FR","og_type":"article","og_title":"Les compositions : Salisu bless\u00e9 et forfait - La Diagonale","og_description":"D\u00e9j\u00e0 oblig\u00e9 de composer avec de nombreuses absences, Adi H\u00fctter va devoir \u00e9galement se passer de Mohammed Salisu face au PSG. Le d\u00e9fenseur ghan\u00e9en s\u2019est bless\u00e9 \u00e0 un ischio-jambiers apr\u00e8s la s\u00e9ance d\u2019entra\u00eenement de ce vendredi matin. Pour son XI de d\u00e9part, le technicien autrichien va proposer une \u00e9quipe au profil offensif avec trois de [...]","og_url":"https:\/\/www.ladiagonale.net\/index.php\/2024\/03\/01\/les-compositions-salisu-blesse-et-forfait\/","og_site_name":"La Diagonale","article_published_time":"2024-03-01T19:35:41+00:00","article_modified_time":"2024-03-01T19:38:55+00:00","og_image":[{"width":1024,"height":574,"url":"https:\/\/www.ladiagonale.net\/wp-content\/uploads\/2024\/01\/salisu-title-1024x574-1.jpg","type":"image\/jpeg"}],"author":"Damien Dellerba","twitter_card":"summary_large_image","twitter_image":"https:\/\/www.ladiagonale.net\/wp-content\/uploads\/2024\/01\/salisu-title-1024x574-1.jpg","twitter_misc":{"\u00c9crit par":"Damien Dellerba","Dur\u00e9e de lecture estim\u00e9e":"1 minute"},"schema":{"@context":"https:\/\/schema.org","@graph":[{"@type":"WebPage","@id":"https:\/\/www.ladiagonale.net\/index.php\/2024\/03\/01\/les-compositions-salisu-blesse-et-forfait\/","url":"https:\/\/www.ladiagonale.net\/index.php\/2024\/03\/01\/les-compositions-salisu-blesse-et-forfait\/","name":"Les compositions : Salisu bless\u00e9 et forfait - La Diagonale","isPartOf":{"@id":"https:\/\/www.ladiagonale.net\/#website"},"datePublished":"2024-03-01T19:35:41+00:00","dateModified":"2024-03-01T19:38:55+00:00","author":{"@id":"https:\/\/www.ladiagonale.net\/#\/schema\/person\/79ff1e7b0853ed01b2aa26e64ad300bf"},"breadcrumb":{"@id":"https:\/\/www.ladiagonale.net\/index.php\/2024\/03\/01\/les-compositions-salisu-blesse-et-forfait\/#breadcrumb"},"inLanguage":"fr-FR","potentialAction":[{"@type":"ReadAction","target":["https:\/\/www.ladiagonale.net\/index.php\/2024\/03\/01\/les-compositions-salisu-blesse-et-forfait\/"]}]},{"@type":"BreadcrumbList","@id":"https:\/\/www.ladiagonale.net\/index.php\/2024\/03\/01\/les-compositions-salisu-blesse-et-forfait\/#breadcrumb","itemListElement":[{"@type":"ListItem","position":1,"name":"Accueil","item":"https:\/\/www.ladiagonale.net\/"},{"@type":"ListItem","position":2,"name":"Les compositions : Salisu bless\u00e9 et forfait"}]},{"@type":"WebSite","@id":"https:\/\/www.ladiagonale.net\/#website","url":"https:\/\/www.ladiagonale.net\/","name":"La Diagonale","description":"Le site des supporters de l&#039;AS Monaco FC","potentialAction":[{"@type":"SearchAction","target":{"@type":"EntryPoint","urlTemplate":"https:\/\/www.ladiagonale.net\/?s={search_term_string}"},"query-input":"required name=search_term_string"}],"inLanguage":"fr-FR"},{"@type":"Person","@id":"https:\/\/www.ladiagonale.net\/#\/schema\/person\/79ff1e7b0853ed01b2aa26e64ad300bf","name":"Damien Dellerba","image":{"@type":"ImageObject","inLanguage":"fr-FR","@id":"https:\/\/www.ladiagonale.net\/#\/schema\/person\/image\/","url":"https:\/\/secure.gravatar.com\/avatar\/c7850e06d3ff63cdbaee88b7fc16e2f0?s=96&d=mm&r=g","contentUrl":"https:\/\/secure.gravatar.com\/avatar\/c7850e06d3ff63cdbaee88b7fc16e2f0?s=96&d=mm&r=g","caption":"Damien Dellerba"},"url":"https:\/\/www.ladiagonale.net\/index.php\/author\/damien\/"}]}},"_links":{"self":[{"href":"https:\/\/www.ladiagonale.net\/index.php\/wp-json\/wp\/v2\/posts\/21223"}],"collection":[{"href":"https:\/\/www.ladiagonale.net\/index.php\/wp-json\/wp\/v2\/posts"}],"about":[{"href":"https:\/\/www.ladiagonale.net\/index.php\/wp-json\/wp\/v2\/types\/post"}],"author":[{"embeddable":true,"href":"https:\/\/www.ladiagonale.net\/index.php\/wp-json\/wp\/v2\/users\/2"}],"replies":[{"embeddable":true,"href":"https:\/\/www.ladiagonale.net\/index.php\/wp-json\/wp\/v2\/comments?post=21223"}],"version-history":[{"count":4,"href":"https:\/\/www.ladiagonale.net\/index.php\/wp-json\/wp\/v2\/posts\/21223\/revisions"}],"predecessor-version":[{"id":21228,"href":"https:\/\/www.ladiagonale.net\/index.php\/wp-json\/wp\/v2\/posts\/21223\/revisions\/21228"}],"wp:attachment":[{"href":"https:\/\/www.ladiagonale.net\/index.php\/wp-json\/wp\/v2\/media?parent=21223"}],"wp:term":[{"taxonomy":"category","embeddable":true,"href":"https:\/\/www.ladiagonale.net\/index.php\/wp-json\/wp\/v2\/categories?post=21223"},{"taxonomy":"post_tag","embeddable":true,"href":"https:\/\/www.ladiagonale.net\/index.php\/wp-json\/wp\/v2\/tags?post=21223"}],"curies":[{"name":"wp","href":"https:\/\/api.w.org\/{rel}","templated":true}]}}