{"id":21229,"date":"2024-03-01T23:04:35","date_gmt":"2024-03-01T22:04:35","guid":{"rendered":"https:\/\/www.ladiagonale.net\/?p=21229"},"modified":"2024-03-02T02:37:08","modified_gmt":"2024-03-02T01:37:08","slug":"monaco-et-paris-dos-a-dos-0-0","status":"publish","type":"post","link":"https:\/\/www.ladiagonale.net\/index.php\/2024\/03\/01\/monaco-et-paris-dos-a-dos-0-0\/","title":{"rendered":"Monaco et Paris dos \u00e0 dos (0-0)"},"content":{"rendered":"\n<p>L\u2019AS Monaco peut avoir des regrets. Les Rouge et Blanc ont conc\u00e9d\u00e9 un bon match nul face au Paris Saint-Germain (0-0), \u00e0 l\u2019occasion de la 24<sup>e<\/sup> journ\u00e9e de Ligue 1, mais la rencontre aurait pu tourner en leur faveur, en particulier avec la premi\u00e8re p\u00e9riode o\u00f9 ils se sont procur\u00e9 de nombreuses occasions qu\u2019ils n\u2019ont pas r\u00e9ussi \u00e0 convertir.<\/p>\n\n\n\n<p>Malgr\u00e9 une belle performance, l\u2019ASM ne prend qu\u2019un seul point, ce qui ne fait pas forc\u00e9ment ses affaires dans la lutte pour le podium et la Ligue des champions. Avec 42 points, les joueurs d\u2019Adi H\u00fctter restent provisoirement troisi\u00e8mes derri\u00e8re Brest qui pourrait prendre quatre points d\u2019avance en cas de succ\u00e8s contre Le Havre dimanche. Nice pourrait aussi d\u00e9passer l\u2019ASM ce week-end.<\/p>\n\n\n","protected":false},"excerpt":{"rendered":"<p>L\u2019AS Monaco peut avoir des regrets. Les Rouge et Blanc ont conc\u00e9d\u00e9 un bon match nul face au Paris Saint-Germain (0-0), \u00e0 l\u2019occasion de la 24e journ\u00e9e de Ligue 1, mais la rencontre aurait pu tourner en leur faveur, en particulier avec la premi\u00e8re p\u00e9riode o\u00f9 ils se sont procur\u00e9 de nombreuses occasions qu\u2019ils n\u2019ont [&#8230;]\n","protected":false},"author":2,"featured_media":0,"comment_status":"open","ping_status":"open","sticky":false,"template":"","format":"standard","meta":[],"categories":[4,6],"tags":[86,94,786],"yoast_head":"<!-- This site is optimized with the Yoast SEO plugin v19.8 - https:\/\/yoast.com\/wordpress\/plugins\/seo\/ -->\n<title>Monaco et Paris dos \u00e0 dos (0-0) - La Diagonale<\/title>\n<meta name=\"robots\" content=\"index, follow, max-snippet:-1, max-image-preview:large, max-video-preview:-1\" \/>\n<link rel=\"canonical\" href=\"https:\/\/www.ladiagonale.net\/index.php\/2024\/03\/01\/monaco-et-paris-dos-a-dos-0-0\/\" \/>\n<meta property=\"og:locale\" content=\"fr_FR\" \/>\n<meta property=\"og:type\" content=\"article\" \/>\n<meta property=\"og:title\" content=\"Monaco et Paris dos \u00e0 dos (0-0) - La Diagonale\" \/>\n<meta property=\"og:description\" content=\"L\u2019AS Monaco peut avoir des regrets. Les Rouge et Blanc ont conc\u00e9d\u00e9 un bon match nul face au Paris Saint-Germain (0-0), \u00e0 l\u2019occasion de la 24e journ\u00e9e de Ligue 1, mais la rencontre aurait pu tourner en leur faveur, en particulier avec la premi\u00e8re p\u00e9riode o\u00f9 ils se sont procur\u00e9 de nombreuses occasions qu\u2019ils n\u2019ont [...]\" \/>\n<meta property=\"og:url\" content=\"https:\/\/www.ladiagonale.net\/index.php\/2024\/03\/01\/monaco-et-paris-dos-a-dos-0-0\/\" \/>\n<meta property=\"og:site_name\" content=\"La Diagonale\" \/>\n<meta property=\"article:published_time\" content=\"2024-03-01T22:04:35+00:00\" \/>\n<meta property=\"article:modified_time\" content=\"2024-03-02T01:37:08+00:00\" \/>\n<meta property=\"og:image\" content=\"https:\/\/www.ladiagonale.net\/wp-content\/uploads\/2024\/03\/minamino-psg.png\" \/>\n\t<meta property=\"og:image:width\" content=\"1160\" \/>\n\t<meta property=\"og:image:height\" content=\"650\" \/>\n\t<meta property=\"og:image:type\" content=\"image\/png\" \/>\n<meta name=\"author\" content=\"Damien Dellerba\" \/>\n<meta name=\"twitter:card\" content=\"summary_large_image\" \/>\n<meta name=\"twitter:image\" content=\"https:\/\/www.ladiagonale.net\/wp-content\/uploads\/2024\/03\/minamino-psg.png\" \/>\n<meta name=\"twitter:label1\" content=\"\u00c9crit par\" \/>\n\t<meta name=\"twitter:data1\" content=\"Damien Dellerba\" \/>\n\t<meta name=\"twitter:label2\" content=\"Dur\u00e9e de lecture estim\u00e9e\" \/>\n\t<meta name=\"twitter:data2\" content=\"1 minute\" \/>\n<script type=\"application\/ld+json\" class=\"yoast-schema-graph\">{\"@context\":\"https:\/\/schema.org\",\"@graph\":[{\"@type\":\"WebPage\",\"@id\":\"https:\/\/www.ladiagonale.net\/index.php\/2024\/03\/01\/monaco-et-paris-dos-a-dos-0-0\/\",\"url\":\"https:\/\/www.ladiagonale.net\/index.php\/2024\/03\/01\/monaco-et-paris-dos-a-dos-0-0\/\",\"name\":\"Monaco et Paris dos \u00e0 dos (0-0) - La Diagonale\",\"isPartOf\":{\"@id\":\"https:\/\/www.ladiagonale.net\/#website\"},\"datePublished\":\"2024-03-01T22:04:35+00:00\",\"dateModified\":\"2024-03-02T01:37:08+00:00\",\"author\":{\"@id\":\"https:\/\/www.ladiagonale.net\/#\/schema\/person\/79ff1e7b0853ed01b2aa26e64ad300bf\"},\"breadcrumb\":{\"@id\":\"https:\/\/www.ladiagonale.net\/index.php\/2024\/03\/01\/monaco-et-paris-dos-a-dos-0-0\/#breadcrumb\"},\"inLanguage\":\"fr-FR\",\"potentialAction\":[{\"@type\":\"ReadAction\",\"target\":[\"https:\/\/www.ladiagonale.net\/index.php\/2024\/03\/01\/monaco-et-paris-dos-a-dos-0-0\/\"]}]},{\"@type\":\"BreadcrumbList\",\"@id\":\"https:\/\/www.ladiagonale.net\/index.php\/2024\/03\/01\/monaco-et-paris-dos-a-dos-0-0\/#breadcrumb\",\"itemListElement\":[{\"@type\":\"ListItem\",\"position\":1,\"name\":\"Accueil\",\"item\":\"https:\/\/www.ladiagonale.net\/\"},{\"@type\":\"ListItem\",\"position\":2,\"name\":\"Monaco et Paris dos \u00e0 dos (0-0)\"}]},{\"@type\":\"WebSite\",\"@id\":\"https:\/\/www.ladiagonale.net\/#website\",\"url\":\"https:\/\/www.ladiagonale.net\/\",\"name\":\"La Diagonale\",\"description\":\"Le site des supporters de l&#039;AS Monaco FC\",\"potentialAction\":[{\"@type\":\"SearchAction\",\"target\":{\"@type\":\"EntryPoint\",\"urlTemplate\":\"https:\/\/www.ladiagonale.net\/?s={search_term_string}\"},\"query-input\":\"required name=search_term_string\"}],\"inLanguage\":\"fr-FR\"},{\"@type\":\"Person\",\"@id\":\"https:\/\/www.ladiagonale.net\/#\/schema\/person\/79ff1e7b0853ed01b2aa26e64ad300bf\",\"name\":\"Damien Dellerba\",\"image\":{\"@type\":\"ImageObject\",\"inLanguage\":\"fr-FR\",\"@id\":\"https:\/\/www.ladiagonale.net\/#\/schema\/person\/image\/\",\"url\":\"https:\/\/secure.gravatar.com\/avatar\/c7850e06d3ff63cdbaee88b7fc16e2f0?s=96&d=mm&r=g\",\"contentUrl\":\"https:\/\/secure.gravatar.com\/avatar\/c7850e06d3ff63cdbaee88b7fc16e2f0?s=96&d=mm&r=g\",\"caption\":\"Damien Dellerba\"},\"url\":\"https:\/\/www.ladiagonale.net\/index.php\/author\/damien\/\"}]}<\/script>\n<!-- \/ Yoast SEO plugin. -->","yoast_head_json":{"title":"Monaco et Paris dos \u00e0 dos (0-0) - La Diagonale","robots":{"index":"index","follow":"follow","max-snippet":"max-snippet:-1","max-image-preview":"max-image-preview:large","max-video-preview":"max-video-preview:-1"},"canonical":"https:\/\/www.ladiagonale.net\/index.php\/2024\/03\/01\/monaco-et-paris-dos-a-dos-0-0\/","og_locale":"fr_FR","og_type":"article","og_title":"Monaco et Paris dos \u00e0 dos (0-0) - La Diagonale","og_description":"L\u2019AS Monaco peut avoir des regrets. Les Rouge et Blanc ont conc\u00e9d\u00e9 un bon match nul face au Paris Saint-Germain (0-0), \u00e0 l\u2019occasion de la 24e journ\u00e9e de Ligue 1, mais la rencontre aurait pu tourner en leur faveur, en particulier avec la premi\u00e8re p\u00e9riode o\u00f9 ils se sont procur\u00e9 de nombreuses occasions qu\u2019ils n\u2019ont [...]","og_url":"https:\/\/www.ladiagonale.net\/index.php\/2024\/03\/01\/monaco-et-paris-dos-a-dos-0-0\/","og_site_name":"La Diagonale","article_published_time":"2024-03-01T22:04:35+00:00","article_modified_time":"2024-03-02T01:37:08+00:00","og_image":[{"width":1160,"height":650,"url":"https:\/\/www.ladiagonale.net\/wp-content\/uploads\/2024\/03\/minamino-psg.png","type":"image\/png"}],"author":"Damien Dellerba","twitter_card":"summary_large_image","twitter_image":"https:\/\/www.ladiagonale.net\/wp-content\/uploads\/2024\/03\/minamino-psg.png","twitter_misc":{"\u00c9crit par":"Damien Dellerba","Dur\u00e9e de lecture estim\u00e9e":"1 minute"},"schema":{"@context":"https:\/\/schema.org","@graph":[{"@type":"WebPage","@id":"https:\/\/www.ladiagonale.net\/index.php\/2024\/03\/01\/monaco-et-paris-dos-a-dos-0-0\/","url":"https:\/\/www.ladiagonale.net\/index.php\/2024\/03\/01\/monaco-et-paris-dos-a-dos-0-0\/","name":"Monaco et Paris dos \u00e0 dos (0-0) - La Diagonale","isPartOf":{"@id":"https:\/\/www.ladiagonale.net\/#website"},"datePublished":"2024-03-01T22:04:35+00:00","dateModified":"2024-03-02T01:37:08+00:00","author":{"@id":"https:\/\/www.ladiagonale.net\/#\/schema\/person\/79ff1e7b0853ed01b2aa26e64ad300bf"},"breadcrumb":{"@id":"https:\/\/www.ladiagonale.net\/index.php\/2024\/03\/01\/monaco-et-paris-dos-a-dos-0-0\/#breadcrumb"},"inLanguage":"fr-FR","potentialAction":[{"@type":"ReadAction","target":["https:\/\/www.ladiagonale.net\/index.php\/2024\/03\/01\/monaco-et-paris-dos-a-dos-0-0\/"]}]},{"@type":"BreadcrumbList","@id":"https:\/\/www.ladiagonale.net\/index.php\/2024\/03\/01\/monaco-et-paris-dos-a-dos-0-0\/#breadcrumb","itemListElement":[{"@type":"ListItem","position":1,"name":"Accueil","item":"https:\/\/www.ladiagonale.net\/"},{"@type":"ListItem","position":2,"name":"Monaco et Paris dos \u00e0 dos (0-0)"}]},{"@type":"WebSite","@id":"https:\/\/www.ladiagonale.net\/#website","url":"https:\/\/www.ladiagonale.net\/","name":"La Diagonale","description":"Le site des supporters de l&#039;AS Monaco FC","potentialAction":[{"@type":"SearchAction","target":{"@type":"EntryPoint","urlTemplate":"https:\/\/www.ladiagonale.net\/?s={search_term_string}"},"query-input":"required name=search_term_string"}],"inLanguage":"fr-FR"},{"@type":"Person","@id":"https:\/\/www.ladiagonale.net\/#\/schema\/person\/79ff1e7b0853ed01b2aa26e64ad300bf","name":"Damien Dellerba","image":{"@type":"ImageObject","inLanguage":"fr-FR","@id":"https:\/\/www.ladiagonale.net\/#\/schema\/person\/image\/","url":"https:\/\/secure.gravatar.com\/avatar\/c7850e06d3ff63cdbaee88b7fc16e2f0?s=96&d=mm&r=g","contentUrl":"https:\/\/secure.gravatar.com\/avatar\/c7850e06d3ff63cdbaee88b7fc16e2f0?s=96&d=mm&r=g","caption":"Damien Dellerba"},"url":"https:\/\/www.ladiagonale.net\/index.php\/author\/damien\/"}]}},"_links":{"self":[{"href":"https:\/\/www.ladiagonale.net\/index.php\/wp-json\/wp\/v2\/posts\/21229"}],"collection":[{"href":"https:\/\/www.ladiagonale.net\/index.php\/wp-json\/wp\/v2\/posts"}],"about":[{"href":"https:\/\/www.ladiagonale.net\/index.php\/wp-json\/wp\/v2\/types\/post"}],"author":[{"embeddable":true,"href":"https:\/\/www.ladiagonale.net\/index.php\/wp-json\/wp\/v2\/users\/2"}],"replies":[{"embeddable":true,"href":"https:\/\/www.ladiagonale.net\/index.php\/wp-json\/wp\/v2\/comments?post=21229"}],"version-history":[{"count":4,"href":"https:\/\/www.ladiagonale.net\/index.php\/wp-json\/wp\/v2\/posts\/21229\/revisions"}],"predecessor-version":[{"id":21234,"href":"https:\/\/www.ladiagonale.net\/index.php\/wp-json\/wp\/v2\/posts\/21229\/revisions\/21234"}],"wp:attachment":[{"href":"https:\/\/www.ladiagonale.net\/index.php\/wp-json\/wp\/v2\/media?parent=21229"}],"wp:term":[{"taxonomy":"category","embeddable":true,"href":"https:\/\/www.ladiagonale.net\/index.php\/wp-json\/wp\/v2\/categories?post=21229"},{"taxonomy":"post_tag","embeddable":true,"href":"https:\/\/www.ladiagonale.net\/index.php\/wp-json\/wp\/v2\/tags?post=21229"}],"curies":[{"name":"wp","href":"https:\/\/api.w.org\/{rel}","templated":true}]}}