{"id":21312,"date":"2024-03-09T12:28:10","date_gmt":"2024-03-09T11:28:10","guid":{"rendered":"https:\/\/www.ladiagonale.net\/?p=21312"},"modified":"2024-03-09T12:28:14","modified_gmt":"2024-03-09T11:28:14","slug":"hutter-des-semaines-cruciales-arrivent","status":"publish","type":"post","link":"https:\/\/www.ladiagonale.net\/index.php\/2024\/03\/09\/hutter-des-semaines-cruciales-arrivent\/","title":{"rendered":"H\u00fctter : \u00ab\u00a0Des semaines cruciales arrivent\u00a0\u00bb"},"content":{"rendered":"\n\n\n<p>Vendredi, Adi H\u00fctter a r\u00e9pondu aux questions de la presse avant la rencontre face \u00e0 Strasbourg. L\u2019entra\u00eeneur autrichien a \u00e9voqu\u00e9 la satisfaction du match nul r\u00e9alis\u00e9 contre Paris, surtout sans conc\u00e9der de buts : \u00ab\u00a0<em>Nous devons continuer. Parfois c\u2019est \u00e9trange : vous conc\u00e9dez des buts dans beaucoup de matches et contre la meilleure \u00e9quipe du championnat non. C\u2019\u00e9tait sp\u00e9cial, et je pense que personne ne s\u2019attendait \u00e0 cela avant la rencontre. Le football est parfois impr\u00e9visible, mais il faut saluer notre ligne d\u00e9fensive.<\/em>\u00a0\u00bb<\/p>\n\n\n\n<p>Pour le coach mon\u00e9gasque, le changement de syst\u00e8me en 4-4-2 s\u2019est av\u00e9r\u00e9 b\u00e9n\u00e9fique, mais c\u2019est surtout l\u2019attitude globale de l\u2019\u00e9quipe qui a permis ce <em>clean sheet<\/em> : \u00ab\u00a0<em>C\u2019est bon de savoir que nous pouvons jouer \u00e0 trois ou quatre derri\u00e8re mais cela d\u00e9pend toujours de la structure et, pour moi, de notre attention dans le travail d\u00e9fensif, qui concerne tous les joueurs. Ce que nous avons propos\u00e9 sur ce plan face \u00e0 Paris \u00e9tait bien meilleur que dans d\u2019autres rencontres et je suis aussi heureux de voir que nous sommes flexibles et capables de jouer dans ces deux syst\u00e8mes.<\/em>\u00a0\u00bb<\/p>\n\n\n\n<p>D\u00e9sormais, c\u2019est Strasbourg qui se pr\u00e9sente face aux Mon\u00e9gasques. Les Rouge et Blanc doivent encha\u00eener \u00e0 l\u2019amorce de ce sprint final : \u00ab\u00a0<em>Il faut continuer. Des semaines cruciales arrivent. Il faut bien pr\u00e9parer les prochains matches, et en particulier les deux prochains avant la tr\u00eave internationale. C\u2019est d\u00e9sormais comme un sprint de cent m\u00e8tres. Nous allons jouer contre Strasbourg. Tout le monde conna\u00eet leurs r\u00e9sultats r\u00e9cents mais ils ont fait un bon nul contre Montpellier. Ils ont leurs forces.<\/em>\u00a0\u00bb<\/p>\n\n\n\n<p>Pour H\u00fctter, la configuration sera tr\u00e8s diff\u00e9rente de celles de Lens et de Paris, avec une \u00e9quipe moins joueuse. Un sc\u00e9nario qui a souvent laiss\u00e9 l\u2019ASM sans solution : \u00ab\u00a0<em>Nous devrons trouver les bonnes solutions et jouer avec beaucoup d\u2019intensit\u00e9. C\u2019est important pour moi. Strasbourg jouera peut-\u00eatre en 5-4-1 mais ils peuvent changer en 5-2-3. Nous attendons d\u2019eux qu\u2019ils jouent en bloc bas et il faut trouver les solutions face \u00e0 deux lignes tr\u00e8s resserr\u00e9es entre elles. C\u2019est notre objectif dans cette rencontre.\u00a0<\/em>\u00bb<\/p>\n","protected":false},"excerpt":{"rendered":"<p>Vendredi, Adi H\u00fctter a r\u00e9pondu aux questions de la presse avant la rencontre face \u00e0 Strasbourg. L\u2019entra\u00eeneur autrichien a \u00e9voqu\u00e9 la satisfaction du match nul r\u00e9alis\u00e9 contre Paris, surtout sans conc\u00e9der de buts : \u00ab\u00a0Nous devons continuer. Parfois c\u2019est \u00e9trange : vous conc\u00e9dez des buts dans beaucoup de matches et contre la meilleure \u00e9quipe du [&#8230;]\n","protected":false},"author":2,"featured_media":0,"comment_status":"open","ping_status":"open","sticky":false,"template":"","format":"standard","meta":[],"categories":[6],"tags":[576,86,94,791],"yoast_head":"<!-- This site is optimized with the Yoast SEO plugin v19.8 - https:\/\/yoast.com\/wordpress\/plugins\/seo\/ -->\n<title>H\u00fctter : \u00ab\u00a0Des semaines cruciales arrivent\u00a0\u00bb - La Diagonale<\/title>\n<meta name=\"robots\" content=\"index, follow, max-snippet:-1, max-image-preview:large, max-video-preview:-1\" \/>\n<link rel=\"canonical\" href=\"https:\/\/www.ladiagonale.net\/index.php\/2024\/03\/09\/hutter-des-semaines-cruciales-arrivent\/\" \/>\n<meta property=\"og:locale\" content=\"fr_FR\" \/>\n<meta property=\"og:type\" content=\"article\" \/>\n<meta property=\"og:title\" content=\"H\u00fctter : \u00ab\u00a0Des semaines cruciales arrivent\u00a0\u00bb - La Diagonale\" \/>\n<meta property=\"og:description\" content=\"Vendredi, Adi H\u00fctter a r\u00e9pondu aux questions de la presse avant la rencontre face \u00e0 Strasbourg. L\u2019entra\u00eeneur autrichien a \u00e9voqu\u00e9 la satisfaction du match nul r\u00e9alis\u00e9 contre Paris, surtout sans conc\u00e9der de buts : \u00ab\u00a0Nous devons continuer. Parfois c\u2019est \u00e9trange : vous conc\u00e9dez des buts dans beaucoup de matches et contre la meilleure \u00e9quipe du [...]\" \/>\n<meta property=\"og:url\" content=\"https:\/\/www.ladiagonale.net\/index.php\/2024\/03\/09\/hutter-des-semaines-cruciales-arrivent\/\" \/>\n<meta property=\"og:site_name\" content=\"La Diagonale\" \/>\n<meta property=\"article:published_time\" content=\"2024-03-09T11:28:10+00:00\" \/>\n<meta property=\"article:modified_time\" content=\"2024-03-09T11:28:14+00:00\" \/>\n<meta property=\"og:image\" content=\"https:\/\/www.ladiagonale.net\/wp-content\/uploads\/2023\/07\/hu\u0308tter.png\" \/>\n\t<meta property=\"og:image:width\" content=\"1160\" \/>\n\t<meta property=\"og:image:height\" content=\"650\" \/>\n\t<meta property=\"og:image:type\" content=\"image\/png\" \/>\n<meta name=\"author\" content=\"Damien Dellerba\" \/>\n<meta name=\"twitter:card\" content=\"summary_large_image\" \/>\n<meta name=\"twitter:image\" content=\"https:\/\/www.ladiagonale.net\/wp-content\/uploads\/2023\/07\/hu\u0308tter.png\" \/>\n<meta name=\"twitter:label1\" content=\"\u00c9crit par\" \/>\n\t<meta name=\"twitter:data1\" content=\"Damien Dellerba\" \/>\n\t<meta name=\"twitter:label2\" content=\"Dur\u00e9e de lecture estim\u00e9e\" \/>\n\t<meta name=\"twitter:data2\" content=\"2 minutes\" \/>\n<script type=\"application\/ld+json\" class=\"yoast-schema-graph\">{\"@context\":\"https:\/\/schema.org\",\"@graph\":[{\"@type\":\"WebPage\",\"@id\":\"https:\/\/www.ladiagonale.net\/index.php\/2024\/03\/09\/hutter-des-semaines-cruciales-arrivent\/\",\"url\":\"https:\/\/www.ladiagonale.net\/index.php\/2024\/03\/09\/hutter-des-semaines-cruciales-arrivent\/\",\"name\":\"H\u00fctter : \u00ab\u00a0Des semaines cruciales arrivent\u00a0\u00bb - La Diagonale\",\"isPartOf\":{\"@id\":\"https:\/\/www.ladiagonale.net\/#website\"},\"datePublished\":\"2024-03-09T11:28:10+00:00\",\"dateModified\":\"2024-03-09T11:28:14+00:00\",\"author\":{\"@id\":\"https:\/\/www.ladiagonale.net\/#\/schema\/person\/79ff1e7b0853ed01b2aa26e64ad300bf\"},\"breadcrumb\":{\"@id\":\"https:\/\/www.ladiagonale.net\/index.php\/2024\/03\/09\/hutter-des-semaines-cruciales-arrivent\/#breadcrumb\"},\"inLanguage\":\"fr-FR\",\"potentialAction\":[{\"@type\":\"ReadAction\",\"target\":[\"https:\/\/www.ladiagonale.net\/index.php\/2024\/03\/09\/hutter-des-semaines-cruciales-arrivent\/\"]}]},{\"@type\":\"BreadcrumbList\",\"@id\":\"https:\/\/www.ladiagonale.net\/index.php\/2024\/03\/09\/hutter-des-semaines-cruciales-arrivent\/#breadcrumb\",\"itemListElement\":[{\"@type\":\"ListItem\",\"position\":1,\"name\":\"Accueil\",\"item\":\"https:\/\/www.ladiagonale.net\/\"},{\"@type\":\"ListItem\",\"position\":2,\"name\":\"H\u00fctter : \u00ab\u00a0Des semaines cruciales arrivent\u00a0\u00bb\"}]},{\"@type\":\"WebSite\",\"@id\":\"https:\/\/www.ladiagonale.net\/#website\",\"url\":\"https:\/\/www.ladiagonale.net\/\",\"name\":\"La Diagonale\",\"description\":\"Le site des supporters de l&#039;AS Monaco FC\",\"potentialAction\":[{\"@type\":\"SearchAction\",\"target\":{\"@type\":\"EntryPoint\",\"urlTemplate\":\"https:\/\/www.ladiagonale.net\/?s={search_term_string}\"},\"query-input\":\"required name=search_term_string\"}],\"inLanguage\":\"fr-FR\"},{\"@type\":\"Person\",\"@id\":\"https:\/\/www.ladiagonale.net\/#\/schema\/person\/79ff1e7b0853ed01b2aa26e64ad300bf\",\"name\":\"Damien Dellerba\",\"image\":{\"@type\":\"ImageObject\",\"inLanguage\":\"fr-FR\",\"@id\":\"https:\/\/www.ladiagonale.net\/#\/schema\/person\/image\/\",\"url\":\"https:\/\/secure.gravatar.com\/avatar\/c7850e06d3ff63cdbaee88b7fc16e2f0?s=96&d=mm&r=g\",\"contentUrl\":\"https:\/\/secure.gravatar.com\/avatar\/c7850e06d3ff63cdbaee88b7fc16e2f0?s=96&d=mm&r=g\",\"caption\":\"Damien Dellerba\"},\"url\":\"https:\/\/www.ladiagonale.net\/index.php\/author\/damien\/\"}]}<\/script>\n<!-- \/ Yoast SEO plugin. -->","yoast_head_json":{"title":"H\u00fctter : \u00ab\u00a0Des semaines cruciales arrivent\u00a0\u00bb - La Diagonale","robots":{"index":"index","follow":"follow","max-snippet":"max-snippet:-1","max-image-preview":"max-image-preview:large","max-video-preview":"max-video-preview:-1"},"canonical":"https:\/\/www.ladiagonale.net\/index.php\/2024\/03\/09\/hutter-des-semaines-cruciales-arrivent\/","og_locale":"fr_FR","og_type":"article","og_title":"H\u00fctter : \u00ab\u00a0Des semaines cruciales arrivent\u00a0\u00bb - La Diagonale","og_description":"Vendredi, Adi H\u00fctter a r\u00e9pondu aux questions de la presse avant la rencontre face \u00e0 Strasbourg. L\u2019entra\u00eeneur autrichien a \u00e9voqu\u00e9 la satisfaction du match nul r\u00e9alis\u00e9 contre Paris, surtout sans conc\u00e9der de buts : \u00ab\u00a0Nous devons continuer. Parfois c\u2019est \u00e9trange : vous conc\u00e9dez des buts dans beaucoup de matches et contre la meilleure \u00e9quipe du [...]","og_url":"https:\/\/www.ladiagonale.net\/index.php\/2024\/03\/09\/hutter-des-semaines-cruciales-arrivent\/","og_site_name":"La Diagonale","article_published_time":"2024-03-09T11:28:10+00:00","article_modified_time":"2024-03-09T11:28:14+00:00","og_image":[{"width":1160,"height":650,"url":"https:\/\/www.ladiagonale.net\/wp-content\/uploads\/2023\/07\/hu\u0308tter.png","type":"image\/png"}],"author":"Damien Dellerba","twitter_card":"summary_large_image","twitter_image":"https:\/\/www.ladiagonale.net\/wp-content\/uploads\/2023\/07\/hu\u0308tter.png","twitter_misc":{"\u00c9crit par":"Damien Dellerba","Dur\u00e9e de lecture estim\u00e9e":"2 minutes"},"schema":{"@context":"https:\/\/schema.org","@graph":[{"@type":"WebPage","@id":"https:\/\/www.ladiagonale.net\/index.php\/2024\/03\/09\/hutter-des-semaines-cruciales-arrivent\/","url":"https:\/\/www.ladiagonale.net\/index.php\/2024\/03\/09\/hutter-des-semaines-cruciales-arrivent\/","name":"H\u00fctter : \u00ab\u00a0Des semaines cruciales arrivent\u00a0\u00bb - La Diagonale","isPartOf":{"@id":"https:\/\/www.ladiagonale.net\/#website"},"datePublished":"2024-03-09T11:28:10+00:00","dateModified":"2024-03-09T11:28:14+00:00","author":{"@id":"https:\/\/www.ladiagonale.net\/#\/schema\/person\/79ff1e7b0853ed01b2aa26e64ad300bf"},"breadcrumb":{"@id":"https:\/\/www.ladiagonale.net\/index.php\/2024\/03\/09\/hutter-des-semaines-cruciales-arrivent\/#breadcrumb"},"inLanguage":"fr-FR","potentialAction":[{"@type":"ReadAction","target":["https:\/\/www.ladiagonale.net\/index.php\/2024\/03\/09\/hutter-des-semaines-cruciales-arrivent\/"]}]},{"@type":"BreadcrumbList","@id":"https:\/\/www.ladiagonale.net\/index.php\/2024\/03\/09\/hutter-des-semaines-cruciales-arrivent\/#breadcrumb","itemListElement":[{"@type":"ListItem","position":1,"name":"Accueil","item":"https:\/\/www.ladiagonale.net\/"},{"@type":"ListItem","position":2,"name":"H\u00fctter : \u00ab\u00a0Des semaines cruciales arrivent\u00a0\u00bb"}]},{"@type":"WebSite","@id":"https:\/\/www.ladiagonale.net\/#website","url":"https:\/\/www.ladiagonale.net\/","name":"La Diagonale","description":"Le site des supporters de l&#039;AS Monaco FC","potentialAction":[{"@type":"SearchAction","target":{"@type":"EntryPoint","urlTemplate":"https:\/\/www.ladiagonale.net\/?s={search_term_string}"},"query-input":"required name=search_term_string"}],"inLanguage":"fr-FR"},{"@type":"Person","@id":"https:\/\/www.ladiagonale.net\/#\/schema\/person\/79ff1e7b0853ed01b2aa26e64ad300bf","name":"Damien Dellerba","image":{"@type":"ImageObject","inLanguage":"fr-FR","@id":"https:\/\/www.ladiagonale.net\/#\/schema\/person\/image\/","url":"https:\/\/secure.gravatar.com\/avatar\/c7850e06d3ff63cdbaee88b7fc16e2f0?s=96&d=mm&r=g","contentUrl":"https:\/\/secure.gravatar.com\/avatar\/c7850e06d3ff63cdbaee88b7fc16e2f0?s=96&d=mm&r=g","caption":"Damien Dellerba"},"url":"https:\/\/www.ladiagonale.net\/index.php\/author\/damien\/"}]}},"_links":{"self":[{"href":"https:\/\/www.ladiagonale.net\/index.php\/wp-json\/wp\/v2\/posts\/21312"}],"collection":[{"href":"https:\/\/www.ladiagonale.net\/index.php\/wp-json\/wp\/v2\/posts"}],"about":[{"href":"https:\/\/www.ladiagonale.net\/index.php\/wp-json\/wp\/v2\/types\/post"}],"author":[{"embeddable":true,"href":"https:\/\/www.ladiagonale.net\/index.php\/wp-json\/wp\/v2\/users\/2"}],"replies":[{"embeddable":true,"href":"https:\/\/www.ladiagonale.net\/index.php\/wp-json\/wp\/v2\/comments?post=21312"}],"version-history":[{"count":1,"href":"https:\/\/www.ladiagonale.net\/index.php\/wp-json\/wp\/v2\/posts\/21312\/revisions"}],"predecessor-version":[{"id":21313,"href":"https:\/\/www.ladiagonale.net\/index.php\/wp-json\/wp\/v2\/posts\/21312\/revisions\/21313"}],"wp:attachment":[{"href":"https:\/\/www.ladiagonale.net\/index.php\/wp-json\/wp\/v2\/media?parent=21312"}],"wp:term":[{"taxonomy":"category","embeddable":true,"href":"https:\/\/www.ladiagonale.net\/index.php\/wp-json\/wp\/v2\/categories?post=21312"},{"taxonomy":"post_tag","embeddable":true,"href":"https:\/\/www.ladiagonale.net\/index.php\/wp-json\/wp\/v2\/tags?post=21312"}],"curies":[{"name":"wp","href":"https:\/\/api.w.org\/{rel}","templated":true}]}}