{"id":21314,"date":"2024-03-09T12:39:35","date_gmt":"2024-03-09T11:39:35","guid":{"rendered":"https:\/\/www.ladiagonale.net\/?p=21314"},"modified":"2024-03-09T12:40:34","modified_gmt":"2024-03-09T11:40:34","slug":"maripan-appele-avec-le-chili","status":"publish","type":"post","link":"https:\/\/www.ladiagonale.net\/index.php\/2024\/03\/09\/maripan-appele-avec-le-chili\/","title":{"rendered":"Maripan appel\u00e9 avec le Chili"},"content":{"rendered":"\n<p>Habitu\u00e9 \u00e0 traverser l\u2019Atlantique pour rejoindre sa s\u00e9lection, Guillermo Maripan s\u2019\u00e9pargnera cette fois un long voyage pour la prochaine tr\u00eave internationale. Le d\u00e9fenseur central de l\u2019AS Monaco a bien \u00e9t\u00e9 retenu par le nouveau s\u00e9lectionneur du Chili Ricardo Gareca, mais la <em>Roja<\/em> \u00e9voluera en Europe \u00e0 cette occasion pour disputer deux matches amicaux.<\/p>\n\n\n\n<p>Maripan et ses compatriotes affronteront d\u2019abord l\u2019Albanie le 22 mars prochain en Italie, \u00e0 Parme (20h45) avant de se frotter \u00e0 un tr\u00e8s gros morceau. Le 26 mars (21h), c\u2019est cette fois face \u00e0 l\u2019\u00e9quipe de France de Didier Deschamps et probablement de Youssouf Fofana que Maripan et les siens se retrouveront. La rencontre aura lieu \u00e0 Marseille, ce qui permettra au Chilien de l\u2019ASM de vite retrouver le Rocher.<\/p>\n\n\n","protected":false},"excerpt":{"rendered":"<p>Habitu\u00e9 \u00e0 traverser l\u2019Atlantique pour rejoindre sa s\u00e9lection, Guillermo Maripan s\u2019\u00e9pargnera cette fois un long voyage pour la prochaine tr\u00eave internationale. Le d\u00e9fenseur central de l\u2019AS Monaco a bien \u00e9t\u00e9 retenu par le nouveau s\u00e9lectionneur du Chili Ricardo Gareca, mais la Roja \u00e9voluera en Europe \u00e0 cette occasion pour disputer deux matches amicaux. Maripan et [&#8230;]\n","protected":false},"author":2,"featured_media":0,"comment_status":"open","ping_status":"open","sticky":false,"template":"","format":"standard","meta":[],"categories":[6],"tags":[86,142,183,116],"yoast_head":"<!-- This site is optimized with the Yoast SEO plugin v19.8 - https:\/\/yoast.com\/wordpress\/plugins\/seo\/ -->\n<title>Maripan appel\u00e9 avec le Chili - La Diagonale<\/title>\n<meta name=\"robots\" content=\"index, follow, max-snippet:-1, max-image-preview:large, max-video-preview:-1\" \/>\n<link rel=\"canonical\" href=\"https:\/\/www.ladiagonale.net\/index.php\/2024\/03\/09\/maripan-appele-avec-le-chili\/\" \/>\n<meta property=\"og:locale\" content=\"fr_FR\" \/>\n<meta property=\"og:type\" content=\"article\" \/>\n<meta property=\"og:title\" content=\"Maripan appel\u00e9 avec le Chili - La Diagonale\" \/>\n<meta property=\"og:description\" content=\"Habitu\u00e9 \u00e0 traverser l\u2019Atlantique pour rejoindre sa s\u00e9lection, Guillermo Maripan s\u2019\u00e9pargnera cette fois un long voyage pour la prochaine tr\u00eave internationale. Le d\u00e9fenseur central de l\u2019AS Monaco a bien \u00e9t\u00e9 retenu par le nouveau s\u00e9lectionneur du Chili Ricardo Gareca, mais la Roja \u00e9voluera en Europe \u00e0 cette occasion pour disputer deux matches amicaux. Maripan et [...]\" \/>\n<meta property=\"og:url\" content=\"https:\/\/www.ladiagonale.net\/index.php\/2024\/03\/09\/maripan-appele-avec-le-chili\/\" \/>\n<meta property=\"og:site_name\" content=\"La Diagonale\" \/>\n<meta property=\"article:published_time\" content=\"2024-03-09T11:39:35+00:00\" \/>\n<meta property=\"article:modified_time\" content=\"2024-03-09T11:40:34+00:00\" \/>\n<meta property=\"og:image\" content=\"https:\/\/www.ladiagonale.net\/wp-content\/uploads\/2023\/03\/maripan-chili.png\" \/>\n\t<meta property=\"og:image:width\" content=\"1160\" \/>\n\t<meta property=\"og:image:height\" content=\"650\" \/>\n\t<meta property=\"og:image:type\" content=\"image\/png\" \/>\n<meta name=\"author\" content=\"Damien Dellerba\" \/>\n<meta name=\"twitter:card\" content=\"summary_large_image\" \/>\n<meta name=\"twitter:image\" content=\"https:\/\/www.ladiagonale.net\/wp-content\/uploads\/2023\/03\/maripan-chili.png\" \/>\n<meta name=\"twitter:label1\" content=\"\u00c9crit par\" \/>\n\t<meta name=\"twitter:data1\" content=\"Damien Dellerba\" \/>\n\t<meta name=\"twitter:label2\" content=\"Dur\u00e9e de lecture estim\u00e9e\" \/>\n\t<meta name=\"twitter:data2\" content=\"1 minute\" \/>\n<script type=\"application\/ld+json\" class=\"yoast-schema-graph\">{\"@context\":\"https:\/\/schema.org\",\"@graph\":[{\"@type\":\"WebPage\",\"@id\":\"https:\/\/www.ladiagonale.net\/index.php\/2024\/03\/09\/maripan-appele-avec-le-chili\/\",\"url\":\"https:\/\/www.ladiagonale.net\/index.php\/2024\/03\/09\/maripan-appele-avec-le-chili\/\",\"name\":\"Maripan appel\u00e9 avec le Chili - La Diagonale\",\"isPartOf\":{\"@id\":\"https:\/\/www.ladiagonale.net\/#website\"},\"datePublished\":\"2024-03-09T11:39:35+00:00\",\"dateModified\":\"2024-03-09T11:40:34+00:00\",\"author\":{\"@id\":\"https:\/\/www.ladiagonale.net\/#\/schema\/person\/79ff1e7b0853ed01b2aa26e64ad300bf\"},\"breadcrumb\":{\"@id\":\"https:\/\/www.ladiagonale.net\/index.php\/2024\/03\/09\/maripan-appele-avec-le-chili\/#breadcrumb\"},\"inLanguage\":\"fr-FR\",\"potentialAction\":[{\"@type\":\"ReadAction\",\"target\":[\"https:\/\/www.ladiagonale.net\/index.php\/2024\/03\/09\/maripan-appele-avec-le-chili\/\"]}]},{\"@type\":\"BreadcrumbList\",\"@id\":\"https:\/\/www.ladiagonale.net\/index.php\/2024\/03\/09\/maripan-appele-avec-le-chili\/#breadcrumb\",\"itemListElement\":[{\"@type\":\"ListItem\",\"position\":1,\"name\":\"Accueil\",\"item\":\"https:\/\/www.ladiagonale.net\/\"},{\"@type\":\"ListItem\",\"position\":2,\"name\":\"Maripan appel\u00e9 avec le Chili\"}]},{\"@type\":\"WebSite\",\"@id\":\"https:\/\/www.ladiagonale.net\/#website\",\"url\":\"https:\/\/www.ladiagonale.net\/\",\"name\":\"La Diagonale\",\"description\":\"Le site des supporters de l&#039;AS Monaco FC\",\"potentialAction\":[{\"@type\":\"SearchAction\",\"target\":{\"@type\":\"EntryPoint\",\"urlTemplate\":\"https:\/\/www.ladiagonale.net\/?s={search_term_string}\"},\"query-input\":\"required name=search_term_string\"}],\"inLanguage\":\"fr-FR\"},{\"@type\":\"Person\",\"@id\":\"https:\/\/www.ladiagonale.net\/#\/schema\/person\/79ff1e7b0853ed01b2aa26e64ad300bf\",\"name\":\"Damien Dellerba\",\"image\":{\"@type\":\"ImageObject\",\"inLanguage\":\"fr-FR\",\"@id\":\"https:\/\/www.ladiagonale.net\/#\/schema\/person\/image\/\",\"url\":\"https:\/\/secure.gravatar.com\/avatar\/c7850e06d3ff63cdbaee88b7fc16e2f0?s=96&d=mm&r=g\",\"contentUrl\":\"https:\/\/secure.gravatar.com\/avatar\/c7850e06d3ff63cdbaee88b7fc16e2f0?s=96&d=mm&r=g\",\"caption\":\"Damien Dellerba\"},\"url\":\"https:\/\/www.ladiagonale.net\/index.php\/author\/damien\/\"}]}<\/script>\n<!-- \/ Yoast SEO plugin. -->","yoast_head_json":{"title":"Maripan appel\u00e9 avec le Chili - La Diagonale","robots":{"index":"index","follow":"follow","max-snippet":"max-snippet:-1","max-image-preview":"max-image-preview:large","max-video-preview":"max-video-preview:-1"},"canonical":"https:\/\/www.ladiagonale.net\/index.php\/2024\/03\/09\/maripan-appele-avec-le-chili\/","og_locale":"fr_FR","og_type":"article","og_title":"Maripan appel\u00e9 avec le Chili - La Diagonale","og_description":"Habitu\u00e9 \u00e0 traverser l\u2019Atlantique pour rejoindre sa s\u00e9lection, Guillermo Maripan s\u2019\u00e9pargnera cette fois un long voyage pour la prochaine tr\u00eave internationale. Le d\u00e9fenseur central de l\u2019AS Monaco a bien \u00e9t\u00e9 retenu par le nouveau s\u00e9lectionneur du Chili Ricardo Gareca, mais la Roja \u00e9voluera en Europe \u00e0 cette occasion pour disputer deux matches amicaux. Maripan et [...]","og_url":"https:\/\/www.ladiagonale.net\/index.php\/2024\/03\/09\/maripan-appele-avec-le-chili\/","og_site_name":"La Diagonale","article_published_time":"2024-03-09T11:39:35+00:00","article_modified_time":"2024-03-09T11:40:34+00:00","og_image":[{"width":1160,"height":650,"url":"https:\/\/www.ladiagonale.net\/wp-content\/uploads\/2023\/03\/maripan-chili.png","type":"image\/png"}],"author":"Damien Dellerba","twitter_card":"summary_large_image","twitter_image":"https:\/\/www.ladiagonale.net\/wp-content\/uploads\/2023\/03\/maripan-chili.png","twitter_misc":{"\u00c9crit par":"Damien Dellerba","Dur\u00e9e de lecture estim\u00e9e":"1 minute"},"schema":{"@context":"https:\/\/schema.org","@graph":[{"@type":"WebPage","@id":"https:\/\/www.ladiagonale.net\/index.php\/2024\/03\/09\/maripan-appele-avec-le-chili\/","url":"https:\/\/www.ladiagonale.net\/index.php\/2024\/03\/09\/maripan-appele-avec-le-chili\/","name":"Maripan appel\u00e9 avec le Chili - La Diagonale","isPartOf":{"@id":"https:\/\/www.ladiagonale.net\/#website"},"datePublished":"2024-03-09T11:39:35+00:00","dateModified":"2024-03-09T11:40:34+00:00","author":{"@id":"https:\/\/www.ladiagonale.net\/#\/schema\/person\/79ff1e7b0853ed01b2aa26e64ad300bf"},"breadcrumb":{"@id":"https:\/\/www.ladiagonale.net\/index.php\/2024\/03\/09\/maripan-appele-avec-le-chili\/#breadcrumb"},"inLanguage":"fr-FR","potentialAction":[{"@type":"ReadAction","target":["https:\/\/www.ladiagonale.net\/index.php\/2024\/03\/09\/maripan-appele-avec-le-chili\/"]}]},{"@type":"BreadcrumbList","@id":"https:\/\/www.ladiagonale.net\/index.php\/2024\/03\/09\/maripan-appele-avec-le-chili\/#breadcrumb","itemListElement":[{"@type":"ListItem","position":1,"name":"Accueil","item":"https:\/\/www.ladiagonale.net\/"},{"@type":"ListItem","position":2,"name":"Maripan appel\u00e9 avec le Chili"}]},{"@type":"WebSite","@id":"https:\/\/www.ladiagonale.net\/#website","url":"https:\/\/www.ladiagonale.net\/","name":"La Diagonale","description":"Le site des supporters de l&#039;AS Monaco FC","potentialAction":[{"@type":"SearchAction","target":{"@type":"EntryPoint","urlTemplate":"https:\/\/www.ladiagonale.net\/?s={search_term_string}"},"query-input":"required name=search_term_string"}],"inLanguage":"fr-FR"},{"@type":"Person","@id":"https:\/\/www.ladiagonale.net\/#\/schema\/person\/79ff1e7b0853ed01b2aa26e64ad300bf","name":"Damien Dellerba","image":{"@type":"ImageObject","inLanguage":"fr-FR","@id":"https:\/\/www.ladiagonale.net\/#\/schema\/person\/image\/","url":"https:\/\/secure.gravatar.com\/avatar\/c7850e06d3ff63cdbaee88b7fc16e2f0?s=96&d=mm&r=g","contentUrl":"https:\/\/secure.gravatar.com\/avatar\/c7850e06d3ff63cdbaee88b7fc16e2f0?s=96&d=mm&r=g","caption":"Damien Dellerba"},"url":"https:\/\/www.ladiagonale.net\/index.php\/author\/damien\/"}]}},"_links":{"self":[{"href":"https:\/\/www.ladiagonale.net\/index.php\/wp-json\/wp\/v2\/posts\/21314"}],"collection":[{"href":"https:\/\/www.ladiagonale.net\/index.php\/wp-json\/wp\/v2\/posts"}],"about":[{"href":"https:\/\/www.ladiagonale.net\/index.php\/wp-json\/wp\/v2\/types\/post"}],"author":[{"embeddable":true,"href":"https:\/\/www.ladiagonale.net\/index.php\/wp-json\/wp\/v2\/users\/2"}],"replies":[{"embeddable":true,"href":"https:\/\/www.ladiagonale.net\/index.php\/wp-json\/wp\/v2\/comments?post=21314"}],"version-history":[{"count":2,"href":"https:\/\/www.ladiagonale.net\/index.php\/wp-json\/wp\/v2\/posts\/21314\/revisions"}],"predecessor-version":[{"id":21316,"href":"https:\/\/www.ladiagonale.net\/index.php\/wp-json\/wp\/v2\/posts\/21314\/revisions\/21316"}],"wp:attachment":[{"href":"https:\/\/www.ladiagonale.net\/index.php\/wp-json\/wp\/v2\/media?parent=21314"}],"wp:term":[{"taxonomy":"category","embeddable":true,"href":"https:\/\/www.ladiagonale.net\/index.php\/wp-json\/wp\/v2\/categories?post=21314"},{"taxonomy":"post_tag","embeddable":true,"href":"https:\/\/www.ladiagonale.net\/index.php\/wp-json\/wp\/v2\/tags?post=21314"}],"curies":[{"name":"wp","href":"https:\/\/api.w.org\/{rel}","templated":true}]}}