{"id":21630,"date":"2024-03-20T13:14:40","date_gmt":"2024-03-20T12:14:40","guid":{"rendered":"https:\/\/www.ladiagonale.net\/?p=21630"},"modified":"2024-03-27T13:22:35","modified_gmt":"2024-03-27T12:22:35","slug":"le-planning-des-internationaux-2","status":"publish","type":"post","link":"https:\/\/www.ladiagonale.net\/index.php\/2024\/03\/20\/le-planning-des-internationaux-2\/","title":{"rendered":"Le planning des internationaux"},"content":{"rendered":"\n\n\n<p>La tr\u00eave internationale bat son plein et Monaco a d\u00e9j\u00e0 d\u00fb constater les forfaits de Guillermo Maripan avec le Chili et de Kassoum Ouattara avec l&rsquo;\u00e9quipe de France U20. Mamadou Coulibaly a \u00e9t\u00e9 appel\u00e9 en renfort de derni\u00e8re minute.<\/p>\n\n\n\n<p>Au rang des bonnes nouvelles, Folarin Balogun a remport\u00e9 une deuxi\u00e8me Ligue des nations CONCACAF avec les \u00c9tats-Unis. <\/p>\n\n\n\n<p>Takumi Minamino n&rsquo;aura jou\u00e9 qu&rsquo;une seule des deux rencontres comptant pour les \u00e9liminatoires de la Coupe du monde apr\u00e8s l&rsquo;annulation de la manche retour contre la Cor\u00e9e du Nord. Idem pour Aleksandr Golovin, apr\u00e8s l&rsquo;annulation de l&rsquo;amical contre le Paraguay apr\u00e8s les attentats qui se sont produits \u00e0 Moscou.<\/p>\n\n\n\n<h3 class=\"has-white-color has-vivid-red-background-color has-text-color has-background\">Le planning complet<\/h3>\n\n\n\n<h3>\u00c9liminatoires Coupe du monde 2026<\/h3>\n\n\n\n<p>\ud83c\uddef\ud83c\uddf5Japon : <strong>Takumi Minamino<\/strong><\/p>\n\n\n\n<ul><li>21\/03 : <a href=\"https:\/\/www.ladiagonale.net\/index.php\/2024\/03\/21\/minamino-et-le-japon-viennent-a-bout-de-la-coree-du-nord\/\" target=\"_blank\" rel=\"noreferrer noopener\">Japon 1-0 Cor\u00e9e du Nord<\/a><\/li><\/ul>\n\n\n\n<p>Minamino a jou\u00e9 74 minutes.<\/p>\n\n\n\n<ul><li>26\/03 : <a href=\"https:\/\/www.ladiagonale.net\/index.php\/2024\/03\/25\/pas-de-second-match-pour-minamino-et-golovin\/\" target=\"_blank\" rel=\"noreferrer noopener\">Cor\u00e9e du Nord-Japon<\/a> (ANNUL\u00c9)<\/li><\/ul>\n\n\n\n<p>La rencontre ne sera ni jou\u00e9e ni reprogramm\u00e9e.<\/p>\n\n\n\n<hr class=\"wp-block-separator aligncenter has-alpha-channel-opacity is-style-wide\"\/>\n\n\n\n<h3>Ligue des nations CONCACAF<\/h3>\n\n\n\n<p>\ud83c\uddfa\ud83c\uddf8\u00c9tats-Unis : <strong>Folarin Balogun<\/strong><\/p>\n\n\n\n<ul><li>22\/03 : <a href=\"https:\/\/www.ladiagonale.net\/index.php\/2024\/03\/22\/balogun-en-finale-de-la-ligue-des-nations-concacaf\/\" target=\"_blank\" rel=\"noreferrer noopener\">\u00c9tats-Unis 3-1 Jama\u00efque<\/a><\/li><\/ul>\n\n\n\n<p>Balogun a disput\u00e9 63 minutes.<\/p>\n\n\n\n<ul><li>FINALE &#8211; 25\/03 : <a href=\"https:\/\/www.ladiagonale.net\/index.php\/2024\/03\/25\/balogun-vainqueur-de-la-ligue-des-nations-concacaf\/\" target=\"_blank\" rel=\"noreferrer noopener\">Mexique 0-2 \u00c9tats-Unis<\/a><\/li><\/ul>\n\n\n\n<p>Balogun remporte la Ligue des nations. Il est entr\u00e9 en jeu \u00e0 la 66<sup>e<\/sup> minute.<\/p>\n\n\n\n<hr class=\"wp-block-separator aligncenter has-alpha-channel-opacity is-style-wide\"\/>\n\n\n\n<h3>Amicaux<\/h3>\n\n\n\n<p>\ud83c\uddeb\ud83c\uddf7France : <strong>Youssouf Fofana<\/strong><\/p>\n\n\n\n<ul><li>23\/03 : <a href=\"https:\/\/www.ladiagonale.net\/index.php\/2024\/03\/23\/fofana-egale-thuram-et-sidibe\/\" target=\"_blank\" rel=\"noreferrer noopener\">France 0-2 Allemagne<\/a><\/li><\/ul>\n\n\n\n<p>Fofana est entr\u00e9 \u00e0 la place de Tchouam\u00e9ni dans le dernier quart d&rsquo;heure.<\/p>\n\n\n\n<ul><li>26\/03 : <a href=\"https:\/\/www.ladiagonale.net\/index.php\/2024\/03\/27\/fofana-encore-buteur-avec-les-bleus\/\">France 3-2 Chili<\/a><\/li><\/ul>\n\n\n\n<p>Fofana a inscrit le premier but tricolore et a \u00e9t\u00e9 \u00e0 l&rsquo;avant-derni\u00e8re passe sur le deuxi\u00e8me.<\/p>\n\n\n\n<p><br>\ud83c\udde8\ud83c\uddedSuisse : <strong>Denis Zakaria<\/strong><\/p>\n\n\n\n<ul><li>23\/03 : <a href=\"https:\/\/www.ladiagonale.net\/index.php\/2024\/03\/23\/zakaria-est-sorti-touche-contre-le-danemark\/\" target=\"_blank\" rel=\"noreferrer noopener\">Danemark 0-0 Suisse<\/a><\/li><\/ul>\n\n\n\n<p>Zakaria a jou\u00e9 76 minutes avant de sortir, touch\u00e9 au dos.<\/p>\n\n\n\n<ul><li>26\/03 : <a href=\"https:\/\/www.ladiagonale.net\/index.php\/2024\/03\/27\/zakaria-a-rejoue-avec-la-suisse\/\">Irlande 0-1 Suisse<\/a><\/li><\/ul>\n\n\n\n<p>Zakaria est rentr\u00e9 en jeu \u00e0 la 65<sup>e<\/sup> minute.<\/p>\n\n\n\n<p><br>\ud83c\udde8\ud83c\uddeeC\u00f4te d\u2019Ivoire : <strong>Wilfried Singo<\/strong><\/p>\n\n\n\n<ul><li>23\/03 : <a href=\"https:\/\/www.ladiagonale.net\/index.php\/2024\/03\/23\/fofana-egale-thuram-et-sidibe\/\">C\u00f4te d\u2019Ivoire 2-2 B\u00e9nin<\/a><\/li><\/ul>\n\n\n\n<p>63 minutes pour Singo au poste de lat\u00e9ral droit.<\/p>\n\n\n\n<ul><li>26\/03 : <a href=\"https:\/\/www.ladiagonale.net\/index.php\/2024\/03\/27\/zakaria-a-rejoue-avec-la-suisse\/\" target=\"_blank\" rel=\"noreferrer noopener\">Uruguay 1-2 C\u00f4te d\u2019Ivoire<\/a><\/li><\/ul>\n\n\n\n<p>Singo a jou\u00e9 toute la rencontre comme lat\u00e9ral droit.<\/p>\n\n\n\n<p><br>\ud83c\uddf8\ud83c\uddf3S\u00e9n\u00e9gal : <strong>Ismail Jakobs<\/strong><\/p>\n\n\n\n<ul><li>22\/03 : S\u00e9n\u00e9gal 3-0 Gabon<\/li><\/ul>\n\n\n\n<p>Jakobs a jou\u00e9 10 minutes.<\/p>\n\n\n\n<ul><li>26\/03 : <a href=\"https:\/\/www.ladiagonale.net\/index.php\/2024\/03\/27\/zakaria-a-rejoue-avec-la-suisse\/\" target=\"_blank\" rel=\"noreferrer noopener\">S\u00e9n\u00e9gal 1-0 B\u00e9nin<\/a><\/li><\/ul>\n\n\n\n<p>90 minutes au poste de lat\u00e9ral gauche pour Jakobs<\/p>\n\n\n\n<p><br>\ud83c\uddf2\ud83c\udde6Maroc : <strong>Eliesse Ben Seghir<\/strong><\/p>\n\n\n\n<ul><li>22\/03 : <a href=\"https:\/\/www.ladiagonale.net\/index.php\/2024\/03\/23\/premiere-selection-avec-le-maroc-pour-ben-seghir-belmokhtar-buteur-en-u16\/\" target=\"_blank\" rel=\"noreferrer noopener\">Maroc 1-0 Angola<\/a><\/li><\/ul>\n\n\n\n<p>Titulaire, Ben Seghir a jou\u00e9 88 minutes pour sa premi\u00e8re s\u00e9lection avec le Maroc.<\/p>\n\n\n\n<ul><li>26\/03 : <a href=\"https:\/\/www.ladiagonale.net\/index.php\/2024\/03\/27\/zakaria-a-rejoue-avec-la-suisse\/\" target=\"_blank\" rel=\"noreferrer noopener\">Maroc 0-0 Mauritanie<\/a><\/li><\/ul>\n\n\n\n<p>Ben Seghir a jou\u00e9 64 minutes contre la Mauritanie.<\/p>\n\n\n\n<p>\ud83c\uddf7\ud83c\uddfaRussie : <strong>Aleksandr Golovin<\/strong><\/p>\n\n\n\n<ul><li>21\/03 : <a href=\"https:\/\/www.ladiagonale.net\/index.php\/2024\/03\/22\/net-succes-pour-la-russie-de-golovin\/\" target=\"_blank\" rel=\"noreferrer noopener\">Serbie 0-4 Russie<\/a><\/li><\/ul>\n\n\n\n<p>Capitaine, Aleksandr Golovin a disput\u00e9 76 minutes.<\/p>\n\n\n\n<ul><li>25\/03 : <a href=\"https:\/\/www.ladiagonale.net\/index.php\/2024\/03\/25\/pas-de-second-match-pour-minamino-et-golovin\/\" target=\"_blank\" rel=\"noreferrer noopener\">Russie-Paraguay<\/a> (ANNUL\u00c9)<\/li><\/ul>\n\n\n\n<p>La rencontre a \u00e9t\u00e9 annul\u00e9e en raison de l&rsquo;attentat terroriste ayant eu lieu \u00e0 Moscou.<\/p>\n\n\n\n<p>\ud83c\uddec\ud83c\uddedGhana : <strong>Mohammed Salisu<\/strong><\/p>\n\n\n\n<ul><li>22\/03 : <a href=\"https:\/\/www.ladiagonale.net\/index.php\/2024\/03\/22\/salisu-est-bien-en-selection-avec-le-ghana\/\">Nigeria 2-1 Ghana<\/a><\/li><\/ul>\n\n\n\n<p>En reprise, Salisu n&rsquo;\u00e9tait pas sur la feuille de match.<\/p>\n\n\n\n<ul><li>26\/03 : <a href=\"https:\/\/www.ladiagonale.net\/index.php\/2024\/03\/26\/salisu-exclu-avec-le-ghana\/\" target=\"_blank\" rel=\"noreferrer noopener\">Ouganda 2-2 Ghana<\/a><\/li><\/ul>\n\n\n\n<p>Entr\u00e9 \u00e0 la 65<sup>e<\/sup> minute, Salisu a \u00e9t\u00e9 exclu \u00e0 la 89<sup>e<\/sup>.<\/p>\n\n\n\n<hr class=\"wp-block-separator aligncenter has-alpha-channel-opacity is-style-wide\"\/>\n\n\n\n<h3>Qualifications Euro U19 &#8211; Tour \u00e9lite<\/h3>\n\n\n\n<p>\ud83c\uddeb\ud83c\uddf7France U19 : <strong>Mayssam Benama, Lucas Michal<\/strong><\/p>\n\n\n\n<ul><li>20\/03&nbsp;: <a href=\"https:\/\/www.ladiagonale.net\/index.php\/2024\/03\/21\/debuts-reussis-pour-cinq-monegasques-dans-les-tours-elite-u19-et-u17\/\" target=\"_blank\" rel=\"noreferrer noopener\">France 2-0 Belgique<\/a><br><br> Benama a jou\u00e9 18 minutes, Michal est rest\u00e9 sur le banc.<\/li><\/ul>\n\n\n\n<ul><li>23\/03&nbsp;: <a href=\"https:\/\/www.ladiagonale.net\/index.php\/2024\/03\/23\/cabral-buteur-avec-la-france-u17\/\">Pays-Bas 0-1 France<\/a><\/li><\/ul>\n\n\n\n<p>Benama a jou\u00e9 toute la rencontre et Michal 72 minutes.<\/p>\n\n\n\n<ul><li>26\/03&nbsp;: <a href=\"https:\/\/www.ladiagonale.net\/index.php\/2024\/03\/26\/pas-deuro-u17-pour-nibombe\/\" target=\"_blank\" rel=\"noreferrer noopener\">France 0-2 Lituanie<\/a><\/li><\/ul>\n\n\n\n<p>90 minutes pour Michal, 30 pour Benama.<\/p>\n\n\n\n<h3>Qualifications Euro U17 &#8211; Tour \u00e9lite<\/h3>\n\n\n\n<p>\ud83c\uddeb\ud83c\uddf7France U17 : <strong>Jules Stawiecki, Pape Cabral<\/strong><\/p>\n\n\n\n<ul><li>20\/03 : <a href=\"https:\/\/www.ladiagonale.net\/index.php\/2024\/03\/21\/debuts-reussis-pour-cinq-monegasques-dans-les-tours-elite-u19-et-u17\/\" target=\"_blank\" rel=\"noreferrer noopener\">Hongrie 1-2 France<\/a><\/li><\/ul>\n\n\n\n<p>Stawiecki et Cabral ont jou\u00e9 l&rsquo;int\u00e9gralit\u00e9 de la rencontre.<\/p>\n\n\n\n<ul><li>23\/03 : <a href=\"https:\/\/www.ladiagonale.net\/index.php\/2024\/03\/23\/cabral-buteur-avec-la-france-u17\/\" target=\"_blank\" rel=\"noreferrer noopener\">France 5-2 Irlande<\/a><\/li><\/ul>\n\n\n\n<p>Cabral a marqu\u00e9 le cinqui\u00e8me but tricolore. Stawiecki a de nouveau gard\u00e9 les buts.<\/p>\n\n\n\n<ul><li>26\/03 : <a href=\"https:\/\/www.ladiagonale.net\/index.php\/2024\/03\/26\/pas-deuro-u17-pour-nibombe\/\">France 2-1 Angleterre<\/a><\/li><\/ul>\n\n\n\n<p>Cabral a jou\u00e9 cinq minutes. Stawiecki est rest\u00e9 sur le banc.<\/p>\n\n\n\n<p>\ud83c\udde7\ud83c\uddeaBelgique U17 : <strong>Samuel Nibombe<\/strong><\/p>\n\n\n\n<ul><li>20\/03 : <a href=\"https:\/\/www.ladiagonale.net\/index.php\/2024\/03\/21\/debuts-reussis-pour-cinq-monegasques-dans-les-tours-elite-u19-et-u17\/\" target=\"_blank\" rel=\"noreferrer noopener\">Finlande 0-1 Belgique<\/a><\/li><\/ul>\n\n\n\n<p>Nibombe a jou\u00e9 toute la rencontre avec le brassard de capitaine.<\/p>\n\n\n\n<ul><li>23\/03 : <a href=\"https:\/\/www.ladiagonale.net\/index.php\/2024\/03\/23\/cabral-buteur-avec-la-france-u17\/\" target=\"_blank\" rel=\"noreferrer noopener\">Belgique 3-5 Italie<\/a><\/li><\/ul>\n\n\n\n<p>Capitaine, Nibombe a jou\u00e9 tout le match<\/p>\n\n\n\n<ul><li>26\/03 : <a href=\"https:\/\/www.ladiagonale.net\/index.php\/2024\/03\/26\/pas-deuro-u17-pour-nibombe\/\" target=\"_blank\" rel=\"noreferrer noopener\">Belgique 2-2 Pays-Bas<\/a><\/li><\/ul>\n\n\n\n<p>Troisi\u00e8me match avec le brassard de capitaine pour Nibombe.<\/p>\n\n\n\n<hr class=\"wp-block-separator aligncenter has-alpha-channel-opacity is-style-wide\"\/>\n\n\n\n<h3>Amicaux jeunes<\/h3>\n\n\n\n<p>\ud83c\uddeb\ud83c\uddf7France Olympique : <strong>Maghnes Akliouche<\/strong><\/p>\n\n\n\n<ul><li>22\/03 : <a href=\"https:\/\/www.ladiagonale.net\/index.php\/2024\/03\/22\/akliouche-victorieux-avec-les-bleuets\/\" target=\"_blank\" rel=\"noreferrer noopener\">France U23 3-2 C\u00f4te d\u2019Ivoire U23<\/a><\/li><\/ul>\n\n\n\n<p>Akliouche a jou\u00e9 58 minutes.<\/p>\n\n\n\n<ul><li>25\/03 : <a href=\"https:\/\/www.ladiagonale.net\/index.php\/2024\/03\/25\/akliouche-decisif-avec-les-bleuets\/\" target=\"_blank\" rel=\"noreferrer noopener\">France U23 2-2 \u00c9tats-Unis U23<\/a><\/li><\/ul>\n\n\n\n<p>Akliouche a jou\u00e9 tout le match et a r\u00e9alis\u00e9 une passe d\u00e9cisive.<\/p>\n\n\n\n<p>\ud83c\uddeb\ud83c\uddf7France U20 : <strong>Edan Diop, Mamadou Coulibaly<\/strong><\/p>\n\n\n\n<ul><li>22\/03&nbsp;: <a href=\"https:\/\/www.ladiagonale.net\/index.php\/2024\/03\/22\/ouattara-a-quitte-le-rassemblement-des-u20-coulibaly-appele\/\" target=\"_blank\" rel=\"noreferrer noopener\">France 1-3 Allemagne<\/a><\/li><\/ul>\n\n\n\n<p>Titulaire, Diop a jou\u00e9 45 minutes, remplac\u00e9 \u00e0 la mi-temps par Coulibaly.<\/p>\n\n\n\n<ul><li>25\/03&nbsp;: <a href=\"https:\/\/www.ladiagonale.net\/index.php\/2024\/03\/25\/akliouche-decisif-avec-les-bleuets\/\" target=\"_blank\" rel=\"noreferrer noopener\">Allemagne 4-4 (2-4 aux t.a.b) France<\/a><\/li><\/ul>\n\n\n\n<p>Coulibaly est entr\u00e9 \u00e0 la 55<sup>e<\/sup> et Diop \u00e0 la 72<sup>e<\/sup>. Ce dernier a transform\u00e9 son tir au but.<\/p>\n\n\n\n<p>\ud83c\uddf2\ud83c\udde6Maroc U20 : <strong>Yanis Benchaouch<\/strong><\/p>\n\n\n\n<ul><li>21\/03 : <a href=\"https:\/\/www.ladiagonale.net\/index.php\/2024\/03\/23\/premiere-selection-avec-le-maroc-pour-ben-seghir-belmokhtar-buteur-en-u16\/\" target=\"_blank\" rel=\"noreferrer noopener\">Maroc 1-1 Angleterre<\/a><\/li><\/ul>\n\n\n\n<p>Benchaouch \u00e9tait rempla\u00e7ant.<\/p>\n\n\n\n<ul><li>26\/03 : <a href=\"https:\/\/www.ladiagonale.net\/index.php\/2024\/03\/27\/premiere-cape-avec-le-maroc-u20-pour-benchaouch\/\" target=\"_blank\" rel=\"noreferrer noopener\">Maroc 1-0 Etats-Unis<\/a><\/li><\/ul>\n\n\n\n<p>Premi\u00e8re cape et clean sheet pour Benchaouch.<\/p>\n\n\n\n<p>\ud83c\uddf2\ud83c\udde6Maroc U16 : <strong>Ilies Belmokhtar<\/strong><\/p>\n\n\n\n<ul><li>21\/03 : <a href=\"https:\/\/www.ladiagonale.net\/index.php\/2024\/03\/23\/premiere-selection-avec-le-maroc-pour-ben-seghir-belmokhtar-buteur-en-u16\/\" target=\"_blank\" rel=\"noreferrer noopener\">Maroc 3-2 Nig\u00e9ria<\/a><\/li><\/ul>\n\n\n\n<p>L&rsquo;ailier mon\u00e9gasque a marqu\u00e9 lors de cette rencontre.<\/p>\n\n\n\n<ul><li>26\/03 : <a href=\"https:\/\/www.ladiagonale.net\/index.php\/2024\/03\/27\/premiere-cape-avec-le-maroc-u20-pour-benchaouch\/\" target=\"_blank\" rel=\"noreferrer noopener\">Maroc 3-5 Nig\u00e9ria<\/a><\/li><\/ul>\n\n\n\n<p>Belmokhtar est rest\u00e9 sur le banc.<\/p>\n","protected":false},"excerpt":{"rendered":"<p>La tr\u00eave internationale bat son plein et Monaco a d\u00e9j\u00e0 d\u00fb constater les forfaits de Guillermo Maripan avec le Chili et de Kassoum Ouattara avec l&rsquo;\u00e9quipe de France U20. Mamadou Coulibaly a \u00e9t\u00e9 appel\u00e9 en renfort de derni\u00e8re minute. Au rang des bonnes nouvelles, Folarin Balogun a remport\u00e9 une deuxi\u00e8me Ligue des nations CONCACAF avec [&#8230;]\n","protected":false},"author":2,"featured_media":21633,"comment_status":"open","ping_status":"open","sticky":false,"template":"","format":"standard","meta":[],"categories":[5,6],"tags":[86,116],"yoast_head":"<!-- This site is optimized with the Yoast SEO plugin v19.8 - https:\/\/yoast.com\/wordpress\/plugins\/seo\/ -->\n<title>Le planning des internationaux - La Diagonale<\/title>\n<meta name=\"robots\" content=\"index, follow, max-snippet:-1, max-image-preview:large, max-video-preview:-1\" \/>\n<link rel=\"canonical\" href=\"https:\/\/www.ladiagonale.net\/index.php\/2024\/03\/20\/le-planning-des-internationaux-2\/\" \/>\n<meta property=\"og:locale\" content=\"fr_FR\" \/>\n<meta property=\"og:type\" content=\"article\" \/>\n<meta property=\"og:title\" content=\"Le planning des internationaux - La Diagonale\" \/>\n<meta property=\"og:description\" content=\"La tr\u00eave internationale bat son plein et Monaco a d\u00e9j\u00e0 d\u00fb constater les forfaits de Guillermo Maripan avec le Chili et de Kassoum Ouattara avec l&rsquo;\u00e9quipe de France U20. Mamadou Coulibaly a \u00e9t\u00e9 appel\u00e9 en renfort de derni\u00e8re minute. Au rang des bonnes nouvelles, Folarin Balogun a remport\u00e9 une deuxi\u00e8me Ligue des nations CONCACAF avec [...]\" \/>\n<meta property=\"og:url\" content=\"https:\/\/www.ladiagonale.net\/index.php\/2024\/03\/20\/le-planning-des-internationaux-2\/\" \/>\n<meta property=\"og:site_name\" content=\"La Diagonale\" \/>\n<meta property=\"article:published_time\" content=\"2024-03-20T12:14:40+00:00\" \/>\n<meta property=\"article:modified_time\" content=\"2024-03-27T12:22:35+00:00\" \/>\n<meta property=\"og:image\" content=\"https:\/\/www.ladiagonale.net\/wp-content\/uploads\/2024\/03\/Minamino-japon.png\" \/>\n\t<meta property=\"og:image:width\" content=\"1160\" \/>\n\t<meta property=\"og:image:height\" content=\"650\" \/>\n\t<meta property=\"og:image:type\" content=\"image\/png\" \/>\n<meta name=\"author\" content=\"Damien Dellerba\" \/>\n<meta name=\"twitter:card\" content=\"summary_large_image\" \/>\n<meta name=\"twitter:image\" content=\"https:\/\/www.ladiagonale.net\/wp-content\/uploads\/2024\/03\/Minamino-japon.png\" \/>\n<meta name=\"twitter:label1\" content=\"\u00c9crit par\" \/>\n\t<meta name=\"twitter:data1\" content=\"Damien Dellerba\" \/>\n\t<meta name=\"twitter:label2\" content=\"Dur\u00e9e de lecture estim\u00e9e\" \/>\n\t<meta name=\"twitter:data2\" content=\"4 minutes\" \/>\n<script type=\"application\/ld+json\" class=\"yoast-schema-graph\">{\"@context\":\"https:\/\/schema.org\",\"@graph\":[{\"@type\":\"WebPage\",\"@id\":\"https:\/\/www.ladiagonale.net\/index.php\/2024\/03\/20\/le-planning-des-internationaux-2\/\",\"url\":\"https:\/\/www.ladiagonale.net\/index.php\/2024\/03\/20\/le-planning-des-internationaux-2\/\",\"name\":\"Le planning des internationaux - La Diagonale\",\"isPartOf\":{\"@id\":\"https:\/\/www.ladiagonale.net\/#website\"},\"datePublished\":\"2024-03-20T12:14:40+00:00\",\"dateModified\":\"2024-03-27T12:22:35+00:00\",\"author\":{\"@id\":\"https:\/\/www.ladiagonale.net\/#\/schema\/person\/79ff1e7b0853ed01b2aa26e64ad300bf\"},\"breadcrumb\":{\"@id\":\"https:\/\/www.ladiagonale.net\/index.php\/2024\/03\/20\/le-planning-des-internationaux-2\/#breadcrumb\"},\"inLanguage\":\"fr-FR\",\"potentialAction\":[{\"@type\":\"ReadAction\",\"target\":[\"https:\/\/www.ladiagonale.net\/index.php\/2024\/03\/20\/le-planning-des-internationaux-2\/\"]}]},{\"@type\":\"BreadcrumbList\",\"@id\":\"https:\/\/www.ladiagonale.net\/index.php\/2024\/03\/20\/le-planning-des-internationaux-2\/#breadcrumb\",\"itemListElement\":[{\"@type\":\"ListItem\",\"position\":1,\"name\":\"Accueil\",\"item\":\"https:\/\/www.ladiagonale.net\/\"},{\"@type\":\"ListItem\",\"position\":2,\"name\":\"Le planning des internationaux\"}]},{\"@type\":\"WebSite\",\"@id\":\"https:\/\/www.ladiagonale.net\/#website\",\"url\":\"https:\/\/www.ladiagonale.net\/\",\"name\":\"La Diagonale\",\"description\":\"Le site des supporters de l&#039;AS Monaco FC\",\"potentialAction\":[{\"@type\":\"SearchAction\",\"target\":{\"@type\":\"EntryPoint\",\"urlTemplate\":\"https:\/\/www.ladiagonale.net\/?s={search_term_string}\"},\"query-input\":\"required name=search_term_string\"}],\"inLanguage\":\"fr-FR\"},{\"@type\":\"Person\",\"@id\":\"https:\/\/www.ladiagonale.net\/#\/schema\/person\/79ff1e7b0853ed01b2aa26e64ad300bf\",\"name\":\"Damien Dellerba\",\"image\":{\"@type\":\"ImageObject\",\"inLanguage\":\"fr-FR\",\"@id\":\"https:\/\/www.ladiagonale.net\/#\/schema\/person\/image\/\",\"url\":\"https:\/\/secure.gravatar.com\/avatar\/c7850e06d3ff63cdbaee88b7fc16e2f0?s=96&d=mm&r=g\",\"contentUrl\":\"https:\/\/secure.gravatar.com\/avatar\/c7850e06d3ff63cdbaee88b7fc16e2f0?s=96&d=mm&r=g\",\"caption\":\"Damien Dellerba\"},\"url\":\"https:\/\/www.ladiagonale.net\/index.php\/author\/damien\/\"}]}<\/script>\n<!-- \/ Yoast SEO plugin. -->","yoast_head_json":{"title":"Le planning des internationaux - La Diagonale","robots":{"index":"index","follow":"follow","max-snippet":"max-snippet:-1","max-image-preview":"max-image-preview:large","max-video-preview":"max-video-preview:-1"},"canonical":"https:\/\/www.ladiagonale.net\/index.php\/2024\/03\/20\/le-planning-des-internationaux-2\/","og_locale":"fr_FR","og_type":"article","og_title":"Le planning des internationaux - La Diagonale","og_description":"La tr\u00eave internationale bat son plein et Monaco a d\u00e9j\u00e0 d\u00fb constater les forfaits de Guillermo Maripan avec le Chili et de Kassoum Ouattara avec l&rsquo;\u00e9quipe de France U20. Mamadou Coulibaly a \u00e9t\u00e9 appel\u00e9 en renfort de derni\u00e8re minute. Au rang des bonnes nouvelles, Folarin Balogun a remport\u00e9 une deuxi\u00e8me Ligue des nations CONCACAF avec [...]","og_url":"https:\/\/www.ladiagonale.net\/index.php\/2024\/03\/20\/le-planning-des-internationaux-2\/","og_site_name":"La Diagonale","article_published_time":"2024-03-20T12:14:40+00:00","article_modified_time":"2024-03-27T12:22:35+00:00","og_image":[{"width":1160,"height":650,"url":"https:\/\/www.ladiagonale.net\/wp-content\/uploads\/2024\/03\/Minamino-japon.png","type":"image\/png"}],"author":"Damien Dellerba","twitter_card":"summary_large_image","twitter_image":"https:\/\/www.ladiagonale.net\/wp-content\/uploads\/2024\/03\/Minamino-japon.png","twitter_misc":{"\u00c9crit par":"Damien Dellerba","Dur\u00e9e de lecture estim\u00e9e":"4 minutes"},"schema":{"@context":"https:\/\/schema.org","@graph":[{"@type":"WebPage","@id":"https:\/\/www.ladiagonale.net\/index.php\/2024\/03\/20\/le-planning-des-internationaux-2\/","url":"https:\/\/www.ladiagonale.net\/index.php\/2024\/03\/20\/le-planning-des-internationaux-2\/","name":"Le planning des internationaux - La Diagonale","isPartOf":{"@id":"https:\/\/www.ladiagonale.net\/#website"},"datePublished":"2024-03-20T12:14:40+00:00","dateModified":"2024-03-27T12:22:35+00:00","author":{"@id":"https:\/\/www.ladiagonale.net\/#\/schema\/person\/79ff1e7b0853ed01b2aa26e64ad300bf"},"breadcrumb":{"@id":"https:\/\/www.ladiagonale.net\/index.php\/2024\/03\/20\/le-planning-des-internationaux-2\/#breadcrumb"},"inLanguage":"fr-FR","potentialAction":[{"@type":"ReadAction","target":["https:\/\/www.ladiagonale.net\/index.php\/2024\/03\/20\/le-planning-des-internationaux-2\/"]}]},{"@type":"BreadcrumbList","@id":"https:\/\/www.ladiagonale.net\/index.php\/2024\/03\/20\/le-planning-des-internationaux-2\/#breadcrumb","itemListElement":[{"@type":"ListItem","position":1,"name":"Accueil","item":"https:\/\/www.ladiagonale.net\/"},{"@type":"ListItem","position":2,"name":"Le planning des internationaux"}]},{"@type":"WebSite","@id":"https:\/\/www.ladiagonale.net\/#website","url":"https:\/\/www.ladiagonale.net\/","name":"La Diagonale","description":"Le site des supporters de l&#039;AS Monaco FC","potentialAction":[{"@type":"SearchAction","target":{"@type":"EntryPoint","urlTemplate":"https:\/\/www.ladiagonale.net\/?s={search_term_string}"},"query-input":"required name=search_term_string"}],"inLanguage":"fr-FR"},{"@type":"Person","@id":"https:\/\/www.ladiagonale.net\/#\/schema\/person\/79ff1e7b0853ed01b2aa26e64ad300bf","name":"Damien Dellerba","image":{"@type":"ImageObject","inLanguage":"fr-FR","@id":"https:\/\/www.ladiagonale.net\/#\/schema\/person\/image\/","url":"https:\/\/secure.gravatar.com\/avatar\/c7850e06d3ff63cdbaee88b7fc16e2f0?s=96&d=mm&r=g","contentUrl":"https:\/\/secure.gravatar.com\/avatar\/c7850e06d3ff63cdbaee88b7fc16e2f0?s=96&d=mm&r=g","caption":"Damien Dellerba"},"url":"https:\/\/www.ladiagonale.net\/index.php\/author\/damien\/"}]}},"_links":{"self":[{"href":"https:\/\/www.ladiagonale.net\/index.php\/wp-json\/wp\/v2\/posts\/21630"}],"collection":[{"href":"https:\/\/www.ladiagonale.net\/index.php\/wp-json\/wp\/v2\/posts"}],"about":[{"href":"https:\/\/www.ladiagonale.net\/index.php\/wp-json\/wp\/v2\/types\/post"}],"author":[{"embeddable":true,"href":"https:\/\/www.ladiagonale.net\/index.php\/wp-json\/wp\/v2\/users\/2"}],"replies":[{"embeddable":true,"href":"https:\/\/www.ladiagonale.net\/index.php\/wp-json\/wp\/v2\/comments?post=21630"}],"version-history":[{"count":37,"href":"https:\/\/www.ladiagonale.net\/index.php\/wp-json\/wp\/v2\/posts\/21630\/revisions"}],"predecessor-version":[{"id":21840,"href":"https:\/\/www.ladiagonale.net\/index.php\/wp-json\/wp\/v2\/posts\/21630\/revisions\/21840"}],"wp:featuredmedia":[{"embeddable":true,"href":"https:\/\/www.ladiagonale.net\/index.php\/wp-json\/wp\/v2\/media\/21633"}],"wp:attachment":[{"href":"https:\/\/www.ladiagonale.net\/index.php\/wp-json\/wp\/v2\/media?parent=21630"}],"wp:term":[{"taxonomy":"category","embeddable":true,"href":"https:\/\/www.ladiagonale.net\/index.php\/wp-json\/wp\/v2\/categories?post=21630"},{"taxonomy":"post_tag","embeddable":true,"href":"https:\/\/www.ladiagonale.net\/index.php\/wp-json\/wp\/v2\/tags?post=21630"}],"curies":[{"name":"wp","href":"https:\/\/api.w.org\/{rel}","templated":true}]}}