{"id":21664,"date":"2024-03-21T16:00:40","date_gmt":"2024-03-21T15:00:40","guid":{"rendered":"https:\/\/www.ladiagonale.net\/?p=21664"},"modified":"2024-03-21T16:15:37","modified_gmt":"2024-03-21T15:15:37","slug":"minamino-et-le-japon-viennent-a-bout-de-la-coree-du-nord","status":"publish","type":"post","link":"https:\/\/www.ladiagonale.net\/index.php\/2024\/03\/21\/minamino-et-le-japon-viennent-a-bout-de-la-coree-du-nord\/","title":{"rendered":"Minamino et le Japon viennent \u00e0 bout de la Cor\u00e9e du Nord"},"content":{"rendered":"\n\n\n<p>Apr\u00e8s la d\u00e9ception de la Coupe d&rsquo;Asie, o\u00f9 le Japon a \u00e9t\u00e9 \u00e9limin\u00e9 en quarts de finale, Takumi Minamino et ses co\u00e9quipiers ont relev\u00e9 la t\u00eate en s&rsquo;imposant face \u00e0 la Cor\u00e9e du Nord (1-0), lors de leur troisi\u00e8me rencontre des \u00e9liminatoires pour la Coupe du monde 2026. Les <em>Samurai Blue<\/em> ont marqu\u00e9 d\u00e8s l&rsquo;entame de match (2<sup>e<\/sup>), sur une action o\u00f9 le milieu offensif de l&rsquo;AS Monaco a manqu\u00e9 une reprise devant le but. Minamino a \u00e9t\u00e9 remplac\u00e9 \u00e0 la 74<sup>e<\/sup> minute de jeu.<\/p>\n\n\n\n<blockquote class=\"twitter-tweet\" data-media-max-width=\"560\"><p lang=\"ja\" dir=\"ltr\">\ud83c\udfc6FIFA \u30ef\u30fc\u30eb\u30c9\u30ab\u30c3\u30d7 26\u30a2\u30b8\u30a22\u6b21\u4e88\u9078<br>\ud83c\uddef\ud83c\uddf5 <a href=\"https:\/\/twitter.com\/hashtag\/SAMURAIBLUE?src=hash&amp;ref_src=twsrc%5Etfw\">#SAMURAIBLUE<\/a> vs \u671d\u9bae\u6c11\u4e3b\u4e3b\u7fa9\u4eba\u6c11\u5171\u548c\u56fd\u4ee3\u8868\ud83c\uddf0\ud83c\uddf5<a href=\"https:\/\/twitter.com\/hashtag\/%E7%94%B0%E4%B8%AD%E7%A2%A7?src=hash&amp;ref_src=twsrc%5Etfw\">#\u7530\u4e2d\u78a7<\/a> \u306e\u5148\u5236\u30b4\u30fc\u30eb\u3092\u3001\u30b9\u30d1\u30a4\u30c0\u30fc\u30ab\u30e1\u30e9\u304b\u3089\u3082\u3046\u4e00\u5ea6\ud83d\udc40<br><br>\ud83d\uddd33.21(\u6728) \u231a\ufe0f19:20(\ud83c\uddef\ud83c\uddf5)<br>\ud83d\udcfa\u5730\u4e0a\u6ce2 <a href=\"https:\/\/twitter.com\/hashtag\/%E6%97%A5%E3%83%86%E3%83%AC?src=hash&amp;ref_src=twsrc%5Etfw\">#\u65e5\u30c6\u30ec<\/a> \u7cfb\uff06TVer\u3067\u53ea\u4eca\u653e\u9001\u4e2d\u2757\u203b\u4e00\u90e8\u5730\u57df\u9664\u304f<br>\ud83d\udd17 <a href=\"https:\/\/t.co\/DcNs8SSCp9\">https:\/\/t.co\/DcNs8SSCp9<\/a><a href=\"https:\/\/twitter.com\/hashtag\/%E5%A4%A2%E3%81%B8%E3%81%AE%E5%8B%87%E6%B0%97%E3%82%92?src=hash&amp;ref_src=twsrc%5Etfw\">#\u5922\u3078\u306e\u52c7\u6c17\u3092<\/a><a href=\"https:\/\/twitter.com\/hashtag\/jfa?src=hash&amp;ref_src=twsrc%5Etfw\">#jfa<\/a> <a href=\"https:\/\/twitter.com\/hashtag\/daihyo?src=hash&amp;ref_src=twsrc%5Etfw\">#daihyo<\/a>\u2026 <a href=\"https:\/\/t.co\/GOy7R1BzSq\">pic.twitter.com\/GOy7R1BzSq<\/a><\/p>\u2014 \u30b5\u30c3\u30ab\u30fc\u65e5\u672c\u4ee3\u8868 \ud83c\uddef\ud83c\uddf5 (@jfa_samuraiblue) <a href=\"https:\/\/twitter.com\/jfa_samuraiblue\/status\/1770776434522345640?ref_src=twsrc%5Etfw\">March 21, 2024<\/a><\/blockquote> <script async=\"\" src=\"https:\/\/platform.twitter.com\/widgets.js\" charset=\"utf-8\"><\/script>\n\n\n\n<p>Gr\u00e2ce \u00e0 ce troisi\u00e8me succ\u00e8s, les Japonais prennent de l&rsquo;avance dans leur groupe des \u00e9liminatoires et comptent d\u00e9sormais neuf points. Mardi, ils devraient de nouveau recevoir les Nord-Cor\u00e9ens pour la manche retour. Alors que celle-ci devait initialement se tenir \u00e0 Pyongyang, la F\u00e9d\u00e9ration Japonaise a indiqu\u00e9 que la Cor\u00e9e du Nord \u00e9tait dans l&rsquo;incapacit\u00e9 de recevoir le Japon et qu&rsquo;une demande pour organiser la rencontre au pays du Soleil-Levant avait \u00e9t\u00e9 faite \u00e0 la mi-temps du match.<\/p>\n","protected":false},"excerpt":{"rendered":"<p>Apr\u00e8s la d\u00e9ception de la Coupe d&rsquo;Asie, o\u00f9 le Japon a \u00e9t\u00e9 \u00e9limin\u00e9 en quarts de finale, Takumi Minamino et ses co\u00e9quipiers ont relev\u00e9 la t\u00eate en s&rsquo;imposant face \u00e0 la Cor\u00e9e du Nord (1-0), lors de leur troisi\u00e8me rencontre des \u00e9liminatoires pour la Coupe du monde 2026. Les Samurai Blue ont marqu\u00e9 d\u00e8s l&rsquo;entame [&#8230;]\n","protected":false},"author":2,"featured_media":0,"comment_status":"open","ping_status":"open","sticky":false,"template":"","format":"standard","meta":[],"categories":[6],"tags":[86,165,116,164],"yoast_head":"<!-- This site is optimized with the Yoast SEO plugin v19.8 - https:\/\/yoast.com\/wordpress\/plugins\/seo\/ -->\n<title>Minamino et le Japon viennent \u00e0 bout de la Cor\u00e9e du Nord - La Diagonale<\/title>\n<meta name=\"robots\" content=\"index, follow, max-snippet:-1, max-image-preview:large, max-video-preview:-1\" \/>\n<link rel=\"canonical\" href=\"https:\/\/www.ladiagonale.net\/index.php\/2024\/03\/21\/minamino-et-le-japon-viennent-a-bout-de-la-coree-du-nord\/\" \/>\n<meta property=\"og:locale\" content=\"fr_FR\" \/>\n<meta property=\"og:type\" content=\"article\" \/>\n<meta property=\"og:title\" content=\"Minamino et le Japon viennent \u00e0 bout de la Cor\u00e9e du Nord - La Diagonale\" \/>\n<meta property=\"og:description\" content=\"Apr\u00e8s la d\u00e9ception de la Coupe d&rsquo;Asie, o\u00f9 le Japon a \u00e9t\u00e9 \u00e9limin\u00e9 en quarts de finale, Takumi Minamino et ses co\u00e9quipiers ont relev\u00e9 la t\u00eate en s&rsquo;imposant face \u00e0 la Cor\u00e9e du Nord (1-0), lors de leur troisi\u00e8me rencontre des \u00e9liminatoires pour la Coupe du monde 2026. Les Samurai Blue ont marqu\u00e9 d\u00e8s l&rsquo;entame [...]\" \/>\n<meta property=\"og:url\" content=\"https:\/\/www.ladiagonale.net\/index.php\/2024\/03\/21\/minamino-et-le-japon-viennent-a-bout-de-la-coree-du-nord\/\" \/>\n<meta property=\"og:site_name\" content=\"La Diagonale\" \/>\n<meta property=\"article:published_time\" content=\"2024-03-21T15:00:40+00:00\" \/>\n<meta property=\"article:modified_time\" content=\"2024-03-21T15:15:37+00:00\" \/>\n<meta property=\"og:image\" content=\"https:\/\/www.ladiagonale.net\/wp-content\/uploads\/2024\/03\/Minamino-japon.png\" \/>\n\t<meta property=\"og:image:width\" content=\"1160\" \/>\n\t<meta property=\"og:image:height\" content=\"650\" \/>\n\t<meta property=\"og:image:type\" content=\"image\/png\" \/>\n<meta name=\"author\" content=\"Damien Dellerba\" \/>\n<meta name=\"twitter:card\" content=\"summary_large_image\" \/>\n<meta name=\"twitter:image\" content=\"https:\/\/www.ladiagonale.net\/wp-content\/uploads\/2024\/03\/Minamino-japon.png\" \/>\n<meta name=\"twitter:label1\" content=\"\u00c9crit par\" \/>\n\t<meta name=\"twitter:data1\" content=\"Damien Dellerba\" \/>\n\t<meta name=\"twitter:label2\" content=\"Dur\u00e9e de lecture estim\u00e9e\" \/>\n\t<meta name=\"twitter:data2\" content=\"1 minute\" \/>\n<script type=\"application\/ld+json\" class=\"yoast-schema-graph\">{\"@context\":\"https:\/\/schema.org\",\"@graph\":[{\"@type\":\"WebPage\",\"@id\":\"https:\/\/www.ladiagonale.net\/index.php\/2024\/03\/21\/minamino-et-le-japon-viennent-a-bout-de-la-coree-du-nord\/\",\"url\":\"https:\/\/www.ladiagonale.net\/index.php\/2024\/03\/21\/minamino-et-le-japon-viennent-a-bout-de-la-coree-du-nord\/\",\"name\":\"Minamino et le Japon viennent \u00e0 bout de la Cor\u00e9e du Nord - La Diagonale\",\"isPartOf\":{\"@id\":\"https:\/\/www.ladiagonale.net\/#website\"},\"datePublished\":\"2024-03-21T15:00:40+00:00\",\"dateModified\":\"2024-03-21T15:15:37+00:00\",\"author\":{\"@id\":\"https:\/\/www.ladiagonale.net\/#\/schema\/person\/79ff1e7b0853ed01b2aa26e64ad300bf\"},\"breadcrumb\":{\"@id\":\"https:\/\/www.ladiagonale.net\/index.php\/2024\/03\/21\/minamino-et-le-japon-viennent-a-bout-de-la-coree-du-nord\/#breadcrumb\"},\"inLanguage\":\"fr-FR\",\"potentialAction\":[{\"@type\":\"ReadAction\",\"target\":[\"https:\/\/www.ladiagonale.net\/index.php\/2024\/03\/21\/minamino-et-le-japon-viennent-a-bout-de-la-coree-du-nord\/\"]}]},{\"@type\":\"BreadcrumbList\",\"@id\":\"https:\/\/www.ladiagonale.net\/index.php\/2024\/03\/21\/minamino-et-le-japon-viennent-a-bout-de-la-coree-du-nord\/#breadcrumb\",\"itemListElement\":[{\"@type\":\"ListItem\",\"position\":1,\"name\":\"Accueil\",\"item\":\"https:\/\/www.ladiagonale.net\/\"},{\"@type\":\"ListItem\",\"position\":2,\"name\":\"Minamino et le Japon viennent \u00e0 bout de la Cor\u00e9e du Nord\"}]},{\"@type\":\"WebSite\",\"@id\":\"https:\/\/www.ladiagonale.net\/#website\",\"url\":\"https:\/\/www.ladiagonale.net\/\",\"name\":\"La Diagonale\",\"description\":\"Le site des supporters de l&#039;AS Monaco FC\",\"potentialAction\":[{\"@type\":\"SearchAction\",\"target\":{\"@type\":\"EntryPoint\",\"urlTemplate\":\"https:\/\/www.ladiagonale.net\/?s={search_term_string}\"},\"query-input\":\"required name=search_term_string\"}],\"inLanguage\":\"fr-FR\"},{\"@type\":\"Person\",\"@id\":\"https:\/\/www.ladiagonale.net\/#\/schema\/person\/79ff1e7b0853ed01b2aa26e64ad300bf\",\"name\":\"Damien Dellerba\",\"image\":{\"@type\":\"ImageObject\",\"inLanguage\":\"fr-FR\",\"@id\":\"https:\/\/www.ladiagonale.net\/#\/schema\/person\/image\/\",\"url\":\"https:\/\/secure.gravatar.com\/avatar\/c7850e06d3ff63cdbaee88b7fc16e2f0?s=96&d=mm&r=g\",\"contentUrl\":\"https:\/\/secure.gravatar.com\/avatar\/c7850e06d3ff63cdbaee88b7fc16e2f0?s=96&d=mm&r=g\",\"caption\":\"Damien Dellerba\"},\"url\":\"https:\/\/www.ladiagonale.net\/index.php\/author\/damien\/\"}]}<\/script>\n<!-- \/ Yoast SEO plugin. -->","yoast_head_json":{"title":"Minamino et le Japon viennent \u00e0 bout de la Cor\u00e9e du Nord - La Diagonale","robots":{"index":"index","follow":"follow","max-snippet":"max-snippet:-1","max-image-preview":"max-image-preview:large","max-video-preview":"max-video-preview:-1"},"canonical":"https:\/\/www.ladiagonale.net\/index.php\/2024\/03\/21\/minamino-et-le-japon-viennent-a-bout-de-la-coree-du-nord\/","og_locale":"fr_FR","og_type":"article","og_title":"Minamino et le Japon viennent \u00e0 bout de la Cor\u00e9e du Nord - La Diagonale","og_description":"Apr\u00e8s la d\u00e9ception de la Coupe d&rsquo;Asie, o\u00f9 le Japon a \u00e9t\u00e9 \u00e9limin\u00e9 en quarts de finale, Takumi Minamino et ses co\u00e9quipiers ont relev\u00e9 la t\u00eate en s&rsquo;imposant face \u00e0 la Cor\u00e9e du Nord (1-0), lors de leur troisi\u00e8me rencontre des \u00e9liminatoires pour la Coupe du monde 2026. Les Samurai Blue ont marqu\u00e9 d\u00e8s l&rsquo;entame [...]","og_url":"https:\/\/www.ladiagonale.net\/index.php\/2024\/03\/21\/minamino-et-le-japon-viennent-a-bout-de-la-coree-du-nord\/","og_site_name":"La Diagonale","article_published_time":"2024-03-21T15:00:40+00:00","article_modified_time":"2024-03-21T15:15:37+00:00","og_image":[{"width":1160,"height":650,"url":"https:\/\/www.ladiagonale.net\/wp-content\/uploads\/2024\/03\/Minamino-japon.png","type":"image\/png"}],"author":"Damien Dellerba","twitter_card":"summary_large_image","twitter_image":"https:\/\/www.ladiagonale.net\/wp-content\/uploads\/2024\/03\/Minamino-japon.png","twitter_misc":{"\u00c9crit par":"Damien Dellerba","Dur\u00e9e de lecture estim\u00e9e":"1 minute"},"schema":{"@context":"https:\/\/schema.org","@graph":[{"@type":"WebPage","@id":"https:\/\/www.ladiagonale.net\/index.php\/2024\/03\/21\/minamino-et-le-japon-viennent-a-bout-de-la-coree-du-nord\/","url":"https:\/\/www.ladiagonale.net\/index.php\/2024\/03\/21\/minamino-et-le-japon-viennent-a-bout-de-la-coree-du-nord\/","name":"Minamino et le Japon viennent \u00e0 bout de la Cor\u00e9e du Nord - La Diagonale","isPartOf":{"@id":"https:\/\/www.ladiagonale.net\/#website"},"datePublished":"2024-03-21T15:00:40+00:00","dateModified":"2024-03-21T15:15:37+00:00","author":{"@id":"https:\/\/www.ladiagonale.net\/#\/schema\/person\/79ff1e7b0853ed01b2aa26e64ad300bf"},"breadcrumb":{"@id":"https:\/\/www.ladiagonale.net\/index.php\/2024\/03\/21\/minamino-et-le-japon-viennent-a-bout-de-la-coree-du-nord\/#breadcrumb"},"inLanguage":"fr-FR","potentialAction":[{"@type":"ReadAction","target":["https:\/\/www.ladiagonale.net\/index.php\/2024\/03\/21\/minamino-et-le-japon-viennent-a-bout-de-la-coree-du-nord\/"]}]},{"@type":"BreadcrumbList","@id":"https:\/\/www.ladiagonale.net\/index.php\/2024\/03\/21\/minamino-et-le-japon-viennent-a-bout-de-la-coree-du-nord\/#breadcrumb","itemListElement":[{"@type":"ListItem","position":1,"name":"Accueil","item":"https:\/\/www.ladiagonale.net\/"},{"@type":"ListItem","position":2,"name":"Minamino et le Japon viennent \u00e0 bout de la Cor\u00e9e du Nord"}]},{"@type":"WebSite","@id":"https:\/\/www.ladiagonale.net\/#website","url":"https:\/\/www.ladiagonale.net\/","name":"La Diagonale","description":"Le site des supporters de l&#039;AS Monaco FC","potentialAction":[{"@type":"SearchAction","target":{"@type":"EntryPoint","urlTemplate":"https:\/\/www.ladiagonale.net\/?s={search_term_string}"},"query-input":"required name=search_term_string"}],"inLanguage":"fr-FR"},{"@type":"Person","@id":"https:\/\/www.ladiagonale.net\/#\/schema\/person\/79ff1e7b0853ed01b2aa26e64ad300bf","name":"Damien Dellerba","image":{"@type":"ImageObject","inLanguage":"fr-FR","@id":"https:\/\/www.ladiagonale.net\/#\/schema\/person\/image\/","url":"https:\/\/secure.gravatar.com\/avatar\/c7850e06d3ff63cdbaee88b7fc16e2f0?s=96&d=mm&r=g","contentUrl":"https:\/\/secure.gravatar.com\/avatar\/c7850e06d3ff63cdbaee88b7fc16e2f0?s=96&d=mm&r=g","caption":"Damien Dellerba"},"url":"https:\/\/www.ladiagonale.net\/index.php\/author\/damien\/"}]}},"_links":{"self":[{"href":"https:\/\/www.ladiagonale.net\/index.php\/wp-json\/wp\/v2\/posts\/21664"}],"collection":[{"href":"https:\/\/www.ladiagonale.net\/index.php\/wp-json\/wp\/v2\/posts"}],"about":[{"href":"https:\/\/www.ladiagonale.net\/index.php\/wp-json\/wp\/v2\/types\/post"}],"author":[{"embeddable":true,"href":"https:\/\/www.ladiagonale.net\/index.php\/wp-json\/wp\/v2\/users\/2"}],"replies":[{"embeddable":true,"href":"https:\/\/www.ladiagonale.net\/index.php\/wp-json\/wp\/v2\/comments?post=21664"}],"version-history":[{"count":6,"href":"https:\/\/www.ladiagonale.net\/index.php\/wp-json\/wp\/v2\/posts\/21664\/revisions"}],"predecessor-version":[{"id":21677,"href":"https:\/\/www.ladiagonale.net\/index.php\/wp-json\/wp\/v2\/posts\/21664\/revisions\/21677"}],"wp:attachment":[{"href":"https:\/\/www.ladiagonale.net\/index.php\/wp-json\/wp\/v2\/media?parent=21664"}],"wp:term":[{"taxonomy":"category","embeddable":true,"href":"https:\/\/www.ladiagonale.net\/index.php\/wp-json\/wp\/v2\/categories?post=21664"},{"taxonomy":"post_tag","embeddable":true,"href":"https:\/\/www.ladiagonale.net\/index.php\/wp-json\/wp\/v2\/tags?post=21664"}],"curies":[{"name":"wp","href":"https:\/\/api.w.org\/{rel}","templated":true}]}}