{"id":21699,"date":"2024-03-22T22:27:19","date_gmt":"2024-03-22T21:27:19","guid":{"rendered":"https:\/\/www.ladiagonale.net\/?p=21699"},"modified":"2024-03-22T22:29:01","modified_gmt":"2024-03-22T21:29:01","slug":"ouattara-a-quitte-le-rassemblement-des-u20-coulibaly-appele","status":"publish","type":"post","link":"https:\/\/www.ladiagonale.net\/index.php\/2024\/03\/22\/ouattara-a-quitte-le-rassemblement-des-u20-coulibaly-appele\/","title":{"rendered":"Ouattara a quitt\u00e9 le rassemblement des U20, Coulibaly appel\u00e9"},"content":{"rendered":"\n\n\n<p> Apr\u00e8s l&rsquo;annonce de <a href=\"https:\/\/www.ladiagonale.net\/index.php\/2024\/03\/21\/maripan-blesse-a-un-genou\/\">la blessure de Guillermo Maripan<\/a> \u00e0 l&rsquo;entra\u00eenement avec le Chili, l&rsquo;AS Monaco compte une mauvaise nouvelle de plus. Ce vendredi, Kassoum Ouattara a quitt\u00e9 le rassemblement de l&rsquo;\u00e9quipe de France U20, bas\u00e9 \u00e0 Valence en Espagne, \u00e0 l&rsquo;issue de la premi\u00e8re manche face \u00e0 l&rsquo;Allemage perdue par les Bleuets (1-3). L&rsquo;annonce a \u00e9t\u00e9 faite par la F\u00e9d\u00e9ration fran\u00e7aise de football sur son site officiel sans pr\u00e9ciser de quoi souffrait le Mon\u00e9gasque, qui n&rsquo;a pas pris part \u00e0 la rencontre.<\/p>\n\n\n\n<p>Mamadou Coulibaly a quant \u00e0 lui \u00e9t\u00e9 appel\u00e9 en derni\u00e8re minute. Le milieu de terrain de l&rsquo;ASM a \u00e9t\u00e9 ajout\u00e9 \u00e0 la liste de Landry Chauvin et a obtenu sa toute premi\u00e8re s\u00e9lection chez les jeunes en faisant son entr\u00e9e en jeu \u00e0 la mi-temps de la rencontre. Il n&rsquo;a d&rsquo;ailleurs pas \u00e9t\u00e9 loin d&rsquo;\u00eatre d\u00e9cisif, avec une passe en profondeur \u00e0 destination de Dong contr\u00e9e par un d\u00e9fenseur allemand, qui a finalement remis l&rsquo;attaquant tricolore en bonne position pour marquer et r\u00e9duire l&rsquo;\u00e9cart.<\/p>\n\n\n\n<p>Edan Diop, comme Malamine Efekele, \u00e9tait quant \u00e0 lui titulaire. Il est toutefois sorti \u00e0 la pause, remplac\u00e9 par son co\u00e9quipier en club. Les tricolores affronteront l&rsquo;Allemagne pour une manche retour lundi (15h).<\/p>\n","protected":false},"excerpt":{"rendered":"<p>Apr\u00e8s l&rsquo;annonce de la blessure de Guillermo Maripan \u00e0 l&rsquo;entra\u00eenement avec le Chili, l&rsquo;AS Monaco compte une mauvaise nouvelle de plus. Ce vendredi, Kassoum Ouattara a quitt\u00e9 le rassemblement de l&rsquo;\u00e9quipe de France U20, bas\u00e9 \u00e0 Valence en Espagne, \u00e0 l&rsquo;issue de la premi\u00e8re manche face \u00e0 l&rsquo;Allemage perdue par les Bleuets (1-3). L&rsquo;annonce a [&#8230;]\n","protected":false},"author":2,"featured_media":0,"comment_status":"open","ping_status":"open","sticky":false,"template":"","format":"standard","meta":[],"categories":[4,6],"tags":[86,71,722,459],"yoast_head":"<!-- This site is optimized with the Yoast SEO plugin v19.8 - https:\/\/yoast.com\/wordpress\/plugins\/seo\/ -->\n<title>Ouattara a quitt\u00e9 le rassemblement des U20, Coulibaly appel\u00e9 - La Diagonale<\/title>\n<meta name=\"robots\" content=\"index, follow, max-snippet:-1, max-image-preview:large, max-video-preview:-1\" \/>\n<link rel=\"canonical\" href=\"https:\/\/www.ladiagonale.net\/index.php\/2024\/03\/22\/ouattara-a-quitte-le-rassemblement-des-u20-coulibaly-appele\/\" \/>\n<meta property=\"og:locale\" content=\"fr_FR\" \/>\n<meta property=\"og:type\" content=\"article\" \/>\n<meta property=\"og:title\" content=\"Ouattara a quitt\u00e9 le rassemblement des U20, Coulibaly appel\u00e9 - La Diagonale\" \/>\n<meta property=\"og:description\" content=\"Apr\u00e8s l&rsquo;annonce de la blessure de Guillermo Maripan \u00e0 l&rsquo;entra\u00eenement avec le Chili, l&rsquo;AS Monaco compte une mauvaise nouvelle de plus. Ce vendredi, Kassoum Ouattara a quitt\u00e9 le rassemblement de l&rsquo;\u00e9quipe de France U20, bas\u00e9 \u00e0 Valence en Espagne, \u00e0 l&rsquo;issue de la premi\u00e8re manche face \u00e0 l&rsquo;Allemage perdue par les Bleuets (1-3). L&rsquo;annonce a [...]\" \/>\n<meta property=\"og:url\" content=\"https:\/\/www.ladiagonale.net\/index.php\/2024\/03\/22\/ouattara-a-quitte-le-rassemblement-des-u20-coulibaly-appele\/\" \/>\n<meta property=\"og:site_name\" content=\"La Diagonale\" \/>\n<meta property=\"article:published_time\" content=\"2024-03-22T21:27:19+00:00\" \/>\n<meta property=\"article:modified_time\" content=\"2024-03-22T21:29:01+00:00\" \/>\n<meta property=\"og:image\" content=\"https:\/\/www.ladiagonale.net\/wp-content\/uploads\/2023\/11\/Ouattara.png\" \/>\n\t<meta property=\"og:image:width\" content=\"1160\" \/>\n\t<meta property=\"og:image:height\" content=\"650\" \/>\n\t<meta property=\"og:image:type\" content=\"image\/png\" \/>\n<meta name=\"author\" content=\"Damien Dellerba\" \/>\n<meta name=\"twitter:card\" content=\"summary_large_image\" \/>\n<meta name=\"twitter:image\" content=\"https:\/\/www.ladiagonale.net\/wp-content\/uploads\/2023\/11\/Ouattara.png\" \/>\n<meta name=\"twitter:label1\" content=\"\u00c9crit par\" \/>\n\t<meta name=\"twitter:data1\" content=\"Damien Dellerba\" \/>\n\t<meta name=\"twitter:label2\" content=\"Dur\u00e9e de lecture estim\u00e9e\" \/>\n\t<meta name=\"twitter:data2\" content=\"2 minutes\" \/>\n<script type=\"application\/ld+json\" class=\"yoast-schema-graph\">{\"@context\":\"https:\/\/schema.org\",\"@graph\":[{\"@type\":\"WebPage\",\"@id\":\"https:\/\/www.ladiagonale.net\/index.php\/2024\/03\/22\/ouattara-a-quitte-le-rassemblement-des-u20-coulibaly-appele\/\",\"url\":\"https:\/\/www.ladiagonale.net\/index.php\/2024\/03\/22\/ouattara-a-quitte-le-rassemblement-des-u20-coulibaly-appele\/\",\"name\":\"Ouattara a quitt\u00e9 le rassemblement des U20, Coulibaly appel\u00e9 - La Diagonale\",\"isPartOf\":{\"@id\":\"https:\/\/www.ladiagonale.net\/#website\"},\"datePublished\":\"2024-03-22T21:27:19+00:00\",\"dateModified\":\"2024-03-22T21:29:01+00:00\",\"author\":{\"@id\":\"https:\/\/www.ladiagonale.net\/#\/schema\/person\/79ff1e7b0853ed01b2aa26e64ad300bf\"},\"breadcrumb\":{\"@id\":\"https:\/\/www.ladiagonale.net\/index.php\/2024\/03\/22\/ouattara-a-quitte-le-rassemblement-des-u20-coulibaly-appele\/#breadcrumb\"},\"inLanguage\":\"fr-FR\",\"potentialAction\":[{\"@type\":\"ReadAction\",\"target\":[\"https:\/\/www.ladiagonale.net\/index.php\/2024\/03\/22\/ouattara-a-quitte-le-rassemblement-des-u20-coulibaly-appele\/\"]}]},{\"@type\":\"BreadcrumbList\",\"@id\":\"https:\/\/www.ladiagonale.net\/index.php\/2024\/03\/22\/ouattara-a-quitte-le-rassemblement-des-u20-coulibaly-appele\/#breadcrumb\",\"itemListElement\":[{\"@type\":\"ListItem\",\"position\":1,\"name\":\"Accueil\",\"item\":\"https:\/\/www.ladiagonale.net\/\"},{\"@type\":\"ListItem\",\"position\":2,\"name\":\"Ouattara a quitt\u00e9 le rassemblement des U20, Coulibaly appel\u00e9\"}]},{\"@type\":\"WebSite\",\"@id\":\"https:\/\/www.ladiagonale.net\/#website\",\"url\":\"https:\/\/www.ladiagonale.net\/\",\"name\":\"La Diagonale\",\"description\":\"Le site des supporters de l&#039;AS Monaco FC\",\"potentialAction\":[{\"@type\":\"SearchAction\",\"target\":{\"@type\":\"EntryPoint\",\"urlTemplate\":\"https:\/\/www.ladiagonale.net\/?s={search_term_string}\"},\"query-input\":\"required name=search_term_string\"}],\"inLanguage\":\"fr-FR\"},{\"@type\":\"Person\",\"@id\":\"https:\/\/www.ladiagonale.net\/#\/schema\/person\/79ff1e7b0853ed01b2aa26e64ad300bf\",\"name\":\"Damien Dellerba\",\"image\":{\"@type\":\"ImageObject\",\"inLanguage\":\"fr-FR\",\"@id\":\"https:\/\/www.ladiagonale.net\/#\/schema\/person\/image\/\",\"url\":\"https:\/\/secure.gravatar.com\/avatar\/c7850e06d3ff63cdbaee88b7fc16e2f0?s=96&d=mm&r=g\",\"contentUrl\":\"https:\/\/secure.gravatar.com\/avatar\/c7850e06d3ff63cdbaee88b7fc16e2f0?s=96&d=mm&r=g\",\"caption\":\"Damien Dellerba\"},\"url\":\"https:\/\/www.ladiagonale.net\/index.php\/author\/damien\/\"}]}<\/script>\n<!-- \/ Yoast SEO plugin. -->","yoast_head_json":{"title":"Ouattara a quitt\u00e9 le rassemblement des U20, Coulibaly appel\u00e9 - La Diagonale","robots":{"index":"index","follow":"follow","max-snippet":"max-snippet:-1","max-image-preview":"max-image-preview:large","max-video-preview":"max-video-preview:-1"},"canonical":"https:\/\/www.ladiagonale.net\/index.php\/2024\/03\/22\/ouattara-a-quitte-le-rassemblement-des-u20-coulibaly-appele\/","og_locale":"fr_FR","og_type":"article","og_title":"Ouattara a quitt\u00e9 le rassemblement des U20, Coulibaly appel\u00e9 - La Diagonale","og_description":"Apr\u00e8s l&rsquo;annonce de la blessure de Guillermo Maripan \u00e0 l&rsquo;entra\u00eenement avec le Chili, l&rsquo;AS Monaco compte une mauvaise nouvelle de plus. Ce vendredi, Kassoum Ouattara a quitt\u00e9 le rassemblement de l&rsquo;\u00e9quipe de France U20, bas\u00e9 \u00e0 Valence en Espagne, \u00e0 l&rsquo;issue de la premi\u00e8re manche face \u00e0 l&rsquo;Allemage perdue par les Bleuets (1-3). L&rsquo;annonce a [...]","og_url":"https:\/\/www.ladiagonale.net\/index.php\/2024\/03\/22\/ouattara-a-quitte-le-rassemblement-des-u20-coulibaly-appele\/","og_site_name":"La Diagonale","article_published_time":"2024-03-22T21:27:19+00:00","article_modified_time":"2024-03-22T21:29:01+00:00","og_image":[{"width":1160,"height":650,"url":"https:\/\/www.ladiagonale.net\/wp-content\/uploads\/2023\/11\/Ouattara.png","type":"image\/png"}],"author":"Damien Dellerba","twitter_card":"summary_large_image","twitter_image":"https:\/\/www.ladiagonale.net\/wp-content\/uploads\/2023\/11\/Ouattara.png","twitter_misc":{"\u00c9crit par":"Damien Dellerba","Dur\u00e9e de lecture estim\u00e9e":"2 minutes"},"schema":{"@context":"https:\/\/schema.org","@graph":[{"@type":"WebPage","@id":"https:\/\/www.ladiagonale.net\/index.php\/2024\/03\/22\/ouattara-a-quitte-le-rassemblement-des-u20-coulibaly-appele\/","url":"https:\/\/www.ladiagonale.net\/index.php\/2024\/03\/22\/ouattara-a-quitte-le-rassemblement-des-u20-coulibaly-appele\/","name":"Ouattara a quitt\u00e9 le rassemblement des U20, Coulibaly appel\u00e9 - La Diagonale","isPartOf":{"@id":"https:\/\/www.ladiagonale.net\/#website"},"datePublished":"2024-03-22T21:27:19+00:00","dateModified":"2024-03-22T21:29:01+00:00","author":{"@id":"https:\/\/www.ladiagonale.net\/#\/schema\/person\/79ff1e7b0853ed01b2aa26e64ad300bf"},"breadcrumb":{"@id":"https:\/\/www.ladiagonale.net\/index.php\/2024\/03\/22\/ouattara-a-quitte-le-rassemblement-des-u20-coulibaly-appele\/#breadcrumb"},"inLanguage":"fr-FR","potentialAction":[{"@type":"ReadAction","target":["https:\/\/www.ladiagonale.net\/index.php\/2024\/03\/22\/ouattara-a-quitte-le-rassemblement-des-u20-coulibaly-appele\/"]}]},{"@type":"BreadcrumbList","@id":"https:\/\/www.ladiagonale.net\/index.php\/2024\/03\/22\/ouattara-a-quitte-le-rassemblement-des-u20-coulibaly-appele\/#breadcrumb","itemListElement":[{"@type":"ListItem","position":1,"name":"Accueil","item":"https:\/\/www.ladiagonale.net\/"},{"@type":"ListItem","position":2,"name":"Ouattara a quitt\u00e9 le rassemblement des U20, Coulibaly appel\u00e9"}]},{"@type":"WebSite","@id":"https:\/\/www.ladiagonale.net\/#website","url":"https:\/\/www.ladiagonale.net\/","name":"La Diagonale","description":"Le site des supporters de l&#039;AS Monaco FC","potentialAction":[{"@type":"SearchAction","target":{"@type":"EntryPoint","urlTemplate":"https:\/\/www.ladiagonale.net\/?s={search_term_string}"},"query-input":"required name=search_term_string"}],"inLanguage":"fr-FR"},{"@type":"Person","@id":"https:\/\/www.ladiagonale.net\/#\/schema\/person\/79ff1e7b0853ed01b2aa26e64ad300bf","name":"Damien Dellerba","image":{"@type":"ImageObject","inLanguage":"fr-FR","@id":"https:\/\/www.ladiagonale.net\/#\/schema\/person\/image\/","url":"https:\/\/secure.gravatar.com\/avatar\/c7850e06d3ff63cdbaee88b7fc16e2f0?s=96&d=mm&r=g","contentUrl":"https:\/\/secure.gravatar.com\/avatar\/c7850e06d3ff63cdbaee88b7fc16e2f0?s=96&d=mm&r=g","caption":"Damien Dellerba"},"url":"https:\/\/www.ladiagonale.net\/index.php\/author\/damien\/"}]}},"_links":{"self":[{"href":"https:\/\/www.ladiagonale.net\/index.php\/wp-json\/wp\/v2\/posts\/21699"}],"collection":[{"href":"https:\/\/www.ladiagonale.net\/index.php\/wp-json\/wp\/v2\/posts"}],"about":[{"href":"https:\/\/www.ladiagonale.net\/index.php\/wp-json\/wp\/v2\/types\/post"}],"author":[{"embeddable":true,"href":"https:\/\/www.ladiagonale.net\/index.php\/wp-json\/wp\/v2\/users\/2"}],"replies":[{"embeddable":true,"href":"https:\/\/www.ladiagonale.net\/index.php\/wp-json\/wp\/v2\/comments?post=21699"}],"version-history":[{"count":2,"href":"https:\/\/www.ladiagonale.net\/index.php\/wp-json\/wp\/v2\/posts\/21699\/revisions"}],"predecessor-version":[{"id":21702,"href":"https:\/\/www.ladiagonale.net\/index.php\/wp-json\/wp\/v2\/posts\/21699\/revisions\/21702"}],"wp:attachment":[{"href":"https:\/\/www.ladiagonale.net\/index.php\/wp-json\/wp\/v2\/media?parent=21699"}],"wp:term":[{"taxonomy":"category","embeddable":true,"href":"https:\/\/www.ladiagonale.net\/index.php\/wp-json\/wp\/v2\/categories?post=21699"},{"taxonomy":"post_tag","embeddable":true,"href":"https:\/\/www.ladiagonale.net\/index.php\/wp-json\/wp\/v2\/tags?post=21699"}],"curies":[{"name":"wp","href":"https:\/\/api.w.org\/{rel}","templated":true}]}}