{"id":21717,"date":"2024-03-23T12:06:20","date_gmt":"2024-03-23T11:06:20","guid":{"rendered":"https:\/\/www.ladiagonale.net\/?p=21717"},"modified":"2024-03-23T12:26:13","modified_gmt":"2024-03-23T11:26:13","slug":"premiere-selection-avec-le-maroc-pour-ben-seghir-belmokhtar-buteur-en-u16","status":"publish","type":"post","link":"https:\/\/www.ladiagonale.net\/index.php\/2024\/03\/23\/premiere-selection-avec-le-maroc-pour-ben-seghir-belmokhtar-buteur-en-u16\/","title":{"rendered":"Premi\u00e8re s\u00e9lection avec le Maroc pour Ben Seghir, Belmokhtar buteur en U16"},"content":{"rendered":"\n\n\n<p>Eliesse Ben Seghir est officiellement un international A marocain. Le jeune milieu offensif de l&rsquo;AS Monaco a pris part \u00e0 sa premi\u00e8re rencontre avec les <em>Lions de l&rsquo;Atlas<\/em> dans la nuit de vendredi \u00e0 samedi. Le Maroc a affront\u00e9 l&rsquo;Angola (1-0) et Ben Seghir a \u00e9t\u00e9 titularis\u00e9 par Walid Regragui. Il s&rsquo;est montr\u00e9 convaincant pour sa premi\u00e8re avant de c\u00e9der sa place \u00e0 la 88<sup>e<\/sup> minute. Une seconde rencontre amicale se tiendra mardi (18h) face \u00e0 la Mauritanie.<\/p>\n\n\n\n<blockquote class=\"twitter-tweet\"><p lang=\"it\" dir=\"ltr\">Eliesse Ben Seghir vs Angola <br><br>STARBOY. \ud83c\udf1f <a href=\"https:\/\/t.co\/NXMrjaL6y7\">pic.twitter.com\/NXMrjaL6y7<\/a><\/p>\u2014 JuegoComps \ud83c\uddf2\ud83c\udde6 (@JuegoMarroqui_) <a href=\"https:\/\/twitter.com\/JuegoMarroqui_\/status\/1771344539782992160?ref_src=twsrc%5Etfw\">March 23, 2024<\/a><\/blockquote> <script async=\"\" src=\"https:\/\/platform.twitter.com\/widgets.js\" charset=\"utf-8\"><\/script>\n\n\n\n<p>Chez les jeunes, Ilies Belmokhtar s&rsquo;est montr\u00e9 performant, \u00e0 l&rsquo;instar de son a\u00een\u00e9 Ben Seghir. Appel\u00e9 pour la premi\u00e8re fois avec le Maroc U16, le jeune ailier des U17 nationaux \u00e9tait titulaire et a marqu\u00e9 un but contre le Nig\u00e9ria (3-2), \u00e0 la 20<sup>e<\/sup> minute de jeu. Mardi, les jeunes Marocains disputeront une manche retour face aux <em>Super Eagles<\/em>.<\/p>\n\n\n\n<p>Convoqu\u00e9 avec le Maroc U20, le gardien Yanis Benchaouch \u00e9tait quant \u00e0 lui sur le banc lors du nul contre l&rsquo;Angleterre (1-1). Il aura peut-\u00eatre l&rsquo;occasion d&rsquo;honorer sa premi\u00e8re cape mardi, \u00e0 l&rsquo;occasion de l&rsquo;affrontement face aux \u00c9tats-Unis.<\/p>\n\n\n\n<p>Sur le pont avec le S\u00e9n\u00e9gal, Ismail Jakobs a jou\u00e9 10 minutes face au Gabon lors de la nette victoire face au Gabon (3-0). Mardi (20h30), les Lions de la Teranga affronteront le B\u00e9nin.<\/p>\n","protected":false},"excerpt":{"rendered":"<p>Eliesse Ben Seghir est officiellement un international A marocain. Le jeune milieu offensif de l&rsquo;AS Monaco a pris part \u00e0 sa premi\u00e8re rencontre avec les Lions de l&rsquo;Atlas dans la nuit de vendredi \u00e0 samedi. Le Maroc a affront\u00e9 l&rsquo;Angola (1-0) et Ben Seghir a \u00e9t\u00e9 titularis\u00e9 par Walid Regragui. Il s&rsquo;est montr\u00e9 convaincant pour [&#8230;]\n","protected":false},"author":2,"featured_media":0,"comment_status":"open","ping_status":"open","sticky":false,"template":"","format":"standard","meta":[],"categories":[6],"tags":[86,286,799,800,805,804,116,798],"yoast_head":"<!-- This site is optimized with the Yoast SEO plugin v19.8 - https:\/\/yoast.com\/wordpress\/plugins\/seo\/ -->\n<title>Premi\u00e8re s\u00e9lection avec le Maroc pour Ben Seghir, Belmokhtar buteur en U16 - La Diagonale<\/title>\n<meta name=\"robots\" content=\"index, follow, max-snippet:-1, max-image-preview:large, max-video-preview:-1\" \/>\n<link rel=\"canonical\" href=\"https:\/\/www.ladiagonale.net\/index.php\/2024\/03\/23\/premiere-selection-avec-le-maroc-pour-ben-seghir-belmokhtar-buteur-en-u16\/\" \/>\n<meta property=\"og:locale\" content=\"fr_FR\" \/>\n<meta property=\"og:type\" content=\"article\" \/>\n<meta property=\"og:title\" content=\"Premi\u00e8re s\u00e9lection avec le Maroc pour Ben Seghir, Belmokhtar buteur en U16 - La Diagonale\" \/>\n<meta property=\"og:description\" content=\"Eliesse Ben Seghir est officiellement un international A marocain. Le jeune milieu offensif de l&rsquo;AS Monaco a pris part \u00e0 sa premi\u00e8re rencontre avec les Lions de l&rsquo;Atlas dans la nuit de vendredi \u00e0 samedi. Le Maroc a affront\u00e9 l&rsquo;Angola (1-0) et Ben Seghir a \u00e9t\u00e9 titularis\u00e9 par Walid Regragui. Il s&rsquo;est montr\u00e9 convaincant pour [...]\" \/>\n<meta property=\"og:url\" content=\"https:\/\/www.ladiagonale.net\/index.php\/2024\/03\/23\/premiere-selection-avec-le-maroc-pour-ben-seghir-belmokhtar-buteur-en-u16\/\" \/>\n<meta property=\"og:site_name\" content=\"La Diagonale\" \/>\n<meta property=\"article:published_time\" content=\"2024-03-23T11:06:20+00:00\" \/>\n<meta property=\"article:modified_time\" content=\"2024-03-23T11:26:13+00:00\" \/>\n<meta property=\"og:image\" content=\"https:\/\/www.ladiagonale.net\/wp-content\/uploads\/2024\/03\/ben-seghir-1.webp\" \/>\n\t<meta property=\"og:image:width\" content=\"800\" \/>\n\t<meta property=\"og:image:height\" content=\"533\" \/>\n\t<meta property=\"og:image:type\" content=\"image\/webp\" \/>\n<meta name=\"author\" content=\"Damien Dellerba\" \/>\n<meta name=\"twitter:card\" content=\"summary_large_image\" \/>\n<meta name=\"twitter:image\" content=\"https:\/\/www.ladiagonale.net\/wp-content\/uploads\/2024\/03\/ben-seghir-1.webp\" \/>\n<meta name=\"twitter:label1\" content=\"\u00c9crit par\" \/>\n\t<meta name=\"twitter:data1\" content=\"Damien Dellerba\" \/>\n\t<meta name=\"twitter:label2\" content=\"Dur\u00e9e de lecture estim\u00e9e\" \/>\n\t<meta name=\"twitter:data2\" content=\"2 minutes\" \/>\n<script type=\"application\/ld+json\" class=\"yoast-schema-graph\">{\"@context\":\"https:\/\/schema.org\",\"@graph\":[{\"@type\":\"WebPage\",\"@id\":\"https:\/\/www.ladiagonale.net\/index.php\/2024\/03\/23\/premiere-selection-avec-le-maroc-pour-ben-seghir-belmokhtar-buteur-en-u16\/\",\"url\":\"https:\/\/www.ladiagonale.net\/index.php\/2024\/03\/23\/premiere-selection-avec-le-maroc-pour-ben-seghir-belmokhtar-buteur-en-u16\/\",\"name\":\"Premi\u00e8re s\u00e9lection avec le Maroc pour Ben Seghir, Belmokhtar buteur en U16 - La Diagonale\",\"isPartOf\":{\"@id\":\"https:\/\/www.ladiagonale.net\/#website\"},\"datePublished\":\"2024-03-23T11:06:20+00:00\",\"dateModified\":\"2024-03-23T11:26:13+00:00\",\"author\":{\"@id\":\"https:\/\/www.ladiagonale.net\/#\/schema\/person\/79ff1e7b0853ed01b2aa26e64ad300bf\"},\"breadcrumb\":{\"@id\":\"https:\/\/www.ladiagonale.net\/index.php\/2024\/03\/23\/premiere-selection-avec-le-maroc-pour-ben-seghir-belmokhtar-buteur-en-u16\/#breadcrumb\"},\"inLanguage\":\"fr-FR\",\"potentialAction\":[{\"@type\":\"ReadAction\",\"target\":[\"https:\/\/www.ladiagonale.net\/index.php\/2024\/03\/23\/premiere-selection-avec-le-maroc-pour-ben-seghir-belmokhtar-buteur-en-u16\/\"]}]},{\"@type\":\"BreadcrumbList\",\"@id\":\"https:\/\/www.ladiagonale.net\/index.php\/2024\/03\/23\/premiere-selection-avec-le-maroc-pour-ben-seghir-belmokhtar-buteur-en-u16\/#breadcrumb\",\"itemListElement\":[{\"@type\":\"ListItem\",\"position\":1,\"name\":\"Accueil\",\"item\":\"https:\/\/www.ladiagonale.net\/\"},{\"@type\":\"ListItem\",\"position\":2,\"name\":\"Premi\u00e8re s\u00e9lection avec le Maroc pour Ben Seghir, Belmokhtar buteur en U16\"}]},{\"@type\":\"WebSite\",\"@id\":\"https:\/\/www.ladiagonale.net\/#website\",\"url\":\"https:\/\/www.ladiagonale.net\/\",\"name\":\"La Diagonale\",\"description\":\"Le site des supporters de l&#039;AS Monaco FC\",\"potentialAction\":[{\"@type\":\"SearchAction\",\"target\":{\"@type\":\"EntryPoint\",\"urlTemplate\":\"https:\/\/www.ladiagonale.net\/?s={search_term_string}\"},\"query-input\":\"required name=search_term_string\"}],\"inLanguage\":\"fr-FR\"},{\"@type\":\"Person\",\"@id\":\"https:\/\/www.ladiagonale.net\/#\/schema\/person\/79ff1e7b0853ed01b2aa26e64ad300bf\",\"name\":\"Damien Dellerba\",\"image\":{\"@type\":\"ImageObject\",\"inLanguage\":\"fr-FR\",\"@id\":\"https:\/\/www.ladiagonale.net\/#\/schema\/person\/image\/\",\"url\":\"https:\/\/secure.gravatar.com\/avatar\/c7850e06d3ff63cdbaee88b7fc16e2f0?s=96&d=mm&r=g\",\"contentUrl\":\"https:\/\/secure.gravatar.com\/avatar\/c7850e06d3ff63cdbaee88b7fc16e2f0?s=96&d=mm&r=g\",\"caption\":\"Damien Dellerba\"},\"url\":\"https:\/\/www.ladiagonale.net\/index.php\/author\/damien\/\"}]}<\/script>\n<!-- \/ Yoast SEO plugin. -->","yoast_head_json":{"title":"Premi\u00e8re s\u00e9lection avec le Maroc pour Ben Seghir, Belmokhtar buteur en U16 - La Diagonale","robots":{"index":"index","follow":"follow","max-snippet":"max-snippet:-1","max-image-preview":"max-image-preview:large","max-video-preview":"max-video-preview:-1"},"canonical":"https:\/\/www.ladiagonale.net\/index.php\/2024\/03\/23\/premiere-selection-avec-le-maroc-pour-ben-seghir-belmokhtar-buteur-en-u16\/","og_locale":"fr_FR","og_type":"article","og_title":"Premi\u00e8re s\u00e9lection avec le Maroc pour Ben Seghir, Belmokhtar buteur en U16 - La Diagonale","og_description":"Eliesse Ben Seghir est officiellement un international A marocain. Le jeune milieu offensif de l&rsquo;AS Monaco a pris part \u00e0 sa premi\u00e8re rencontre avec les Lions de l&rsquo;Atlas dans la nuit de vendredi \u00e0 samedi. Le Maroc a affront\u00e9 l&rsquo;Angola (1-0) et Ben Seghir a \u00e9t\u00e9 titularis\u00e9 par Walid Regragui. Il s&rsquo;est montr\u00e9 convaincant pour [...]","og_url":"https:\/\/www.ladiagonale.net\/index.php\/2024\/03\/23\/premiere-selection-avec-le-maroc-pour-ben-seghir-belmokhtar-buteur-en-u16\/","og_site_name":"La Diagonale","article_published_time":"2024-03-23T11:06:20+00:00","article_modified_time":"2024-03-23T11:26:13+00:00","og_image":[{"width":800,"height":533,"url":"https:\/\/www.ladiagonale.net\/wp-content\/uploads\/2024\/03\/ben-seghir-1.webp","type":"image\/webp"}],"author":"Damien Dellerba","twitter_card":"summary_large_image","twitter_image":"https:\/\/www.ladiagonale.net\/wp-content\/uploads\/2024\/03\/ben-seghir-1.webp","twitter_misc":{"\u00c9crit par":"Damien Dellerba","Dur\u00e9e de lecture estim\u00e9e":"2 minutes"},"schema":{"@context":"https:\/\/schema.org","@graph":[{"@type":"WebPage","@id":"https:\/\/www.ladiagonale.net\/index.php\/2024\/03\/23\/premiere-selection-avec-le-maroc-pour-ben-seghir-belmokhtar-buteur-en-u16\/","url":"https:\/\/www.ladiagonale.net\/index.php\/2024\/03\/23\/premiere-selection-avec-le-maroc-pour-ben-seghir-belmokhtar-buteur-en-u16\/","name":"Premi\u00e8re s\u00e9lection avec le Maroc pour Ben Seghir, Belmokhtar buteur en U16 - La Diagonale","isPartOf":{"@id":"https:\/\/www.ladiagonale.net\/#website"},"datePublished":"2024-03-23T11:06:20+00:00","dateModified":"2024-03-23T11:26:13+00:00","author":{"@id":"https:\/\/www.ladiagonale.net\/#\/schema\/person\/79ff1e7b0853ed01b2aa26e64ad300bf"},"breadcrumb":{"@id":"https:\/\/www.ladiagonale.net\/index.php\/2024\/03\/23\/premiere-selection-avec-le-maroc-pour-ben-seghir-belmokhtar-buteur-en-u16\/#breadcrumb"},"inLanguage":"fr-FR","potentialAction":[{"@type":"ReadAction","target":["https:\/\/www.ladiagonale.net\/index.php\/2024\/03\/23\/premiere-selection-avec-le-maroc-pour-ben-seghir-belmokhtar-buteur-en-u16\/"]}]},{"@type":"BreadcrumbList","@id":"https:\/\/www.ladiagonale.net\/index.php\/2024\/03\/23\/premiere-selection-avec-le-maroc-pour-ben-seghir-belmokhtar-buteur-en-u16\/#breadcrumb","itemListElement":[{"@type":"ListItem","position":1,"name":"Accueil","item":"https:\/\/www.ladiagonale.net\/"},{"@type":"ListItem","position":2,"name":"Premi\u00e8re s\u00e9lection avec le Maroc pour Ben Seghir, Belmokhtar buteur en U16"}]},{"@type":"WebSite","@id":"https:\/\/www.ladiagonale.net\/#website","url":"https:\/\/www.ladiagonale.net\/","name":"La Diagonale","description":"Le site des supporters de l&#039;AS Monaco FC","potentialAction":[{"@type":"SearchAction","target":{"@type":"EntryPoint","urlTemplate":"https:\/\/www.ladiagonale.net\/?s={search_term_string}"},"query-input":"required name=search_term_string"}],"inLanguage":"fr-FR"},{"@type":"Person","@id":"https:\/\/www.ladiagonale.net\/#\/schema\/person\/79ff1e7b0853ed01b2aa26e64ad300bf","name":"Damien Dellerba","image":{"@type":"ImageObject","inLanguage":"fr-FR","@id":"https:\/\/www.ladiagonale.net\/#\/schema\/person\/image\/","url":"https:\/\/secure.gravatar.com\/avatar\/c7850e06d3ff63cdbaee88b7fc16e2f0?s=96&d=mm&r=g","contentUrl":"https:\/\/secure.gravatar.com\/avatar\/c7850e06d3ff63cdbaee88b7fc16e2f0?s=96&d=mm&r=g","caption":"Damien Dellerba"},"url":"https:\/\/www.ladiagonale.net\/index.php\/author\/damien\/"}]}},"_links":{"self":[{"href":"https:\/\/www.ladiagonale.net\/index.php\/wp-json\/wp\/v2\/posts\/21717"}],"collection":[{"href":"https:\/\/www.ladiagonale.net\/index.php\/wp-json\/wp\/v2\/posts"}],"about":[{"href":"https:\/\/www.ladiagonale.net\/index.php\/wp-json\/wp\/v2\/types\/post"}],"author":[{"embeddable":true,"href":"https:\/\/www.ladiagonale.net\/index.php\/wp-json\/wp\/v2\/users\/2"}],"replies":[{"embeddable":true,"href":"https:\/\/www.ladiagonale.net\/index.php\/wp-json\/wp\/v2\/comments?post=21717"}],"version-history":[{"count":4,"href":"https:\/\/www.ladiagonale.net\/index.php\/wp-json\/wp\/v2\/posts\/21717\/revisions"}],"predecessor-version":[{"id":21730,"href":"https:\/\/www.ladiagonale.net\/index.php\/wp-json\/wp\/v2\/posts\/21717\/revisions\/21730"}],"wp:attachment":[{"href":"https:\/\/www.ladiagonale.net\/index.php\/wp-json\/wp\/v2\/media?parent=21717"}],"wp:term":[{"taxonomy":"category","embeddable":true,"href":"https:\/\/www.ladiagonale.net\/index.php\/wp-json\/wp\/v2\/categories?post=21717"},{"taxonomy":"post_tag","embeddable":true,"href":"https:\/\/www.ladiagonale.net\/index.php\/wp-json\/wp\/v2\/tags?post=21717"}],"curies":[{"name":"wp","href":"https:\/\/api.w.org\/{rel}","templated":true}]}}