{"id":21736,"date":"2024-03-23T23:04:59","date_gmt":"2024-03-23T22:04:59","guid":{"rendered":"https:\/\/www.ladiagonale.net\/?p=21736"},"modified":"2024-03-24T17:36:10","modified_gmt":"2024-03-24T16:36:10","slug":"cabral-buteur-avec-la-france-u17","status":"publish","type":"post","link":"https:\/\/www.ladiagonale.net\/index.php\/2024\/03\/23\/cabral-buteur-avec-la-france-u17\/","title":{"rendered":"Cabral buteur avec la France U17"},"content":{"rendered":"\n\n\n<p>L&rsquo;\u00c9quipe de France U17 a fait un grand pas vers le prochain championnat d&rsquo;Europe des moins de 17 ans apr\u00e8s sa victoire face \u00e0 l&rsquo;Irlande du Nord (5-2). Pape Cabral a contribu\u00e9 \u00e0 ce succ\u00e8s en marquant le cinqui\u00e8me et dernier but tricolore en fin de rencontre (88<sup>e<\/sup>). Jules Stawiecki \u00e9tait \u00e9galement titulaire lors de cette rencontre. Les hommes de Jos\u00e9 Alcocer n&rsquo;auront besoin que d&rsquo;un point, mardi, face \u00e0 l&rsquo;Angleterre, pour valider leur billet pour Chypre en mai prochain. Les Anglais comptent \u00e9galement six points et l&rsquo;affrontement des deux pays d\u00e9terminera la premi\u00e8re place du groupe.<\/p>\n\n\n\n<p>Pour les U19, l&rsquo;heure est d\u00e9j\u00e0 \u00e0 la f\u00eate puisque le court succ\u00e8s face aux Pays-Bas (1-0) leur permet de se qualifier pour l&rsquo;Euro U19. Mayssam Benama et Lucas Michal ont tous les deux pris part \u00e0 la rencontre comme titulaires. Le premier a jou\u00e9 tout le match tandis que le second est sorti dans le dernier quart d&rsquo;heure. Les Bleuets occupent la t\u00eate du groupe avec six points et sont certains de la conserver gr\u00e2ce \u00e0 leurs r\u00e9sultats dans les confrontations directes. Mardi, ils joueront contre la Lituanie une troisi\u00e8me et derni\u00e8re rencontre anecdotique.<\/p>\n\n\n\n<p>Pour les U17 belges et Samuel Nibombe, la qualification pour l&rsquo;Euro n&rsquo;est pas encore assur\u00e9e. Les Diablotins se sont inclin\u00e9s face \u00e0 l&rsquo;Italie (3-5) en ayant conc\u00e9d\u00e9 trois p\u00e9naltys. La Belgique avait pourtant pris la rencontre par le bon bout en menant de deux buts apr\u00e8s seulement 20 minutes de jeu. Mais l&rsquo;Italie est revenue \u00e0 hauteur \u00e0 la mi-temps, et le jeune d\u00e9fenseur mon\u00e9gasque s&rsquo;est notamment fait devancer par le buteur Camarda sur le second but italien, d\u00e9viant au passage le ballon. Pour aller \u00e0 l&rsquo;Euro, la Belgique devra signer le meilleur r\u00e9sultat possible contre les Pays-Bas mardi pour faire partie des sept meilleures deuxi\u00e8mes.<\/p>\n","protected":false},"excerpt":{"rendered":"<p>L&rsquo;\u00c9quipe de France U17 a fait un grand pas vers le prochain championnat d&rsquo;Europe des moins de 17 ans apr\u00e8s sa victoire face \u00e0 l&rsquo;Irlande du Nord (5-2). Pape Cabral a contribu\u00e9 \u00e0 ce succ\u00e8s en marquant le cinqui\u00e8me et dernier but tricolore en fin de rencontre (88e). Jules Stawiecki \u00e9tait \u00e9galement titulaire lors de [&#8230;]\n","protected":false},"author":2,"featured_media":0,"comment_status":"open","ping_status":"open","sticky":false,"template":"","format":"standard","meta":[],"categories":[6],"tags":[76,86,116],"yoast_head":"<!-- This site is optimized with the Yoast SEO plugin v19.8 - https:\/\/yoast.com\/wordpress\/plugins\/seo\/ -->\n<title>Cabral buteur avec la France U17 - La Diagonale<\/title>\n<meta name=\"robots\" content=\"index, follow, max-snippet:-1, max-image-preview:large, max-video-preview:-1\" \/>\n<link rel=\"canonical\" href=\"https:\/\/www.ladiagonale.net\/index.php\/2024\/03\/23\/cabral-buteur-avec-la-france-u17\/\" \/>\n<meta property=\"og:locale\" content=\"fr_FR\" \/>\n<meta property=\"og:type\" content=\"article\" \/>\n<meta property=\"og:title\" content=\"Cabral buteur avec la France U17 - La Diagonale\" \/>\n<meta property=\"og:description\" content=\"L&rsquo;\u00c9quipe de France U17 a fait un grand pas vers le prochain championnat d&rsquo;Europe des moins de 17 ans apr\u00e8s sa victoire face \u00e0 l&rsquo;Irlande du Nord (5-2). Pape Cabral a contribu\u00e9 \u00e0 ce succ\u00e8s en marquant le cinqui\u00e8me et dernier but tricolore en fin de rencontre (88e). Jules Stawiecki \u00e9tait \u00e9galement titulaire lors de [...]\" \/>\n<meta property=\"og:url\" content=\"https:\/\/www.ladiagonale.net\/index.php\/2024\/03\/23\/cabral-buteur-avec-la-france-u17\/\" \/>\n<meta property=\"og:site_name\" content=\"La Diagonale\" \/>\n<meta property=\"article:published_time\" content=\"2024-03-23T22:04:59+00:00\" \/>\n<meta property=\"article:modified_time\" content=\"2024-03-24T16:36:10+00:00\" \/>\n<meta property=\"og:image\" content=\"https:\/\/www.ladiagonale.net\/wp-content\/uploads\/2023\/05\/cabral-france.png\" \/>\n\t<meta property=\"og:image:width\" content=\"1160\" \/>\n\t<meta property=\"og:image:height\" content=\"650\" \/>\n\t<meta property=\"og:image:type\" content=\"image\/png\" \/>\n<meta name=\"author\" content=\"Damien Dellerba\" \/>\n<meta name=\"twitter:card\" content=\"summary_large_image\" \/>\n<meta name=\"twitter:image\" content=\"https:\/\/www.ladiagonale.net\/wp-content\/uploads\/2023\/05\/cabral-france.png\" \/>\n<meta name=\"twitter:label1\" content=\"\u00c9crit par\" \/>\n\t<meta name=\"twitter:data1\" content=\"Damien Dellerba\" \/>\n\t<meta name=\"twitter:label2\" content=\"Dur\u00e9e de lecture estim\u00e9e\" \/>\n\t<meta name=\"twitter:data2\" content=\"2 minutes\" \/>\n<script type=\"application\/ld+json\" class=\"yoast-schema-graph\">{\"@context\":\"https:\/\/schema.org\",\"@graph\":[{\"@type\":\"WebPage\",\"@id\":\"https:\/\/www.ladiagonale.net\/index.php\/2024\/03\/23\/cabral-buteur-avec-la-france-u17\/\",\"url\":\"https:\/\/www.ladiagonale.net\/index.php\/2024\/03\/23\/cabral-buteur-avec-la-france-u17\/\",\"name\":\"Cabral buteur avec la France U17 - La Diagonale\",\"isPartOf\":{\"@id\":\"https:\/\/www.ladiagonale.net\/#website\"},\"datePublished\":\"2024-03-23T22:04:59+00:00\",\"dateModified\":\"2024-03-24T16:36:10+00:00\",\"author\":{\"@id\":\"https:\/\/www.ladiagonale.net\/#\/schema\/person\/79ff1e7b0853ed01b2aa26e64ad300bf\"},\"breadcrumb\":{\"@id\":\"https:\/\/www.ladiagonale.net\/index.php\/2024\/03\/23\/cabral-buteur-avec-la-france-u17\/#breadcrumb\"},\"inLanguage\":\"fr-FR\",\"potentialAction\":[{\"@type\":\"ReadAction\",\"target\":[\"https:\/\/www.ladiagonale.net\/index.php\/2024\/03\/23\/cabral-buteur-avec-la-france-u17\/\"]}]},{\"@type\":\"BreadcrumbList\",\"@id\":\"https:\/\/www.ladiagonale.net\/index.php\/2024\/03\/23\/cabral-buteur-avec-la-france-u17\/#breadcrumb\",\"itemListElement\":[{\"@type\":\"ListItem\",\"position\":1,\"name\":\"Accueil\",\"item\":\"https:\/\/www.ladiagonale.net\/\"},{\"@type\":\"ListItem\",\"position\":2,\"name\":\"Cabral buteur avec la France U17\"}]},{\"@type\":\"WebSite\",\"@id\":\"https:\/\/www.ladiagonale.net\/#website\",\"url\":\"https:\/\/www.ladiagonale.net\/\",\"name\":\"La Diagonale\",\"description\":\"Le site des supporters de l&#039;AS Monaco FC\",\"potentialAction\":[{\"@type\":\"SearchAction\",\"target\":{\"@type\":\"EntryPoint\",\"urlTemplate\":\"https:\/\/www.ladiagonale.net\/?s={search_term_string}\"},\"query-input\":\"required name=search_term_string\"}],\"inLanguage\":\"fr-FR\"},{\"@type\":\"Person\",\"@id\":\"https:\/\/www.ladiagonale.net\/#\/schema\/person\/79ff1e7b0853ed01b2aa26e64ad300bf\",\"name\":\"Damien Dellerba\",\"image\":{\"@type\":\"ImageObject\",\"inLanguage\":\"fr-FR\",\"@id\":\"https:\/\/www.ladiagonale.net\/#\/schema\/person\/image\/\",\"url\":\"https:\/\/secure.gravatar.com\/avatar\/c7850e06d3ff63cdbaee88b7fc16e2f0?s=96&d=mm&r=g\",\"contentUrl\":\"https:\/\/secure.gravatar.com\/avatar\/c7850e06d3ff63cdbaee88b7fc16e2f0?s=96&d=mm&r=g\",\"caption\":\"Damien Dellerba\"},\"url\":\"https:\/\/www.ladiagonale.net\/index.php\/author\/damien\/\"}]}<\/script>\n<!-- \/ Yoast SEO plugin. -->","yoast_head_json":{"title":"Cabral buteur avec la France U17 - La Diagonale","robots":{"index":"index","follow":"follow","max-snippet":"max-snippet:-1","max-image-preview":"max-image-preview:large","max-video-preview":"max-video-preview:-1"},"canonical":"https:\/\/www.ladiagonale.net\/index.php\/2024\/03\/23\/cabral-buteur-avec-la-france-u17\/","og_locale":"fr_FR","og_type":"article","og_title":"Cabral buteur avec la France U17 - La Diagonale","og_description":"L&rsquo;\u00c9quipe de France U17 a fait un grand pas vers le prochain championnat d&rsquo;Europe des moins de 17 ans apr\u00e8s sa victoire face \u00e0 l&rsquo;Irlande du Nord (5-2). Pape Cabral a contribu\u00e9 \u00e0 ce succ\u00e8s en marquant le cinqui\u00e8me et dernier but tricolore en fin de rencontre (88e). Jules Stawiecki \u00e9tait \u00e9galement titulaire lors de [...]","og_url":"https:\/\/www.ladiagonale.net\/index.php\/2024\/03\/23\/cabral-buteur-avec-la-france-u17\/","og_site_name":"La Diagonale","article_published_time":"2024-03-23T22:04:59+00:00","article_modified_time":"2024-03-24T16:36:10+00:00","og_image":[{"width":1160,"height":650,"url":"https:\/\/www.ladiagonale.net\/wp-content\/uploads\/2023\/05\/cabral-france.png","type":"image\/png"}],"author":"Damien Dellerba","twitter_card":"summary_large_image","twitter_image":"https:\/\/www.ladiagonale.net\/wp-content\/uploads\/2023\/05\/cabral-france.png","twitter_misc":{"\u00c9crit par":"Damien Dellerba","Dur\u00e9e de lecture estim\u00e9e":"2 minutes"},"schema":{"@context":"https:\/\/schema.org","@graph":[{"@type":"WebPage","@id":"https:\/\/www.ladiagonale.net\/index.php\/2024\/03\/23\/cabral-buteur-avec-la-france-u17\/","url":"https:\/\/www.ladiagonale.net\/index.php\/2024\/03\/23\/cabral-buteur-avec-la-france-u17\/","name":"Cabral buteur avec la France U17 - La Diagonale","isPartOf":{"@id":"https:\/\/www.ladiagonale.net\/#website"},"datePublished":"2024-03-23T22:04:59+00:00","dateModified":"2024-03-24T16:36:10+00:00","author":{"@id":"https:\/\/www.ladiagonale.net\/#\/schema\/person\/79ff1e7b0853ed01b2aa26e64ad300bf"},"breadcrumb":{"@id":"https:\/\/www.ladiagonale.net\/index.php\/2024\/03\/23\/cabral-buteur-avec-la-france-u17\/#breadcrumb"},"inLanguage":"fr-FR","potentialAction":[{"@type":"ReadAction","target":["https:\/\/www.ladiagonale.net\/index.php\/2024\/03\/23\/cabral-buteur-avec-la-france-u17\/"]}]},{"@type":"BreadcrumbList","@id":"https:\/\/www.ladiagonale.net\/index.php\/2024\/03\/23\/cabral-buteur-avec-la-france-u17\/#breadcrumb","itemListElement":[{"@type":"ListItem","position":1,"name":"Accueil","item":"https:\/\/www.ladiagonale.net\/"},{"@type":"ListItem","position":2,"name":"Cabral buteur avec la France U17"}]},{"@type":"WebSite","@id":"https:\/\/www.ladiagonale.net\/#website","url":"https:\/\/www.ladiagonale.net\/","name":"La Diagonale","description":"Le site des supporters de l&#039;AS Monaco FC","potentialAction":[{"@type":"SearchAction","target":{"@type":"EntryPoint","urlTemplate":"https:\/\/www.ladiagonale.net\/?s={search_term_string}"},"query-input":"required name=search_term_string"}],"inLanguage":"fr-FR"},{"@type":"Person","@id":"https:\/\/www.ladiagonale.net\/#\/schema\/person\/79ff1e7b0853ed01b2aa26e64ad300bf","name":"Damien Dellerba","image":{"@type":"ImageObject","inLanguage":"fr-FR","@id":"https:\/\/www.ladiagonale.net\/#\/schema\/person\/image\/","url":"https:\/\/secure.gravatar.com\/avatar\/c7850e06d3ff63cdbaee88b7fc16e2f0?s=96&d=mm&r=g","contentUrl":"https:\/\/secure.gravatar.com\/avatar\/c7850e06d3ff63cdbaee88b7fc16e2f0?s=96&d=mm&r=g","caption":"Damien Dellerba"},"url":"https:\/\/www.ladiagonale.net\/index.php\/author\/damien\/"}]}},"_links":{"self":[{"href":"https:\/\/www.ladiagonale.net\/index.php\/wp-json\/wp\/v2\/posts\/21736"}],"collection":[{"href":"https:\/\/www.ladiagonale.net\/index.php\/wp-json\/wp\/v2\/posts"}],"about":[{"href":"https:\/\/www.ladiagonale.net\/index.php\/wp-json\/wp\/v2\/types\/post"}],"author":[{"embeddable":true,"href":"https:\/\/www.ladiagonale.net\/index.php\/wp-json\/wp\/v2\/users\/2"}],"replies":[{"embeddable":true,"href":"https:\/\/www.ladiagonale.net\/index.php\/wp-json\/wp\/v2\/comments?post=21736"}],"version-history":[{"count":5,"href":"https:\/\/www.ladiagonale.net\/index.php\/wp-json\/wp\/v2\/posts\/21736\/revisions"}],"predecessor-version":[{"id":21748,"href":"https:\/\/www.ladiagonale.net\/index.php\/wp-json\/wp\/v2\/posts\/21736\/revisions\/21748"}],"wp:attachment":[{"href":"https:\/\/www.ladiagonale.net\/index.php\/wp-json\/wp\/v2\/media?parent=21736"}],"wp:term":[{"taxonomy":"category","embeddable":true,"href":"https:\/\/www.ladiagonale.net\/index.php\/wp-json\/wp\/v2\/categories?post=21736"},{"taxonomy":"post_tag","embeddable":true,"href":"https:\/\/www.ladiagonale.net\/index.php\/wp-json\/wp\/v2\/tags?post=21736"}],"curies":[{"name":"wp","href":"https:\/\/api.w.org\/{rel}","templated":true}]}}