{"id":21755,"date":"2024-03-25T11:26:59","date_gmt":"2024-03-25T10:26:59","guid":{"rendered":"https:\/\/www.ladiagonale.net\/?p=21755"},"modified":"2024-03-25T11:27:03","modified_gmt":"2024-03-25T10:27:03","slug":"plusieurs-semaines-dabsence-pour-maripan","status":"publish","type":"post","link":"https:\/\/www.ladiagonale.net\/index.php\/2024\/03\/25\/plusieurs-semaines-dabsence-pour-maripan\/","title":{"rendered":"Plusieurs semaines d\u2019absence pour Maripan"},"content":{"rendered":"\n<p>En d\u00e9but de semaine derni\u00e8re, Guillermo Maripan s\u2019est bless\u00e9 \u00e0 l\u2019entra\u00eenement avec le Chili, ce qui l\u2019a contraint \u00e0 d\u00e9clarer forfait pour les deux matches amicaux de la <em>Roja<\/em>. Le m\u00e9dia chilien ADN Radio a r\u00e9v\u00e9l\u00e9 la nature de la blessure du d\u00e9fenseur de l\u2019AS Monaco, qui souffre d&rsquo;une d\u00e9chirure du muscle poplit\u00e9 avec oed\u00e8me osseux au genou gauche. Son absence serait estim\u00e9e \u00e0 trois semaines minimum.<\/p>\n\n\n\n<p>Alors que l\u2019on s\u2019attendait \u00e0 ce que Maripan rentre imm\u00e9diatement en Principaut\u00e9 et quitte le rassemblement chilien qui se tenait en Italie, il est finalement rest\u00e9 \u00e0 Parme au moins jusqu\u2019\u00e0 vendredi, o\u00f9 il a \u00e9t\u00e9 vu en train d\u2019assister au match contre l\u2019Albanie.<\/p>\n","protected":false},"excerpt":{"rendered":"<p>En d\u00e9but de semaine derni\u00e8re, Guillermo Maripan s\u2019est bless\u00e9 \u00e0 l\u2019entra\u00eenement avec le Chili, ce qui l\u2019a contraint \u00e0 d\u00e9clarer forfait pour les deux matches amicaux de la Roja. Le m\u00e9dia chilien ADN Radio a r\u00e9v\u00e9l\u00e9 la nature de la blessure du d\u00e9fenseur de l\u2019AS Monaco, qui souffre d&rsquo;une d\u00e9chirure du muscle poplit\u00e9 avec oed\u00e8me [&#8230;]\n","protected":false},"author":2,"featured_media":0,"comment_status":"open","ping_status":"open","sticky":false,"template":"","format":"standard","meta":[],"categories":[4,6],"tags":[86,183,196],"yoast_head":"<!-- This site is optimized with the Yoast SEO plugin v19.8 - https:\/\/yoast.com\/wordpress\/plugins\/seo\/ -->\n<title>Plusieurs semaines d\u2019absence pour Maripan - La Diagonale<\/title>\n<meta name=\"robots\" content=\"index, follow, max-snippet:-1, max-image-preview:large, max-video-preview:-1\" \/>\n<link rel=\"canonical\" href=\"https:\/\/www.ladiagonale.net\/index.php\/2024\/03\/25\/plusieurs-semaines-dabsence-pour-maripan\/\" \/>\n<meta property=\"og:locale\" content=\"fr_FR\" \/>\n<meta property=\"og:type\" content=\"article\" \/>\n<meta property=\"og:title\" content=\"Plusieurs semaines d\u2019absence pour Maripan - La Diagonale\" \/>\n<meta property=\"og:description\" content=\"En d\u00e9but de semaine derni\u00e8re, Guillermo Maripan s\u2019est bless\u00e9 \u00e0 l\u2019entra\u00eenement avec le Chili, ce qui l\u2019a contraint \u00e0 d\u00e9clarer forfait pour les deux matches amicaux de la Roja. Le m\u00e9dia chilien ADN Radio a r\u00e9v\u00e9l\u00e9 la nature de la blessure du d\u00e9fenseur de l\u2019AS Monaco, qui souffre d&rsquo;une d\u00e9chirure du muscle poplit\u00e9 avec oed\u00e8me [...]\" \/>\n<meta property=\"og:url\" content=\"https:\/\/www.ladiagonale.net\/index.php\/2024\/03\/25\/plusieurs-semaines-dabsence-pour-maripan\/\" \/>\n<meta property=\"og:site_name\" content=\"La Diagonale\" \/>\n<meta property=\"article:published_time\" content=\"2024-03-25T10:26:59+00:00\" \/>\n<meta property=\"article:modified_time\" content=\"2024-03-25T10:27:03+00:00\" \/>\n<meta property=\"og:image\" content=\"https:\/\/www.ladiagonale.net\/wp-content\/uploads\/2024\/01\/maripan3-1.png\" \/>\n\t<meta property=\"og:image:width\" content=\"1160\" \/>\n\t<meta property=\"og:image:height\" content=\"650\" \/>\n\t<meta property=\"og:image:type\" content=\"image\/png\" \/>\n<meta name=\"author\" content=\"Damien Dellerba\" \/>\n<meta name=\"twitter:card\" content=\"summary_large_image\" \/>\n<meta name=\"twitter:image\" content=\"https:\/\/www.ladiagonale.net\/wp-content\/uploads\/2024\/01\/maripan3-1.png\" \/>\n<meta name=\"twitter:label1\" content=\"\u00c9crit par\" \/>\n\t<meta name=\"twitter:data1\" content=\"Damien Dellerba\" \/>\n\t<meta name=\"twitter:label2\" content=\"Dur\u00e9e de lecture estim\u00e9e\" \/>\n\t<meta name=\"twitter:data2\" content=\"1 minute\" \/>\n<script type=\"application\/ld+json\" class=\"yoast-schema-graph\">{\"@context\":\"https:\/\/schema.org\",\"@graph\":[{\"@type\":\"WebPage\",\"@id\":\"https:\/\/www.ladiagonale.net\/index.php\/2024\/03\/25\/plusieurs-semaines-dabsence-pour-maripan\/\",\"url\":\"https:\/\/www.ladiagonale.net\/index.php\/2024\/03\/25\/plusieurs-semaines-dabsence-pour-maripan\/\",\"name\":\"Plusieurs semaines d\u2019absence pour Maripan - La Diagonale\",\"isPartOf\":{\"@id\":\"https:\/\/www.ladiagonale.net\/#website\"},\"datePublished\":\"2024-03-25T10:26:59+00:00\",\"dateModified\":\"2024-03-25T10:27:03+00:00\",\"author\":{\"@id\":\"https:\/\/www.ladiagonale.net\/#\/schema\/person\/79ff1e7b0853ed01b2aa26e64ad300bf\"},\"breadcrumb\":{\"@id\":\"https:\/\/www.ladiagonale.net\/index.php\/2024\/03\/25\/plusieurs-semaines-dabsence-pour-maripan\/#breadcrumb\"},\"inLanguage\":\"fr-FR\",\"potentialAction\":[{\"@type\":\"ReadAction\",\"target\":[\"https:\/\/www.ladiagonale.net\/index.php\/2024\/03\/25\/plusieurs-semaines-dabsence-pour-maripan\/\"]}]},{\"@type\":\"BreadcrumbList\",\"@id\":\"https:\/\/www.ladiagonale.net\/index.php\/2024\/03\/25\/plusieurs-semaines-dabsence-pour-maripan\/#breadcrumb\",\"itemListElement\":[{\"@type\":\"ListItem\",\"position\":1,\"name\":\"Accueil\",\"item\":\"https:\/\/www.ladiagonale.net\/\"},{\"@type\":\"ListItem\",\"position\":2,\"name\":\"Plusieurs semaines d\u2019absence pour Maripan\"}]},{\"@type\":\"WebSite\",\"@id\":\"https:\/\/www.ladiagonale.net\/#website\",\"url\":\"https:\/\/www.ladiagonale.net\/\",\"name\":\"La Diagonale\",\"description\":\"Le site des supporters de l&#039;AS Monaco FC\",\"potentialAction\":[{\"@type\":\"SearchAction\",\"target\":{\"@type\":\"EntryPoint\",\"urlTemplate\":\"https:\/\/www.ladiagonale.net\/?s={search_term_string}\"},\"query-input\":\"required name=search_term_string\"}],\"inLanguage\":\"fr-FR\"},{\"@type\":\"Person\",\"@id\":\"https:\/\/www.ladiagonale.net\/#\/schema\/person\/79ff1e7b0853ed01b2aa26e64ad300bf\",\"name\":\"Damien Dellerba\",\"image\":{\"@type\":\"ImageObject\",\"inLanguage\":\"fr-FR\",\"@id\":\"https:\/\/www.ladiagonale.net\/#\/schema\/person\/image\/\",\"url\":\"https:\/\/secure.gravatar.com\/avatar\/c7850e06d3ff63cdbaee88b7fc16e2f0?s=96&d=mm&r=g\",\"contentUrl\":\"https:\/\/secure.gravatar.com\/avatar\/c7850e06d3ff63cdbaee88b7fc16e2f0?s=96&d=mm&r=g\",\"caption\":\"Damien Dellerba\"},\"url\":\"https:\/\/www.ladiagonale.net\/index.php\/author\/damien\/\"}]}<\/script>\n<!-- \/ Yoast SEO plugin. -->","yoast_head_json":{"title":"Plusieurs semaines d\u2019absence pour Maripan - La Diagonale","robots":{"index":"index","follow":"follow","max-snippet":"max-snippet:-1","max-image-preview":"max-image-preview:large","max-video-preview":"max-video-preview:-1"},"canonical":"https:\/\/www.ladiagonale.net\/index.php\/2024\/03\/25\/plusieurs-semaines-dabsence-pour-maripan\/","og_locale":"fr_FR","og_type":"article","og_title":"Plusieurs semaines d\u2019absence pour Maripan - La Diagonale","og_description":"En d\u00e9but de semaine derni\u00e8re, Guillermo Maripan s\u2019est bless\u00e9 \u00e0 l\u2019entra\u00eenement avec le Chili, ce qui l\u2019a contraint \u00e0 d\u00e9clarer forfait pour les deux matches amicaux de la Roja. Le m\u00e9dia chilien ADN Radio a r\u00e9v\u00e9l\u00e9 la nature de la blessure du d\u00e9fenseur de l\u2019AS Monaco, qui souffre d&rsquo;une d\u00e9chirure du muscle poplit\u00e9 avec oed\u00e8me [...]","og_url":"https:\/\/www.ladiagonale.net\/index.php\/2024\/03\/25\/plusieurs-semaines-dabsence-pour-maripan\/","og_site_name":"La Diagonale","article_published_time":"2024-03-25T10:26:59+00:00","article_modified_time":"2024-03-25T10:27:03+00:00","og_image":[{"width":1160,"height":650,"url":"https:\/\/www.ladiagonale.net\/wp-content\/uploads\/2024\/01\/maripan3-1.png","type":"image\/png"}],"author":"Damien Dellerba","twitter_card":"summary_large_image","twitter_image":"https:\/\/www.ladiagonale.net\/wp-content\/uploads\/2024\/01\/maripan3-1.png","twitter_misc":{"\u00c9crit par":"Damien Dellerba","Dur\u00e9e de lecture estim\u00e9e":"1 minute"},"schema":{"@context":"https:\/\/schema.org","@graph":[{"@type":"WebPage","@id":"https:\/\/www.ladiagonale.net\/index.php\/2024\/03\/25\/plusieurs-semaines-dabsence-pour-maripan\/","url":"https:\/\/www.ladiagonale.net\/index.php\/2024\/03\/25\/plusieurs-semaines-dabsence-pour-maripan\/","name":"Plusieurs semaines d\u2019absence pour Maripan - La Diagonale","isPartOf":{"@id":"https:\/\/www.ladiagonale.net\/#website"},"datePublished":"2024-03-25T10:26:59+00:00","dateModified":"2024-03-25T10:27:03+00:00","author":{"@id":"https:\/\/www.ladiagonale.net\/#\/schema\/person\/79ff1e7b0853ed01b2aa26e64ad300bf"},"breadcrumb":{"@id":"https:\/\/www.ladiagonale.net\/index.php\/2024\/03\/25\/plusieurs-semaines-dabsence-pour-maripan\/#breadcrumb"},"inLanguage":"fr-FR","potentialAction":[{"@type":"ReadAction","target":["https:\/\/www.ladiagonale.net\/index.php\/2024\/03\/25\/plusieurs-semaines-dabsence-pour-maripan\/"]}]},{"@type":"BreadcrumbList","@id":"https:\/\/www.ladiagonale.net\/index.php\/2024\/03\/25\/plusieurs-semaines-dabsence-pour-maripan\/#breadcrumb","itemListElement":[{"@type":"ListItem","position":1,"name":"Accueil","item":"https:\/\/www.ladiagonale.net\/"},{"@type":"ListItem","position":2,"name":"Plusieurs semaines d\u2019absence pour Maripan"}]},{"@type":"WebSite","@id":"https:\/\/www.ladiagonale.net\/#website","url":"https:\/\/www.ladiagonale.net\/","name":"La Diagonale","description":"Le site des supporters de l&#039;AS Monaco FC","potentialAction":[{"@type":"SearchAction","target":{"@type":"EntryPoint","urlTemplate":"https:\/\/www.ladiagonale.net\/?s={search_term_string}"},"query-input":"required name=search_term_string"}],"inLanguage":"fr-FR"},{"@type":"Person","@id":"https:\/\/www.ladiagonale.net\/#\/schema\/person\/79ff1e7b0853ed01b2aa26e64ad300bf","name":"Damien Dellerba","image":{"@type":"ImageObject","inLanguage":"fr-FR","@id":"https:\/\/www.ladiagonale.net\/#\/schema\/person\/image\/","url":"https:\/\/secure.gravatar.com\/avatar\/c7850e06d3ff63cdbaee88b7fc16e2f0?s=96&d=mm&r=g","contentUrl":"https:\/\/secure.gravatar.com\/avatar\/c7850e06d3ff63cdbaee88b7fc16e2f0?s=96&d=mm&r=g","caption":"Damien Dellerba"},"url":"https:\/\/www.ladiagonale.net\/index.php\/author\/damien\/"}]}},"_links":{"self":[{"href":"https:\/\/www.ladiagonale.net\/index.php\/wp-json\/wp\/v2\/posts\/21755"}],"collection":[{"href":"https:\/\/www.ladiagonale.net\/index.php\/wp-json\/wp\/v2\/posts"}],"about":[{"href":"https:\/\/www.ladiagonale.net\/index.php\/wp-json\/wp\/v2\/types\/post"}],"author":[{"embeddable":true,"href":"https:\/\/www.ladiagonale.net\/index.php\/wp-json\/wp\/v2\/users\/2"}],"replies":[{"embeddable":true,"href":"https:\/\/www.ladiagonale.net\/index.php\/wp-json\/wp\/v2\/comments?post=21755"}],"version-history":[{"count":1,"href":"https:\/\/www.ladiagonale.net\/index.php\/wp-json\/wp\/v2\/posts\/21755\/revisions"}],"predecessor-version":[{"id":21756,"href":"https:\/\/www.ladiagonale.net\/index.php\/wp-json\/wp\/v2\/posts\/21755\/revisions\/21756"}],"wp:attachment":[{"href":"https:\/\/www.ladiagonale.net\/index.php\/wp-json\/wp\/v2\/media?parent=21755"}],"wp:term":[{"taxonomy":"category","embeddable":true,"href":"https:\/\/www.ladiagonale.net\/index.php\/wp-json\/wp\/v2\/categories?post=21755"},{"taxonomy":"post_tag","embeddable":true,"href":"https:\/\/www.ladiagonale.net\/index.php\/wp-json\/wp\/v2\/tags?post=21755"}],"curies":[{"name":"wp","href":"https:\/\/api.w.org\/{rel}","templated":true}]}}