{"id":21805,"date":"2024-03-26T19:29:07","date_gmt":"2024-03-26T18:29:07","guid":{"rendered":"https:\/\/www.ladiagonale.net\/?p=21805"},"modified":"2024-03-27T02:02:57","modified_gmt":"2024-03-27T01:02:57","slug":"salisu-exclu-avec-le-ghana","status":"publish","type":"post","link":"https:\/\/www.ladiagonale.net\/index.php\/2024\/03\/26\/salisu-exclu-avec-le-ghana\/","title":{"rendered":"Salisu exclu avec le Ghana"},"content":{"rendered":"\n\n\n<p>Ce mardi, Mohammed Salisu a fait son retour sur les terrains et tout ne s&rsquo;est pas pass\u00e9 comme pr\u00e9vu. Rempla\u00e7ant contre l\u2019Ouganda (2-2), le d\u00e9fenseur central de l\u2019AS Monaco n\u2019a jou\u00e9 que 24 minutes, le temps pour lui de se faire expulser. Entr\u00e9 en jeu \u00e0 la 65<sup>e<\/sup> minute, il a \u00e9t\u00e9 rapidement averti dans les minutes qui ont suivi (69<sup>e<\/sup>) avant d&rsquo;\u00eatre exclu en fin de match pour un second carton jaune (89<sup>e<\/sup>).<\/p>\n\n\n\n<p>Pour le d\u00e9fenseur ghan\u00e9en, ce fut donc un retour express en s\u00e9lection. Malgr\u00e9 une blessure \u00e0 un ischio-jambier qui lui avait fait rater les trois derni\u00e8res rencontres de l\u2019ASM, Salisu avait tout de m\u00eame \u00e9t\u00e9 appel\u00e9 par le nouveau s\u00e9lectionneur du Ghana, Otto Addo. En reprise, il n\u2019avait pas pris part \u00e0 la premi\u00e8re rencontre face au Nig\u00e9ria vendredi.<\/p>\n","protected":false},"excerpt":{"rendered":"<p>Ce mardi, Mohammed Salisu a fait son retour sur les terrains et tout ne s&rsquo;est pas pass\u00e9 comme pr\u00e9vu. Rempla\u00e7ant contre l\u2019Ouganda (2-2), le d\u00e9fenseur central de l\u2019AS Monaco n\u2019a jou\u00e9 que 24 minutes, le temps pour lui de se faire expulser. Entr\u00e9 en jeu \u00e0 la 65e minute, il a \u00e9t\u00e9 rapidement averti dans [&#8230;]\n","protected":false},"author":2,"featured_media":0,"comment_status":"open","ping_status":"open","sticky":false,"template":"","format":"standard","meta":[],"categories":[6],"tags":[86,757,618,116],"yoast_head":"<!-- This site is optimized with the Yoast SEO plugin v19.8 - https:\/\/yoast.com\/wordpress\/plugins\/seo\/ -->\n<title>Salisu exclu avec le Ghana - La Diagonale<\/title>\n<meta name=\"robots\" content=\"index, follow, max-snippet:-1, max-image-preview:large, max-video-preview:-1\" \/>\n<link rel=\"canonical\" href=\"https:\/\/www.ladiagonale.net\/index.php\/2024\/03\/26\/salisu-exclu-avec-le-ghana\/\" \/>\n<meta property=\"og:locale\" content=\"fr_FR\" \/>\n<meta property=\"og:type\" content=\"article\" \/>\n<meta property=\"og:title\" content=\"Salisu exclu avec le Ghana - La Diagonale\" \/>\n<meta property=\"og:description\" content=\"Ce mardi, Mohammed Salisu a fait son retour sur les terrains et tout ne s&rsquo;est pas pass\u00e9 comme pr\u00e9vu. Rempla\u00e7ant contre l\u2019Ouganda (2-2), le d\u00e9fenseur central de l\u2019AS Monaco n\u2019a jou\u00e9 que 24 minutes, le temps pour lui de se faire expulser. Entr\u00e9 en jeu \u00e0 la 65e minute, il a \u00e9t\u00e9 rapidement averti dans [...]\" \/>\n<meta property=\"og:url\" content=\"https:\/\/www.ladiagonale.net\/index.php\/2024\/03\/26\/salisu-exclu-avec-le-ghana\/\" \/>\n<meta property=\"og:site_name\" content=\"La Diagonale\" \/>\n<meta property=\"article:published_time\" content=\"2024-03-26T18:29:07+00:00\" \/>\n<meta property=\"article:modified_time\" content=\"2024-03-27T01:02:57+00:00\" \/>\n<meta property=\"og:image\" content=\"https:\/\/www.ladiagonale.net\/wp-content\/uploads\/2024\/01\/salisu-ghana.png\" \/>\n\t<meta property=\"og:image:width\" content=\"1160\" \/>\n\t<meta property=\"og:image:height\" content=\"650\" \/>\n\t<meta property=\"og:image:type\" content=\"image\/png\" \/>\n<meta name=\"author\" content=\"Damien Dellerba\" \/>\n<meta name=\"twitter:card\" content=\"summary_large_image\" \/>\n<meta name=\"twitter:image\" content=\"https:\/\/www.ladiagonale.net\/wp-content\/uploads\/2024\/01\/salisu-ghana.png\" \/>\n<meta name=\"twitter:label1\" content=\"\u00c9crit par\" \/>\n\t<meta name=\"twitter:data1\" content=\"Damien Dellerba\" \/>\n\t<meta name=\"twitter:label2\" content=\"Dur\u00e9e de lecture estim\u00e9e\" \/>\n\t<meta name=\"twitter:data2\" content=\"1 minute\" \/>\n<script type=\"application\/ld+json\" class=\"yoast-schema-graph\">{\"@context\":\"https:\/\/schema.org\",\"@graph\":[{\"@type\":\"WebPage\",\"@id\":\"https:\/\/www.ladiagonale.net\/index.php\/2024\/03\/26\/salisu-exclu-avec-le-ghana\/\",\"url\":\"https:\/\/www.ladiagonale.net\/index.php\/2024\/03\/26\/salisu-exclu-avec-le-ghana\/\",\"name\":\"Salisu exclu avec le Ghana - La Diagonale\",\"isPartOf\":{\"@id\":\"https:\/\/www.ladiagonale.net\/#website\"},\"datePublished\":\"2024-03-26T18:29:07+00:00\",\"dateModified\":\"2024-03-27T01:02:57+00:00\",\"author\":{\"@id\":\"https:\/\/www.ladiagonale.net\/#\/schema\/person\/79ff1e7b0853ed01b2aa26e64ad300bf\"},\"breadcrumb\":{\"@id\":\"https:\/\/www.ladiagonale.net\/index.php\/2024\/03\/26\/salisu-exclu-avec-le-ghana\/#breadcrumb\"},\"inLanguage\":\"fr-FR\",\"potentialAction\":[{\"@type\":\"ReadAction\",\"target\":[\"https:\/\/www.ladiagonale.net\/index.php\/2024\/03\/26\/salisu-exclu-avec-le-ghana\/\"]}]},{\"@type\":\"BreadcrumbList\",\"@id\":\"https:\/\/www.ladiagonale.net\/index.php\/2024\/03\/26\/salisu-exclu-avec-le-ghana\/#breadcrumb\",\"itemListElement\":[{\"@type\":\"ListItem\",\"position\":1,\"name\":\"Accueil\",\"item\":\"https:\/\/www.ladiagonale.net\/\"},{\"@type\":\"ListItem\",\"position\":2,\"name\":\"Salisu exclu avec le Ghana\"}]},{\"@type\":\"WebSite\",\"@id\":\"https:\/\/www.ladiagonale.net\/#website\",\"url\":\"https:\/\/www.ladiagonale.net\/\",\"name\":\"La Diagonale\",\"description\":\"Le site des supporters de l&#039;AS Monaco FC\",\"potentialAction\":[{\"@type\":\"SearchAction\",\"target\":{\"@type\":\"EntryPoint\",\"urlTemplate\":\"https:\/\/www.ladiagonale.net\/?s={search_term_string}\"},\"query-input\":\"required name=search_term_string\"}],\"inLanguage\":\"fr-FR\"},{\"@type\":\"Person\",\"@id\":\"https:\/\/www.ladiagonale.net\/#\/schema\/person\/79ff1e7b0853ed01b2aa26e64ad300bf\",\"name\":\"Damien Dellerba\",\"image\":{\"@type\":\"ImageObject\",\"inLanguage\":\"fr-FR\",\"@id\":\"https:\/\/www.ladiagonale.net\/#\/schema\/person\/image\/\",\"url\":\"https:\/\/secure.gravatar.com\/avatar\/c7850e06d3ff63cdbaee88b7fc16e2f0?s=96&d=mm&r=g\",\"contentUrl\":\"https:\/\/secure.gravatar.com\/avatar\/c7850e06d3ff63cdbaee88b7fc16e2f0?s=96&d=mm&r=g\",\"caption\":\"Damien Dellerba\"},\"url\":\"https:\/\/www.ladiagonale.net\/index.php\/author\/damien\/\"}]}<\/script>\n<!-- \/ Yoast SEO plugin. -->","yoast_head_json":{"title":"Salisu exclu avec le Ghana - La Diagonale","robots":{"index":"index","follow":"follow","max-snippet":"max-snippet:-1","max-image-preview":"max-image-preview:large","max-video-preview":"max-video-preview:-1"},"canonical":"https:\/\/www.ladiagonale.net\/index.php\/2024\/03\/26\/salisu-exclu-avec-le-ghana\/","og_locale":"fr_FR","og_type":"article","og_title":"Salisu exclu avec le Ghana - La Diagonale","og_description":"Ce mardi, Mohammed Salisu a fait son retour sur les terrains et tout ne s&rsquo;est pas pass\u00e9 comme pr\u00e9vu. Rempla\u00e7ant contre l\u2019Ouganda (2-2), le d\u00e9fenseur central de l\u2019AS Monaco n\u2019a jou\u00e9 que 24 minutes, le temps pour lui de se faire expulser. Entr\u00e9 en jeu \u00e0 la 65e minute, il a \u00e9t\u00e9 rapidement averti dans [...]","og_url":"https:\/\/www.ladiagonale.net\/index.php\/2024\/03\/26\/salisu-exclu-avec-le-ghana\/","og_site_name":"La Diagonale","article_published_time":"2024-03-26T18:29:07+00:00","article_modified_time":"2024-03-27T01:02:57+00:00","og_image":[{"width":1160,"height":650,"url":"https:\/\/www.ladiagonale.net\/wp-content\/uploads\/2024\/01\/salisu-ghana.png","type":"image\/png"}],"author":"Damien Dellerba","twitter_card":"summary_large_image","twitter_image":"https:\/\/www.ladiagonale.net\/wp-content\/uploads\/2024\/01\/salisu-ghana.png","twitter_misc":{"\u00c9crit par":"Damien Dellerba","Dur\u00e9e de lecture estim\u00e9e":"1 minute"},"schema":{"@context":"https:\/\/schema.org","@graph":[{"@type":"WebPage","@id":"https:\/\/www.ladiagonale.net\/index.php\/2024\/03\/26\/salisu-exclu-avec-le-ghana\/","url":"https:\/\/www.ladiagonale.net\/index.php\/2024\/03\/26\/salisu-exclu-avec-le-ghana\/","name":"Salisu exclu avec le Ghana - La Diagonale","isPartOf":{"@id":"https:\/\/www.ladiagonale.net\/#website"},"datePublished":"2024-03-26T18:29:07+00:00","dateModified":"2024-03-27T01:02:57+00:00","author":{"@id":"https:\/\/www.ladiagonale.net\/#\/schema\/person\/79ff1e7b0853ed01b2aa26e64ad300bf"},"breadcrumb":{"@id":"https:\/\/www.ladiagonale.net\/index.php\/2024\/03\/26\/salisu-exclu-avec-le-ghana\/#breadcrumb"},"inLanguage":"fr-FR","potentialAction":[{"@type":"ReadAction","target":["https:\/\/www.ladiagonale.net\/index.php\/2024\/03\/26\/salisu-exclu-avec-le-ghana\/"]}]},{"@type":"BreadcrumbList","@id":"https:\/\/www.ladiagonale.net\/index.php\/2024\/03\/26\/salisu-exclu-avec-le-ghana\/#breadcrumb","itemListElement":[{"@type":"ListItem","position":1,"name":"Accueil","item":"https:\/\/www.ladiagonale.net\/"},{"@type":"ListItem","position":2,"name":"Salisu exclu avec le Ghana"}]},{"@type":"WebSite","@id":"https:\/\/www.ladiagonale.net\/#website","url":"https:\/\/www.ladiagonale.net\/","name":"La Diagonale","description":"Le site des supporters de l&#039;AS Monaco FC","potentialAction":[{"@type":"SearchAction","target":{"@type":"EntryPoint","urlTemplate":"https:\/\/www.ladiagonale.net\/?s={search_term_string}"},"query-input":"required name=search_term_string"}],"inLanguage":"fr-FR"},{"@type":"Person","@id":"https:\/\/www.ladiagonale.net\/#\/schema\/person\/79ff1e7b0853ed01b2aa26e64ad300bf","name":"Damien Dellerba","image":{"@type":"ImageObject","inLanguage":"fr-FR","@id":"https:\/\/www.ladiagonale.net\/#\/schema\/person\/image\/","url":"https:\/\/secure.gravatar.com\/avatar\/c7850e06d3ff63cdbaee88b7fc16e2f0?s=96&d=mm&r=g","contentUrl":"https:\/\/secure.gravatar.com\/avatar\/c7850e06d3ff63cdbaee88b7fc16e2f0?s=96&d=mm&r=g","caption":"Damien Dellerba"},"url":"https:\/\/www.ladiagonale.net\/index.php\/author\/damien\/"}]}},"_links":{"self":[{"href":"https:\/\/www.ladiagonale.net\/index.php\/wp-json\/wp\/v2\/posts\/21805"}],"collection":[{"href":"https:\/\/www.ladiagonale.net\/index.php\/wp-json\/wp\/v2\/posts"}],"about":[{"href":"https:\/\/www.ladiagonale.net\/index.php\/wp-json\/wp\/v2\/types\/post"}],"author":[{"embeddable":true,"href":"https:\/\/www.ladiagonale.net\/index.php\/wp-json\/wp\/v2\/users\/2"}],"replies":[{"embeddable":true,"href":"https:\/\/www.ladiagonale.net\/index.php\/wp-json\/wp\/v2\/comments?post=21805"}],"version-history":[{"count":3,"href":"https:\/\/www.ladiagonale.net\/index.php\/wp-json\/wp\/v2\/posts\/21805\/revisions"}],"predecessor-version":[{"id":21820,"href":"https:\/\/www.ladiagonale.net\/index.php\/wp-json\/wp\/v2\/posts\/21805\/revisions\/21820"}],"wp:attachment":[{"href":"https:\/\/www.ladiagonale.net\/index.php\/wp-json\/wp\/v2\/media?parent=21805"}],"wp:term":[{"taxonomy":"category","embeddable":true,"href":"https:\/\/www.ladiagonale.net\/index.php\/wp-json\/wp\/v2\/categories?post=21805"},{"taxonomy":"post_tag","embeddable":true,"href":"https:\/\/www.ladiagonale.net\/index.php\/wp-json\/wp\/v2\/tags?post=21805"}],"curies":[{"name":"wp","href":"https:\/\/api.w.org\/{rel}","templated":true}]}}