{"id":21808,"date":"2024-03-26T20:03:01","date_gmt":"2024-03-26T19:03:01","guid":{"rendered":"https:\/\/www.ladiagonale.net\/?p=21808"},"modified":"2024-03-27T12:49:31","modified_gmt":"2024-03-27T11:49:31","slug":"pas-deuro-u17-pour-nibombe","status":"publish","type":"post","link":"https:\/\/www.ladiagonale.net\/index.php\/2024\/03\/26\/pas-deuro-u17-pour-nibombe\/","title":{"rendered":"Pas d\u2019Euro U17 pour Nibombe"},"content":{"rendered":"\n<p>Mauvaise nouvelle pour Samuel Nibombe. Le d\u00e9fenseur central des U19 de l\u2019AS Monaco ne participera pas au prochain championnat d\u2019Europe U17. Le Belge et ses co\u00e9quipiers ont conc\u00e9d\u00e9 un match nul (2-2) face aux Pays-Bas lors de leur troisi\u00e8me rencontre du Tour \u00c9lite. Deuxi\u00e8mes de leur poule avec 4 points mais une moins bonne diff\u00e9rence de buts que la Croatie, les <em>Diablotins<\/em> affichent le pire bilan pour un deuxi\u00e8me de groupe, r\u00e9dhibitoire pour aller \u00e0 l\u2019Euro.<\/p>\n\n\n\n<p>Indirectement, la contre-performance belge permet \u00e0 l\u2019\u00e9quipe de France U17 de Pape Cabral et Jules Stawiecki de se qualifier avant m\u00eame de jouer sa derni\u00e8re rencontre face \u00e0 l\u2019Angleterre. Les Bleuets ont tout de m\u00eame valid\u00e9 leur billet pour Chypre avec la mani\u00e8re, en battant l&rsquo;Angleterre (2-1) et en terminant premiers de leur groupe. Jules Stawiecki n&rsquo;a pas jou\u00e9 tandis que Pape Cabral est entr\u00e9 dans les cinq derni\u00e8res minutes.<\/p>\n\n\n\n<p>Les U19 fran\u00e7ais avaient d\u00e9j\u00e0 valid\u00e9 leur billet pour l&rsquo;Euro avec Mayssam Benama et Lucas Michal. La troisi\u00e8me rencontre, anecdotique, s&rsquo;est sold\u00e9e par une d\u00e9faite contre la Lituanie (0-2) sans cons\u00e9quence. Michal a jou\u00e9 toute la rencontre alors que Benama est entr\u00e9 dans la derni\u00e8re demi-heure.<\/p>\n","protected":false},"excerpt":{"rendered":"<p>Mauvaise nouvelle pour Samuel Nibombe. Le d\u00e9fenseur central des U19 de l\u2019AS Monaco ne participera pas au prochain championnat d\u2019Europe U17. Le Belge et ses co\u00e9quipiers ont conc\u00e9d\u00e9 un match nul (2-2) face aux Pays-Bas lors de leur troisi\u00e8me rencontre du Tour \u00c9lite. Deuxi\u00e8mes de leur poule avec 4 points mais une moins bonne diff\u00e9rence [&#8230;]\n","protected":false},"author":2,"featured_media":0,"comment_status":"open","ping_status":"open","sticky":false,"template":"","format":"standard","meta":[],"categories":[4,6],"tags":[76,691,685,116],"yoast_head":"<!-- This site is optimized with the Yoast SEO plugin v19.8 - https:\/\/yoast.com\/wordpress\/plugins\/seo\/ -->\n<title>Pas d\u2019Euro U17 pour Nibombe - La Diagonale<\/title>\n<meta name=\"robots\" content=\"index, follow, max-snippet:-1, max-image-preview:large, max-video-preview:-1\" \/>\n<link rel=\"canonical\" href=\"https:\/\/www.ladiagonale.net\/index.php\/2024\/03\/26\/pas-deuro-u17-pour-nibombe\/\" \/>\n<meta property=\"og:locale\" content=\"fr_FR\" \/>\n<meta property=\"og:type\" content=\"article\" \/>\n<meta property=\"og:title\" content=\"Pas d\u2019Euro U17 pour Nibombe - La Diagonale\" \/>\n<meta property=\"og:description\" content=\"Mauvaise nouvelle pour Samuel Nibombe. Le d\u00e9fenseur central des U19 de l\u2019AS Monaco ne participera pas au prochain championnat d\u2019Europe U17. Le Belge et ses co\u00e9quipiers ont conc\u00e9d\u00e9 un match nul (2-2) face aux Pays-Bas lors de leur troisi\u00e8me rencontre du Tour \u00c9lite. Deuxi\u00e8mes de leur poule avec 4 points mais une moins bonne diff\u00e9rence [...]\" \/>\n<meta property=\"og:url\" content=\"https:\/\/www.ladiagonale.net\/index.php\/2024\/03\/26\/pas-deuro-u17-pour-nibombe\/\" \/>\n<meta property=\"og:site_name\" content=\"La Diagonale\" \/>\n<meta property=\"article:published_time\" content=\"2024-03-26T19:03:01+00:00\" \/>\n<meta property=\"article:modified_time\" content=\"2024-03-27T11:49:31+00:00\" \/>\n<meta property=\"og:image\" content=\"https:\/\/www.ladiagonale.net\/wp-content\/uploads\/2023\/11\/nibombe.png\" \/>\n\t<meta property=\"og:image:width\" content=\"1160\" \/>\n\t<meta property=\"og:image:height\" content=\"650\" \/>\n\t<meta property=\"og:image:type\" content=\"image\/png\" \/>\n<meta name=\"author\" content=\"Damien Dellerba\" \/>\n<meta name=\"twitter:card\" content=\"summary_large_image\" \/>\n<meta name=\"twitter:image\" content=\"https:\/\/www.ladiagonale.net\/wp-content\/uploads\/2023\/11\/nibombe.png\" \/>\n<meta name=\"twitter:label1\" content=\"\u00c9crit par\" \/>\n\t<meta name=\"twitter:data1\" content=\"Damien Dellerba\" \/>\n\t<meta name=\"twitter:label2\" content=\"Dur\u00e9e de lecture estim\u00e9e\" \/>\n\t<meta name=\"twitter:data2\" content=\"1 minute\" \/>\n<script type=\"application\/ld+json\" class=\"yoast-schema-graph\">{\"@context\":\"https:\/\/schema.org\",\"@graph\":[{\"@type\":\"WebPage\",\"@id\":\"https:\/\/www.ladiagonale.net\/index.php\/2024\/03\/26\/pas-deuro-u17-pour-nibombe\/\",\"url\":\"https:\/\/www.ladiagonale.net\/index.php\/2024\/03\/26\/pas-deuro-u17-pour-nibombe\/\",\"name\":\"Pas d\u2019Euro U17 pour Nibombe - La Diagonale\",\"isPartOf\":{\"@id\":\"https:\/\/www.ladiagonale.net\/#website\"},\"datePublished\":\"2024-03-26T19:03:01+00:00\",\"dateModified\":\"2024-03-27T11:49:31+00:00\",\"author\":{\"@id\":\"https:\/\/www.ladiagonale.net\/#\/schema\/person\/79ff1e7b0853ed01b2aa26e64ad300bf\"},\"breadcrumb\":{\"@id\":\"https:\/\/www.ladiagonale.net\/index.php\/2024\/03\/26\/pas-deuro-u17-pour-nibombe\/#breadcrumb\"},\"inLanguage\":\"fr-FR\",\"potentialAction\":[{\"@type\":\"ReadAction\",\"target\":[\"https:\/\/www.ladiagonale.net\/index.php\/2024\/03\/26\/pas-deuro-u17-pour-nibombe\/\"]}]},{\"@type\":\"BreadcrumbList\",\"@id\":\"https:\/\/www.ladiagonale.net\/index.php\/2024\/03\/26\/pas-deuro-u17-pour-nibombe\/#breadcrumb\",\"itemListElement\":[{\"@type\":\"ListItem\",\"position\":1,\"name\":\"Accueil\",\"item\":\"https:\/\/www.ladiagonale.net\/\"},{\"@type\":\"ListItem\",\"position\":2,\"name\":\"Pas d\u2019Euro U17 pour Nibombe\"}]},{\"@type\":\"WebSite\",\"@id\":\"https:\/\/www.ladiagonale.net\/#website\",\"url\":\"https:\/\/www.ladiagonale.net\/\",\"name\":\"La Diagonale\",\"description\":\"Le site des supporters de l&#039;AS Monaco FC\",\"potentialAction\":[{\"@type\":\"SearchAction\",\"target\":{\"@type\":\"EntryPoint\",\"urlTemplate\":\"https:\/\/www.ladiagonale.net\/?s={search_term_string}\"},\"query-input\":\"required name=search_term_string\"}],\"inLanguage\":\"fr-FR\"},{\"@type\":\"Person\",\"@id\":\"https:\/\/www.ladiagonale.net\/#\/schema\/person\/79ff1e7b0853ed01b2aa26e64ad300bf\",\"name\":\"Damien Dellerba\",\"image\":{\"@type\":\"ImageObject\",\"inLanguage\":\"fr-FR\",\"@id\":\"https:\/\/www.ladiagonale.net\/#\/schema\/person\/image\/\",\"url\":\"https:\/\/secure.gravatar.com\/avatar\/c7850e06d3ff63cdbaee88b7fc16e2f0?s=96&d=mm&r=g\",\"contentUrl\":\"https:\/\/secure.gravatar.com\/avatar\/c7850e06d3ff63cdbaee88b7fc16e2f0?s=96&d=mm&r=g\",\"caption\":\"Damien Dellerba\"},\"url\":\"https:\/\/www.ladiagonale.net\/index.php\/author\/damien\/\"}]}<\/script>\n<!-- \/ Yoast SEO plugin. -->","yoast_head_json":{"title":"Pas d\u2019Euro U17 pour Nibombe - La Diagonale","robots":{"index":"index","follow":"follow","max-snippet":"max-snippet:-1","max-image-preview":"max-image-preview:large","max-video-preview":"max-video-preview:-1"},"canonical":"https:\/\/www.ladiagonale.net\/index.php\/2024\/03\/26\/pas-deuro-u17-pour-nibombe\/","og_locale":"fr_FR","og_type":"article","og_title":"Pas d\u2019Euro U17 pour Nibombe - La Diagonale","og_description":"Mauvaise nouvelle pour Samuel Nibombe. Le d\u00e9fenseur central des U19 de l\u2019AS Monaco ne participera pas au prochain championnat d\u2019Europe U17. Le Belge et ses co\u00e9quipiers ont conc\u00e9d\u00e9 un match nul (2-2) face aux Pays-Bas lors de leur troisi\u00e8me rencontre du Tour \u00c9lite. Deuxi\u00e8mes de leur poule avec 4 points mais une moins bonne diff\u00e9rence [...]","og_url":"https:\/\/www.ladiagonale.net\/index.php\/2024\/03\/26\/pas-deuro-u17-pour-nibombe\/","og_site_name":"La Diagonale","article_published_time":"2024-03-26T19:03:01+00:00","article_modified_time":"2024-03-27T11:49:31+00:00","og_image":[{"width":1160,"height":650,"url":"https:\/\/www.ladiagonale.net\/wp-content\/uploads\/2023\/11\/nibombe.png","type":"image\/png"}],"author":"Damien Dellerba","twitter_card":"summary_large_image","twitter_image":"https:\/\/www.ladiagonale.net\/wp-content\/uploads\/2023\/11\/nibombe.png","twitter_misc":{"\u00c9crit par":"Damien Dellerba","Dur\u00e9e de lecture estim\u00e9e":"1 minute"},"schema":{"@context":"https:\/\/schema.org","@graph":[{"@type":"WebPage","@id":"https:\/\/www.ladiagonale.net\/index.php\/2024\/03\/26\/pas-deuro-u17-pour-nibombe\/","url":"https:\/\/www.ladiagonale.net\/index.php\/2024\/03\/26\/pas-deuro-u17-pour-nibombe\/","name":"Pas d\u2019Euro U17 pour Nibombe - La Diagonale","isPartOf":{"@id":"https:\/\/www.ladiagonale.net\/#website"},"datePublished":"2024-03-26T19:03:01+00:00","dateModified":"2024-03-27T11:49:31+00:00","author":{"@id":"https:\/\/www.ladiagonale.net\/#\/schema\/person\/79ff1e7b0853ed01b2aa26e64ad300bf"},"breadcrumb":{"@id":"https:\/\/www.ladiagonale.net\/index.php\/2024\/03\/26\/pas-deuro-u17-pour-nibombe\/#breadcrumb"},"inLanguage":"fr-FR","potentialAction":[{"@type":"ReadAction","target":["https:\/\/www.ladiagonale.net\/index.php\/2024\/03\/26\/pas-deuro-u17-pour-nibombe\/"]}]},{"@type":"BreadcrumbList","@id":"https:\/\/www.ladiagonale.net\/index.php\/2024\/03\/26\/pas-deuro-u17-pour-nibombe\/#breadcrumb","itemListElement":[{"@type":"ListItem","position":1,"name":"Accueil","item":"https:\/\/www.ladiagonale.net\/"},{"@type":"ListItem","position":2,"name":"Pas d\u2019Euro U17 pour Nibombe"}]},{"@type":"WebSite","@id":"https:\/\/www.ladiagonale.net\/#website","url":"https:\/\/www.ladiagonale.net\/","name":"La Diagonale","description":"Le site des supporters de l&#039;AS Monaco FC","potentialAction":[{"@type":"SearchAction","target":{"@type":"EntryPoint","urlTemplate":"https:\/\/www.ladiagonale.net\/?s={search_term_string}"},"query-input":"required name=search_term_string"}],"inLanguage":"fr-FR"},{"@type":"Person","@id":"https:\/\/www.ladiagonale.net\/#\/schema\/person\/79ff1e7b0853ed01b2aa26e64ad300bf","name":"Damien Dellerba","image":{"@type":"ImageObject","inLanguage":"fr-FR","@id":"https:\/\/www.ladiagonale.net\/#\/schema\/person\/image\/","url":"https:\/\/secure.gravatar.com\/avatar\/c7850e06d3ff63cdbaee88b7fc16e2f0?s=96&d=mm&r=g","contentUrl":"https:\/\/secure.gravatar.com\/avatar\/c7850e06d3ff63cdbaee88b7fc16e2f0?s=96&d=mm&r=g","caption":"Damien Dellerba"},"url":"https:\/\/www.ladiagonale.net\/index.php\/author\/damien\/"}]}},"_links":{"self":[{"href":"https:\/\/www.ladiagonale.net\/index.php\/wp-json\/wp\/v2\/posts\/21808"}],"collection":[{"href":"https:\/\/www.ladiagonale.net\/index.php\/wp-json\/wp\/v2\/posts"}],"about":[{"href":"https:\/\/www.ladiagonale.net\/index.php\/wp-json\/wp\/v2\/types\/post"}],"author":[{"embeddable":true,"href":"https:\/\/www.ladiagonale.net\/index.php\/wp-json\/wp\/v2\/users\/2"}],"replies":[{"embeddable":true,"href":"https:\/\/www.ladiagonale.net\/index.php\/wp-json\/wp\/v2\/comments?post=21808"}],"version-history":[{"count":3,"href":"https:\/\/www.ladiagonale.net\/index.php\/wp-json\/wp\/v2\/posts\/21808\/revisions"}],"predecessor-version":[{"id":21824,"href":"https:\/\/www.ladiagonale.net\/index.php\/wp-json\/wp\/v2\/posts\/21808\/revisions\/21824"}],"wp:attachment":[{"href":"https:\/\/www.ladiagonale.net\/index.php\/wp-json\/wp\/v2\/media?parent=21808"}],"wp:term":[{"taxonomy":"category","embeddable":true,"href":"https:\/\/www.ladiagonale.net\/index.php\/wp-json\/wp\/v2\/categories?post=21808"},{"taxonomy":"post_tag","embeddable":true,"href":"https:\/\/www.ladiagonale.net\/index.php\/wp-json\/wp\/v2\/tags?post=21808"}],"curies":[{"name":"wp","href":"https:\/\/api.w.org\/{rel}","templated":true}]}}