{"id":21910,"date":"2024-03-28T16:16:56","date_gmt":"2024-03-28T15:16:56","guid":{"rendered":"https:\/\/www.ladiagonale.net\/?p=21910"},"modified":"2024-03-28T16:18:22","modified_gmt":"2024-03-28T15:18:22","slug":"embolo-pourrait-etre-dans-le-groupe-caio-avec-le-groupe-elite","status":"publish","type":"post","link":"https:\/\/www.ladiagonale.net\/index.php\/2024\/03\/28\/embolo-pourrait-etre-dans-le-groupe-caio-avec-le-groupe-elite\/","title":{"rendered":"Embolo pourrait \u00eatre dans le groupe, Caio avec le Groupe \u00c9lite"},"content":{"rendered":"\n\n\n<p>Le point m\u00e9dical a pris un peu plus de temps que pr\u00e9vu ce jeudi, lors de la conf\u00e9rence de presse d\u2019avant-match d\u2019Ali H\u00fctter. Si l\u2019entra\u00eeneur autrichien a re\u00e7u quelques mauvaises nouvelles pendant la tr\u00eave, il en a aussi partag\u00e9 des meilleures<\/p>\n\n\n\n<p>\u00ab\u00a0<em>Breel est de retour<\/em>, a-t-il indiqu\u00e9 avant de nuancer quelque peu son enthousiasme. <em>Il n\u2019est pas encore pr\u00eat \u00e0 jouer. Il s\u2019entra\u00eene pleinement avec nous depuis dix jours, mais cela prend du temps apr\u00e8s une aussi longue blessure. Il veut jouer mais nous devons le faire patienter. Il sera peut-\u00eatre sur le banc.<\/em> <em>Si je le prends, c&rsquo;est pour la vie de groupe, mais j&rsquo;ai besoin de le voir une semaine de plus.<\/em>\u00a0\u00bb<\/p>\n\n\n\n<p>Pour Caio Henrique, il reste encore du chemin mais H\u00fctter a indiqu\u00e9 que le lat\u00e9ral gauche br\u00e9silien avait pass\u00e9 l\u2019\u00e9tape sup\u00e9rieure de sa r\u00e9habilitation : \u00ab&nbsp;<em>Bonne nouvelle, il s\u2019entra\u00eene avec le Groupe \u00c9lite depuis le d\u00e9but de la semaine.<\/em>&nbsp;\u00bb<\/p>\n\n\n\n<h3>Camara sur le flanc, Ouattara et Salisu pr\u00eats \u00e0 jouer<\/h3>\n\n\n\n<p>La tr\u00eave internationale avait laiss\u00e9 quelques traces pour certains joueurs, \u00e0 commencer par Guillermo Maripan. Les <a href=\"https:\/\/www.ladiagonale.net\/index.php\/2024\/03\/25\/plusieurs-semaines-dabsence-pour-maripan\/\" target=\"_blank\" rel=\"noreferrer noopener\">derni\u00e8res r\u00e9v\u00e9lations des m\u00e9dias chiliens<\/a> avaient indiqu\u00e9 une d\u00e9chirure du muscle poplit\u00e9 avec \u0153d\u00e8me osseux au genou gauche et une absence estim\u00e9e \u00e0 trois semaines. Adi H\u00fctter a confirm\u00e9 qu\u2019il faudra faire sans le Chilien pendant \u00ab&nbsp;<em>peut-\u00eatre trois ou quatre semaines<\/em>&nbsp;\u00bb.<\/p>\n\n\n\n<p>Victime d\u2019une entorse au genou gauche contre Toulouse (le 18 f\u00e9vrier), Mohamed Camara n\u2019est pas encore apte pour affronter Metz ce samedi : \u00ab&nbsp;<em>Il sera de retour d\u2019ici quinze jours, je pense, ou peut-\u00eatre plus t\u00f4t. Il n\u2019est pas encore \u00e0 100% sur le plan physique.<\/em>&nbsp;\u00bb<\/p>\n\n\n\n<p>Touch\u00e9 avec l\u2019\u00e9quipe de France U20, Kassoum Ouattara avait <a href=\"https:\/\/www.ladiagonale.net\/index.php\/2024\/03\/22\/ouattara-a-quitte-le-rassemblement-des-u20-coulibaly-appele\/\">quitt\u00e9 le rassemblement des Bleuets<\/a> mais il sera de la partie, comme Mohammed Salisu qui a rejou\u00e9 avec le Ghana : \u00ab&nbsp;<em>Kassoum Ouattara \u00e9tait un peu bless\u00e9 en d\u00e9but de semaine mais aujourd\u2019hui (jeudi), il s\u2019est entra\u00een\u00e9 toute la session et est pr\u00eat pour le match.&nbsp;(\u2026) Salisu est de retour, il n\u2019a pas beaucoup jou\u00e9 avec sa s\u00e9lection <a href=\"https:\/\/www.ladiagonale.net\/index.php\/2024\/03\/26\/salisu-exclu-avec-le-ghana\/\">car il a re\u00e7u un carton rouge<\/a> mais il est \u00e9galement pr\u00eat.<\/em>&nbsp;\u00bb<\/p>\n","protected":false},"excerpt":{"rendered":"<p>Le point m\u00e9dical a pris un peu plus de temps que pr\u00e9vu ce jeudi, lors de la conf\u00e9rence de presse d\u2019avant-match d\u2019Ali H\u00fctter. Si l\u2019entra\u00eeneur autrichien a re\u00e7u quelques mauvaises nouvelles pendant la tr\u00eave, il en a aussi partag\u00e9 des meilleures \u00ab\u00a0Breel est de retour, a-t-il indiqu\u00e9 avant de nuancer quelque peu son enthousiasme. Il [&#8230;]\n","protected":false},"author":2,"featured_media":0,"comment_status":"open","ping_status":"open","sticky":false,"template":"","format":"standard","meta":[],"categories":[4,6],"tags":[86,196,94],"yoast_head":"<!-- This site is optimized with the Yoast SEO plugin v19.8 - https:\/\/yoast.com\/wordpress\/plugins\/seo\/ -->\n<title>Embolo pourrait \u00eatre dans le groupe, Caio avec le Groupe \u00c9lite - La Diagonale<\/title>\n<meta name=\"robots\" content=\"index, follow, max-snippet:-1, max-image-preview:large, max-video-preview:-1\" \/>\n<link rel=\"canonical\" href=\"https:\/\/www.ladiagonale.net\/index.php\/2024\/03\/28\/embolo-pourrait-etre-dans-le-groupe-caio-avec-le-groupe-elite\/\" \/>\n<meta property=\"og:locale\" content=\"fr_FR\" \/>\n<meta property=\"og:type\" content=\"article\" \/>\n<meta property=\"og:title\" content=\"Embolo pourrait \u00eatre dans le groupe, Caio avec le Groupe \u00c9lite - La Diagonale\" \/>\n<meta property=\"og:description\" content=\"Le point m\u00e9dical a pris un peu plus de temps que pr\u00e9vu ce jeudi, lors de la conf\u00e9rence de presse d\u2019avant-match d\u2019Ali H\u00fctter. Si l\u2019entra\u00eeneur autrichien a re\u00e7u quelques mauvaises nouvelles pendant la tr\u00eave, il en a aussi partag\u00e9 des meilleures \u00ab\u00a0Breel est de retour, a-t-il indiqu\u00e9 avant de nuancer quelque peu son enthousiasme. Il [...]\" \/>\n<meta property=\"og:url\" content=\"https:\/\/www.ladiagonale.net\/index.php\/2024\/03\/28\/embolo-pourrait-etre-dans-le-groupe-caio-avec-le-groupe-elite\/\" \/>\n<meta property=\"og:site_name\" content=\"La Diagonale\" \/>\n<meta property=\"article:published_time\" content=\"2024-03-28T15:16:56+00:00\" \/>\n<meta property=\"article:modified_time\" content=\"2024-03-28T15:18:22+00:00\" \/>\n<meta property=\"og:image\" content=\"https:\/\/www.ladiagonale.net\/wp-content\/uploads\/2023\/01\/embolo.png\" \/>\n\t<meta property=\"og:image:width\" content=\"1160\" \/>\n\t<meta property=\"og:image:height\" content=\"650\" \/>\n\t<meta property=\"og:image:type\" content=\"image\/png\" \/>\n<meta name=\"author\" content=\"Damien Dellerba\" \/>\n<meta name=\"twitter:card\" content=\"summary_large_image\" \/>\n<meta name=\"twitter:image\" content=\"https:\/\/www.ladiagonale.net\/wp-content\/uploads\/2023\/01\/embolo.png\" \/>\n<meta name=\"twitter:label1\" content=\"\u00c9crit par\" \/>\n\t<meta name=\"twitter:data1\" content=\"Damien Dellerba\" \/>\n\t<meta name=\"twitter:label2\" content=\"Dur\u00e9e de lecture estim\u00e9e\" \/>\n\t<meta name=\"twitter:data2\" content=\"2 minutes\" \/>\n<script type=\"application\/ld+json\" class=\"yoast-schema-graph\">{\"@context\":\"https:\/\/schema.org\",\"@graph\":[{\"@type\":\"WebPage\",\"@id\":\"https:\/\/www.ladiagonale.net\/index.php\/2024\/03\/28\/embolo-pourrait-etre-dans-le-groupe-caio-avec-le-groupe-elite\/\",\"url\":\"https:\/\/www.ladiagonale.net\/index.php\/2024\/03\/28\/embolo-pourrait-etre-dans-le-groupe-caio-avec-le-groupe-elite\/\",\"name\":\"Embolo pourrait \u00eatre dans le groupe, Caio avec le Groupe \u00c9lite - La Diagonale\",\"isPartOf\":{\"@id\":\"https:\/\/www.ladiagonale.net\/#website\"},\"datePublished\":\"2024-03-28T15:16:56+00:00\",\"dateModified\":\"2024-03-28T15:18:22+00:00\",\"author\":{\"@id\":\"https:\/\/www.ladiagonale.net\/#\/schema\/person\/79ff1e7b0853ed01b2aa26e64ad300bf\"},\"breadcrumb\":{\"@id\":\"https:\/\/www.ladiagonale.net\/index.php\/2024\/03\/28\/embolo-pourrait-etre-dans-le-groupe-caio-avec-le-groupe-elite\/#breadcrumb\"},\"inLanguage\":\"fr-FR\",\"potentialAction\":[{\"@type\":\"ReadAction\",\"target\":[\"https:\/\/www.ladiagonale.net\/index.php\/2024\/03\/28\/embolo-pourrait-etre-dans-le-groupe-caio-avec-le-groupe-elite\/\"]}]},{\"@type\":\"BreadcrumbList\",\"@id\":\"https:\/\/www.ladiagonale.net\/index.php\/2024\/03\/28\/embolo-pourrait-etre-dans-le-groupe-caio-avec-le-groupe-elite\/#breadcrumb\",\"itemListElement\":[{\"@type\":\"ListItem\",\"position\":1,\"name\":\"Accueil\",\"item\":\"https:\/\/www.ladiagonale.net\/\"},{\"@type\":\"ListItem\",\"position\":2,\"name\":\"Embolo pourrait \u00eatre dans le groupe, Caio avec le Groupe \u00c9lite\"}]},{\"@type\":\"WebSite\",\"@id\":\"https:\/\/www.ladiagonale.net\/#website\",\"url\":\"https:\/\/www.ladiagonale.net\/\",\"name\":\"La Diagonale\",\"description\":\"Le site des supporters de l&#039;AS Monaco FC\",\"potentialAction\":[{\"@type\":\"SearchAction\",\"target\":{\"@type\":\"EntryPoint\",\"urlTemplate\":\"https:\/\/www.ladiagonale.net\/?s={search_term_string}\"},\"query-input\":\"required name=search_term_string\"}],\"inLanguage\":\"fr-FR\"},{\"@type\":\"Person\",\"@id\":\"https:\/\/www.ladiagonale.net\/#\/schema\/person\/79ff1e7b0853ed01b2aa26e64ad300bf\",\"name\":\"Damien Dellerba\",\"image\":{\"@type\":\"ImageObject\",\"inLanguage\":\"fr-FR\",\"@id\":\"https:\/\/www.ladiagonale.net\/#\/schema\/person\/image\/\",\"url\":\"https:\/\/secure.gravatar.com\/avatar\/c7850e06d3ff63cdbaee88b7fc16e2f0?s=96&d=mm&r=g\",\"contentUrl\":\"https:\/\/secure.gravatar.com\/avatar\/c7850e06d3ff63cdbaee88b7fc16e2f0?s=96&d=mm&r=g\",\"caption\":\"Damien Dellerba\"},\"url\":\"https:\/\/www.ladiagonale.net\/index.php\/author\/damien\/\"}]}<\/script>\n<!-- \/ Yoast SEO plugin. -->","yoast_head_json":{"title":"Embolo pourrait \u00eatre dans le groupe, Caio avec le Groupe \u00c9lite - La Diagonale","robots":{"index":"index","follow":"follow","max-snippet":"max-snippet:-1","max-image-preview":"max-image-preview:large","max-video-preview":"max-video-preview:-1"},"canonical":"https:\/\/www.ladiagonale.net\/index.php\/2024\/03\/28\/embolo-pourrait-etre-dans-le-groupe-caio-avec-le-groupe-elite\/","og_locale":"fr_FR","og_type":"article","og_title":"Embolo pourrait \u00eatre dans le groupe, Caio avec le Groupe \u00c9lite - La Diagonale","og_description":"Le point m\u00e9dical a pris un peu plus de temps que pr\u00e9vu ce jeudi, lors de la conf\u00e9rence de presse d\u2019avant-match d\u2019Ali H\u00fctter. Si l\u2019entra\u00eeneur autrichien a re\u00e7u quelques mauvaises nouvelles pendant la tr\u00eave, il en a aussi partag\u00e9 des meilleures \u00ab\u00a0Breel est de retour, a-t-il indiqu\u00e9 avant de nuancer quelque peu son enthousiasme. Il [...]","og_url":"https:\/\/www.ladiagonale.net\/index.php\/2024\/03\/28\/embolo-pourrait-etre-dans-le-groupe-caio-avec-le-groupe-elite\/","og_site_name":"La Diagonale","article_published_time":"2024-03-28T15:16:56+00:00","article_modified_time":"2024-03-28T15:18:22+00:00","og_image":[{"width":1160,"height":650,"url":"https:\/\/www.ladiagonale.net\/wp-content\/uploads\/2023\/01\/embolo.png","type":"image\/png"}],"author":"Damien Dellerba","twitter_card":"summary_large_image","twitter_image":"https:\/\/www.ladiagonale.net\/wp-content\/uploads\/2023\/01\/embolo.png","twitter_misc":{"\u00c9crit par":"Damien Dellerba","Dur\u00e9e de lecture estim\u00e9e":"2 minutes"},"schema":{"@context":"https:\/\/schema.org","@graph":[{"@type":"WebPage","@id":"https:\/\/www.ladiagonale.net\/index.php\/2024\/03\/28\/embolo-pourrait-etre-dans-le-groupe-caio-avec-le-groupe-elite\/","url":"https:\/\/www.ladiagonale.net\/index.php\/2024\/03\/28\/embolo-pourrait-etre-dans-le-groupe-caio-avec-le-groupe-elite\/","name":"Embolo pourrait \u00eatre dans le groupe, Caio avec le Groupe \u00c9lite - La Diagonale","isPartOf":{"@id":"https:\/\/www.ladiagonale.net\/#website"},"datePublished":"2024-03-28T15:16:56+00:00","dateModified":"2024-03-28T15:18:22+00:00","author":{"@id":"https:\/\/www.ladiagonale.net\/#\/schema\/person\/79ff1e7b0853ed01b2aa26e64ad300bf"},"breadcrumb":{"@id":"https:\/\/www.ladiagonale.net\/index.php\/2024\/03\/28\/embolo-pourrait-etre-dans-le-groupe-caio-avec-le-groupe-elite\/#breadcrumb"},"inLanguage":"fr-FR","potentialAction":[{"@type":"ReadAction","target":["https:\/\/www.ladiagonale.net\/index.php\/2024\/03\/28\/embolo-pourrait-etre-dans-le-groupe-caio-avec-le-groupe-elite\/"]}]},{"@type":"BreadcrumbList","@id":"https:\/\/www.ladiagonale.net\/index.php\/2024\/03\/28\/embolo-pourrait-etre-dans-le-groupe-caio-avec-le-groupe-elite\/#breadcrumb","itemListElement":[{"@type":"ListItem","position":1,"name":"Accueil","item":"https:\/\/www.ladiagonale.net\/"},{"@type":"ListItem","position":2,"name":"Embolo pourrait \u00eatre dans le groupe, Caio avec le Groupe \u00c9lite"}]},{"@type":"WebSite","@id":"https:\/\/www.ladiagonale.net\/#website","url":"https:\/\/www.ladiagonale.net\/","name":"La Diagonale","description":"Le site des supporters de l&#039;AS Monaco FC","potentialAction":[{"@type":"SearchAction","target":{"@type":"EntryPoint","urlTemplate":"https:\/\/www.ladiagonale.net\/?s={search_term_string}"},"query-input":"required name=search_term_string"}],"inLanguage":"fr-FR"},{"@type":"Person","@id":"https:\/\/www.ladiagonale.net\/#\/schema\/person\/79ff1e7b0853ed01b2aa26e64ad300bf","name":"Damien Dellerba","image":{"@type":"ImageObject","inLanguage":"fr-FR","@id":"https:\/\/www.ladiagonale.net\/#\/schema\/person\/image\/","url":"https:\/\/secure.gravatar.com\/avatar\/c7850e06d3ff63cdbaee88b7fc16e2f0?s=96&d=mm&r=g","contentUrl":"https:\/\/secure.gravatar.com\/avatar\/c7850e06d3ff63cdbaee88b7fc16e2f0?s=96&d=mm&r=g","caption":"Damien Dellerba"},"url":"https:\/\/www.ladiagonale.net\/index.php\/author\/damien\/"}]}},"_links":{"self":[{"href":"https:\/\/www.ladiagonale.net\/index.php\/wp-json\/wp\/v2\/posts\/21910"}],"collection":[{"href":"https:\/\/www.ladiagonale.net\/index.php\/wp-json\/wp\/v2\/posts"}],"about":[{"href":"https:\/\/www.ladiagonale.net\/index.php\/wp-json\/wp\/v2\/types\/post"}],"author":[{"embeddable":true,"href":"https:\/\/www.ladiagonale.net\/index.php\/wp-json\/wp\/v2\/users\/2"}],"replies":[{"embeddable":true,"href":"https:\/\/www.ladiagonale.net\/index.php\/wp-json\/wp\/v2\/comments?post=21910"}],"version-history":[{"count":2,"href":"https:\/\/www.ladiagonale.net\/index.php\/wp-json\/wp\/v2\/posts\/21910\/revisions"}],"predecessor-version":[{"id":21912,"href":"https:\/\/www.ladiagonale.net\/index.php\/wp-json\/wp\/v2\/posts\/21910\/revisions\/21912"}],"wp:attachment":[{"href":"https:\/\/www.ladiagonale.net\/index.php\/wp-json\/wp\/v2\/media?parent=21910"}],"wp:term":[{"taxonomy":"category","embeddable":true,"href":"https:\/\/www.ladiagonale.net\/index.php\/wp-json\/wp\/v2\/categories?post=21910"},{"taxonomy":"post_tag","embeddable":true,"href":"https:\/\/www.ladiagonale.net\/index.php\/wp-json\/wp\/v2\/tags?post=21910"}],"curies":[{"name":"wp","href":"https:\/\/api.w.org\/{rel}","templated":true}]}}