{"id":21925,"date":"2024-03-29T19:57:15","date_gmt":"2024-03-29T18:57:15","guid":{"rendered":"https:\/\/www.ladiagonale.net\/?p=21925"},"modified":"2024-03-30T01:47:37","modified_gmt":"2024-03-30T00:47:37","slug":"le-groupe-messin-des-absences-en-pagaille","status":"publish","type":"post","link":"https:\/\/www.ladiagonale.net\/index.php\/2024\/03\/29\/le-groupe-messin-des-absences-en-pagaille\/","title":{"rendered":"Le groupe messin : des absences en pagaille"},"content":{"rendered":"\n\n\n<p>Alors que le FC Metz joue sa survie en Ligue 1, il lui manquera un grand nombre de forces vives pour la r\u00e9ception de l\u2019AS Monaco ce samedi (17h). Pas moins de cinq joueurs sont bless\u00e9s, parmi lesquels Maxime Colin, Didier Lamkel Z\u00e9 ou encore Christophe H\u00e9relle pour les plus importants. L\u2019ancien Mon\u00e9gasque K\u00e9vin N\u2019Doram est lui aussi sur le flanc. <\/p>\n\n\n\n<p>Deux joueurs sont aussi suspendus : Danley Jean-Jacques et Cheikh Sabaly.<\/p>\n\n\n\n<h3 class=\"wp-block-heading\">Le groupe messin<\/h3>\n\n\n\n<ul>\n\n<li><strong>Gardiens : <\/strong>Dietsch, Oukidja.<\/li>\n\n\n<li><strong>D\u00e9fenseurs : <\/strong>Cand\u00e9, Demouchy, Kouao, L\u00f4, S. San\u00e9, Traor\u00e9, Udol, Van Den Kerkhof.<\/li>\n\n\n<li><strong>Milieux : <\/strong>Atta, Camara, Jallow, Nduquidi.<\/li>\n\n\n<li><strong>Attaquants : <\/strong>Asoro, Mbaye, Mikautadze, I. San\u00e9, Tetteh.<\/li>\n\n<\/ul>\n\n\n\n<p><em>Absents :<\/em> Jean-Jacques, Sabaly (suspendus), Colin, N&rsquo;Doram, Lamkel Z\u00e9, Diallo, H\u00e9relle (bless\u00e9s).<\/p>\n","protected":false},"excerpt":{"rendered":"<p>Alors que le FC Metz joue sa survie en Ligue 1, il lui manquera un grand nombre de forces vives pour la r\u00e9ception de l\u2019AS Monaco ce samedi (17h). Pas moins de cinq joueurs sont bless\u00e9s, parmi lesquels Maxime Colin, Didier Lamkel Z\u00e9 ou encore Christophe H\u00e9relle pour les plus importants. L\u2019ancien Mon\u00e9gasque K\u00e9vin N\u2019Doram [&#8230;]\n","protected":false},"author":2,"featured_media":0,"comment_status":"open","ping_status":"open","sticky":false,"template":"","format":"standard","meta":[],"categories":[6],"tags":[86,225,94,794],"yoast_head":"<!-- This site is optimized with the Yoast SEO plugin v19.8 - https:\/\/yoast.com\/wordpress\/plugins\/seo\/ -->\n<title>Le groupe messin : des absences en pagaille - La Diagonale<\/title>\n<meta name=\"robots\" content=\"index, follow, max-snippet:-1, max-image-preview:large, max-video-preview:-1\" \/>\n<link rel=\"canonical\" href=\"https:\/\/www.ladiagonale.net\/index.php\/2024\/03\/29\/le-groupe-messin-des-absences-en-pagaille\/\" \/>\n<meta property=\"og:locale\" content=\"fr_FR\" \/>\n<meta property=\"og:type\" content=\"article\" \/>\n<meta property=\"og:title\" content=\"Le groupe messin : des absences en pagaille - La Diagonale\" \/>\n<meta property=\"og:description\" content=\"Alors que le FC Metz joue sa survie en Ligue 1, il lui manquera un grand nombre de forces vives pour la r\u00e9ception de l\u2019AS Monaco ce samedi (17h). Pas moins de cinq joueurs sont bless\u00e9s, parmi lesquels Maxime Colin, Didier Lamkel Z\u00e9 ou encore Christophe H\u00e9relle pour les plus importants. L\u2019ancien Mon\u00e9gasque K\u00e9vin N\u2019Doram [...]\" \/>\n<meta property=\"og:url\" content=\"https:\/\/www.ladiagonale.net\/index.php\/2024\/03\/29\/le-groupe-messin-des-absences-en-pagaille\/\" \/>\n<meta property=\"og:site_name\" content=\"La Diagonale\" \/>\n<meta property=\"article:published_time\" content=\"2024-03-29T18:57:15+00:00\" \/>\n<meta property=\"article:modified_time\" content=\"2024-03-30T00:47:37+00:00\" \/>\n<meta property=\"og:image\" content=\"https:\/\/www.ladiagonale.net\/wp-content\/uploads\/2024\/03\/colin.png\" \/>\n\t<meta property=\"og:image:width\" content=\"1160\" \/>\n\t<meta property=\"og:image:height\" content=\"650\" \/>\n\t<meta property=\"og:image:type\" content=\"image\/png\" \/>\n<meta name=\"author\" content=\"Damien Dellerba\" \/>\n<meta name=\"twitter:card\" content=\"summary_large_image\" \/>\n<meta name=\"twitter:image\" content=\"https:\/\/www.ladiagonale.net\/wp-content\/uploads\/2024\/03\/colin.png\" \/>\n<meta name=\"twitter:label1\" content=\"\u00c9crit par\" \/>\n\t<meta name=\"twitter:data1\" content=\"Damien Dellerba\" \/>\n\t<meta name=\"twitter:label2\" content=\"Dur\u00e9e de lecture estim\u00e9e\" \/>\n\t<meta name=\"twitter:data2\" content=\"1 minute\" \/>\n<script type=\"application\/ld+json\" class=\"yoast-schema-graph\">{\"@context\":\"https:\/\/schema.org\",\"@graph\":[{\"@type\":\"WebPage\",\"@id\":\"https:\/\/www.ladiagonale.net\/index.php\/2024\/03\/29\/le-groupe-messin-des-absences-en-pagaille\/\",\"url\":\"https:\/\/www.ladiagonale.net\/index.php\/2024\/03\/29\/le-groupe-messin-des-absences-en-pagaille\/\",\"name\":\"Le groupe messin : des absences en pagaille - La Diagonale\",\"isPartOf\":{\"@id\":\"https:\/\/www.ladiagonale.net\/#website\"},\"datePublished\":\"2024-03-29T18:57:15+00:00\",\"dateModified\":\"2024-03-30T00:47:37+00:00\",\"author\":{\"@id\":\"https:\/\/www.ladiagonale.net\/#\/schema\/person\/79ff1e7b0853ed01b2aa26e64ad300bf\"},\"breadcrumb\":{\"@id\":\"https:\/\/www.ladiagonale.net\/index.php\/2024\/03\/29\/le-groupe-messin-des-absences-en-pagaille\/#breadcrumb\"},\"inLanguage\":\"fr-FR\",\"potentialAction\":[{\"@type\":\"ReadAction\",\"target\":[\"https:\/\/www.ladiagonale.net\/index.php\/2024\/03\/29\/le-groupe-messin-des-absences-en-pagaille\/\"]}]},{\"@type\":\"BreadcrumbList\",\"@id\":\"https:\/\/www.ladiagonale.net\/index.php\/2024\/03\/29\/le-groupe-messin-des-absences-en-pagaille\/#breadcrumb\",\"itemListElement\":[{\"@type\":\"ListItem\",\"position\":1,\"name\":\"Accueil\",\"item\":\"https:\/\/www.ladiagonale.net\/\"},{\"@type\":\"ListItem\",\"position\":2,\"name\":\"Le groupe messin : des absences en pagaille\"}]},{\"@type\":\"WebSite\",\"@id\":\"https:\/\/www.ladiagonale.net\/#website\",\"url\":\"https:\/\/www.ladiagonale.net\/\",\"name\":\"La Diagonale\",\"description\":\"Le site des supporters de l&#039;AS Monaco FC\",\"potentialAction\":[{\"@type\":\"SearchAction\",\"target\":{\"@type\":\"EntryPoint\",\"urlTemplate\":\"https:\/\/www.ladiagonale.net\/?s={search_term_string}\"},\"query-input\":\"required name=search_term_string\"}],\"inLanguage\":\"fr-FR\"},{\"@type\":\"Person\",\"@id\":\"https:\/\/www.ladiagonale.net\/#\/schema\/person\/79ff1e7b0853ed01b2aa26e64ad300bf\",\"name\":\"Damien Dellerba\",\"image\":{\"@type\":\"ImageObject\",\"inLanguage\":\"fr-FR\",\"@id\":\"https:\/\/www.ladiagonale.net\/#\/schema\/person\/image\/\",\"url\":\"https:\/\/secure.gravatar.com\/avatar\/c7850e06d3ff63cdbaee88b7fc16e2f0?s=96&d=mm&r=g\",\"contentUrl\":\"https:\/\/secure.gravatar.com\/avatar\/c7850e06d3ff63cdbaee88b7fc16e2f0?s=96&d=mm&r=g\",\"caption\":\"Damien Dellerba\"},\"url\":\"https:\/\/www.ladiagonale.net\/index.php\/author\/damien\/\"}]}<\/script>\n<!-- \/ Yoast SEO plugin. -->","yoast_head_json":{"title":"Le groupe messin : des absences en pagaille - La Diagonale","robots":{"index":"index","follow":"follow","max-snippet":"max-snippet:-1","max-image-preview":"max-image-preview:large","max-video-preview":"max-video-preview:-1"},"canonical":"https:\/\/www.ladiagonale.net\/index.php\/2024\/03\/29\/le-groupe-messin-des-absences-en-pagaille\/","og_locale":"fr_FR","og_type":"article","og_title":"Le groupe messin : des absences en pagaille - La Diagonale","og_description":"Alors que le FC Metz joue sa survie en Ligue 1, il lui manquera un grand nombre de forces vives pour la r\u00e9ception de l\u2019AS Monaco ce samedi (17h). Pas moins de cinq joueurs sont bless\u00e9s, parmi lesquels Maxime Colin, Didier Lamkel Z\u00e9 ou encore Christophe H\u00e9relle pour les plus importants. L\u2019ancien Mon\u00e9gasque K\u00e9vin N\u2019Doram [...]","og_url":"https:\/\/www.ladiagonale.net\/index.php\/2024\/03\/29\/le-groupe-messin-des-absences-en-pagaille\/","og_site_name":"La Diagonale","article_published_time":"2024-03-29T18:57:15+00:00","article_modified_time":"2024-03-30T00:47:37+00:00","og_image":[{"width":1160,"height":650,"url":"https:\/\/www.ladiagonale.net\/wp-content\/uploads\/2024\/03\/colin.png","type":"image\/png"}],"author":"Damien Dellerba","twitter_card":"summary_large_image","twitter_image":"https:\/\/www.ladiagonale.net\/wp-content\/uploads\/2024\/03\/colin.png","twitter_misc":{"\u00c9crit par":"Damien Dellerba","Dur\u00e9e de lecture estim\u00e9e":"1 minute"},"schema":{"@context":"https:\/\/schema.org","@graph":[{"@type":"WebPage","@id":"https:\/\/www.ladiagonale.net\/index.php\/2024\/03\/29\/le-groupe-messin-des-absences-en-pagaille\/","url":"https:\/\/www.ladiagonale.net\/index.php\/2024\/03\/29\/le-groupe-messin-des-absences-en-pagaille\/","name":"Le groupe messin : des absences en pagaille - La Diagonale","isPartOf":{"@id":"https:\/\/www.ladiagonale.net\/#website"},"datePublished":"2024-03-29T18:57:15+00:00","dateModified":"2024-03-30T00:47:37+00:00","author":{"@id":"https:\/\/www.ladiagonale.net\/#\/schema\/person\/79ff1e7b0853ed01b2aa26e64ad300bf"},"breadcrumb":{"@id":"https:\/\/www.ladiagonale.net\/index.php\/2024\/03\/29\/le-groupe-messin-des-absences-en-pagaille\/#breadcrumb"},"inLanguage":"fr-FR","potentialAction":[{"@type":"ReadAction","target":["https:\/\/www.ladiagonale.net\/index.php\/2024\/03\/29\/le-groupe-messin-des-absences-en-pagaille\/"]}]},{"@type":"BreadcrumbList","@id":"https:\/\/www.ladiagonale.net\/index.php\/2024\/03\/29\/le-groupe-messin-des-absences-en-pagaille\/#breadcrumb","itemListElement":[{"@type":"ListItem","position":1,"name":"Accueil","item":"https:\/\/www.ladiagonale.net\/"},{"@type":"ListItem","position":2,"name":"Le groupe messin : des absences en pagaille"}]},{"@type":"WebSite","@id":"https:\/\/www.ladiagonale.net\/#website","url":"https:\/\/www.ladiagonale.net\/","name":"La Diagonale","description":"Le site des supporters de l&#039;AS Monaco FC","potentialAction":[{"@type":"SearchAction","target":{"@type":"EntryPoint","urlTemplate":"https:\/\/www.ladiagonale.net\/?s={search_term_string}"},"query-input":"required name=search_term_string"}],"inLanguage":"fr-FR"},{"@type":"Person","@id":"https:\/\/www.ladiagonale.net\/#\/schema\/person\/79ff1e7b0853ed01b2aa26e64ad300bf","name":"Damien Dellerba","image":{"@type":"ImageObject","inLanguage":"fr-FR","@id":"https:\/\/www.ladiagonale.net\/#\/schema\/person\/image\/","url":"https:\/\/secure.gravatar.com\/avatar\/c7850e06d3ff63cdbaee88b7fc16e2f0?s=96&d=mm&r=g","contentUrl":"https:\/\/secure.gravatar.com\/avatar\/c7850e06d3ff63cdbaee88b7fc16e2f0?s=96&d=mm&r=g","caption":"Damien Dellerba"},"url":"https:\/\/www.ladiagonale.net\/index.php\/author\/damien\/"}]}},"_links":{"self":[{"href":"https:\/\/www.ladiagonale.net\/index.php\/wp-json\/wp\/v2\/posts\/21925"}],"collection":[{"href":"https:\/\/www.ladiagonale.net\/index.php\/wp-json\/wp\/v2\/posts"}],"about":[{"href":"https:\/\/www.ladiagonale.net\/index.php\/wp-json\/wp\/v2\/types\/post"}],"author":[{"embeddable":true,"href":"https:\/\/www.ladiagonale.net\/index.php\/wp-json\/wp\/v2\/users\/2"}],"replies":[{"embeddable":true,"href":"https:\/\/www.ladiagonale.net\/index.php\/wp-json\/wp\/v2\/comments?post=21925"}],"version-history":[{"count":4,"href":"https:\/\/www.ladiagonale.net\/index.php\/wp-json\/wp\/v2\/posts\/21925\/revisions"}],"predecessor-version":[{"id":21936,"href":"https:\/\/www.ladiagonale.net\/index.php\/wp-json\/wp\/v2\/posts\/21925\/revisions\/21936"}],"wp:attachment":[{"href":"https:\/\/www.ladiagonale.net\/index.php\/wp-json\/wp\/v2\/media?parent=21925"}],"wp:term":[{"taxonomy":"category","embeddable":true,"href":"https:\/\/www.ladiagonale.net\/index.php\/wp-json\/wp\/v2\/categories?post=21925"},{"taxonomy":"post_tag","embeddable":true,"href":"https:\/\/www.ladiagonale.net\/index.php\/wp-json\/wp\/v2\/tags?post=21925"}],"curies":[{"name":"wp","href":"https:\/\/api.w.org\/{rel}","templated":true}]}}