{"id":21939,"date":"2024-03-30T08:51:00","date_gmt":"2024-03-30T07:51:00","guid":{"rendered":"https:\/\/www.ladiagonale.net\/?p=21939"},"modified":"2024-03-30T05:08:44","modified_gmt":"2024-03-30T04:08:44","slug":"derniere-ligne-droite","status":"publish","type":"post","link":"https:\/\/www.ladiagonale.net\/index.php\/2024\/03\/30\/derniere-ligne-droite\/","title":{"rendered":"Derni\u00e8re ligne droite"},"content":{"rendered":"\n\n\n<p><strong>La page de la tr\u00eave internationale s\u2019est referm\u00e9e pour laisser place au dernier chapitre du championnat et de la bataille pour la Ligue des champions. Monaco se d\u00e9place ce samedi (17h) \u00e0 Metz et aspire \u00e0 ne plus laisser tra\u00eener des points en cours de route.<\/strong><\/p>\n\n\n\n<p>D\u00e9j\u00e0 sous pression. La 27<sup>e<\/sup> journ\u00e9e de Ligue 1 vient \u00e0 peine de d\u00e9buter qu\u2019elle met d\u00e9j\u00e0 l\u2019ASM dans l\u2019obligation de gagner \u00e0 Metz. Vendredi soir, Lille a battu Lens (2-1) et s\u2019est install\u00e9 provisoirement sur la troisi\u00e8me marche du podium, \u00e0 \u00e9galit\u00e9 de points avec l\u2019ASM (46) mais avec une meilleure diff\u00e9rence de buts. Les Lillois, irr\u00e9guliers, mais finalement pas beaucoup plus que les Mon\u00e9gasques, pourraient bien \u00eatre les concurrents les plus dangereux des Rouge et Blanc dans la course \u00e0 la deuxi\u00e8me place. Le d\u00e9placement \u00e0 Metz sera pour Monaco l\u2019occasion de reprendre ses distances avec les Dogues et pourquoi pas mieux, en cas de faux pas de Brest \u00e0 Lorient.<\/p>\n\n\n\n<p>\u00c0 l\u2019amorce du sprint final, Monaco s\u2019est un peu relanc\u00e9, sans pour autant effacer tous ses travers, encore vus contre Lorient avant la tr\u00eave. Les Mon\u00e9gasques ont craqu\u00e9 \u00e0 la fin d\u2019une rencontre qu\u2019ils avaient pourtant bien en main sur un coup de casque d\u2019un ancien de la maison, Ti\u00e9mou\u00e9 Bakayoko, dans un air de d\u00e9j\u00e0-vu du match aller. Dans les rangs as\u00e9mistes, il y aura une vraie d\u00e9ception \u00e0 \u00e9vacuer et il se peut que les Messins en fassent les frais. Depuis quatre rencontres, Monaco alterne entre victoires (\u00e0 l\u2019ext\u00e9rieur) et matchs nuls (\u00e0 domicile). Si cette alternance venait \u00e0 se poursuivre, et si la logique devait \u00eatre respect\u00e9e ce samedi, la bande d\u2019Adi H\u00fctter devrait logiquement ramener trois points de son d\u00e9placement en Moselle, surtout face \u00e0 la pire \u00e9quipe de la saison \u00e0 domicile.<\/p>\n\n\n\n<h3>Embolo enfin de retour<\/h3>\n\n\n\n<p>Apr\u00e8s des semaines, voire plus, \u00e0 \u00e9voluer avec un banc et des solutions limit\u00e9es, Monaco retrouve un groupe plus \u00e9toff\u00e9. \u00ab&nbsp;<em>Je peux ressentir qu\u2019il y a plus de concurrence \u00e0 l\u2019entra\u00eenement&nbsp;et que le niveau est mont\u00e9 d\u2019un cran <\/em>\u00bb, a confi\u00e9 H\u00fctter, heureux de pouvoir s\u2019appuyer sur plusieurs joueurs qui lui faisaient d\u00e9faut. Il y a quelques semaines, Vanderson, Mohammed Salisu ou encore Kr\u00e9pin Diatta \u00e9taient sur le flanc. Il y aura, certes, encore quelques absences avec les suspensions de Denis Zakaria ou les blessures de Guillermo Maripan et Mohamed Camara, mais le groupe as\u00e9miste a d\u00e9sormais un peu plus fi\u00e8re allure et surtout un peu plus de v\u00e9cu.<\/p>\n\n\n\n<p>Surtout, pour l\u2019agr\u00e9menter, la pr\u00e9sence nouvelle cette saison de Breel Embolo va changer beaucoup de choses. L\u2019attaquant suisse, bless\u00e9 depuis le d\u00e9but du mois d\u2019ao\u00fbt apr\u00e8s s\u2019\u00eatre rompu le ligament crois\u00e9 ant\u00e9rieur droit, est en train de toucher du doigt et de fa\u00e7on concr\u00e8te son retour \u00e0 la comp\u00e9tition. Adi H\u00fctter estime qu\u2019il est peut-\u00eatre trop t\u00f4t pour le voir fouler la pelouse de Saint-Symphorien, mais il s\u2019assi\u00e9ra bien sur le banc des rempla\u00e7ants ce samedi. Dans un sprint final qui s\u2019annonce ultra-serr\u00e9, Embolo fait office de recrue pour Monaco. Maintenant, y\u2019a plus qu\u2019\u00e0 !<\/p>\n","protected":false},"excerpt":{"rendered":"<p>La page de la tr\u00eave internationale s\u2019est referm\u00e9e pour laisser place au dernier chapitre du championnat et de la bataille pour la Ligue des champions. Monaco se d\u00e9place ce samedi (17h) \u00e0 Metz et aspire \u00e0 ne plus laisser tra\u00eener des points en cours de route. D\u00e9j\u00e0 sous pression. La 27e journ\u00e9e de Ligue 1 [&#8230;]\n","protected":false},"author":2,"featured_media":21940,"comment_status":"open","ping_status":"open","sticky":false,"template":"","format":"standard","meta":[],"categories":[5,6],"tags":[86,94,794],"yoast_head":"<!-- This site is optimized with the Yoast SEO plugin v19.8 - https:\/\/yoast.com\/wordpress\/plugins\/seo\/ -->\n<title>Derni\u00e8re ligne droite - La Diagonale<\/title>\n<meta name=\"robots\" content=\"index, follow, max-snippet:-1, max-image-preview:large, max-video-preview:-1\" \/>\n<link rel=\"canonical\" href=\"https:\/\/www.ladiagonale.net\/index.php\/2024\/03\/30\/derniere-ligne-droite\/\" \/>\n<meta property=\"og:locale\" content=\"fr_FR\" \/>\n<meta property=\"og:type\" content=\"article\" \/>\n<meta property=\"og:title\" content=\"Derni\u00e8re ligne droite - La Diagonale\" \/>\n<meta property=\"og:description\" content=\"La page de la tr\u00eave internationale s\u2019est referm\u00e9e pour laisser place au dernier chapitre du championnat et de la bataille pour la Ligue des champions. Monaco se d\u00e9place ce samedi (17h) \u00e0 Metz et aspire \u00e0 ne plus laisser tra\u00eener des points en cours de route. D\u00e9j\u00e0 sous pression. La 27e journ\u00e9e de Ligue 1 [...]\" \/>\n<meta property=\"og:url\" content=\"https:\/\/www.ladiagonale.net\/index.php\/2024\/03\/30\/derniere-ligne-droite\/\" \/>\n<meta property=\"og:site_name\" content=\"La Diagonale\" \/>\n<meta property=\"article:published_time\" content=\"2024-03-30T07:51:00+00:00\" \/>\n<meta property=\"article:modified_time\" content=\"2024-03-30T04:08:44+00:00\" \/>\n<meta property=\"og:image\" content=\"https:\/\/www.ladiagonale.net\/wp-content\/uploads\/2024\/03\/embolo-entr.png\" \/>\n\t<meta property=\"og:image:width\" content=\"1160\" \/>\n\t<meta property=\"og:image:height\" content=\"650\" \/>\n\t<meta property=\"og:image:type\" content=\"image\/png\" \/>\n<meta name=\"author\" content=\"Damien Dellerba\" \/>\n<meta name=\"twitter:card\" content=\"summary_large_image\" \/>\n<meta name=\"twitter:image\" content=\"https:\/\/www.ladiagonale.net\/wp-content\/uploads\/2024\/03\/embolo-entr.png\" \/>\n<meta name=\"twitter:label1\" content=\"\u00c9crit par\" \/>\n\t<meta name=\"twitter:data1\" content=\"Damien Dellerba\" \/>\n\t<meta name=\"twitter:label2\" content=\"Dur\u00e9e de lecture estim\u00e9e\" \/>\n\t<meta name=\"twitter:data2\" content=\"3 minutes\" \/>\n<script type=\"application\/ld+json\" class=\"yoast-schema-graph\">{\"@context\":\"https:\/\/schema.org\",\"@graph\":[{\"@type\":\"WebPage\",\"@id\":\"https:\/\/www.ladiagonale.net\/index.php\/2024\/03\/30\/derniere-ligne-droite\/\",\"url\":\"https:\/\/www.ladiagonale.net\/index.php\/2024\/03\/30\/derniere-ligne-droite\/\",\"name\":\"Derni\u00e8re ligne droite - La Diagonale\",\"isPartOf\":{\"@id\":\"https:\/\/www.ladiagonale.net\/#website\"},\"datePublished\":\"2024-03-30T07:51:00+00:00\",\"dateModified\":\"2024-03-30T04:08:44+00:00\",\"author\":{\"@id\":\"https:\/\/www.ladiagonale.net\/#\/schema\/person\/79ff1e7b0853ed01b2aa26e64ad300bf\"},\"breadcrumb\":{\"@id\":\"https:\/\/www.ladiagonale.net\/index.php\/2024\/03\/30\/derniere-ligne-droite\/#breadcrumb\"},\"inLanguage\":\"fr-FR\",\"potentialAction\":[{\"@type\":\"ReadAction\",\"target\":[\"https:\/\/www.ladiagonale.net\/index.php\/2024\/03\/30\/derniere-ligne-droite\/\"]}]},{\"@type\":\"BreadcrumbList\",\"@id\":\"https:\/\/www.ladiagonale.net\/index.php\/2024\/03\/30\/derniere-ligne-droite\/#breadcrumb\",\"itemListElement\":[{\"@type\":\"ListItem\",\"position\":1,\"name\":\"Accueil\",\"item\":\"https:\/\/www.ladiagonale.net\/\"},{\"@type\":\"ListItem\",\"position\":2,\"name\":\"Derni\u00e8re ligne droite\"}]},{\"@type\":\"WebSite\",\"@id\":\"https:\/\/www.ladiagonale.net\/#website\",\"url\":\"https:\/\/www.ladiagonale.net\/\",\"name\":\"La Diagonale\",\"description\":\"Le site des supporters de l&#039;AS Monaco FC\",\"potentialAction\":[{\"@type\":\"SearchAction\",\"target\":{\"@type\":\"EntryPoint\",\"urlTemplate\":\"https:\/\/www.ladiagonale.net\/?s={search_term_string}\"},\"query-input\":\"required name=search_term_string\"}],\"inLanguage\":\"fr-FR\"},{\"@type\":\"Person\",\"@id\":\"https:\/\/www.ladiagonale.net\/#\/schema\/person\/79ff1e7b0853ed01b2aa26e64ad300bf\",\"name\":\"Damien Dellerba\",\"image\":{\"@type\":\"ImageObject\",\"inLanguage\":\"fr-FR\",\"@id\":\"https:\/\/www.ladiagonale.net\/#\/schema\/person\/image\/\",\"url\":\"https:\/\/secure.gravatar.com\/avatar\/c7850e06d3ff63cdbaee88b7fc16e2f0?s=96&d=mm&r=g\",\"contentUrl\":\"https:\/\/secure.gravatar.com\/avatar\/c7850e06d3ff63cdbaee88b7fc16e2f0?s=96&d=mm&r=g\",\"caption\":\"Damien Dellerba\"},\"url\":\"https:\/\/www.ladiagonale.net\/index.php\/author\/damien\/\"}]}<\/script>\n<!-- \/ Yoast SEO plugin. -->","yoast_head_json":{"title":"Derni\u00e8re ligne droite - La Diagonale","robots":{"index":"index","follow":"follow","max-snippet":"max-snippet:-1","max-image-preview":"max-image-preview:large","max-video-preview":"max-video-preview:-1"},"canonical":"https:\/\/www.ladiagonale.net\/index.php\/2024\/03\/30\/derniere-ligne-droite\/","og_locale":"fr_FR","og_type":"article","og_title":"Derni\u00e8re ligne droite - La Diagonale","og_description":"La page de la tr\u00eave internationale s\u2019est referm\u00e9e pour laisser place au dernier chapitre du championnat et de la bataille pour la Ligue des champions. Monaco se d\u00e9place ce samedi (17h) \u00e0 Metz et aspire \u00e0 ne plus laisser tra\u00eener des points en cours de route. D\u00e9j\u00e0 sous pression. La 27e journ\u00e9e de Ligue 1 [...]","og_url":"https:\/\/www.ladiagonale.net\/index.php\/2024\/03\/30\/derniere-ligne-droite\/","og_site_name":"La Diagonale","article_published_time":"2024-03-30T07:51:00+00:00","article_modified_time":"2024-03-30T04:08:44+00:00","og_image":[{"width":1160,"height":650,"url":"https:\/\/www.ladiagonale.net\/wp-content\/uploads\/2024\/03\/embolo-entr.png","type":"image\/png"}],"author":"Damien Dellerba","twitter_card":"summary_large_image","twitter_image":"https:\/\/www.ladiagonale.net\/wp-content\/uploads\/2024\/03\/embolo-entr.png","twitter_misc":{"\u00c9crit par":"Damien Dellerba","Dur\u00e9e de lecture estim\u00e9e":"3 minutes"},"schema":{"@context":"https:\/\/schema.org","@graph":[{"@type":"WebPage","@id":"https:\/\/www.ladiagonale.net\/index.php\/2024\/03\/30\/derniere-ligne-droite\/","url":"https:\/\/www.ladiagonale.net\/index.php\/2024\/03\/30\/derniere-ligne-droite\/","name":"Derni\u00e8re ligne droite - La Diagonale","isPartOf":{"@id":"https:\/\/www.ladiagonale.net\/#website"},"datePublished":"2024-03-30T07:51:00+00:00","dateModified":"2024-03-30T04:08:44+00:00","author":{"@id":"https:\/\/www.ladiagonale.net\/#\/schema\/person\/79ff1e7b0853ed01b2aa26e64ad300bf"},"breadcrumb":{"@id":"https:\/\/www.ladiagonale.net\/index.php\/2024\/03\/30\/derniere-ligne-droite\/#breadcrumb"},"inLanguage":"fr-FR","potentialAction":[{"@type":"ReadAction","target":["https:\/\/www.ladiagonale.net\/index.php\/2024\/03\/30\/derniere-ligne-droite\/"]}]},{"@type":"BreadcrumbList","@id":"https:\/\/www.ladiagonale.net\/index.php\/2024\/03\/30\/derniere-ligne-droite\/#breadcrumb","itemListElement":[{"@type":"ListItem","position":1,"name":"Accueil","item":"https:\/\/www.ladiagonale.net\/"},{"@type":"ListItem","position":2,"name":"Derni\u00e8re ligne droite"}]},{"@type":"WebSite","@id":"https:\/\/www.ladiagonale.net\/#website","url":"https:\/\/www.ladiagonale.net\/","name":"La Diagonale","description":"Le site des supporters de l&#039;AS Monaco FC","potentialAction":[{"@type":"SearchAction","target":{"@type":"EntryPoint","urlTemplate":"https:\/\/www.ladiagonale.net\/?s={search_term_string}"},"query-input":"required name=search_term_string"}],"inLanguage":"fr-FR"},{"@type":"Person","@id":"https:\/\/www.ladiagonale.net\/#\/schema\/person\/79ff1e7b0853ed01b2aa26e64ad300bf","name":"Damien Dellerba","image":{"@type":"ImageObject","inLanguage":"fr-FR","@id":"https:\/\/www.ladiagonale.net\/#\/schema\/person\/image\/","url":"https:\/\/secure.gravatar.com\/avatar\/c7850e06d3ff63cdbaee88b7fc16e2f0?s=96&d=mm&r=g","contentUrl":"https:\/\/secure.gravatar.com\/avatar\/c7850e06d3ff63cdbaee88b7fc16e2f0?s=96&d=mm&r=g","caption":"Damien Dellerba"},"url":"https:\/\/www.ladiagonale.net\/index.php\/author\/damien\/"}]}},"_links":{"self":[{"href":"https:\/\/www.ladiagonale.net\/index.php\/wp-json\/wp\/v2\/posts\/21939"}],"collection":[{"href":"https:\/\/www.ladiagonale.net\/index.php\/wp-json\/wp\/v2\/posts"}],"about":[{"href":"https:\/\/www.ladiagonale.net\/index.php\/wp-json\/wp\/v2\/types\/post"}],"author":[{"embeddable":true,"href":"https:\/\/www.ladiagonale.net\/index.php\/wp-json\/wp\/v2\/users\/2"}],"replies":[{"embeddable":true,"href":"https:\/\/www.ladiagonale.net\/index.php\/wp-json\/wp\/v2\/comments?post=21939"}],"version-history":[{"count":2,"href":"https:\/\/www.ladiagonale.net\/index.php\/wp-json\/wp\/v2\/posts\/21939\/revisions"}],"predecessor-version":[{"id":21945,"href":"https:\/\/www.ladiagonale.net\/index.php\/wp-json\/wp\/v2\/posts\/21939\/revisions\/21945"}],"wp:featuredmedia":[{"embeddable":true,"href":"https:\/\/www.ladiagonale.net\/index.php\/wp-json\/wp\/v2\/media\/21940"}],"wp:attachment":[{"href":"https:\/\/www.ladiagonale.net\/index.php\/wp-json\/wp\/v2\/media?parent=21939"}],"wp:term":[{"taxonomy":"category","embeddable":true,"href":"https:\/\/www.ladiagonale.net\/index.php\/wp-json\/wp\/v2\/categories?post=21939"},{"taxonomy":"post_tag","embeddable":true,"href":"https:\/\/www.ladiagonale.net\/index.php\/wp-json\/wp\/v2\/tags?post=21939"}],"curies":[{"name":"wp","href":"https:\/\/api.w.org\/{rel}","templated":true}]}}