{"id":22049,"date":"2024-04-02T22:59:13","date_gmt":"2024-04-02T20:59:13","guid":{"rendered":"https:\/\/www.ladiagonale.net\/?p=22049"},"modified":"2024-04-05T17:53:31","modified_gmt":"2024-04-05T15:53:31","slug":"le-groupe-elite-met-fin-a-sa-serie-noire","status":"publish","type":"post","link":"https:\/\/www.ladiagonale.net\/index.php\/2024\/04\/02\/le-groupe-elite-met-fin-a-sa-serie-noire\/","title":{"rendered":"Le Groupe \u00c9lite met fin \u00e0 sa s\u00e9rie noire"},"content":{"rendered":"\n\n\n<p>12 matches. C&rsquo;est ce qu&rsquo;il aura fallu au Groupe \u00c9lite de l&rsquo;AS Monaco pour retrouver le chemin du succ\u00e8s. Oppos\u00e9es \u00e0 l&rsquo;\u00e9quipe r\u00e9serve de Strasbourg ce mardi, au Centre de Performance de La Turbie, les jeunes pousses de l&rsquo;AS Monaco se sont impos\u00e9es au terme d&rsquo;un match spectaculaire (4-3), apr\u00e8s une premi\u00e8re confrontation entre les deux \u00e9quipes en novembre dernier <a href=\"https:\/\/www.ladiagonale.net\/index.php\/2023\/11\/07\/le-groupe-elite-tenu-en-echec-par-strasbourg\/\" target=\"_blank\" rel=\"noreferrer noopener\">qui l&rsquo;avait tout autant \u00e9t\u00e9<\/a>.<\/p>\n\n\n\n<p>\u00c0 l&rsquo;image de leurs a\u00een\u00e9es contre Metz, les Rouge et Blanc ont r\u00e9alis\u00e9 une entame de match canon, avec une ouverture du score de Sandro Bertolucci d\u00e8s la premi\u00e8re minute de jeu. L&rsquo;attaquant mon\u00e9gasque n&rsquo;aime d\u00e9cid\u00e9ment pas perdre de temps, puisque samedi dernier, contre Manchester United, il avait aussi marqu\u00e9 une minute seulement apr\u00e8s son entr\u00e9e en jeu. Lucas Michal a ensuite doubl\u00e9 la mise \u00e0 la fin du premier quart d&rsquo;heure (14<sup>e<\/sup>, 2-0). <\/p>\n\n\n\n<h3>Un tout nouveau buteur pour le Groupe \u00c9lite<\/h3>\n\n\n\n<p>Sandro Bertolucci a ensuite sign\u00e9 un doubl\u00e9, confirmant sa bonne forme du moment, lui qui avait aussi inscrit un tripl\u00e9 contre les U19 de la Juventus Turin en Al Abtal Cup il y a dix jours (3-0, 26<sup>e<\/sup>). C&rsquo;est donc avec une avance confortable que les hommes de S\u00e9bastien Muet ont rejoint les vestiaires, et ils l&rsquo;ont imm\u00e9diatement accentu\u00e9e avec un but de Kevaughn Tavernier. L&rsquo;attaquant canadien de 18 ans, mis \u00e0 l&rsquo;essai cette semaine et d\u00e9j\u00e0 pr\u00e9sent contre Manchester United, a inscrit le quatri\u00e8me but as\u00e9miste (46<sup>e<\/sup>, 4-0).<\/p>\n\n\n\n<p>La fin de rencontre aurait cependant pu mal tourner puisque les Strasbourgeois ont marqu\u00e9 \u00e0 trois reprises en seulement dix minutes (56<sup>e<\/sup>, 65<sup>e<\/sup>, 66<sup>e<\/sup>) et ont beaucoup pouss\u00e9 pour tenter d&rsquo;\u00e9galiser. Mais les Mon\u00e9gasques ont cette fois tenu jusqu&rsquo;au bout et ont d\u00e9croch\u00e9 leur premier succ\u00e8s depuis le 13 d\u00e9cembre. Pour son prochain rendez-vous, l&rsquo;ASM affrontera le Paris FC le 10 avril.<\/p>\n","protected":false},"excerpt":{"rendered":"<p>12 matches. C&rsquo;est ce qu&rsquo;il aura fallu au Groupe \u00c9lite de l&rsquo;AS Monaco pour retrouver le chemin du succ\u00e8s. Oppos\u00e9es \u00e0 l&rsquo;\u00e9quipe r\u00e9serve de Strasbourg ce mardi, au Centre de Performance de La Turbie, les jeunes pousses de l&rsquo;AS Monaco se sont impos\u00e9es au terme d&rsquo;un match spectaculaire (4-3), apr\u00e8s une premi\u00e8re confrontation entre les [&#8230;]\n","protected":false},"author":2,"featured_media":0,"comment_status":"open","ping_status":"open","sticky":false,"template":"","format":"standard","meta":[],"categories":[6],"tags":[76,86,228],"yoast_head":"<!-- This site is optimized with the Yoast SEO plugin v19.8 - https:\/\/yoast.com\/wordpress\/plugins\/seo\/ -->\n<title>Le Groupe \u00c9lite met fin \u00e0 sa s\u00e9rie noire - La Diagonale<\/title>\n<meta name=\"robots\" content=\"index, follow, max-snippet:-1, max-image-preview:large, max-video-preview:-1\" \/>\n<link rel=\"canonical\" href=\"https:\/\/www.ladiagonale.net\/index.php\/2024\/04\/02\/le-groupe-elite-met-fin-a-sa-serie-noire\/\" \/>\n<meta property=\"og:locale\" content=\"fr_FR\" \/>\n<meta property=\"og:type\" content=\"article\" \/>\n<meta property=\"og:title\" content=\"Le Groupe \u00c9lite met fin \u00e0 sa s\u00e9rie noire - La Diagonale\" \/>\n<meta property=\"og:description\" content=\"12 matches. C&rsquo;est ce qu&rsquo;il aura fallu au Groupe \u00c9lite de l&rsquo;AS Monaco pour retrouver le chemin du succ\u00e8s. Oppos\u00e9es \u00e0 l&rsquo;\u00e9quipe r\u00e9serve de Strasbourg ce mardi, au Centre de Performance de La Turbie, les jeunes pousses de l&rsquo;AS Monaco se sont impos\u00e9es au terme d&rsquo;un match spectaculaire (4-3), apr\u00e8s une premi\u00e8re confrontation entre les [...]\" \/>\n<meta property=\"og:url\" content=\"https:\/\/www.ladiagonale.net\/index.php\/2024\/04\/02\/le-groupe-elite-met-fin-a-sa-serie-noire\/\" \/>\n<meta property=\"og:site_name\" content=\"La Diagonale\" \/>\n<meta property=\"article:published_time\" content=\"2024-04-02T20:59:13+00:00\" \/>\n<meta property=\"article:modified_time\" content=\"2024-04-05T15:53:31+00:00\" \/>\n<meta property=\"og:image\" content=\"https:\/\/www.ladiagonale.net\/wp-content\/uploads\/2024\/03\/bertolucci.png\" \/>\n\t<meta property=\"og:image:width\" content=\"1160\" \/>\n\t<meta property=\"og:image:height\" content=\"650\" \/>\n\t<meta property=\"og:image:type\" content=\"image\/png\" \/>\n<meta name=\"author\" content=\"Damien Dellerba\" \/>\n<meta name=\"twitter:card\" content=\"summary_large_image\" \/>\n<meta name=\"twitter:image\" content=\"https:\/\/www.ladiagonale.net\/wp-content\/uploads\/2024\/03\/bertolucci.png\" \/>\n<meta name=\"twitter:label1\" content=\"\u00c9crit par\" \/>\n\t<meta name=\"twitter:data1\" content=\"Damien Dellerba\" \/>\n\t<meta name=\"twitter:label2\" content=\"Dur\u00e9e de lecture estim\u00e9e\" \/>\n\t<meta name=\"twitter:data2\" content=\"2 minutes\" \/>\n<script type=\"application\/ld+json\" class=\"yoast-schema-graph\">{\"@context\":\"https:\/\/schema.org\",\"@graph\":[{\"@type\":\"WebPage\",\"@id\":\"https:\/\/www.ladiagonale.net\/index.php\/2024\/04\/02\/le-groupe-elite-met-fin-a-sa-serie-noire\/\",\"url\":\"https:\/\/www.ladiagonale.net\/index.php\/2024\/04\/02\/le-groupe-elite-met-fin-a-sa-serie-noire\/\",\"name\":\"Le Groupe \u00c9lite met fin \u00e0 sa s\u00e9rie noire - La Diagonale\",\"isPartOf\":{\"@id\":\"https:\/\/www.ladiagonale.net\/#website\"},\"datePublished\":\"2024-04-02T20:59:13+00:00\",\"dateModified\":\"2024-04-05T15:53:31+00:00\",\"author\":{\"@id\":\"https:\/\/www.ladiagonale.net\/#\/schema\/person\/79ff1e7b0853ed01b2aa26e64ad300bf\"},\"breadcrumb\":{\"@id\":\"https:\/\/www.ladiagonale.net\/index.php\/2024\/04\/02\/le-groupe-elite-met-fin-a-sa-serie-noire\/#breadcrumb\"},\"inLanguage\":\"fr-FR\",\"potentialAction\":[{\"@type\":\"ReadAction\",\"target\":[\"https:\/\/www.ladiagonale.net\/index.php\/2024\/04\/02\/le-groupe-elite-met-fin-a-sa-serie-noire\/\"]}]},{\"@type\":\"BreadcrumbList\",\"@id\":\"https:\/\/www.ladiagonale.net\/index.php\/2024\/04\/02\/le-groupe-elite-met-fin-a-sa-serie-noire\/#breadcrumb\",\"itemListElement\":[{\"@type\":\"ListItem\",\"position\":1,\"name\":\"Accueil\",\"item\":\"https:\/\/www.ladiagonale.net\/\"},{\"@type\":\"ListItem\",\"position\":2,\"name\":\"Le Groupe \u00c9lite met fin \u00e0 sa s\u00e9rie noire\"}]},{\"@type\":\"WebSite\",\"@id\":\"https:\/\/www.ladiagonale.net\/#website\",\"url\":\"https:\/\/www.ladiagonale.net\/\",\"name\":\"La Diagonale\",\"description\":\"Le site des supporters de l&#039;AS Monaco FC\",\"potentialAction\":[{\"@type\":\"SearchAction\",\"target\":{\"@type\":\"EntryPoint\",\"urlTemplate\":\"https:\/\/www.ladiagonale.net\/?s={search_term_string}\"},\"query-input\":\"required name=search_term_string\"}],\"inLanguage\":\"fr-FR\"},{\"@type\":\"Person\",\"@id\":\"https:\/\/www.ladiagonale.net\/#\/schema\/person\/79ff1e7b0853ed01b2aa26e64ad300bf\",\"name\":\"Damien Dellerba\",\"image\":{\"@type\":\"ImageObject\",\"inLanguage\":\"fr-FR\",\"@id\":\"https:\/\/www.ladiagonale.net\/#\/schema\/person\/image\/\",\"url\":\"https:\/\/secure.gravatar.com\/avatar\/c7850e06d3ff63cdbaee88b7fc16e2f0?s=96&d=mm&r=g\",\"contentUrl\":\"https:\/\/secure.gravatar.com\/avatar\/c7850e06d3ff63cdbaee88b7fc16e2f0?s=96&d=mm&r=g\",\"caption\":\"Damien Dellerba\"},\"url\":\"https:\/\/www.ladiagonale.net\/index.php\/author\/damien\/\"}]}<\/script>\n<!-- \/ Yoast SEO plugin. -->","yoast_head_json":{"title":"Le Groupe \u00c9lite met fin \u00e0 sa s\u00e9rie noire - La Diagonale","robots":{"index":"index","follow":"follow","max-snippet":"max-snippet:-1","max-image-preview":"max-image-preview:large","max-video-preview":"max-video-preview:-1"},"canonical":"https:\/\/www.ladiagonale.net\/index.php\/2024\/04\/02\/le-groupe-elite-met-fin-a-sa-serie-noire\/","og_locale":"fr_FR","og_type":"article","og_title":"Le Groupe \u00c9lite met fin \u00e0 sa s\u00e9rie noire - La Diagonale","og_description":"12 matches. C&rsquo;est ce qu&rsquo;il aura fallu au Groupe \u00c9lite de l&rsquo;AS Monaco pour retrouver le chemin du succ\u00e8s. Oppos\u00e9es \u00e0 l&rsquo;\u00e9quipe r\u00e9serve de Strasbourg ce mardi, au Centre de Performance de La Turbie, les jeunes pousses de l&rsquo;AS Monaco se sont impos\u00e9es au terme d&rsquo;un match spectaculaire (4-3), apr\u00e8s une premi\u00e8re confrontation entre les [...]","og_url":"https:\/\/www.ladiagonale.net\/index.php\/2024\/04\/02\/le-groupe-elite-met-fin-a-sa-serie-noire\/","og_site_name":"La Diagonale","article_published_time":"2024-04-02T20:59:13+00:00","article_modified_time":"2024-04-05T15:53:31+00:00","og_image":[{"width":1160,"height":650,"url":"https:\/\/www.ladiagonale.net\/wp-content\/uploads\/2024\/03\/bertolucci.png","type":"image\/png"}],"author":"Damien Dellerba","twitter_card":"summary_large_image","twitter_image":"https:\/\/www.ladiagonale.net\/wp-content\/uploads\/2024\/03\/bertolucci.png","twitter_misc":{"\u00c9crit par":"Damien Dellerba","Dur\u00e9e de lecture estim\u00e9e":"2 minutes"},"schema":{"@context":"https:\/\/schema.org","@graph":[{"@type":"WebPage","@id":"https:\/\/www.ladiagonale.net\/index.php\/2024\/04\/02\/le-groupe-elite-met-fin-a-sa-serie-noire\/","url":"https:\/\/www.ladiagonale.net\/index.php\/2024\/04\/02\/le-groupe-elite-met-fin-a-sa-serie-noire\/","name":"Le Groupe \u00c9lite met fin \u00e0 sa s\u00e9rie noire - La Diagonale","isPartOf":{"@id":"https:\/\/www.ladiagonale.net\/#website"},"datePublished":"2024-04-02T20:59:13+00:00","dateModified":"2024-04-05T15:53:31+00:00","author":{"@id":"https:\/\/www.ladiagonale.net\/#\/schema\/person\/79ff1e7b0853ed01b2aa26e64ad300bf"},"breadcrumb":{"@id":"https:\/\/www.ladiagonale.net\/index.php\/2024\/04\/02\/le-groupe-elite-met-fin-a-sa-serie-noire\/#breadcrumb"},"inLanguage":"fr-FR","potentialAction":[{"@type":"ReadAction","target":["https:\/\/www.ladiagonale.net\/index.php\/2024\/04\/02\/le-groupe-elite-met-fin-a-sa-serie-noire\/"]}]},{"@type":"BreadcrumbList","@id":"https:\/\/www.ladiagonale.net\/index.php\/2024\/04\/02\/le-groupe-elite-met-fin-a-sa-serie-noire\/#breadcrumb","itemListElement":[{"@type":"ListItem","position":1,"name":"Accueil","item":"https:\/\/www.ladiagonale.net\/"},{"@type":"ListItem","position":2,"name":"Le Groupe \u00c9lite met fin \u00e0 sa s\u00e9rie noire"}]},{"@type":"WebSite","@id":"https:\/\/www.ladiagonale.net\/#website","url":"https:\/\/www.ladiagonale.net\/","name":"La Diagonale","description":"Le site des supporters de l&#039;AS Monaco FC","potentialAction":[{"@type":"SearchAction","target":{"@type":"EntryPoint","urlTemplate":"https:\/\/www.ladiagonale.net\/?s={search_term_string}"},"query-input":"required name=search_term_string"}],"inLanguage":"fr-FR"},{"@type":"Person","@id":"https:\/\/www.ladiagonale.net\/#\/schema\/person\/79ff1e7b0853ed01b2aa26e64ad300bf","name":"Damien Dellerba","image":{"@type":"ImageObject","inLanguage":"fr-FR","@id":"https:\/\/www.ladiagonale.net\/#\/schema\/person\/image\/","url":"https:\/\/secure.gravatar.com\/avatar\/c7850e06d3ff63cdbaee88b7fc16e2f0?s=96&d=mm&r=g","contentUrl":"https:\/\/secure.gravatar.com\/avatar\/c7850e06d3ff63cdbaee88b7fc16e2f0?s=96&d=mm&r=g","caption":"Damien Dellerba"},"url":"https:\/\/www.ladiagonale.net\/index.php\/author\/damien\/"}]}},"_links":{"self":[{"href":"https:\/\/www.ladiagonale.net\/index.php\/wp-json\/wp\/v2\/posts\/22049"}],"collection":[{"href":"https:\/\/www.ladiagonale.net\/index.php\/wp-json\/wp\/v2\/posts"}],"about":[{"href":"https:\/\/www.ladiagonale.net\/index.php\/wp-json\/wp\/v2\/types\/post"}],"author":[{"embeddable":true,"href":"https:\/\/www.ladiagonale.net\/index.php\/wp-json\/wp\/v2\/users\/2"}],"replies":[{"embeddable":true,"href":"https:\/\/www.ladiagonale.net\/index.php\/wp-json\/wp\/v2\/comments?post=22049"}],"version-history":[{"count":2,"href":"https:\/\/www.ladiagonale.net\/index.php\/wp-json\/wp\/v2\/posts\/22049\/revisions"}],"predecessor-version":[{"id":22112,"href":"https:\/\/www.ladiagonale.net\/index.php\/wp-json\/wp\/v2\/posts\/22049\/revisions\/22112"}],"wp:attachment":[{"href":"https:\/\/www.ladiagonale.net\/index.php\/wp-json\/wp\/v2\/media?parent=22049"}],"wp:term":[{"taxonomy":"category","embeddable":true,"href":"https:\/\/www.ladiagonale.net\/index.php\/wp-json\/wp\/v2\/categories?post=22049"},{"taxonomy":"post_tag","embeddable":true,"href":"https:\/\/www.ladiagonale.net\/index.php\/wp-json\/wp\/v2\/tags?post=22049"}],"curies":[{"name":"wp","href":"https:\/\/api.w.org\/{rel}","templated":true}]}}