{"id":22053,"date":"2024-04-03T13:34:28","date_gmt":"2024-04-03T11:34:28","guid":{"rendered":"https:\/\/www.ladiagonale.net\/?p=22053"},"modified":"2024-04-03T13:36:02","modified_gmt":"2024-04-03T11:36:02","slug":"la-contestee-frappart-au-sifflet-pour-monaco-rennes","status":"publish","type":"post","link":"https:\/\/www.ladiagonale.net\/index.php\/2024\/04\/03\/la-contestee-frappart-au-sifflet-pour-monaco-rennes\/","title":{"rendered":"La contest\u00e9e Frappart au sifflet pour Monaco-Rennes"},"content":{"rendered":"\n\n\n<p>Pour arbitrer une rencontre entre Monaco et Rennes qui peut \u00eatre d\u00e9terminante dans l&rsquo;optique d&rsquo;une saison prochaine agr\u00e9ment\u00e9e de coupe d&rsquo;Europe, la LFP a choisi St\u00e9phanie Frappart. Mika\u00ebl Berchebru et Thomas Luczynski ont \u00e9t\u00e9 nomm\u00e9s comme assistants de touche et J\u00e9r\u00e9mie Pignard et Mehdi Mokhtari comme assistants au VAR. <\/p>\n\n\n\n<p>L&rsquo;arbitre internationale n&rsquo;a encore jamais arbitr\u00e9 l&rsquo;ASM cette saison, mais reste \u00e0 voir si cette nomination r\u00e9sistera \u00e0 la pol\u00e9mique qui l&rsquo;entoure depuis mardi soir et la demi-finale de la Coupe de France ayant oppos\u00e9 Lyon \u00e0 Valenciennes. Lors de cette rencontre, Frappart a commis plusieurs erreurs et pris d&rsquo;autres d\u00e9cisions au moins contestables, ce qui a fait sortir de leurs gonds certains acteurs de la rencontre. Le journal <em>L&rsquo;\u00c9quipe<\/em> a \u00e9galement sanctionn\u00e9 sa prestation, qualifi\u00e9e d&rsquo;\u00ab&nbsp;<em>ex\u00e9crable<\/em>&nbsp;\u00bb, avec une note de 1\/10. <\/p>\n\n\n\n<blockquote class=\"twitter-tweet\"><p lang=\"ca\" dir=\"ltr\">Les tops-flops d&rsquo;OL-Valenciennes : <a href=\"https:\/\/t.co\/6DFRoVJx4W\">https:\/\/t.co\/6DFRoVJx4W<\/a> <a href=\"https:\/\/twitter.com\/hashtag\/OLVAFC?src=hash&amp;ref_src=twsrc%5Etfw\">#OLVAFC<\/a> <a href=\"https:\/\/t.co\/yEYLqhCaPK\">pic.twitter.com\/yEYLqhCaPK<\/a><\/p>\u2014 L&rsquo;\u00c9QUIPE (@lequipe) <a href=\"https:\/\/twitter.com\/lequipe\/status\/1775275531782750277?ref_src=twsrc%5Etfw\">April 2, 2024<\/a><\/blockquote> <script async=\"\" src=\"https:\/\/platform.twitter.com\/widgets.js\" charset=\"utf-8\"><\/script>\n\n\n\n<p>Lorsque certains arbitres se trouvent dans l&rsquo;\u0153il du cyclone apr\u00e8s une prestation douteuse, il n&rsquo;est pas rare de les voir remplac\u00e9s au pied lev\u00e9. Cela avait notamment \u00e9t\u00e9 le cas de Willy Delajod apr\u00e8s son match rat\u00e9 sur la rencontre entre Marseille et Monaco <em>(2-2, le 27 janvier)<\/em> qui avait fait couler beaucoup d&rsquo;encre et avait \u00e9t\u00e9 <a href=\"https:\/\/www.ladiagonale.net\/index.php\/2024\/01\/29\/ennjimi-dejuge-larbitre-dom-monaco\/\" target=\"_blank\" rel=\"noreferrer noopener\">largement critiqu\u00e9 par les observateurs et un ancien arbitre<\/a>.<\/p>\n","protected":false},"excerpt":{"rendered":"<p>Pour arbitrer une rencontre entre Monaco et Rennes qui peut \u00eatre d\u00e9terminante dans l&rsquo;optique d&rsquo;une saison prochaine agr\u00e9ment\u00e9e de coupe d&rsquo;Europe, la LFP a choisi St\u00e9phanie Frappart. Mika\u00ebl Berchebru et Thomas Luczynski ont \u00e9t\u00e9 nomm\u00e9s comme assistants de touche et J\u00e9r\u00e9mie Pignard et Mehdi Mokhtari comme assistants au VAR. L&rsquo;arbitre internationale n&rsquo;a encore jamais arbitr\u00e9 [&#8230;]\n","protected":false},"author":2,"featured_media":0,"comment_status":"open","ping_status":"open","sticky":false,"template":"","format":"standard","meta":[],"categories":[6],"tags":[156,86,94,222,274],"yoast_head":"<!-- This site is optimized with the Yoast SEO plugin v19.8 - https:\/\/yoast.com\/wordpress\/plugins\/seo\/ -->\n<title>La contest\u00e9e Frappart au sifflet pour Monaco-Rennes - La Diagonale<\/title>\n<meta name=\"robots\" content=\"index, follow, max-snippet:-1, max-image-preview:large, max-video-preview:-1\" \/>\n<link rel=\"canonical\" href=\"https:\/\/www.ladiagonale.net\/index.php\/2024\/04\/03\/la-contestee-frappart-au-sifflet-pour-monaco-rennes\/\" \/>\n<meta property=\"og:locale\" content=\"fr_FR\" \/>\n<meta property=\"og:type\" content=\"article\" \/>\n<meta property=\"og:title\" content=\"La contest\u00e9e Frappart au sifflet pour Monaco-Rennes - La Diagonale\" \/>\n<meta property=\"og:description\" content=\"Pour arbitrer une rencontre entre Monaco et Rennes qui peut \u00eatre d\u00e9terminante dans l&rsquo;optique d&rsquo;une saison prochaine agr\u00e9ment\u00e9e de coupe d&rsquo;Europe, la LFP a choisi St\u00e9phanie Frappart. Mika\u00ebl Berchebru et Thomas Luczynski ont \u00e9t\u00e9 nomm\u00e9s comme assistants de touche et J\u00e9r\u00e9mie Pignard et Mehdi Mokhtari comme assistants au VAR. L&rsquo;arbitre internationale n&rsquo;a encore jamais arbitr\u00e9 [...]\" \/>\n<meta property=\"og:url\" content=\"https:\/\/www.ladiagonale.net\/index.php\/2024\/04\/03\/la-contestee-frappart-au-sifflet-pour-monaco-rennes\/\" \/>\n<meta property=\"og:site_name\" content=\"La Diagonale\" \/>\n<meta property=\"article:published_time\" content=\"2024-04-03T11:34:28+00:00\" \/>\n<meta property=\"article:modified_time\" content=\"2024-04-03T11:36:02+00:00\" \/>\n<meta property=\"og:image\" content=\"https:\/\/www.ladiagonale.net\/wp-content\/uploads\/2022\/10\/frappart.png\" \/>\n\t<meta property=\"og:image:width\" content=\"1160\" \/>\n\t<meta property=\"og:image:height\" content=\"650\" \/>\n\t<meta property=\"og:image:type\" content=\"image\/png\" \/>\n<meta name=\"author\" content=\"Damien Dellerba\" \/>\n<meta name=\"twitter:card\" content=\"summary_large_image\" \/>\n<meta name=\"twitter:image\" content=\"https:\/\/www.ladiagonale.net\/wp-content\/uploads\/2022\/10\/frappart.png\" \/>\n<meta name=\"twitter:label1\" content=\"\u00c9crit par\" \/>\n\t<meta name=\"twitter:data1\" content=\"Damien Dellerba\" \/>\n\t<meta name=\"twitter:label2\" content=\"Dur\u00e9e de lecture estim\u00e9e\" \/>\n\t<meta name=\"twitter:data2\" content=\"2 minutes\" \/>\n<script type=\"application\/ld+json\" class=\"yoast-schema-graph\">{\"@context\":\"https:\/\/schema.org\",\"@graph\":[{\"@type\":\"WebPage\",\"@id\":\"https:\/\/www.ladiagonale.net\/index.php\/2024\/04\/03\/la-contestee-frappart-au-sifflet-pour-monaco-rennes\/\",\"url\":\"https:\/\/www.ladiagonale.net\/index.php\/2024\/04\/03\/la-contestee-frappart-au-sifflet-pour-monaco-rennes\/\",\"name\":\"La contest\u00e9e Frappart au sifflet pour Monaco-Rennes - La Diagonale\",\"isPartOf\":{\"@id\":\"https:\/\/www.ladiagonale.net\/#website\"},\"datePublished\":\"2024-04-03T11:34:28+00:00\",\"dateModified\":\"2024-04-03T11:36:02+00:00\",\"author\":{\"@id\":\"https:\/\/www.ladiagonale.net\/#\/schema\/person\/79ff1e7b0853ed01b2aa26e64ad300bf\"},\"breadcrumb\":{\"@id\":\"https:\/\/www.ladiagonale.net\/index.php\/2024\/04\/03\/la-contestee-frappart-au-sifflet-pour-monaco-rennes\/#breadcrumb\"},\"inLanguage\":\"fr-FR\",\"potentialAction\":[{\"@type\":\"ReadAction\",\"target\":[\"https:\/\/www.ladiagonale.net\/index.php\/2024\/04\/03\/la-contestee-frappart-au-sifflet-pour-monaco-rennes\/\"]}]},{\"@type\":\"BreadcrumbList\",\"@id\":\"https:\/\/www.ladiagonale.net\/index.php\/2024\/04\/03\/la-contestee-frappart-au-sifflet-pour-monaco-rennes\/#breadcrumb\",\"itemListElement\":[{\"@type\":\"ListItem\",\"position\":1,\"name\":\"Accueil\",\"item\":\"https:\/\/www.ladiagonale.net\/\"},{\"@type\":\"ListItem\",\"position\":2,\"name\":\"La contest\u00e9e Frappart au sifflet pour Monaco-Rennes\"}]},{\"@type\":\"WebSite\",\"@id\":\"https:\/\/www.ladiagonale.net\/#website\",\"url\":\"https:\/\/www.ladiagonale.net\/\",\"name\":\"La Diagonale\",\"description\":\"Le site des supporters de l&#039;AS Monaco FC\",\"potentialAction\":[{\"@type\":\"SearchAction\",\"target\":{\"@type\":\"EntryPoint\",\"urlTemplate\":\"https:\/\/www.ladiagonale.net\/?s={search_term_string}\"},\"query-input\":\"required name=search_term_string\"}],\"inLanguage\":\"fr-FR\"},{\"@type\":\"Person\",\"@id\":\"https:\/\/www.ladiagonale.net\/#\/schema\/person\/79ff1e7b0853ed01b2aa26e64ad300bf\",\"name\":\"Damien Dellerba\",\"image\":{\"@type\":\"ImageObject\",\"inLanguage\":\"fr-FR\",\"@id\":\"https:\/\/www.ladiagonale.net\/#\/schema\/person\/image\/\",\"url\":\"https:\/\/secure.gravatar.com\/avatar\/c7850e06d3ff63cdbaee88b7fc16e2f0?s=96&d=mm&r=g\",\"contentUrl\":\"https:\/\/secure.gravatar.com\/avatar\/c7850e06d3ff63cdbaee88b7fc16e2f0?s=96&d=mm&r=g\",\"caption\":\"Damien Dellerba\"},\"url\":\"https:\/\/www.ladiagonale.net\/index.php\/author\/damien\/\"}]}<\/script>\n<!-- \/ Yoast SEO plugin. -->","yoast_head_json":{"title":"La contest\u00e9e Frappart au sifflet pour Monaco-Rennes - La Diagonale","robots":{"index":"index","follow":"follow","max-snippet":"max-snippet:-1","max-image-preview":"max-image-preview:large","max-video-preview":"max-video-preview:-1"},"canonical":"https:\/\/www.ladiagonale.net\/index.php\/2024\/04\/03\/la-contestee-frappart-au-sifflet-pour-monaco-rennes\/","og_locale":"fr_FR","og_type":"article","og_title":"La contest\u00e9e Frappart au sifflet pour Monaco-Rennes - La Diagonale","og_description":"Pour arbitrer une rencontre entre Monaco et Rennes qui peut \u00eatre d\u00e9terminante dans l&rsquo;optique d&rsquo;une saison prochaine agr\u00e9ment\u00e9e de coupe d&rsquo;Europe, la LFP a choisi St\u00e9phanie Frappart. Mika\u00ebl Berchebru et Thomas Luczynski ont \u00e9t\u00e9 nomm\u00e9s comme assistants de touche et J\u00e9r\u00e9mie Pignard et Mehdi Mokhtari comme assistants au VAR. L&rsquo;arbitre internationale n&rsquo;a encore jamais arbitr\u00e9 [...]","og_url":"https:\/\/www.ladiagonale.net\/index.php\/2024\/04\/03\/la-contestee-frappart-au-sifflet-pour-monaco-rennes\/","og_site_name":"La Diagonale","article_published_time":"2024-04-03T11:34:28+00:00","article_modified_time":"2024-04-03T11:36:02+00:00","og_image":[{"width":1160,"height":650,"url":"https:\/\/www.ladiagonale.net\/wp-content\/uploads\/2022\/10\/frappart.png","type":"image\/png"}],"author":"Damien Dellerba","twitter_card":"summary_large_image","twitter_image":"https:\/\/www.ladiagonale.net\/wp-content\/uploads\/2022\/10\/frappart.png","twitter_misc":{"\u00c9crit par":"Damien Dellerba","Dur\u00e9e de lecture estim\u00e9e":"2 minutes"},"schema":{"@context":"https:\/\/schema.org","@graph":[{"@type":"WebPage","@id":"https:\/\/www.ladiagonale.net\/index.php\/2024\/04\/03\/la-contestee-frappart-au-sifflet-pour-monaco-rennes\/","url":"https:\/\/www.ladiagonale.net\/index.php\/2024\/04\/03\/la-contestee-frappart-au-sifflet-pour-monaco-rennes\/","name":"La contest\u00e9e Frappart au sifflet pour Monaco-Rennes - La Diagonale","isPartOf":{"@id":"https:\/\/www.ladiagonale.net\/#website"},"datePublished":"2024-04-03T11:34:28+00:00","dateModified":"2024-04-03T11:36:02+00:00","author":{"@id":"https:\/\/www.ladiagonale.net\/#\/schema\/person\/79ff1e7b0853ed01b2aa26e64ad300bf"},"breadcrumb":{"@id":"https:\/\/www.ladiagonale.net\/index.php\/2024\/04\/03\/la-contestee-frappart-au-sifflet-pour-monaco-rennes\/#breadcrumb"},"inLanguage":"fr-FR","potentialAction":[{"@type":"ReadAction","target":["https:\/\/www.ladiagonale.net\/index.php\/2024\/04\/03\/la-contestee-frappart-au-sifflet-pour-monaco-rennes\/"]}]},{"@type":"BreadcrumbList","@id":"https:\/\/www.ladiagonale.net\/index.php\/2024\/04\/03\/la-contestee-frappart-au-sifflet-pour-monaco-rennes\/#breadcrumb","itemListElement":[{"@type":"ListItem","position":1,"name":"Accueil","item":"https:\/\/www.ladiagonale.net\/"},{"@type":"ListItem","position":2,"name":"La contest\u00e9e Frappart au sifflet pour Monaco-Rennes"}]},{"@type":"WebSite","@id":"https:\/\/www.ladiagonale.net\/#website","url":"https:\/\/www.ladiagonale.net\/","name":"La Diagonale","description":"Le site des supporters de l&#039;AS Monaco FC","potentialAction":[{"@type":"SearchAction","target":{"@type":"EntryPoint","urlTemplate":"https:\/\/www.ladiagonale.net\/?s={search_term_string}"},"query-input":"required name=search_term_string"}],"inLanguage":"fr-FR"},{"@type":"Person","@id":"https:\/\/www.ladiagonale.net\/#\/schema\/person\/79ff1e7b0853ed01b2aa26e64ad300bf","name":"Damien Dellerba","image":{"@type":"ImageObject","inLanguage":"fr-FR","@id":"https:\/\/www.ladiagonale.net\/#\/schema\/person\/image\/","url":"https:\/\/secure.gravatar.com\/avatar\/c7850e06d3ff63cdbaee88b7fc16e2f0?s=96&d=mm&r=g","contentUrl":"https:\/\/secure.gravatar.com\/avatar\/c7850e06d3ff63cdbaee88b7fc16e2f0?s=96&d=mm&r=g","caption":"Damien Dellerba"},"url":"https:\/\/www.ladiagonale.net\/index.php\/author\/damien\/"}]}},"_links":{"self":[{"href":"https:\/\/www.ladiagonale.net\/index.php\/wp-json\/wp\/v2\/posts\/22053"}],"collection":[{"href":"https:\/\/www.ladiagonale.net\/index.php\/wp-json\/wp\/v2\/posts"}],"about":[{"href":"https:\/\/www.ladiagonale.net\/index.php\/wp-json\/wp\/v2\/types\/post"}],"author":[{"embeddable":true,"href":"https:\/\/www.ladiagonale.net\/index.php\/wp-json\/wp\/v2\/users\/2"}],"replies":[{"embeddable":true,"href":"https:\/\/www.ladiagonale.net\/index.php\/wp-json\/wp\/v2\/comments?post=22053"}],"version-history":[{"count":3,"href":"https:\/\/www.ladiagonale.net\/index.php\/wp-json\/wp\/v2\/posts\/22053\/revisions"}],"predecessor-version":[{"id":22056,"href":"https:\/\/www.ladiagonale.net\/index.php\/wp-json\/wp\/v2\/posts\/22053\/revisions\/22056"}],"wp:attachment":[{"href":"https:\/\/www.ladiagonale.net\/index.php\/wp-json\/wp\/v2\/media?parent=22053"}],"wp:term":[{"taxonomy":"category","embeddable":true,"href":"https:\/\/www.ladiagonale.net\/index.php\/wp-json\/wp\/v2\/categories?post=22053"},{"taxonomy":"post_tag","embeddable":true,"href":"https:\/\/www.ladiagonale.net\/index.php\/wp-json\/wp\/v2\/tags?post=22053"}],"curies":[{"name":"wp","href":"https:\/\/api.w.org\/{rel}","templated":true}]}}