{"id":22098,"date":"2024-04-05T16:17:03","date_gmt":"2024-04-05T14:17:03","guid":{"rendered":"https:\/\/www.ladiagonale.net\/?p=22098"},"modified":"2024-04-06T06:47:18","modified_gmt":"2024-04-06T04:47:18","slug":"camara-operationnel-pour-rennes","status":"publish","type":"post","link":"https:\/\/www.ladiagonale.net\/index.php\/2024\/04\/05\/camara-operationnel-pour-rennes\/","title":{"rendered":"Camara op\u00e9rationnel pour Rennes"},"content":{"rendered":"\n\n\n<p>La fin de saison approche et Monaco est en train de r\u00e9cup\u00e9rer progressivement tous ses joueurs, puisque seuls Guillermo Maripan et Caio Henrique ne sont pas encore disponibles. Apr\u00e8s le retour de Breel Embolo face \u00e0 Metz dans le groupe, c\u2019est Mohamed Camara qui devrait pouvoir \u00eatre de la partie pour la r\u00e9ception de Rennes ce dimanche. En conf\u00e9rence de presse, Adi H\u00fctter a indiqu\u00e9 que le milieu de terrain malien serait en mesure de jouer apr\u00e8s son entorse du genou gauche.<\/p>\n\n\n\n<p>\u00ab <em>L\u2019impression qu\u2019il m\u2019a fait cette semaine \u00e9tait tr\u00e8s bonne et c\u2019est un gar\u00e7on tr\u00e8s positif, qui apporte beaucoup de bonnes ondes dans l\u2019\u00e9quipe. Je pense qu\u2019il est pr\u00eat \u00e0 jouer, pas forc\u00e9ment dans le onze de d\u00e9part, mais il pourra nous aider.<\/em>&nbsp;<em>Il a \u00e9t\u00e9 r\u00e9int\u00e9gr\u00e9 pleinement aux s\u00e9ances d\u2019entra\u00eenement depuis hier (jeudi) mais il \u00e9tait dans le groupe depuis le d\u00e9but de la semaine. Nous \u00e9tions tr\u00e8s prudents, notamment dans les contacts, mais cela s\u2019est bien pass\u00e9. Et depuis deux jours il est en forme et il peut jouer son football.<\/em> \u00bb<\/p>\n\n\n\n<p>Breel Embolo pourrait fouler la pelouse ce week-end pour la premi\u00e8re fois de la saison : \u00ab&nbsp;<em>Oui, c\u2019est possible. Cela d\u00e9pendra du sc\u00e9nario du match, du r\u00e9sultat et le type de joueurs dont nous aurons besoin pour la fin du match, mais je pense que Breel est tr\u00e8s proche de pouvoir obtenir quelques minutes<\/em>&nbsp;\u00bb, a indiqu\u00e9 l\u2019entra\u00eeneur autrichien.<\/p>\n\n\n\n<h3 class=\"wp-block-heading\">Plus de qualit\u00e9 sur le sprint final<\/h3>\n\n\n\n<p>Enfin, Caio Henrique est lui aussi en train d\u2019entrevoir le bout du tunnel apr\u00e8s avoir repris l\u2019entra\u00eenement la semaine derni\u00e8re avec le Groupe \u00c9lite : \u00ab&nbsp;<em>Il sera dans le groupe avec nous \u00e0 l\u2019entra\u00eenement la semaine prochaine. Maripan (d\u00e9chirure du muscle poplit\u00e9 avec \u0153d\u00e8me osseux au genou gauche NDLR), dans les deux-trois prochaines semaines, sera aussi de retour dans l\u2019\u00e9quipe donc nous sommes heureux de cela<\/em>.&nbsp;\u00bb<\/p>\n\n\n\n<p>Avec Vanderson, Diatta, Jakobs et Salisu touch\u00e9s ces derni\u00e8res semaines, H\u00fctter s\u2019est surtout f\u00e9licit\u00e9 de r\u00e9cup\u00e9rer quasiment tous ses joueurs pour la derni\u00e8re ligne droite de la saison : \u00ab&nbsp;<em>L\u2019\u00e9quipe est en bonne forme et \u00e7a c\u2019est tr\u00e8s important pour les sept derniers matchs de la saison. Le sentiment est le m\u00eame qu\u2019en d\u00e9but de saison, lorsque nous avions beaucoup de possibilit\u00e9s pour les compositions. La qualit\u00e9 est plus grande qu\u2019il y a deux mois<\/em>.&nbsp;\u00bb<\/p>\n","protected":false},"excerpt":{"rendered":"<p>La fin de saison approche et Monaco est en train de r\u00e9cup\u00e9rer progressivement tous ses joueurs, puisque seuls Guillermo Maripan et Caio Henrique ne sont pas encore disponibles. Apr\u00e8s le retour de Breel Embolo face \u00e0 Metz dans le groupe, c\u2019est Mohamed Camara qui devrait pouvoir \u00eatre de la partie pour la r\u00e9ception de Rennes [&#8230;]\n","protected":false},"author":2,"featured_media":0,"comment_status":"open","ping_status":"open","sticky":false,"template":"","format":"standard","meta":[],"categories":[6],"tags":[86,196,94,222],"yoast_head":"<!-- This site is optimized with the Yoast SEO plugin v19.8 - https:\/\/yoast.com\/wordpress\/plugins\/seo\/ -->\n<title>Camara op\u00e9rationnel pour Rennes - La Diagonale<\/title>\n<meta name=\"robots\" content=\"index, follow, max-snippet:-1, max-image-preview:large, max-video-preview:-1\" \/>\n<link rel=\"canonical\" href=\"https:\/\/www.ladiagonale.net\/index.php\/2024\/04\/05\/camara-operationnel-pour-rennes\/\" \/>\n<meta property=\"og:locale\" content=\"fr_FR\" \/>\n<meta property=\"og:type\" content=\"article\" \/>\n<meta property=\"og:title\" content=\"Camara op\u00e9rationnel pour Rennes - La Diagonale\" \/>\n<meta property=\"og:description\" content=\"La fin de saison approche et Monaco est en train de r\u00e9cup\u00e9rer progressivement tous ses joueurs, puisque seuls Guillermo Maripan et Caio Henrique ne sont pas encore disponibles. Apr\u00e8s le retour de Breel Embolo face \u00e0 Metz dans le groupe, c\u2019est Mohamed Camara qui devrait pouvoir \u00eatre de la partie pour la r\u00e9ception de Rennes [...]\" \/>\n<meta property=\"og:url\" content=\"https:\/\/www.ladiagonale.net\/index.php\/2024\/04\/05\/camara-operationnel-pour-rennes\/\" \/>\n<meta property=\"og:site_name\" content=\"La Diagonale\" \/>\n<meta property=\"article:published_time\" content=\"2024-04-05T14:17:03+00:00\" \/>\n<meta property=\"article:modified_time\" content=\"2024-04-06T04:47:18+00:00\" \/>\n<meta property=\"og:image\" content=\"https:\/\/www.ladiagonale.net\/wp-content\/uploads\/2023\/09\/camara.png\" \/>\n\t<meta property=\"og:image:width\" content=\"1160\" \/>\n\t<meta property=\"og:image:height\" content=\"650\" \/>\n\t<meta property=\"og:image:type\" content=\"image\/png\" \/>\n<meta name=\"author\" content=\"Damien Dellerba\" \/>\n<meta name=\"twitter:card\" content=\"summary_large_image\" \/>\n<meta name=\"twitter:image\" content=\"https:\/\/www.ladiagonale.net\/wp-content\/uploads\/2023\/09\/camara.png\" \/>\n<meta name=\"twitter:label1\" content=\"\u00c9crit par\" \/>\n\t<meta name=\"twitter:data1\" content=\"Damien Dellerba\" \/>\n\t<meta name=\"twitter:label2\" content=\"Dur\u00e9e de lecture estim\u00e9e\" \/>\n\t<meta name=\"twitter:data2\" content=\"2 minutes\" \/>\n<script type=\"application\/ld+json\" class=\"yoast-schema-graph\">{\"@context\":\"https:\/\/schema.org\",\"@graph\":[{\"@type\":\"WebPage\",\"@id\":\"https:\/\/www.ladiagonale.net\/index.php\/2024\/04\/05\/camara-operationnel-pour-rennes\/\",\"url\":\"https:\/\/www.ladiagonale.net\/index.php\/2024\/04\/05\/camara-operationnel-pour-rennes\/\",\"name\":\"Camara op\u00e9rationnel pour Rennes - La Diagonale\",\"isPartOf\":{\"@id\":\"https:\/\/www.ladiagonale.net\/#website\"},\"datePublished\":\"2024-04-05T14:17:03+00:00\",\"dateModified\":\"2024-04-06T04:47:18+00:00\",\"author\":{\"@id\":\"https:\/\/www.ladiagonale.net\/#\/schema\/person\/79ff1e7b0853ed01b2aa26e64ad300bf\"},\"breadcrumb\":{\"@id\":\"https:\/\/www.ladiagonale.net\/index.php\/2024\/04\/05\/camara-operationnel-pour-rennes\/#breadcrumb\"},\"inLanguage\":\"fr-FR\",\"potentialAction\":[{\"@type\":\"ReadAction\",\"target\":[\"https:\/\/www.ladiagonale.net\/index.php\/2024\/04\/05\/camara-operationnel-pour-rennes\/\"]}]},{\"@type\":\"BreadcrumbList\",\"@id\":\"https:\/\/www.ladiagonale.net\/index.php\/2024\/04\/05\/camara-operationnel-pour-rennes\/#breadcrumb\",\"itemListElement\":[{\"@type\":\"ListItem\",\"position\":1,\"name\":\"Accueil\",\"item\":\"https:\/\/www.ladiagonale.net\/\"},{\"@type\":\"ListItem\",\"position\":2,\"name\":\"Camara op\u00e9rationnel pour Rennes\"}]},{\"@type\":\"WebSite\",\"@id\":\"https:\/\/www.ladiagonale.net\/#website\",\"url\":\"https:\/\/www.ladiagonale.net\/\",\"name\":\"La Diagonale\",\"description\":\"Le site des supporters de l&#039;AS Monaco FC\",\"potentialAction\":[{\"@type\":\"SearchAction\",\"target\":{\"@type\":\"EntryPoint\",\"urlTemplate\":\"https:\/\/www.ladiagonale.net\/?s={search_term_string}\"},\"query-input\":\"required name=search_term_string\"}],\"inLanguage\":\"fr-FR\"},{\"@type\":\"Person\",\"@id\":\"https:\/\/www.ladiagonale.net\/#\/schema\/person\/79ff1e7b0853ed01b2aa26e64ad300bf\",\"name\":\"Damien Dellerba\",\"image\":{\"@type\":\"ImageObject\",\"inLanguage\":\"fr-FR\",\"@id\":\"https:\/\/www.ladiagonale.net\/#\/schema\/person\/image\/\",\"url\":\"https:\/\/secure.gravatar.com\/avatar\/c7850e06d3ff63cdbaee88b7fc16e2f0?s=96&d=mm&r=g\",\"contentUrl\":\"https:\/\/secure.gravatar.com\/avatar\/c7850e06d3ff63cdbaee88b7fc16e2f0?s=96&d=mm&r=g\",\"caption\":\"Damien Dellerba\"},\"url\":\"https:\/\/www.ladiagonale.net\/index.php\/author\/damien\/\"}]}<\/script>\n<!-- \/ Yoast SEO plugin. -->","yoast_head_json":{"title":"Camara op\u00e9rationnel pour Rennes - La Diagonale","robots":{"index":"index","follow":"follow","max-snippet":"max-snippet:-1","max-image-preview":"max-image-preview:large","max-video-preview":"max-video-preview:-1"},"canonical":"https:\/\/www.ladiagonale.net\/index.php\/2024\/04\/05\/camara-operationnel-pour-rennes\/","og_locale":"fr_FR","og_type":"article","og_title":"Camara op\u00e9rationnel pour Rennes - La Diagonale","og_description":"La fin de saison approche et Monaco est en train de r\u00e9cup\u00e9rer progressivement tous ses joueurs, puisque seuls Guillermo Maripan et Caio Henrique ne sont pas encore disponibles. Apr\u00e8s le retour de Breel Embolo face \u00e0 Metz dans le groupe, c\u2019est Mohamed Camara qui devrait pouvoir \u00eatre de la partie pour la r\u00e9ception de Rennes [...]","og_url":"https:\/\/www.ladiagonale.net\/index.php\/2024\/04\/05\/camara-operationnel-pour-rennes\/","og_site_name":"La Diagonale","article_published_time":"2024-04-05T14:17:03+00:00","article_modified_time":"2024-04-06T04:47:18+00:00","og_image":[{"width":1160,"height":650,"url":"https:\/\/www.ladiagonale.net\/wp-content\/uploads\/2023\/09\/camara.png","type":"image\/png"}],"author":"Damien Dellerba","twitter_card":"summary_large_image","twitter_image":"https:\/\/www.ladiagonale.net\/wp-content\/uploads\/2023\/09\/camara.png","twitter_misc":{"\u00c9crit par":"Damien Dellerba","Dur\u00e9e de lecture estim\u00e9e":"2 minutes"},"schema":{"@context":"https:\/\/schema.org","@graph":[{"@type":"WebPage","@id":"https:\/\/www.ladiagonale.net\/index.php\/2024\/04\/05\/camara-operationnel-pour-rennes\/","url":"https:\/\/www.ladiagonale.net\/index.php\/2024\/04\/05\/camara-operationnel-pour-rennes\/","name":"Camara op\u00e9rationnel pour Rennes - La Diagonale","isPartOf":{"@id":"https:\/\/www.ladiagonale.net\/#website"},"datePublished":"2024-04-05T14:17:03+00:00","dateModified":"2024-04-06T04:47:18+00:00","author":{"@id":"https:\/\/www.ladiagonale.net\/#\/schema\/person\/79ff1e7b0853ed01b2aa26e64ad300bf"},"breadcrumb":{"@id":"https:\/\/www.ladiagonale.net\/index.php\/2024\/04\/05\/camara-operationnel-pour-rennes\/#breadcrumb"},"inLanguage":"fr-FR","potentialAction":[{"@type":"ReadAction","target":["https:\/\/www.ladiagonale.net\/index.php\/2024\/04\/05\/camara-operationnel-pour-rennes\/"]}]},{"@type":"BreadcrumbList","@id":"https:\/\/www.ladiagonale.net\/index.php\/2024\/04\/05\/camara-operationnel-pour-rennes\/#breadcrumb","itemListElement":[{"@type":"ListItem","position":1,"name":"Accueil","item":"https:\/\/www.ladiagonale.net\/"},{"@type":"ListItem","position":2,"name":"Camara op\u00e9rationnel pour Rennes"}]},{"@type":"WebSite","@id":"https:\/\/www.ladiagonale.net\/#website","url":"https:\/\/www.ladiagonale.net\/","name":"La Diagonale","description":"Le site des supporters de l&#039;AS Monaco FC","potentialAction":[{"@type":"SearchAction","target":{"@type":"EntryPoint","urlTemplate":"https:\/\/www.ladiagonale.net\/?s={search_term_string}"},"query-input":"required name=search_term_string"}],"inLanguage":"fr-FR"},{"@type":"Person","@id":"https:\/\/www.ladiagonale.net\/#\/schema\/person\/79ff1e7b0853ed01b2aa26e64ad300bf","name":"Damien Dellerba","image":{"@type":"ImageObject","inLanguage":"fr-FR","@id":"https:\/\/www.ladiagonale.net\/#\/schema\/person\/image\/","url":"https:\/\/secure.gravatar.com\/avatar\/c7850e06d3ff63cdbaee88b7fc16e2f0?s=96&d=mm&r=g","contentUrl":"https:\/\/secure.gravatar.com\/avatar\/c7850e06d3ff63cdbaee88b7fc16e2f0?s=96&d=mm&r=g","caption":"Damien Dellerba"},"url":"https:\/\/www.ladiagonale.net\/index.php\/author\/damien\/"}]}},"_links":{"self":[{"href":"https:\/\/www.ladiagonale.net\/index.php\/wp-json\/wp\/v2\/posts\/22098"}],"collection":[{"href":"https:\/\/www.ladiagonale.net\/index.php\/wp-json\/wp\/v2\/posts"}],"about":[{"href":"https:\/\/www.ladiagonale.net\/index.php\/wp-json\/wp\/v2\/types\/post"}],"author":[{"embeddable":true,"href":"https:\/\/www.ladiagonale.net\/index.php\/wp-json\/wp\/v2\/users\/2"}],"replies":[{"embeddable":true,"href":"https:\/\/www.ladiagonale.net\/index.php\/wp-json\/wp\/v2\/comments?post=22098"}],"version-history":[{"count":8,"href":"https:\/\/www.ladiagonale.net\/index.php\/wp-json\/wp\/v2\/posts\/22098\/revisions"}],"predecessor-version":[{"id":22133,"href":"https:\/\/www.ladiagonale.net\/index.php\/wp-json\/wp\/v2\/posts\/22098\/revisions\/22133"}],"wp:attachment":[{"href":"https:\/\/www.ladiagonale.net\/index.php\/wp-json\/wp\/v2\/media?parent=22098"}],"wp:term":[{"taxonomy":"category","embeddable":true,"href":"https:\/\/www.ladiagonale.net\/index.php\/wp-json\/wp\/v2\/categories?post=22098"},{"taxonomy":"post_tag","embeddable":true,"href":"https:\/\/www.ladiagonale.net\/index.php\/wp-json\/wp\/v2\/tags?post=22098"}],"curies":[{"name":"wp","href":"https:\/\/api.w.org\/{rel}","templated":true}]}}