{"id":22108,"date":"2024-04-05T16:55:59","date_gmt":"2024-04-05T14:55:59","guid":{"rendered":"https:\/\/www.ladiagonale.net\/?p=22108"},"modified":"2024-04-05T17:01:20","modified_gmt":"2024-04-05T15:01:20","slug":"magassa-serait-suivi-en-allemagne-et-en-angleterre","status":"publish","type":"post","link":"https:\/\/www.ladiagonale.net\/index.php\/2024\/04\/05\/magassa-serait-suivi-en-allemagne-et-en-angleterre\/","title":{"rendered":"Magassa serait suivi en Allemagne et en Angleterre"},"content":{"rendered":"\n\n\n<p>Surprise du d\u00e9but de saison \u00e0 l&rsquo;AS Monaco, o\u00f9 il avait \u00e9t\u00e9 titularis\u00e9 par Adi H\u00fctter en d\u00e9fense centrale sur les huit premi\u00e8res rencontres, Soungoutou Magassa n&rsquo;a pas laiss\u00e9 certaines \u00e9curies europ\u00e9ennes insensibles. Selon <em>Foot Mercato<\/em>, le milieu de terrain serait convoit\u00e9 par plusieurs clubs de <em>Premier League<\/em> et de <em>Bundesliga<\/em> en vue du prochain mercato estival. Les noms n&rsquo;ont cependant pas filtr\u00e9, de m\u00eame que la position de l&rsquo;ASM concernant son joueur de 20 ans.<\/p>\n\n\n\n<p>Sous contrat avec l&rsquo;ASM jusqu&rsquo;en juin 2027, apr\u00e8s avoir \u00e9t\u00e9 prolong\u00e9 en avril 2023, le polyvalent Magassa a vu son temps de jeu se r\u00e9duire comme peau de chagrin avec le retour de blessure de Mohammed Salisu et l&rsquo;arriv\u00e9e en pr\u00eat de Thilo Kehrer en janvier. Au total, il a pris part \u00e0 19 rencontres cette saison pour 15 titularisations. Lors des derniers matches, l&rsquo;international Espoirs (1 s\u00e9lection) a retrouv\u00e9 une place dans l&rsquo;entrejeu lors de ses entr\u00e9es.<\/p>\n","protected":false},"excerpt":{"rendered":"<p>Surprise du d\u00e9but de saison \u00e0 l&rsquo;AS Monaco, o\u00f9 il avait \u00e9t\u00e9 titularis\u00e9 par Adi H\u00fctter en d\u00e9fense centrale sur les huit premi\u00e8res rencontres, Soungoutou Magassa n&rsquo;a pas laiss\u00e9 certaines \u00e9curies europ\u00e9ennes insensibles. Selon Foot Mercato, le milieu de terrain serait convoit\u00e9 par plusieurs clubs de Premier League et de Bundesliga en vue du prochain [&#8230;]\n","protected":false},"author":2,"featured_media":0,"comment_status":"open","ping_status":"open","sticky":false,"template":"","format":"standard","meta":[],"categories":[6],"tags":[86,111,147,110],"yoast_head":"<!-- This site is optimized with the Yoast SEO plugin v19.8 - https:\/\/yoast.com\/wordpress\/plugins\/seo\/ -->\n<title>Magassa serait suivi en Allemagne et en Angleterre - La Diagonale<\/title>\n<meta name=\"robots\" content=\"index, follow, max-snippet:-1, max-image-preview:large, max-video-preview:-1\" \/>\n<link rel=\"canonical\" href=\"https:\/\/www.ladiagonale.net\/index.php\/2024\/04\/05\/magassa-serait-suivi-en-allemagne-et-en-angleterre\/\" \/>\n<meta property=\"og:locale\" content=\"fr_FR\" \/>\n<meta property=\"og:type\" content=\"article\" \/>\n<meta property=\"og:title\" content=\"Magassa serait suivi en Allemagne et en Angleterre - La Diagonale\" \/>\n<meta property=\"og:description\" content=\"Surprise du d\u00e9but de saison \u00e0 l&rsquo;AS Monaco, o\u00f9 il avait \u00e9t\u00e9 titularis\u00e9 par Adi H\u00fctter en d\u00e9fense centrale sur les huit premi\u00e8res rencontres, Soungoutou Magassa n&rsquo;a pas laiss\u00e9 certaines \u00e9curies europ\u00e9ennes insensibles. Selon Foot Mercato, le milieu de terrain serait convoit\u00e9 par plusieurs clubs de Premier League et de Bundesliga en vue du prochain [...]\" \/>\n<meta property=\"og:url\" content=\"https:\/\/www.ladiagonale.net\/index.php\/2024\/04\/05\/magassa-serait-suivi-en-allemagne-et-en-angleterre\/\" \/>\n<meta property=\"og:site_name\" content=\"La Diagonale\" \/>\n<meta property=\"article:published_time\" content=\"2024-04-05T14:55:59+00:00\" \/>\n<meta property=\"article:modified_time\" content=\"2024-04-05T15:01:20+00:00\" \/>\n<meta property=\"og:image\" content=\"https:\/\/www.ladiagonale.net\/wp-content\/uploads\/2023\/09\/magassa.png\" \/>\n\t<meta property=\"og:image:width\" content=\"1160\" \/>\n\t<meta property=\"og:image:height\" content=\"650\" \/>\n\t<meta property=\"og:image:type\" content=\"image\/png\" \/>\n<meta name=\"author\" content=\"Damien Dellerba\" \/>\n<meta name=\"twitter:card\" content=\"summary_large_image\" \/>\n<meta name=\"twitter:image\" content=\"https:\/\/www.ladiagonale.net\/wp-content\/uploads\/2023\/09\/magassa.png\" \/>\n<meta name=\"twitter:label1\" content=\"\u00c9crit par\" \/>\n\t<meta name=\"twitter:data1\" content=\"Damien Dellerba\" \/>\n\t<meta name=\"twitter:label2\" content=\"Dur\u00e9e de lecture estim\u00e9e\" \/>\n\t<meta name=\"twitter:data2\" content=\"1 minute\" \/>\n<script type=\"application\/ld+json\" class=\"yoast-schema-graph\">{\"@context\":\"https:\/\/schema.org\",\"@graph\":[{\"@type\":\"WebPage\",\"@id\":\"https:\/\/www.ladiagonale.net\/index.php\/2024\/04\/05\/magassa-serait-suivi-en-allemagne-et-en-angleterre\/\",\"url\":\"https:\/\/www.ladiagonale.net\/index.php\/2024\/04\/05\/magassa-serait-suivi-en-allemagne-et-en-angleterre\/\",\"name\":\"Magassa serait suivi en Allemagne et en Angleterre - La Diagonale\",\"isPartOf\":{\"@id\":\"https:\/\/www.ladiagonale.net\/#website\"},\"datePublished\":\"2024-04-05T14:55:59+00:00\",\"dateModified\":\"2024-04-05T15:01:20+00:00\",\"author\":{\"@id\":\"https:\/\/www.ladiagonale.net\/#\/schema\/person\/79ff1e7b0853ed01b2aa26e64ad300bf\"},\"breadcrumb\":{\"@id\":\"https:\/\/www.ladiagonale.net\/index.php\/2024\/04\/05\/magassa-serait-suivi-en-allemagne-et-en-angleterre\/#breadcrumb\"},\"inLanguage\":\"fr-FR\",\"potentialAction\":[{\"@type\":\"ReadAction\",\"target\":[\"https:\/\/www.ladiagonale.net\/index.php\/2024\/04\/05\/magassa-serait-suivi-en-allemagne-et-en-angleterre\/\"]}]},{\"@type\":\"BreadcrumbList\",\"@id\":\"https:\/\/www.ladiagonale.net\/index.php\/2024\/04\/05\/magassa-serait-suivi-en-allemagne-et-en-angleterre\/#breadcrumb\",\"itemListElement\":[{\"@type\":\"ListItem\",\"position\":1,\"name\":\"Accueil\",\"item\":\"https:\/\/www.ladiagonale.net\/\"},{\"@type\":\"ListItem\",\"position\":2,\"name\":\"Magassa serait suivi en Allemagne et en Angleterre\"}]},{\"@type\":\"WebSite\",\"@id\":\"https:\/\/www.ladiagonale.net\/#website\",\"url\":\"https:\/\/www.ladiagonale.net\/\",\"name\":\"La Diagonale\",\"description\":\"Le site des supporters de l&#039;AS Monaco FC\",\"potentialAction\":[{\"@type\":\"SearchAction\",\"target\":{\"@type\":\"EntryPoint\",\"urlTemplate\":\"https:\/\/www.ladiagonale.net\/?s={search_term_string}\"},\"query-input\":\"required name=search_term_string\"}],\"inLanguage\":\"fr-FR\"},{\"@type\":\"Person\",\"@id\":\"https:\/\/www.ladiagonale.net\/#\/schema\/person\/79ff1e7b0853ed01b2aa26e64ad300bf\",\"name\":\"Damien Dellerba\",\"image\":{\"@type\":\"ImageObject\",\"inLanguage\":\"fr-FR\",\"@id\":\"https:\/\/www.ladiagonale.net\/#\/schema\/person\/image\/\",\"url\":\"https:\/\/secure.gravatar.com\/avatar\/c7850e06d3ff63cdbaee88b7fc16e2f0?s=96&d=mm&r=g\",\"contentUrl\":\"https:\/\/secure.gravatar.com\/avatar\/c7850e06d3ff63cdbaee88b7fc16e2f0?s=96&d=mm&r=g\",\"caption\":\"Damien Dellerba\"},\"url\":\"https:\/\/www.ladiagonale.net\/index.php\/author\/damien\/\"}]}<\/script>\n<!-- \/ Yoast SEO plugin. -->","yoast_head_json":{"title":"Magassa serait suivi en Allemagne et en Angleterre - La Diagonale","robots":{"index":"index","follow":"follow","max-snippet":"max-snippet:-1","max-image-preview":"max-image-preview:large","max-video-preview":"max-video-preview:-1"},"canonical":"https:\/\/www.ladiagonale.net\/index.php\/2024\/04\/05\/magassa-serait-suivi-en-allemagne-et-en-angleterre\/","og_locale":"fr_FR","og_type":"article","og_title":"Magassa serait suivi en Allemagne et en Angleterre - La Diagonale","og_description":"Surprise du d\u00e9but de saison \u00e0 l&rsquo;AS Monaco, o\u00f9 il avait \u00e9t\u00e9 titularis\u00e9 par Adi H\u00fctter en d\u00e9fense centrale sur les huit premi\u00e8res rencontres, Soungoutou Magassa n&rsquo;a pas laiss\u00e9 certaines \u00e9curies europ\u00e9ennes insensibles. Selon Foot Mercato, le milieu de terrain serait convoit\u00e9 par plusieurs clubs de Premier League et de Bundesliga en vue du prochain [...]","og_url":"https:\/\/www.ladiagonale.net\/index.php\/2024\/04\/05\/magassa-serait-suivi-en-allemagne-et-en-angleterre\/","og_site_name":"La Diagonale","article_published_time":"2024-04-05T14:55:59+00:00","article_modified_time":"2024-04-05T15:01:20+00:00","og_image":[{"width":1160,"height":650,"url":"https:\/\/www.ladiagonale.net\/wp-content\/uploads\/2023\/09\/magassa.png","type":"image\/png"}],"author":"Damien Dellerba","twitter_card":"summary_large_image","twitter_image":"https:\/\/www.ladiagonale.net\/wp-content\/uploads\/2023\/09\/magassa.png","twitter_misc":{"\u00c9crit par":"Damien Dellerba","Dur\u00e9e de lecture estim\u00e9e":"1 minute"},"schema":{"@context":"https:\/\/schema.org","@graph":[{"@type":"WebPage","@id":"https:\/\/www.ladiagonale.net\/index.php\/2024\/04\/05\/magassa-serait-suivi-en-allemagne-et-en-angleterre\/","url":"https:\/\/www.ladiagonale.net\/index.php\/2024\/04\/05\/magassa-serait-suivi-en-allemagne-et-en-angleterre\/","name":"Magassa serait suivi en Allemagne et en Angleterre - La Diagonale","isPartOf":{"@id":"https:\/\/www.ladiagonale.net\/#website"},"datePublished":"2024-04-05T14:55:59+00:00","dateModified":"2024-04-05T15:01:20+00:00","author":{"@id":"https:\/\/www.ladiagonale.net\/#\/schema\/person\/79ff1e7b0853ed01b2aa26e64ad300bf"},"breadcrumb":{"@id":"https:\/\/www.ladiagonale.net\/index.php\/2024\/04\/05\/magassa-serait-suivi-en-allemagne-et-en-angleterre\/#breadcrumb"},"inLanguage":"fr-FR","potentialAction":[{"@type":"ReadAction","target":["https:\/\/www.ladiagonale.net\/index.php\/2024\/04\/05\/magassa-serait-suivi-en-allemagne-et-en-angleterre\/"]}]},{"@type":"BreadcrumbList","@id":"https:\/\/www.ladiagonale.net\/index.php\/2024\/04\/05\/magassa-serait-suivi-en-allemagne-et-en-angleterre\/#breadcrumb","itemListElement":[{"@type":"ListItem","position":1,"name":"Accueil","item":"https:\/\/www.ladiagonale.net\/"},{"@type":"ListItem","position":2,"name":"Magassa serait suivi en Allemagne et en Angleterre"}]},{"@type":"WebSite","@id":"https:\/\/www.ladiagonale.net\/#website","url":"https:\/\/www.ladiagonale.net\/","name":"La Diagonale","description":"Le site des supporters de l&#039;AS Monaco FC","potentialAction":[{"@type":"SearchAction","target":{"@type":"EntryPoint","urlTemplate":"https:\/\/www.ladiagonale.net\/?s={search_term_string}"},"query-input":"required name=search_term_string"}],"inLanguage":"fr-FR"},{"@type":"Person","@id":"https:\/\/www.ladiagonale.net\/#\/schema\/person\/79ff1e7b0853ed01b2aa26e64ad300bf","name":"Damien Dellerba","image":{"@type":"ImageObject","inLanguage":"fr-FR","@id":"https:\/\/www.ladiagonale.net\/#\/schema\/person\/image\/","url":"https:\/\/secure.gravatar.com\/avatar\/c7850e06d3ff63cdbaee88b7fc16e2f0?s=96&d=mm&r=g","contentUrl":"https:\/\/secure.gravatar.com\/avatar\/c7850e06d3ff63cdbaee88b7fc16e2f0?s=96&d=mm&r=g","caption":"Damien Dellerba"},"url":"https:\/\/www.ladiagonale.net\/index.php\/author\/damien\/"}]}},"_links":{"self":[{"href":"https:\/\/www.ladiagonale.net\/index.php\/wp-json\/wp\/v2\/posts\/22108"}],"collection":[{"href":"https:\/\/www.ladiagonale.net\/index.php\/wp-json\/wp\/v2\/posts"}],"about":[{"href":"https:\/\/www.ladiagonale.net\/index.php\/wp-json\/wp\/v2\/types\/post"}],"author":[{"embeddable":true,"href":"https:\/\/www.ladiagonale.net\/index.php\/wp-json\/wp\/v2\/users\/2"}],"replies":[{"embeddable":true,"href":"https:\/\/www.ladiagonale.net\/index.php\/wp-json\/wp\/v2\/comments?post=22108"}],"version-history":[{"count":3,"href":"https:\/\/www.ladiagonale.net\/index.php\/wp-json\/wp\/v2\/posts\/22108\/revisions"}],"predecessor-version":[{"id":22111,"href":"https:\/\/www.ladiagonale.net\/index.php\/wp-json\/wp\/v2\/posts\/22108\/revisions\/22111"}],"wp:attachment":[{"href":"https:\/\/www.ladiagonale.net\/index.php\/wp-json\/wp\/v2\/media?parent=22108"}],"wp:term":[{"taxonomy":"category","embeddable":true,"href":"https:\/\/www.ladiagonale.net\/index.php\/wp-json\/wp\/v2\/categories?post=22108"},{"taxonomy":"post_tag","embeddable":true,"href":"https:\/\/www.ladiagonale.net\/index.php\/wp-json\/wp\/v2\/tags?post=22108"}],"curies":[{"name":"wp","href":"https:\/\/api.w.org\/{rel}","templated":true}]}}