{"id":22114,"date":"2024-04-05T18:04:48","date_gmt":"2024-04-05T16:04:48","guid":{"rendered":"https:\/\/www.ladiagonale.net\/?p=22114"},"modified":"2024-04-05T18:08:32","modified_gmt":"2024-04-05T16:08:32","slug":"hutter-des-semaines-decisives","status":"publish","type":"post","link":"https:\/\/www.ladiagonale.net\/index.php\/2024\/04\/05\/hutter-des-semaines-decisives\/","title":{"rendered":"H\u00fctter : \u00ab\u00a0Des semaines d\u00e9cisives\u00a0\u00bb"},"content":{"rendered":"\n\n\n<p>Troisi\u00e8me avec trois points d\u2019avance sur la quatri\u00e8me place, l\u2019AS Monaco est en position de force en vue d\u2019une qualification pour la Ligue des champions. Mais les prochaines \u00e9ch\u00e9ances vont \u00eatre capitales pour l\u2019ASM, comme l\u2019a reconnu son entra\u00eeneur Adi H\u00fctter : \u00ab\u00a0<em>Il y a beaucoup de grandes confrontations \u00e0 venir et \u00e7a va d\u00e9marrer ce dimanche contre Rennes. (\u2026) Apr\u00e8s il y aura d\u2019autres grosses confrontations face \u00e0 Brest, Lille et Lyon. Ce sont des semaines d\u00e9cisives pour nous mais je pense que nous sommes bien pr\u00e9par\u00e9s.<\/em>\u00a0\u00bb<\/p>\n\n\n\n<p>L\u2019entra\u00eeneur autrichien s\u2019est donc concentr\u00e9 en priorit\u00e9 sur Rennes, qui viendra au stade Louis-II ce dimanche (17h05) : \u00ab\u00a0<em>C\u2019est une bonne \u00e9quipe en Ligue 1. Avec leurs qualit\u00e9s, ils peuvent se battre pour les comp\u00e9titions europ\u00e9ennes car ils sont tr\u00e8s forts. Contre Paris, en demi-finale de la Coupe de France, ils ont fait un bon match et n\u2019\u00e9taient pas loin de se qualifier pour la finale. Donc il faudra les respecter.<\/em>\u00a0\u00bb<\/p>\n\n\n\n<h3>H\u00fctter heureux \u00e0 quatre derri\u00e8re<\/h3>\n\n\n\n<p>\u00c0 quel type d\u2019opposition s\u2019attend H\u00fctter ? \u00ab\u00a0<em>C\u2019est une tr\u00e8s belle \u00e9quipe avec beaucoup de joueurs qui peuvent changer le match. Ils peuvent jouer avec diff\u00e9rentes compositions. Ils d\u00e9fendent bien en bloc m\u00e9dian et parfois en bloc haut. Ils sont dangereux sur les contres et les coups de pied arr\u00eat\u00e9s. Je m\u2019attends \u00e0 ce que ce soit un match tr\u00e8s difficile. (\u2026) Je ne pense pas qu\u2019ils viendront nous presser haut. Ils d\u00e9fendront en bloc m\u00e9dian, bien organis\u00e9s pour nous laisser le moins d\u2019espaces possibles pour jouer.<\/em>\u00a0\u00bb Malicieux, l\u2019ancien entra\u00eeneur de M\u00f6nchengladbach a \u00e9galement gliss\u00e9 qu\u2019en ce moment, affronter Monaco \u00ab\u00a0<em>n\u2019\u00e9tait pas si simple non plus<\/em>\u00a0\u00bb.<\/p>\n\n\n\n<p>Comment les Mon\u00e9gasques vont jouer ? Le coach de l\u2019ASM est heureux avec la d\u00e9fense \u00e0 quatre mais n\u2019h\u00e9sitera pas \u00e0 s\u2019adapter si n\u00e9cessaire : \u00ab\u00a0<em>Pour le moment, on s\u2019est habitu\u00e9 \u00e0 jouer \u00e0 quatre, mais cela d\u00e9pendra des adversaires, de leurs compositions, et de ce qu\u2019ils changeront. Nous aurons la possibilit\u00e9 de changer et d\u2019\u00eatre flexibles dans notre syst\u00e8me, mais je suis heureux \u00e0 quatre derri\u00e8re. Nous avons fait aussi de tr\u00e8s, tr\u00e8s bons matchs avec trois d\u00e9fenseurs.<\/em>\u00a0\u00bb H\u00fctter est surtout satisfait d\u2019avoir un groupe quasi au complet pour avoir l\u2019embarras du choix : \u00ab\u00a0<em>Nous avons un onze qui est capable de gagner sur le terrain mais nous avons \u00e9galement de bonnes options sur le banc pour changer le cours du match.<\/em>\u00a0\u00bb<\/p>\n\n\n\n<blockquote class=\"wp-block-quote\"><p>\u00ab Notre objectif est de cr\u00e9er un \u00e9cart \u00bb<\/p><\/blockquote>\n\n\n\n<p>L\u2019ASM dispose actuellement de dix points d\u2019avance sur la formation bretonne et l\u2019emporter permettrait de les mettre potentiellement hors course pour le podium : \u00ab\u00a0<em>C\u2019est l\u2019un de nos grands objectifs : cr\u00e9er un \u00e9cart avec le Stade Rennais et mettre nos autres concurrents sous pression. (&#8230;) Je pense que c\u2019est la deuxi\u00e8me meilleure \u00e9quipe depuis janvier, avec 20 points. Nous en avons pris 16 donc c\u2019est quatre points de mieux que nous mais la diff\u00e9rence est de 10 points au classement, donc on peut faire un grand pas en avant et creuser l\u2019\u00e9cart.<\/em>\u00a0\u00bb<\/p>\n\n\n\n<p>Et H\u00fctter de regretter de nouveau les points perdus trop fr\u00e9quemment \u00e0 domicile, ce qui aurait pu permettre \u00e0 l\u2019ASM de viser plus haut dans ce championnat : \u00ab <em>Nous avons perdu beaucoup trop de points \u00e0 la maison, tandis qu\u2019\u00e0 l\u2019ext\u00e9rieur, nos statistiques sont fantastiques. \u00c0 la maison nous avons eu du mal. Sur les six derniers matchs \u00e0 la maison, nous n\u2019avons pris que trois points sur 18 et ce n\u2019est pas tr\u00e8s bon. Si nous avions fait neuf ou dix points, 7-8 au minimum, nous serions facilement deuxi\u00e8mes. Maintenant, c\u2019est une grande bataille pour les trois places qualificatives pour la Ligue des champions.<\/em>\u00a0\u00bb<\/p>\n","protected":false},"excerpt":{"rendered":"<p>Troisi\u00e8me avec trois points d\u2019avance sur la quatri\u00e8me place, l\u2019AS Monaco est en position de force en vue d\u2019une qualification pour la Ligue des champions. Mais les prochaines \u00e9ch\u00e9ances vont \u00eatre capitales pour l\u2019ASM, comme l\u2019a reconnu son entra\u00eeneur Adi H\u00fctter : \u00ab\u00a0Il y a beaucoup de grandes confrontations \u00e0 venir et \u00e7a va d\u00e9marrer [&#8230;]\n","protected":false},"author":2,"featured_media":0,"comment_status":"open","ping_status":"open","sticky":false,"template":"","format":"standard","meta":[],"categories":[6],"tags":[576,86,94,222],"yoast_head":"<!-- This site is optimized with the Yoast SEO plugin v19.8 - https:\/\/yoast.com\/wordpress\/plugins\/seo\/ -->\n<title>H\u00fctter : \u00ab\u00a0Des semaines d\u00e9cisives\u00a0\u00bb - La Diagonale<\/title>\n<meta name=\"robots\" content=\"index, follow, max-snippet:-1, max-image-preview:large, max-video-preview:-1\" \/>\n<link rel=\"canonical\" href=\"https:\/\/www.ladiagonale.net\/index.php\/2024\/04\/05\/hutter-des-semaines-decisives\/\" \/>\n<meta property=\"og:locale\" content=\"fr_FR\" \/>\n<meta property=\"og:type\" content=\"article\" \/>\n<meta property=\"og:title\" content=\"H\u00fctter : \u00ab\u00a0Des semaines d\u00e9cisives\u00a0\u00bb - La Diagonale\" \/>\n<meta property=\"og:description\" content=\"Troisi\u00e8me avec trois points d\u2019avance sur la quatri\u00e8me place, l\u2019AS Monaco est en position de force en vue d\u2019une qualification pour la Ligue des champions. Mais les prochaines \u00e9ch\u00e9ances vont \u00eatre capitales pour l\u2019ASM, comme l\u2019a reconnu son entra\u00eeneur Adi H\u00fctter : \u00ab\u00a0Il y a beaucoup de grandes confrontations \u00e0 venir et \u00e7a va d\u00e9marrer [...]\" \/>\n<meta property=\"og:url\" content=\"https:\/\/www.ladiagonale.net\/index.php\/2024\/04\/05\/hutter-des-semaines-decisives\/\" \/>\n<meta property=\"og:site_name\" content=\"La Diagonale\" \/>\n<meta property=\"article:published_time\" content=\"2024-04-05T16:04:48+00:00\" \/>\n<meta property=\"article:modified_time\" content=\"2024-04-05T16:08:32+00:00\" \/>\n<meta property=\"og:image\" content=\"https:\/\/www.ladiagonale.net\/wp-content\/uploads\/2023\/09\/hutter3.png\" \/>\n\t<meta property=\"og:image:width\" content=\"1160\" \/>\n\t<meta property=\"og:image:height\" content=\"650\" \/>\n\t<meta property=\"og:image:type\" content=\"image\/png\" \/>\n<meta name=\"author\" content=\"Damien Dellerba\" \/>\n<meta name=\"twitter:card\" content=\"summary_large_image\" \/>\n<meta name=\"twitter:image\" content=\"https:\/\/www.ladiagonale.net\/wp-content\/uploads\/2023\/09\/hutter3.png\" \/>\n<meta name=\"twitter:label1\" content=\"\u00c9crit par\" \/>\n\t<meta name=\"twitter:data1\" content=\"Damien Dellerba\" \/>\n\t<meta name=\"twitter:label2\" content=\"Dur\u00e9e de lecture estim\u00e9e\" \/>\n\t<meta name=\"twitter:data2\" content=\"4 minutes\" \/>\n<script type=\"application\/ld+json\" class=\"yoast-schema-graph\">{\"@context\":\"https:\/\/schema.org\",\"@graph\":[{\"@type\":\"WebPage\",\"@id\":\"https:\/\/www.ladiagonale.net\/index.php\/2024\/04\/05\/hutter-des-semaines-decisives\/\",\"url\":\"https:\/\/www.ladiagonale.net\/index.php\/2024\/04\/05\/hutter-des-semaines-decisives\/\",\"name\":\"H\u00fctter : \u00ab\u00a0Des semaines d\u00e9cisives\u00a0\u00bb - La Diagonale\",\"isPartOf\":{\"@id\":\"https:\/\/www.ladiagonale.net\/#website\"},\"datePublished\":\"2024-04-05T16:04:48+00:00\",\"dateModified\":\"2024-04-05T16:08:32+00:00\",\"author\":{\"@id\":\"https:\/\/www.ladiagonale.net\/#\/schema\/person\/79ff1e7b0853ed01b2aa26e64ad300bf\"},\"breadcrumb\":{\"@id\":\"https:\/\/www.ladiagonale.net\/index.php\/2024\/04\/05\/hutter-des-semaines-decisives\/#breadcrumb\"},\"inLanguage\":\"fr-FR\",\"potentialAction\":[{\"@type\":\"ReadAction\",\"target\":[\"https:\/\/www.ladiagonale.net\/index.php\/2024\/04\/05\/hutter-des-semaines-decisives\/\"]}]},{\"@type\":\"BreadcrumbList\",\"@id\":\"https:\/\/www.ladiagonale.net\/index.php\/2024\/04\/05\/hutter-des-semaines-decisives\/#breadcrumb\",\"itemListElement\":[{\"@type\":\"ListItem\",\"position\":1,\"name\":\"Accueil\",\"item\":\"https:\/\/www.ladiagonale.net\/\"},{\"@type\":\"ListItem\",\"position\":2,\"name\":\"H\u00fctter : \u00ab\u00a0Des semaines d\u00e9cisives\u00a0\u00bb\"}]},{\"@type\":\"WebSite\",\"@id\":\"https:\/\/www.ladiagonale.net\/#website\",\"url\":\"https:\/\/www.ladiagonale.net\/\",\"name\":\"La Diagonale\",\"description\":\"Le site des supporters de l&#039;AS Monaco FC\",\"potentialAction\":[{\"@type\":\"SearchAction\",\"target\":{\"@type\":\"EntryPoint\",\"urlTemplate\":\"https:\/\/www.ladiagonale.net\/?s={search_term_string}\"},\"query-input\":\"required name=search_term_string\"}],\"inLanguage\":\"fr-FR\"},{\"@type\":\"Person\",\"@id\":\"https:\/\/www.ladiagonale.net\/#\/schema\/person\/79ff1e7b0853ed01b2aa26e64ad300bf\",\"name\":\"Damien Dellerba\",\"image\":{\"@type\":\"ImageObject\",\"inLanguage\":\"fr-FR\",\"@id\":\"https:\/\/www.ladiagonale.net\/#\/schema\/person\/image\/\",\"url\":\"https:\/\/secure.gravatar.com\/avatar\/c7850e06d3ff63cdbaee88b7fc16e2f0?s=96&d=mm&r=g\",\"contentUrl\":\"https:\/\/secure.gravatar.com\/avatar\/c7850e06d3ff63cdbaee88b7fc16e2f0?s=96&d=mm&r=g\",\"caption\":\"Damien Dellerba\"},\"url\":\"https:\/\/www.ladiagonale.net\/index.php\/author\/damien\/\"}]}<\/script>\n<!-- \/ Yoast SEO plugin. -->","yoast_head_json":{"title":"H\u00fctter : \u00ab\u00a0Des semaines d\u00e9cisives\u00a0\u00bb - La Diagonale","robots":{"index":"index","follow":"follow","max-snippet":"max-snippet:-1","max-image-preview":"max-image-preview:large","max-video-preview":"max-video-preview:-1"},"canonical":"https:\/\/www.ladiagonale.net\/index.php\/2024\/04\/05\/hutter-des-semaines-decisives\/","og_locale":"fr_FR","og_type":"article","og_title":"H\u00fctter : \u00ab\u00a0Des semaines d\u00e9cisives\u00a0\u00bb - La Diagonale","og_description":"Troisi\u00e8me avec trois points d\u2019avance sur la quatri\u00e8me place, l\u2019AS Monaco est en position de force en vue d\u2019une qualification pour la Ligue des champions. Mais les prochaines \u00e9ch\u00e9ances vont \u00eatre capitales pour l\u2019ASM, comme l\u2019a reconnu son entra\u00eeneur Adi H\u00fctter : \u00ab\u00a0Il y a beaucoup de grandes confrontations \u00e0 venir et \u00e7a va d\u00e9marrer [...]","og_url":"https:\/\/www.ladiagonale.net\/index.php\/2024\/04\/05\/hutter-des-semaines-decisives\/","og_site_name":"La Diagonale","article_published_time":"2024-04-05T16:04:48+00:00","article_modified_time":"2024-04-05T16:08:32+00:00","og_image":[{"width":1160,"height":650,"url":"https:\/\/www.ladiagonale.net\/wp-content\/uploads\/2023\/09\/hutter3.png","type":"image\/png"}],"author":"Damien Dellerba","twitter_card":"summary_large_image","twitter_image":"https:\/\/www.ladiagonale.net\/wp-content\/uploads\/2023\/09\/hutter3.png","twitter_misc":{"\u00c9crit par":"Damien Dellerba","Dur\u00e9e de lecture estim\u00e9e":"4 minutes"},"schema":{"@context":"https:\/\/schema.org","@graph":[{"@type":"WebPage","@id":"https:\/\/www.ladiagonale.net\/index.php\/2024\/04\/05\/hutter-des-semaines-decisives\/","url":"https:\/\/www.ladiagonale.net\/index.php\/2024\/04\/05\/hutter-des-semaines-decisives\/","name":"H\u00fctter : \u00ab\u00a0Des semaines d\u00e9cisives\u00a0\u00bb - La Diagonale","isPartOf":{"@id":"https:\/\/www.ladiagonale.net\/#website"},"datePublished":"2024-04-05T16:04:48+00:00","dateModified":"2024-04-05T16:08:32+00:00","author":{"@id":"https:\/\/www.ladiagonale.net\/#\/schema\/person\/79ff1e7b0853ed01b2aa26e64ad300bf"},"breadcrumb":{"@id":"https:\/\/www.ladiagonale.net\/index.php\/2024\/04\/05\/hutter-des-semaines-decisives\/#breadcrumb"},"inLanguage":"fr-FR","potentialAction":[{"@type":"ReadAction","target":["https:\/\/www.ladiagonale.net\/index.php\/2024\/04\/05\/hutter-des-semaines-decisives\/"]}]},{"@type":"BreadcrumbList","@id":"https:\/\/www.ladiagonale.net\/index.php\/2024\/04\/05\/hutter-des-semaines-decisives\/#breadcrumb","itemListElement":[{"@type":"ListItem","position":1,"name":"Accueil","item":"https:\/\/www.ladiagonale.net\/"},{"@type":"ListItem","position":2,"name":"H\u00fctter : \u00ab\u00a0Des semaines d\u00e9cisives\u00a0\u00bb"}]},{"@type":"WebSite","@id":"https:\/\/www.ladiagonale.net\/#website","url":"https:\/\/www.ladiagonale.net\/","name":"La Diagonale","description":"Le site des supporters de l&#039;AS Monaco FC","potentialAction":[{"@type":"SearchAction","target":{"@type":"EntryPoint","urlTemplate":"https:\/\/www.ladiagonale.net\/?s={search_term_string}"},"query-input":"required name=search_term_string"}],"inLanguage":"fr-FR"},{"@type":"Person","@id":"https:\/\/www.ladiagonale.net\/#\/schema\/person\/79ff1e7b0853ed01b2aa26e64ad300bf","name":"Damien Dellerba","image":{"@type":"ImageObject","inLanguage":"fr-FR","@id":"https:\/\/www.ladiagonale.net\/#\/schema\/person\/image\/","url":"https:\/\/secure.gravatar.com\/avatar\/c7850e06d3ff63cdbaee88b7fc16e2f0?s=96&d=mm&r=g","contentUrl":"https:\/\/secure.gravatar.com\/avatar\/c7850e06d3ff63cdbaee88b7fc16e2f0?s=96&d=mm&r=g","caption":"Damien Dellerba"},"url":"https:\/\/www.ladiagonale.net\/index.php\/author\/damien\/"}]}},"_links":{"self":[{"href":"https:\/\/www.ladiagonale.net\/index.php\/wp-json\/wp\/v2\/posts\/22114"}],"collection":[{"href":"https:\/\/www.ladiagonale.net\/index.php\/wp-json\/wp\/v2\/posts"}],"about":[{"href":"https:\/\/www.ladiagonale.net\/index.php\/wp-json\/wp\/v2\/types\/post"}],"author":[{"embeddable":true,"href":"https:\/\/www.ladiagonale.net\/index.php\/wp-json\/wp\/v2\/users\/2"}],"replies":[{"embeddable":true,"href":"https:\/\/www.ladiagonale.net\/index.php\/wp-json\/wp\/v2\/comments?post=22114"}],"version-history":[{"count":10,"href":"https:\/\/www.ladiagonale.net\/index.php\/wp-json\/wp\/v2\/posts\/22114\/revisions"}],"predecessor-version":[{"id":22124,"href":"https:\/\/www.ladiagonale.net\/index.php\/wp-json\/wp\/v2\/posts\/22114\/revisions\/22124"}],"wp:attachment":[{"href":"https:\/\/www.ladiagonale.net\/index.php\/wp-json\/wp\/v2\/media?parent=22114"}],"wp:term":[{"taxonomy":"category","embeddable":true,"href":"https:\/\/www.ladiagonale.net\/index.php\/wp-json\/wp\/v2\/categories?post=22114"},{"taxonomy":"post_tag","embeddable":true,"href":"https:\/\/www.ladiagonale.net\/index.php\/wp-json\/wp\/v2\/tags?post=22114"}],"curies":[{"name":"wp","href":"https:\/\/api.w.org\/{rel}","templated":true}]}}