{"id":22139,"date":"2024-04-06T13:47:50","date_gmt":"2024-04-06T11:47:50","guid":{"rendered":"https:\/\/www.ladiagonale.net\/?p=22139"},"modified":"2024-04-06T13:47:52","modified_gmt":"2024-04-06T11:47:52","slug":"kehrer-ouvert-a-un-transfert-definitif-a-monaco","status":"publish","type":"post","link":"https:\/\/www.ladiagonale.net\/index.php\/2024\/04\/06\/kehrer-ouvert-a-un-transfert-definitif-a-monaco\/","title":{"rendered":"Kehrer \u00ab&nbsp;ouvert&nbsp;\u00bb \u00e0 un transfert d\u00e9finitif \u00e0 Monaco"},"content":{"rendered":"\n<p>Cet hiver, l\u2019AS Monaco a enregistr\u00e9 l\u2019arriv\u00e9e en pr\u00eat avec option d\u2019achat de Thilo Kehrer. Dans un entretien donn\u00e9 \u00e0 <em>Get French Football<\/em>, le d\u00e9fenseur central de 27 ans a indiqu\u00e9 qu\u2019il se verrait bien poursuivre l\u2019aventure en Principaut\u00e9, lui qui est sous contrat avec West Ham jusqu\u2019en juin 2026\u00a0: \u00ab\u00a0<em>C&rsquo;est une chose \u00e0 laquelle je suis ouvert, sinon je ne serais pas venu ici de cette mani\u00e8re, avec l&rsquo;option d&rsquo;achat. Nous verrons comment cela se passe. Il n&rsquo;y a pas encore de discussions. Ce qui compte, c&rsquo;est cette saison, les r\u00e9sultats et l&rsquo;\u00e9quipe. Le reste viendra apr\u00e8s.<\/em>\u00a0\u00bb<\/p>\n\n\n\n<p>Kehrer, qui est apparu \u00e0 12 reprises avec Monaco, appr\u00e9cie notamment l\u2019environnement de la Principaut\u00e9 et ne verrait pas une potentielle absence de Ligue des champions la saison prochaine comme un frein\u00a0: \u00ab\u00a0<em>M\u00eame sans cela, c&rsquo;est un endroit o\u00f9 il est tr\u00e8s agr\u00e9able de jouer, a-t-il indiqu\u00e9. C&rsquo;est un grand club avec un grand projet et c&rsquo;est ce qui est important pour moi. Avec le potentiel que nous avons ici, nous devrions avoir de grands objectifs et viser des titres, bien s\u00fbr. Ce n&rsquo;est jamais facile et il faut travailler dur pour y parvenir.<\/em>\u00a0\u00bb<\/p>\n\n\n\n<p>Du c\u00f4t\u00e9 de l\u2019ASM, rien ne semble encore act\u00e9. Avant la rencontre contre Metz, Adi H\u00fctter avait d\u00e9j\u00e0 indiqu\u00e9 que la question de la lev\u00e9e de l\u2019option d\u2019achat de Kehrer, <a href=\"https:\/\/www.ladiagonale.net\/index.php\/2024\/01\/05\/officiel-kehrer-prete-a-monaco\/\">estim\u00e9e \u00e0 11,5 millions d\u2019euros<\/a>, n\u2019\u00e9tait pas encore un sujet\u00a0de discussion : \u00ab\u00a0<em>Nous en parlerons au moment venu avec Thilo. Pour le moment, tout le monde au club est uniquement concentr\u00e9 sur la derni\u00e8re ligne droite de la saison pour atteindre nos objectifs. Quand ce sera le bon moment, nous en discuterons.<\/em>\u00a0\u00bb<\/p>\n\n\n","protected":false},"excerpt":{"rendered":"<p>Cet hiver, l\u2019AS Monaco a enregistr\u00e9 l\u2019arriv\u00e9e en pr\u00eat avec option d\u2019achat de Thilo Kehrer. Dans un entretien donn\u00e9 \u00e0 Get French Football, le d\u00e9fenseur central de 27 ans a indiqu\u00e9 qu\u2019il se verrait bien poursuivre l\u2019aventure en Principaut\u00e9, lui qui est sous contrat avec West Ham jusqu\u2019en juin 2026\u00a0: \u00ab\u00a0C&rsquo;est une chose \u00e0 laquelle [&#8230;]\n","protected":false},"author":2,"featured_media":0,"comment_status":"open","ping_status":"open","sticky":false,"template":"","format":"standard","meta":[],"categories":[6],"tags":[86,756,110],"yoast_head":"<!-- This site is optimized with the Yoast SEO plugin v19.8 - https:\/\/yoast.com\/wordpress\/plugins\/seo\/ -->\n<title>Kehrer \u00ab&nbsp;ouvert&nbsp;\u00bb \u00e0 un transfert d\u00e9finitif \u00e0 Monaco - La Diagonale<\/title>\n<meta name=\"robots\" content=\"index, follow, max-snippet:-1, max-image-preview:large, max-video-preview:-1\" \/>\n<link rel=\"canonical\" href=\"https:\/\/www.ladiagonale.net\/index.php\/2024\/04\/06\/kehrer-ouvert-a-un-transfert-definitif-a-monaco\/\" \/>\n<meta property=\"og:locale\" content=\"fr_FR\" \/>\n<meta property=\"og:type\" content=\"article\" \/>\n<meta property=\"og:title\" content=\"Kehrer \u00ab&nbsp;ouvert&nbsp;\u00bb \u00e0 un transfert d\u00e9finitif \u00e0 Monaco - La Diagonale\" \/>\n<meta property=\"og:description\" content=\"Cet hiver, l\u2019AS Monaco a enregistr\u00e9 l\u2019arriv\u00e9e en pr\u00eat avec option d\u2019achat de Thilo Kehrer. Dans un entretien donn\u00e9 \u00e0 Get French Football, le d\u00e9fenseur central de 27 ans a indiqu\u00e9 qu\u2019il se verrait bien poursuivre l\u2019aventure en Principaut\u00e9, lui qui est sous contrat avec West Ham jusqu\u2019en juin 2026\u00a0: \u00ab\u00a0C&rsquo;est une chose \u00e0 laquelle [...]\" \/>\n<meta property=\"og:url\" content=\"https:\/\/www.ladiagonale.net\/index.php\/2024\/04\/06\/kehrer-ouvert-a-un-transfert-definitif-a-monaco\/\" \/>\n<meta property=\"og:site_name\" content=\"La Diagonale\" \/>\n<meta property=\"article:published_time\" content=\"2024-04-06T11:47:50+00:00\" \/>\n<meta property=\"article:modified_time\" content=\"2024-04-06T11:47:52+00:00\" \/>\n<meta property=\"og:image\" content=\"https:\/\/www.ladiagonale.net\/wp-content\/uploads\/2024\/01\/scuro-kehrer-2.jpg\" \/>\n\t<meta property=\"og:image:width\" content=\"1160\" \/>\n\t<meta property=\"og:image:height\" content=\"650\" \/>\n\t<meta property=\"og:image:type\" content=\"image\/jpeg\" \/>\n<meta name=\"author\" content=\"Damien Dellerba\" \/>\n<meta name=\"twitter:card\" content=\"summary_large_image\" \/>\n<meta name=\"twitter:image\" content=\"https:\/\/www.ladiagonale.net\/wp-content\/uploads\/2024\/01\/scuro-kehrer-2.jpg\" \/>\n<meta name=\"twitter:label1\" content=\"\u00c9crit par\" \/>\n\t<meta name=\"twitter:data1\" content=\"Damien Dellerba\" \/>\n\t<meta name=\"twitter:label2\" content=\"Dur\u00e9e de lecture estim\u00e9e\" \/>\n\t<meta name=\"twitter:data2\" content=\"2 minutes\" \/>\n<script type=\"application\/ld+json\" class=\"yoast-schema-graph\">{\"@context\":\"https:\/\/schema.org\",\"@graph\":[{\"@type\":\"WebPage\",\"@id\":\"https:\/\/www.ladiagonale.net\/index.php\/2024\/04\/06\/kehrer-ouvert-a-un-transfert-definitif-a-monaco\/\",\"url\":\"https:\/\/www.ladiagonale.net\/index.php\/2024\/04\/06\/kehrer-ouvert-a-un-transfert-definitif-a-monaco\/\",\"name\":\"Kehrer \u00ab&nbsp;ouvert&nbsp;\u00bb \u00e0 un transfert d\u00e9finitif \u00e0 Monaco - La Diagonale\",\"isPartOf\":{\"@id\":\"https:\/\/www.ladiagonale.net\/#website\"},\"datePublished\":\"2024-04-06T11:47:50+00:00\",\"dateModified\":\"2024-04-06T11:47:52+00:00\",\"author\":{\"@id\":\"https:\/\/www.ladiagonale.net\/#\/schema\/person\/79ff1e7b0853ed01b2aa26e64ad300bf\"},\"breadcrumb\":{\"@id\":\"https:\/\/www.ladiagonale.net\/index.php\/2024\/04\/06\/kehrer-ouvert-a-un-transfert-definitif-a-monaco\/#breadcrumb\"},\"inLanguage\":\"fr-FR\",\"potentialAction\":[{\"@type\":\"ReadAction\",\"target\":[\"https:\/\/www.ladiagonale.net\/index.php\/2024\/04\/06\/kehrer-ouvert-a-un-transfert-definitif-a-monaco\/\"]}]},{\"@type\":\"BreadcrumbList\",\"@id\":\"https:\/\/www.ladiagonale.net\/index.php\/2024\/04\/06\/kehrer-ouvert-a-un-transfert-definitif-a-monaco\/#breadcrumb\",\"itemListElement\":[{\"@type\":\"ListItem\",\"position\":1,\"name\":\"Accueil\",\"item\":\"https:\/\/www.ladiagonale.net\/\"},{\"@type\":\"ListItem\",\"position\":2,\"name\":\"Kehrer \u00ab&nbsp;ouvert&nbsp;\u00bb \u00e0 un transfert d\u00e9finitif \u00e0 Monaco\"}]},{\"@type\":\"WebSite\",\"@id\":\"https:\/\/www.ladiagonale.net\/#website\",\"url\":\"https:\/\/www.ladiagonale.net\/\",\"name\":\"La Diagonale\",\"description\":\"Le site des supporters de l&#039;AS Monaco FC\",\"potentialAction\":[{\"@type\":\"SearchAction\",\"target\":{\"@type\":\"EntryPoint\",\"urlTemplate\":\"https:\/\/www.ladiagonale.net\/?s={search_term_string}\"},\"query-input\":\"required name=search_term_string\"}],\"inLanguage\":\"fr-FR\"},{\"@type\":\"Person\",\"@id\":\"https:\/\/www.ladiagonale.net\/#\/schema\/person\/79ff1e7b0853ed01b2aa26e64ad300bf\",\"name\":\"Damien Dellerba\",\"image\":{\"@type\":\"ImageObject\",\"inLanguage\":\"fr-FR\",\"@id\":\"https:\/\/www.ladiagonale.net\/#\/schema\/person\/image\/\",\"url\":\"https:\/\/secure.gravatar.com\/avatar\/c7850e06d3ff63cdbaee88b7fc16e2f0?s=96&d=mm&r=g\",\"contentUrl\":\"https:\/\/secure.gravatar.com\/avatar\/c7850e06d3ff63cdbaee88b7fc16e2f0?s=96&d=mm&r=g\",\"caption\":\"Damien Dellerba\"},\"url\":\"https:\/\/www.ladiagonale.net\/index.php\/author\/damien\/\"}]}<\/script>\n<!-- \/ Yoast SEO plugin. -->","yoast_head_json":{"title":"Kehrer \u00ab&nbsp;ouvert&nbsp;\u00bb \u00e0 un transfert d\u00e9finitif \u00e0 Monaco - La Diagonale","robots":{"index":"index","follow":"follow","max-snippet":"max-snippet:-1","max-image-preview":"max-image-preview:large","max-video-preview":"max-video-preview:-1"},"canonical":"https:\/\/www.ladiagonale.net\/index.php\/2024\/04\/06\/kehrer-ouvert-a-un-transfert-definitif-a-monaco\/","og_locale":"fr_FR","og_type":"article","og_title":"Kehrer \u00ab&nbsp;ouvert&nbsp;\u00bb \u00e0 un transfert d\u00e9finitif \u00e0 Monaco - La Diagonale","og_description":"Cet hiver, l\u2019AS Monaco a enregistr\u00e9 l\u2019arriv\u00e9e en pr\u00eat avec option d\u2019achat de Thilo Kehrer. Dans un entretien donn\u00e9 \u00e0 Get French Football, le d\u00e9fenseur central de 27 ans a indiqu\u00e9 qu\u2019il se verrait bien poursuivre l\u2019aventure en Principaut\u00e9, lui qui est sous contrat avec West Ham jusqu\u2019en juin 2026\u00a0: \u00ab\u00a0C&rsquo;est une chose \u00e0 laquelle [...]","og_url":"https:\/\/www.ladiagonale.net\/index.php\/2024\/04\/06\/kehrer-ouvert-a-un-transfert-definitif-a-monaco\/","og_site_name":"La Diagonale","article_published_time":"2024-04-06T11:47:50+00:00","article_modified_time":"2024-04-06T11:47:52+00:00","og_image":[{"width":1160,"height":650,"url":"https:\/\/www.ladiagonale.net\/wp-content\/uploads\/2024\/01\/scuro-kehrer-2.jpg","type":"image\/jpeg"}],"author":"Damien Dellerba","twitter_card":"summary_large_image","twitter_image":"https:\/\/www.ladiagonale.net\/wp-content\/uploads\/2024\/01\/scuro-kehrer-2.jpg","twitter_misc":{"\u00c9crit par":"Damien Dellerba","Dur\u00e9e de lecture estim\u00e9e":"2 minutes"},"schema":{"@context":"https:\/\/schema.org","@graph":[{"@type":"WebPage","@id":"https:\/\/www.ladiagonale.net\/index.php\/2024\/04\/06\/kehrer-ouvert-a-un-transfert-definitif-a-monaco\/","url":"https:\/\/www.ladiagonale.net\/index.php\/2024\/04\/06\/kehrer-ouvert-a-un-transfert-definitif-a-monaco\/","name":"Kehrer \u00ab&nbsp;ouvert&nbsp;\u00bb \u00e0 un transfert d\u00e9finitif \u00e0 Monaco - La Diagonale","isPartOf":{"@id":"https:\/\/www.ladiagonale.net\/#website"},"datePublished":"2024-04-06T11:47:50+00:00","dateModified":"2024-04-06T11:47:52+00:00","author":{"@id":"https:\/\/www.ladiagonale.net\/#\/schema\/person\/79ff1e7b0853ed01b2aa26e64ad300bf"},"breadcrumb":{"@id":"https:\/\/www.ladiagonale.net\/index.php\/2024\/04\/06\/kehrer-ouvert-a-un-transfert-definitif-a-monaco\/#breadcrumb"},"inLanguage":"fr-FR","potentialAction":[{"@type":"ReadAction","target":["https:\/\/www.ladiagonale.net\/index.php\/2024\/04\/06\/kehrer-ouvert-a-un-transfert-definitif-a-monaco\/"]}]},{"@type":"BreadcrumbList","@id":"https:\/\/www.ladiagonale.net\/index.php\/2024\/04\/06\/kehrer-ouvert-a-un-transfert-definitif-a-monaco\/#breadcrumb","itemListElement":[{"@type":"ListItem","position":1,"name":"Accueil","item":"https:\/\/www.ladiagonale.net\/"},{"@type":"ListItem","position":2,"name":"Kehrer \u00ab&nbsp;ouvert&nbsp;\u00bb \u00e0 un transfert d\u00e9finitif \u00e0 Monaco"}]},{"@type":"WebSite","@id":"https:\/\/www.ladiagonale.net\/#website","url":"https:\/\/www.ladiagonale.net\/","name":"La Diagonale","description":"Le site des supporters de l&#039;AS Monaco FC","potentialAction":[{"@type":"SearchAction","target":{"@type":"EntryPoint","urlTemplate":"https:\/\/www.ladiagonale.net\/?s={search_term_string}"},"query-input":"required name=search_term_string"}],"inLanguage":"fr-FR"},{"@type":"Person","@id":"https:\/\/www.ladiagonale.net\/#\/schema\/person\/79ff1e7b0853ed01b2aa26e64ad300bf","name":"Damien Dellerba","image":{"@type":"ImageObject","inLanguage":"fr-FR","@id":"https:\/\/www.ladiagonale.net\/#\/schema\/person\/image\/","url":"https:\/\/secure.gravatar.com\/avatar\/c7850e06d3ff63cdbaee88b7fc16e2f0?s=96&d=mm&r=g","contentUrl":"https:\/\/secure.gravatar.com\/avatar\/c7850e06d3ff63cdbaee88b7fc16e2f0?s=96&d=mm&r=g","caption":"Damien Dellerba"},"url":"https:\/\/www.ladiagonale.net\/index.php\/author\/damien\/"}]}},"_links":{"self":[{"href":"https:\/\/www.ladiagonale.net\/index.php\/wp-json\/wp\/v2\/posts\/22139"}],"collection":[{"href":"https:\/\/www.ladiagonale.net\/index.php\/wp-json\/wp\/v2\/posts"}],"about":[{"href":"https:\/\/www.ladiagonale.net\/index.php\/wp-json\/wp\/v2\/types\/post"}],"author":[{"embeddable":true,"href":"https:\/\/www.ladiagonale.net\/index.php\/wp-json\/wp\/v2\/users\/2"}],"replies":[{"embeddable":true,"href":"https:\/\/www.ladiagonale.net\/index.php\/wp-json\/wp\/v2\/comments?post=22139"}],"version-history":[{"count":1,"href":"https:\/\/www.ladiagonale.net\/index.php\/wp-json\/wp\/v2\/posts\/22139\/revisions"}],"predecessor-version":[{"id":22140,"href":"https:\/\/www.ladiagonale.net\/index.php\/wp-json\/wp\/v2\/posts\/22139\/revisions\/22140"}],"wp:attachment":[{"href":"https:\/\/www.ladiagonale.net\/index.php\/wp-json\/wp\/v2\/media?parent=22139"}],"wp:term":[{"taxonomy":"category","embeddable":true,"href":"https:\/\/www.ladiagonale.net\/index.php\/wp-json\/wp\/v2\/categories?post=22139"},{"taxonomy":"post_tag","embeddable":true,"href":"https:\/\/www.ladiagonale.net\/index.php\/wp-json\/wp\/v2\/tags?post=22139"}],"curies":[{"name":"wp","href":"https:\/\/api.w.org\/{rel}","templated":true}]}}