{"id":22160,"date":"2024-04-07T16:36:37","date_gmt":"2024-04-07T14:36:37","guid":{"rendered":"https:\/\/www.ladiagonale.net\/?p=22160"},"modified":"2024-04-07T19:54:20","modified_gmt":"2024-04-07T17:54:20","slug":"les-compositions-zakaria-et-fofana-au-milieu","status":"publish","type":"post","link":"https:\/\/www.ladiagonale.net\/index.php\/2024\/04\/07\/les-compositions-zakaria-et-fofana-au-milieu\/","title":{"rendered":"Les compositions : Zakaria et Fofana au milieu"},"content":{"rendered":"\n\n\n<p>La composition pr\u00e9par\u00e9e par Adi H\u00fctter pour affronter Rennes ne pr\u00e9sente pas de grosses surprises. Monaco continuera d&rsquo;\u00e9voluer en 4-4-2 avec un Takumi Minamino en attaquant de soutien au c\u00f4t\u00e9 de Wissam Ben Yedder. Par rapport \u00e0 la composition de Metz, Eliesse Ben Seghir sort du onze, remplac\u00e9 par num\u00e9riquement par Denis Zakaria de retour de suspension, qui sera dans l&rsquo;entrejeu avec Youssouf Fofana. Aleksandr Golovin jouera un cran plus haut et plus excentr\u00e9.<\/p>\n\n\n\n<p>En d\u00e9fense, H\u00fctter poursuit avec un axe Singo-Kehrer et laisse une nouvelle fois Mohammed Salisu sur le banc des rempla\u00e7ants.<\/p>\n\n\n\n<p><strong>AS Monaco (4-4-2) :<\/strong> Majecki &#8211; Vanderson, Singo, Kehrer, Jakobs &#8211; Akliouche, Fofana, Zakaria, Golovin &#8211; Minamino, Ben Yedder (cap.)<\/p>\n\n\n\n<p><em>Rempla\u00e7ants :<\/em> K\u00f6hn (g.), Salisu, Magassa, Ouattara, Camara, Diatta, Ben Seghir, Balogun, Embolo.<\/p>\n\n\n\n<p><strong>Stade Rennais (4-4-2) :<\/strong> Mandanda (cap.) &#8211; Seidu, Wooh, Theate, Truffert &#8211; Bourigeaud, Matusiwa, D. Dou\u00e9, Gouiri &#8211; Terrier, Kalimuendo.<\/p>\n\n\n\n<p><em>Rempla\u00e7ants : <\/em>Gallon (g.), G. Dou\u00e9, Belocian, Omara, Santamaria, Le F\u00e9e, Blas, Rieder, Yildirim.<\/p>\n","protected":false},"excerpt":{"rendered":"<p>La composition pr\u00e9par\u00e9e par Adi H\u00fctter pour affronter Rennes ne pr\u00e9sente pas de grosses surprises. Monaco continuera d&rsquo;\u00e9voluer en 4-4-2 avec un Takumi Minamino en attaquant de soutien au c\u00f4t\u00e9 de Wissam Ben Yedder. Par rapport \u00e0 la composition de Metz, Eliesse Ben Seghir sort du onze, remplac\u00e9 par num\u00e9riquement par Denis Zakaria de retour [&#8230;]\n","protected":false},"author":1,"featured_media":0,"comment_status":"open","ping_status":"open","sticky":false,"template":"","format":"standard","meta":[],"categories":[4,6],"tags":[86,213,94,222],"yoast_head":"<!-- This site is optimized with the Yoast SEO plugin v19.8 - https:\/\/yoast.com\/wordpress\/plugins\/seo\/ -->\n<title>Les compositions : Zakaria et Fofana au milieu - La Diagonale<\/title>\n<meta name=\"robots\" content=\"index, follow, max-snippet:-1, max-image-preview:large, max-video-preview:-1\" \/>\n<link rel=\"canonical\" href=\"https:\/\/www.ladiagonale.net\/index.php\/2024\/04\/07\/les-compositions-zakaria-et-fofana-au-milieu\/\" \/>\n<meta property=\"og:locale\" content=\"fr_FR\" \/>\n<meta property=\"og:type\" content=\"article\" \/>\n<meta property=\"og:title\" content=\"Les compositions : Zakaria et Fofana au milieu - La Diagonale\" \/>\n<meta property=\"og:description\" content=\"La composition pr\u00e9par\u00e9e par Adi H\u00fctter pour affronter Rennes ne pr\u00e9sente pas de grosses surprises. Monaco continuera d&rsquo;\u00e9voluer en 4-4-2 avec un Takumi Minamino en attaquant de soutien au c\u00f4t\u00e9 de Wissam Ben Yedder. Par rapport \u00e0 la composition de Metz, Eliesse Ben Seghir sort du onze, remplac\u00e9 par num\u00e9riquement par Denis Zakaria de retour [...]\" \/>\n<meta property=\"og:url\" content=\"https:\/\/www.ladiagonale.net\/index.php\/2024\/04\/07\/les-compositions-zakaria-et-fofana-au-milieu\/\" \/>\n<meta property=\"og:site_name\" content=\"La Diagonale\" \/>\n<meta property=\"article:published_time\" content=\"2024-04-07T14:36:37+00:00\" \/>\n<meta property=\"article:modified_time\" content=\"2024-04-07T17:54:20+00:00\" \/>\n<meta property=\"og:image\" content=\"https:\/\/www.ladiagonale.net\/wp-content\/uploads\/2024\/03\/Denis-Zakaria-avec-Monaco-le-5-novembre-2023-1761336.jpg\" \/>\n\t<meta property=\"og:image:width\" content=\"2048\" \/>\n\t<meta property=\"og:image:height\" content=\"1152\" \/>\n\t<meta property=\"og:image:type\" content=\"image\/jpeg\" \/>\n<meta name=\"author\" content=\"admin\" \/>\n<meta name=\"twitter:card\" content=\"summary_large_image\" \/>\n<meta name=\"twitter:image\" content=\"https:\/\/www.ladiagonale.net\/wp-content\/uploads\/2024\/03\/Denis-Zakaria-avec-Monaco-le-5-novembre-2023-1761336.jpg\" \/>\n<meta name=\"twitter:label1\" content=\"\u00c9crit par\" \/>\n\t<meta name=\"twitter:data1\" content=\"admin\" \/>\n\t<meta name=\"twitter:label2\" content=\"Dur\u00e9e de lecture estim\u00e9e\" \/>\n\t<meta name=\"twitter:data2\" content=\"1 minute\" \/>\n<script type=\"application\/ld+json\" class=\"yoast-schema-graph\">{\"@context\":\"https:\/\/schema.org\",\"@graph\":[{\"@type\":\"WebPage\",\"@id\":\"https:\/\/www.ladiagonale.net\/index.php\/2024\/04\/07\/les-compositions-zakaria-et-fofana-au-milieu\/\",\"url\":\"https:\/\/www.ladiagonale.net\/index.php\/2024\/04\/07\/les-compositions-zakaria-et-fofana-au-milieu\/\",\"name\":\"Les compositions : Zakaria et Fofana au milieu - La Diagonale\",\"isPartOf\":{\"@id\":\"https:\/\/www.ladiagonale.net\/#website\"},\"datePublished\":\"2024-04-07T14:36:37+00:00\",\"dateModified\":\"2024-04-07T17:54:20+00:00\",\"author\":{\"@id\":\"https:\/\/www.ladiagonale.net\/#\/schema\/person\/03fa041acd51875ece8bf97a37252a4d\"},\"breadcrumb\":{\"@id\":\"https:\/\/www.ladiagonale.net\/index.php\/2024\/04\/07\/les-compositions-zakaria-et-fofana-au-milieu\/#breadcrumb\"},\"inLanguage\":\"fr-FR\",\"potentialAction\":[{\"@type\":\"ReadAction\",\"target\":[\"https:\/\/www.ladiagonale.net\/index.php\/2024\/04\/07\/les-compositions-zakaria-et-fofana-au-milieu\/\"]}]},{\"@type\":\"BreadcrumbList\",\"@id\":\"https:\/\/www.ladiagonale.net\/index.php\/2024\/04\/07\/les-compositions-zakaria-et-fofana-au-milieu\/#breadcrumb\",\"itemListElement\":[{\"@type\":\"ListItem\",\"position\":1,\"name\":\"Accueil\",\"item\":\"https:\/\/www.ladiagonale.net\/\"},{\"@type\":\"ListItem\",\"position\":2,\"name\":\"Les compositions : Zakaria et Fofana au milieu\"}]},{\"@type\":\"WebSite\",\"@id\":\"https:\/\/www.ladiagonale.net\/#website\",\"url\":\"https:\/\/www.ladiagonale.net\/\",\"name\":\"La Diagonale\",\"description\":\"Le site des supporters de l&#039;AS Monaco FC\",\"potentialAction\":[{\"@type\":\"SearchAction\",\"target\":{\"@type\":\"EntryPoint\",\"urlTemplate\":\"https:\/\/www.ladiagonale.net\/?s={search_term_string}\"},\"query-input\":\"required name=search_term_string\"}],\"inLanguage\":\"fr-FR\"},{\"@type\":\"Person\",\"@id\":\"https:\/\/www.ladiagonale.net\/#\/schema\/person\/03fa041acd51875ece8bf97a37252a4d\",\"name\":\"admin\",\"image\":{\"@type\":\"ImageObject\",\"inLanguage\":\"fr-FR\",\"@id\":\"https:\/\/www.ladiagonale.net\/#\/schema\/person\/image\/\",\"url\":\"https:\/\/secure.gravatar.com\/avatar\/894b9daaf19cc759b072b6bb09cac5f2?s=96&d=mm&r=g\",\"contentUrl\":\"https:\/\/secure.gravatar.com\/avatar\/894b9daaf19cc759b072b6bb09cac5f2?s=96&d=mm&r=g\",\"caption\":\"admin\"},\"sameAs\":[\"https:\/\/v2.ladiagonale.net\"],\"url\":\"https:\/\/www.ladiagonale.net\/index.php\/author\/admin\/\"}]}<\/script>\n<!-- \/ Yoast SEO plugin. -->","yoast_head_json":{"title":"Les compositions : Zakaria et Fofana au milieu - La Diagonale","robots":{"index":"index","follow":"follow","max-snippet":"max-snippet:-1","max-image-preview":"max-image-preview:large","max-video-preview":"max-video-preview:-1"},"canonical":"https:\/\/www.ladiagonale.net\/index.php\/2024\/04\/07\/les-compositions-zakaria-et-fofana-au-milieu\/","og_locale":"fr_FR","og_type":"article","og_title":"Les compositions : Zakaria et Fofana au milieu - La Diagonale","og_description":"La composition pr\u00e9par\u00e9e par Adi H\u00fctter pour affronter Rennes ne pr\u00e9sente pas de grosses surprises. Monaco continuera d&rsquo;\u00e9voluer en 4-4-2 avec un Takumi Minamino en attaquant de soutien au c\u00f4t\u00e9 de Wissam Ben Yedder. Par rapport \u00e0 la composition de Metz, Eliesse Ben Seghir sort du onze, remplac\u00e9 par num\u00e9riquement par Denis Zakaria de retour [...]","og_url":"https:\/\/www.ladiagonale.net\/index.php\/2024\/04\/07\/les-compositions-zakaria-et-fofana-au-milieu\/","og_site_name":"La Diagonale","article_published_time":"2024-04-07T14:36:37+00:00","article_modified_time":"2024-04-07T17:54:20+00:00","og_image":[{"width":2048,"height":1152,"url":"https:\/\/www.ladiagonale.net\/wp-content\/uploads\/2024\/03\/Denis-Zakaria-avec-Monaco-le-5-novembre-2023-1761336.jpg","type":"image\/jpeg"}],"author":"admin","twitter_card":"summary_large_image","twitter_image":"https:\/\/www.ladiagonale.net\/wp-content\/uploads\/2024\/03\/Denis-Zakaria-avec-Monaco-le-5-novembre-2023-1761336.jpg","twitter_misc":{"\u00c9crit par":"admin","Dur\u00e9e de lecture estim\u00e9e":"1 minute"},"schema":{"@context":"https:\/\/schema.org","@graph":[{"@type":"WebPage","@id":"https:\/\/www.ladiagonale.net\/index.php\/2024\/04\/07\/les-compositions-zakaria-et-fofana-au-milieu\/","url":"https:\/\/www.ladiagonale.net\/index.php\/2024\/04\/07\/les-compositions-zakaria-et-fofana-au-milieu\/","name":"Les compositions : Zakaria et Fofana au milieu - La Diagonale","isPartOf":{"@id":"https:\/\/www.ladiagonale.net\/#website"},"datePublished":"2024-04-07T14:36:37+00:00","dateModified":"2024-04-07T17:54:20+00:00","author":{"@id":"https:\/\/www.ladiagonale.net\/#\/schema\/person\/03fa041acd51875ece8bf97a37252a4d"},"breadcrumb":{"@id":"https:\/\/www.ladiagonale.net\/index.php\/2024\/04\/07\/les-compositions-zakaria-et-fofana-au-milieu\/#breadcrumb"},"inLanguage":"fr-FR","potentialAction":[{"@type":"ReadAction","target":["https:\/\/www.ladiagonale.net\/index.php\/2024\/04\/07\/les-compositions-zakaria-et-fofana-au-milieu\/"]}]},{"@type":"BreadcrumbList","@id":"https:\/\/www.ladiagonale.net\/index.php\/2024\/04\/07\/les-compositions-zakaria-et-fofana-au-milieu\/#breadcrumb","itemListElement":[{"@type":"ListItem","position":1,"name":"Accueil","item":"https:\/\/www.ladiagonale.net\/"},{"@type":"ListItem","position":2,"name":"Les compositions : Zakaria et Fofana au milieu"}]},{"@type":"WebSite","@id":"https:\/\/www.ladiagonale.net\/#website","url":"https:\/\/www.ladiagonale.net\/","name":"La Diagonale","description":"Le site des supporters de l&#039;AS Monaco FC","potentialAction":[{"@type":"SearchAction","target":{"@type":"EntryPoint","urlTemplate":"https:\/\/www.ladiagonale.net\/?s={search_term_string}"},"query-input":"required name=search_term_string"}],"inLanguage":"fr-FR"},{"@type":"Person","@id":"https:\/\/www.ladiagonale.net\/#\/schema\/person\/03fa041acd51875ece8bf97a37252a4d","name":"admin","image":{"@type":"ImageObject","inLanguage":"fr-FR","@id":"https:\/\/www.ladiagonale.net\/#\/schema\/person\/image\/","url":"https:\/\/secure.gravatar.com\/avatar\/894b9daaf19cc759b072b6bb09cac5f2?s=96&d=mm&r=g","contentUrl":"https:\/\/secure.gravatar.com\/avatar\/894b9daaf19cc759b072b6bb09cac5f2?s=96&d=mm&r=g","caption":"admin"},"sameAs":["https:\/\/v2.ladiagonale.net"],"url":"https:\/\/www.ladiagonale.net\/index.php\/author\/admin\/"}]}},"_links":{"self":[{"href":"https:\/\/www.ladiagonale.net\/index.php\/wp-json\/wp\/v2\/posts\/22160"}],"collection":[{"href":"https:\/\/www.ladiagonale.net\/index.php\/wp-json\/wp\/v2\/posts"}],"about":[{"href":"https:\/\/www.ladiagonale.net\/index.php\/wp-json\/wp\/v2\/types\/post"}],"author":[{"embeddable":true,"href":"https:\/\/www.ladiagonale.net\/index.php\/wp-json\/wp\/v2\/users\/1"}],"replies":[{"embeddable":true,"href":"https:\/\/www.ladiagonale.net\/index.php\/wp-json\/wp\/v2\/comments?post=22160"}],"version-history":[{"count":3,"href":"https:\/\/www.ladiagonale.net\/index.php\/wp-json\/wp\/v2\/posts\/22160\/revisions"}],"predecessor-version":[{"id":22163,"href":"https:\/\/www.ladiagonale.net\/index.php\/wp-json\/wp\/v2\/posts\/22160\/revisions\/22163"}],"wp:attachment":[{"href":"https:\/\/www.ladiagonale.net\/index.php\/wp-json\/wp\/v2\/media?parent=22160"}],"wp:term":[{"taxonomy":"category","embeddable":true,"href":"https:\/\/www.ladiagonale.net\/index.php\/wp-json\/wp\/v2\/categories?post=22160"},{"taxonomy":"post_tag","embeddable":true,"href":"https:\/\/www.ladiagonale.net\/index.php\/wp-json\/wp\/v2\/tags?post=22160"}],"curies":[{"name":"wp","href":"https:\/\/api.w.org\/{rel}","templated":true}]}}