{"id":22168,"date":"2024-04-07T20:31:08","date_gmt":"2024-04-07T18:31:08","guid":{"rendered":"https:\/\/www.ladiagonale.net\/?p=22168"},"modified":"2024-04-07T20:31:32","modified_gmt":"2024-04-07T18:31:32","slug":"jakobs-touche-au-genou","status":"publish","type":"post","link":"https:\/\/www.ladiagonale.net\/index.php\/2024\/04\/07\/jakobs-touche-au-genou\/","title":{"rendered":"Jakobs touch\u00e9 au genou droit"},"content":{"rendered":"\n<p>Adi H\u00fctter commen\u00e7ait \u00e0 peine \u00e0 respirer de voir son infirmerie enfin d\u00e9semplir mais Ismail Jakobs risque bien d\u2019y retourner. Le lat\u00e9ral gauche de l\u2019AS Monaco est sorti touch\u00e9 au genou droit ce dimanche contre Rennes, apr\u00e8s un contact avec D\u00e9sir\u00e9 Dou\u00e9 survenu \u00e0 la 67e minute. L\u2019International S\u00e9n\u00e9galais a imm\u00e9diatement demand\u00e9 le changement et a d\u00fb \u00eatre soutenu par deux membres du staff pour regagner le vestiaire, incapable de prendre appui sur sa jambe droite. D\u2019apr\u00e8s <em>Nice-Matin<\/em>, Jakobs a quitt\u00e9 le stade avec des b\u00e9quilles.<\/p>\n\n\n\n<p>En conf\u00e9rence de presse, Adi H\u00fctter a confirm\u00e9 la blessure de son joueur au genou, sans donner plus de d\u00e9tail. Des examens devront \u00eatre pass\u00e9s dans les prochains jours afin de d\u00e9terminer la nature exacte de celle-ci.<\/p>\n","protected":false},"excerpt":{"rendered":"<p>Adi H\u00fctter commen\u00e7ait \u00e0 peine \u00e0 respirer de voir son infirmerie enfin d\u00e9semplir mais Ismail Jakobs risque bien d\u2019y retourner. Le lat\u00e9ral gauche de l\u2019AS Monaco est sorti touch\u00e9 au genou droit ce dimanche contre Rennes, apr\u00e8s un contact avec D\u00e9sir\u00e9 Dou\u00e9 survenu \u00e0 la 67e minute. L\u2019International S\u00e9n\u00e9galais a imm\u00e9diatement demand\u00e9 le changement et [&#8230;]\n","protected":false},"author":2,"featured_media":0,"comment_status":"open","ping_status":"open","sticky":false,"template":"","format":"standard","meta":[],"categories":[4,6],"tags":[86,196,162],"yoast_head":"<!-- This site is optimized with the Yoast SEO plugin v19.8 - https:\/\/yoast.com\/wordpress\/plugins\/seo\/ -->\n<title>Jakobs touch\u00e9 au genou droit - La Diagonale<\/title>\n<meta name=\"robots\" content=\"index, follow, max-snippet:-1, max-image-preview:large, max-video-preview:-1\" \/>\n<link rel=\"canonical\" href=\"https:\/\/www.ladiagonale.net\/index.php\/2024\/04\/07\/jakobs-touche-au-genou\/\" \/>\n<meta property=\"og:locale\" content=\"fr_FR\" \/>\n<meta property=\"og:type\" content=\"article\" \/>\n<meta property=\"og:title\" content=\"Jakobs touch\u00e9 au genou droit - La Diagonale\" \/>\n<meta property=\"og:description\" content=\"Adi H\u00fctter commen\u00e7ait \u00e0 peine \u00e0 respirer de voir son infirmerie enfin d\u00e9semplir mais Ismail Jakobs risque bien d\u2019y retourner. Le lat\u00e9ral gauche de l\u2019AS Monaco est sorti touch\u00e9 au genou droit ce dimanche contre Rennes, apr\u00e8s un contact avec D\u00e9sir\u00e9 Dou\u00e9 survenu \u00e0 la 67e minute. L\u2019International S\u00e9n\u00e9galais a imm\u00e9diatement demand\u00e9 le changement et [...]\" \/>\n<meta property=\"og:url\" content=\"https:\/\/www.ladiagonale.net\/index.php\/2024\/04\/07\/jakobs-touche-au-genou\/\" \/>\n<meta property=\"og:site_name\" content=\"La Diagonale\" \/>\n<meta property=\"article:published_time\" content=\"2024-04-07T18:31:08+00:00\" \/>\n<meta property=\"article:modified_time\" content=\"2024-04-07T18:31:32+00:00\" \/>\n<meta property=\"og:image\" content=\"https:\/\/www.ladiagonale.net\/wp-content\/uploads\/2023\/09\/jakobs.png\" \/>\n\t<meta property=\"og:image:width\" content=\"1160\" \/>\n\t<meta property=\"og:image:height\" content=\"650\" \/>\n\t<meta property=\"og:image:type\" content=\"image\/png\" \/>\n<meta name=\"author\" content=\"Damien Dellerba\" \/>\n<meta name=\"twitter:card\" content=\"summary_large_image\" \/>\n<meta name=\"twitter:image\" content=\"https:\/\/www.ladiagonale.net\/wp-content\/uploads\/2023\/09\/jakobs.png\" \/>\n<meta name=\"twitter:label1\" content=\"\u00c9crit par\" \/>\n\t<meta name=\"twitter:data1\" content=\"Damien Dellerba\" \/>\n\t<meta name=\"twitter:label2\" content=\"Dur\u00e9e de lecture estim\u00e9e\" \/>\n\t<meta name=\"twitter:data2\" content=\"1 minute\" \/>\n<script type=\"application\/ld+json\" class=\"yoast-schema-graph\">{\"@context\":\"https:\/\/schema.org\",\"@graph\":[{\"@type\":\"WebPage\",\"@id\":\"https:\/\/www.ladiagonale.net\/index.php\/2024\/04\/07\/jakobs-touche-au-genou\/\",\"url\":\"https:\/\/www.ladiagonale.net\/index.php\/2024\/04\/07\/jakobs-touche-au-genou\/\",\"name\":\"Jakobs touch\u00e9 au genou droit - La Diagonale\",\"isPartOf\":{\"@id\":\"https:\/\/www.ladiagonale.net\/#website\"},\"datePublished\":\"2024-04-07T18:31:08+00:00\",\"dateModified\":\"2024-04-07T18:31:32+00:00\",\"author\":{\"@id\":\"https:\/\/www.ladiagonale.net\/#\/schema\/person\/79ff1e7b0853ed01b2aa26e64ad300bf\"},\"breadcrumb\":{\"@id\":\"https:\/\/www.ladiagonale.net\/index.php\/2024\/04\/07\/jakobs-touche-au-genou\/#breadcrumb\"},\"inLanguage\":\"fr-FR\",\"potentialAction\":[{\"@type\":\"ReadAction\",\"target\":[\"https:\/\/www.ladiagonale.net\/index.php\/2024\/04\/07\/jakobs-touche-au-genou\/\"]}]},{\"@type\":\"BreadcrumbList\",\"@id\":\"https:\/\/www.ladiagonale.net\/index.php\/2024\/04\/07\/jakobs-touche-au-genou\/#breadcrumb\",\"itemListElement\":[{\"@type\":\"ListItem\",\"position\":1,\"name\":\"Accueil\",\"item\":\"https:\/\/www.ladiagonale.net\/\"},{\"@type\":\"ListItem\",\"position\":2,\"name\":\"Jakobs touch\u00e9 au genou droit\"}]},{\"@type\":\"WebSite\",\"@id\":\"https:\/\/www.ladiagonale.net\/#website\",\"url\":\"https:\/\/www.ladiagonale.net\/\",\"name\":\"La Diagonale\",\"description\":\"Le site des supporters de l&#039;AS Monaco FC\",\"potentialAction\":[{\"@type\":\"SearchAction\",\"target\":{\"@type\":\"EntryPoint\",\"urlTemplate\":\"https:\/\/www.ladiagonale.net\/?s={search_term_string}\"},\"query-input\":\"required name=search_term_string\"}],\"inLanguage\":\"fr-FR\"},{\"@type\":\"Person\",\"@id\":\"https:\/\/www.ladiagonale.net\/#\/schema\/person\/79ff1e7b0853ed01b2aa26e64ad300bf\",\"name\":\"Damien Dellerba\",\"image\":{\"@type\":\"ImageObject\",\"inLanguage\":\"fr-FR\",\"@id\":\"https:\/\/www.ladiagonale.net\/#\/schema\/person\/image\/\",\"url\":\"https:\/\/secure.gravatar.com\/avatar\/c7850e06d3ff63cdbaee88b7fc16e2f0?s=96&d=mm&r=g\",\"contentUrl\":\"https:\/\/secure.gravatar.com\/avatar\/c7850e06d3ff63cdbaee88b7fc16e2f0?s=96&d=mm&r=g\",\"caption\":\"Damien Dellerba\"},\"url\":\"https:\/\/www.ladiagonale.net\/index.php\/author\/damien\/\"}]}<\/script>\n<!-- \/ Yoast SEO plugin. -->","yoast_head_json":{"title":"Jakobs touch\u00e9 au genou droit - La Diagonale","robots":{"index":"index","follow":"follow","max-snippet":"max-snippet:-1","max-image-preview":"max-image-preview:large","max-video-preview":"max-video-preview:-1"},"canonical":"https:\/\/www.ladiagonale.net\/index.php\/2024\/04\/07\/jakobs-touche-au-genou\/","og_locale":"fr_FR","og_type":"article","og_title":"Jakobs touch\u00e9 au genou droit - La Diagonale","og_description":"Adi H\u00fctter commen\u00e7ait \u00e0 peine \u00e0 respirer de voir son infirmerie enfin d\u00e9semplir mais Ismail Jakobs risque bien d\u2019y retourner. Le lat\u00e9ral gauche de l\u2019AS Monaco est sorti touch\u00e9 au genou droit ce dimanche contre Rennes, apr\u00e8s un contact avec D\u00e9sir\u00e9 Dou\u00e9 survenu \u00e0 la 67e minute. L\u2019International S\u00e9n\u00e9galais a imm\u00e9diatement demand\u00e9 le changement et [...]","og_url":"https:\/\/www.ladiagonale.net\/index.php\/2024\/04\/07\/jakobs-touche-au-genou\/","og_site_name":"La Diagonale","article_published_time":"2024-04-07T18:31:08+00:00","article_modified_time":"2024-04-07T18:31:32+00:00","og_image":[{"width":1160,"height":650,"url":"https:\/\/www.ladiagonale.net\/wp-content\/uploads\/2023\/09\/jakobs.png","type":"image\/png"}],"author":"Damien Dellerba","twitter_card":"summary_large_image","twitter_image":"https:\/\/www.ladiagonale.net\/wp-content\/uploads\/2023\/09\/jakobs.png","twitter_misc":{"\u00c9crit par":"Damien Dellerba","Dur\u00e9e de lecture estim\u00e9e":"1 minute"},"schema":{"@context":"https:\/\/schema.org","@graph":[{"@type":"WebPage","@id":"https:\/\/www.ladiagonale.net\/index.php\/2024\/04\/07\/jakobs-touche-au-genou\/","url":"https:\/\/www.ladiagonale.net\/index.php\/2024\/04\/07\/jakobs-touche-au-genou\/","name":"Jakobs touch\u00e9 au genou droit - La Diagonale","isPartOf":{"@id":"https:\/\/www.ladiagonale.net\/#website"},"datePublished":"2024-04-07T18:31:08+00:00","dateModified":"2024-04-07T18:31:32+00:00","author":{"@id":"https:\/\/www.ladiagonale.net\/#\/schema\/person\/79ff1e7b0853ed01b2aa26e64ad300bf"},"breadcrumb":{"@id":"https:\/\/www.ladiagonale.net\/index.php\/2024\/04\/07\/jakobs-touche-au-genou\/#breadcrumb"},"inLanguage":"fr-FR","potentialAction":[{"@type":"ReadAction","target":["https:\/\/www.ladiagonale.net\/index.php\/2024\/04\/07\/jakobs-touche-au-genou\/"]}]},{"@type":"BreadcrumbList","@id":"https:\/\/www.ladiagonale.net\/index.php\/2024\/04\/07\/jakobs-touche-au-genou\/#breadcrumb","itemListElement":[{"@type":"ListItem","position":1,"name":"Accueil","item":"https:\/\/www.ladiagonale.net\/"},{"@type":"ListItem","position":2,"name":"Jakobs touch\u00e9 au genou droit"}]},{"@type":"WebSite","@id":"https:\/\/www.ladiagonale.net\/#website","url":"https:\/\/www.ladiagonale.net\/","name":"La Diagonale","description":"Le site des supporters de l&#039;AS Monaco FC","potentialAction":[{"@type":"SearchAction","target":{"@type":"EntryPoint","urlTemplate":"https:\/\/www.ladiagonale.net\/?s={search_term_string}"},"query-input":"required name=search_term_string"}],"inLanguage":"fr-FR"},{"@type":"Person","@id":"https:\/\/www.ladiagonale.net\/#\/schema\/person\/79ff1e7b0853ed01b2aa26e64ad300bf","name":"Damien Dellerba","image":{"@type":"ImageObject","inLanguage":"fr-FR","@id":"https:\/\/www.ladiagonale.net\/#\/schema\/person\/image\/","url":"https:\/\/secure.gravatar.com\/avatar\/c7850e06d3ff63cdbaee88b7fc16e2f0?s=96&d=mm&r=g","contentUrl":"https:\/\/secure.gravatar.com\/avatar\/c7850e06d3ff63cdbaee88b7fc16e2f0?s=96&d=mm&r=g","caption":"Damien Dellerba"},"url":"https:\/\/www.ladiagonale.net\/index.php\/author\/damien\/"}]}},"_links":{"self":[{"href":"https:\/\/www.ladiagonale.net\/index.php\/wp-json\/wp\/v2\/posts\/22168"}],"collection":[{"href":"https:\/\/www.ladiagonale.net\/index.php\/wp-json\/wp\/v2\/posts"}],"about":[{"href":"https:\/\/www.ladiagonale.net\/index.php\/wp-json\/wp\/v2\/types\/post"}],"author":[{"embeddable":true,"href":"https:\/\/www.ladiagonale.net\/index.php\/wp-json\/wp\/v2\/users\/2"}],"replies":[{"embeddable":true,"href":"https:\/\/www.ladiagonale.net\/index.php\/wp-json\/wp\/v2\/comments?post=22168"}],"version-history":[{"count":3,"href":"https:\/\/www.ladiagonale.net\/index.php\/wp-json\/wp\/v2\/posts\/22168\/revisions"}],"predecessor-version":[{"id":22171,"href":"https:\/\/www.ladiagonale.net\/index.php\/wp-json\/wp\/v2\/posts\/22168\/revisions\/22171"}],"wp:attachment":[{"href":"https:\/\/www.ladiagonale.net\/index.php\/wp-json\/wp\/v2\/media?parent=22168"}],"wp:term":[{"taxonomy":"category","embeddable":true,"href":"https:\/\/www.ladiagonale.net\/index.php\/wp-json\/wp\/v2\/categories?post=22168"},{"taxonomy":"post_tag","embeddable":true,"href":"https:\/\/www.ladiagonale.net\/index.php\/wp-json\/wp\/v2\/tags?post=22168"}],"curies":[{"name":"wp","href":"https:\/\/api.w.org\/{rel}","templated":true}]}}