{"id":22237,"date":"2024-04-10T19:47:52","date_gmt":"2024-04-10T17:47:52","guid":{"rendered":"https:\/\/www.ladiagonale.net\/?p=22237"},"modified":"2025-02-20T15:39:28","modified_gmt":"2025-02-20T14:39:28","slug":"monaco-songerait-a-denkey","status":"publish","type":"post","link":"https:\/\/www.ladiagonale.net\/index.php\/2024\/04\/10\/monaco-songerait-a-denkey\/","title":{"rendered":"Monaco songerait \u00e0 Denkey"},"content":{"rendered":"\n<p>L\u2019AS Monaco devrait s\u2019appuyer sur Breel Embolo et Folarin Balogun en vue de la saison prochaine, mais alors que Wissam Ben Yedder, dont le contrat se termine en juin, est proche de la sortie et que Myron Boadu n\u2019a jamais convaincu, un nouvel attaquant pourrait \u00eatre ajout\u00e9 \u00e0 l\u2019effectif. D\u2019apr\u00e8s le journaliste belge Sacha Tavolieri, l\u2019ASM aurait dans le viseur l\u2019attaquant de son club satellite du Cercle Bruges, K\u00e9vin Denkey, et souhaiterait lui transmettre une proposition de contrat \u00ab\u00a0<em>mirifique<\/em>\u00a0\u00bb.<\/p>\n\n\n\n<p>L\u2019international togolais ne devrait pas s\u2019\u00e9terniser en Belgique, o\u00f9 il est sous contrat jusqu\u2019en juin 2026. Il faut dire qu\u2019\u00e0 23 ans, Denkey s\u2019est montr\u00e9 particuli\u00e8rement performant cette saison avec le club belge. Il a inscrit 26 buts en 31 rencontres toutes comp\u00e9titions confondues, dont 25 rien qu\u2019en <em>Jupiler Pro League<\/em>, ce qui fait de lui le meilleur buteur du championnat belge. \u00c9valu\u00e9 \u00e0 20 millions d\u2019euros, il serait courtis\u00e9 par Lyon, Lille, Lens ou encore le Borussia Dortmund.<\/p>\n","protected":false},"excerpt":{"rendered":"<p>L\u2019AS Monaco devrait s\u2019appuyer sur Breel Embolo et Folarin Balogun en vue de la saison prochaine, mais alors que Wissam Ben Yedder, dont le contrat se termine en juin, est proche de la sortie et que Myron Boadu n\u2019a jamais convaincu, un nouvel attaquant pourrait \u00eatre ajout\u00e9 \u00e0 l\u2019effectif. D\u2019apr\u00e8s le journaliste belge Sacha Tavolieri, [&#8230;]\n","protected":false},"author":2,"featured_media":0,"comment_status":"open","ping_status":"open","sticky":false,"template":"","format":"standard","meta":[],"categories":[6],"tags":[86,212,814,111,110],"yoast_head":"<!-- This site is optimized with the Yoast SEO plugin v19.8 - https:\/\/yoast.com\/wordpress\/plugins\/seo\/ -->\n<title>Monaco songerait \u00e0 Denkey - La Diagonale<\/title>\n<meta name=\"robots\" content=\"index, follow, max-snippet:-1, max-image-preview:large, max-video-preview:-1\" \/>\n<link rel=\"canonical\" href=\"https:\/\/www.ladiagonale.net\/index.php\/2024\/04\/10\/monaco-songerait-a-denkey\/\" \/>\n<meta property=\"og:locale\" content=\"fr_FR\" \/>\n<meta property=\"og:type\" content=\"article\" \/>\n<meta property=\"og:title\" content=\"Monaco songerait \u00e0 Denkey - La Diagonale\" \/>\n<meta property=\"og:description\" content=\"L\u2019AS Monaco devrait s\u2019appuyer sur Breel Embolo et Folarin Balogun en vue de la saison prochaine, mais alors que Wissam Ben Yedder, dont le contrat se termine en juin, est proche de la sortie et que Myron Boadu n\u2019a jamais convaincu, un nouvel attaquant pourrait \u00eatre ajout\u00e9 \u00e0 l\u2019effectif. D\u2019apr\u00e8s le journaliste belge Sacha Tavolieri, [...]\" \/>\n<meta property=\"og:url\" content=\"https:\/\/www.ladiagonale.net\/index.php\/2024\/04\/10\/monaco-songerait-a-denkey\/\" \/>\n<meta property=\"og:site_name\" content=\"La Diagonale\" \/>\n<meta property=\"article:published_time\" content=\"2024-04-10T17:47:52+00:00\" \/>\n<meta property=\"article:modified_time\" content=\"2025-02-20T14:39:28+00:00\" \/>\n<meta property=\"og:image\" content=\"https:\/\/www.ladiagonale.net\/wp-content\/uploads\/2024\/04\/IMG_3329.webp\" \/>\n\t<meta property=\"og:image:width\" content=\"1000\" \/>\n\t<meta property=\"og:image:height\" content=\"600\" \/>\n\t<meta property=\"og:image:type\" content=\"image\/webp\" \/>\n<meta name=\"author\" content=\"Damien Dellerba\" \/>\n<meta name=\"twitter:card\" content=\"summary_large_image\" \/>\n<meta name=\"twitter:image\" content=\"https:\/\/www.ladiagonale.net\/wp-content\/uploads\/2024\/04\/IMG_3329.webp\" \/>\n<meta name=\"twitter:label1\" content=\"\u00c9crit par\" \/>\n\t<meta name=\"twitter:data1\" content=\"Damien Dellerba\" \/>\n\t<meta name=\"twitter:label2\" content=\"Dur\u00e9e de lecture estim\u00e9e\" \/>\n\t<meta name=\"twitter:data2\" content=\"1 minute\" \/>\n<script type=\"application\/ld+json\" class=\"yoast-schema-graph\">{\"@context\":\"https:\/\/schema.org\",\"@graph\":[{\"@type\":\"WebPage\",\"@id\":\"https:\/\/www.ladiagonale.net\/index.php\/2024\/04\/10\/monaco-songerait-a-denkey\/\",\"url\":\"https:\/\/www.ladiagonale.net\/index.php\/2024\/04\/10\/monaco-songerait-a-denkey\/\",\"name\":\"Monaco songerait \u00e0 Denkey - La Diagonale\",\"isPartOf\":{\"@id\":\"https:\/\/www.ladiagonale.net\/#website\"},\"datePublished\":\"2024-04-10T17:47:52+00:00\",\"dateModified\":\"2025-02-20T14:39:28+00:00\",\"author\":{\"@id\":\"https:\/\/www.ladiagonale.net\/#\/schema\/person\/79ff1e7b0853ed01b2aa26e64ad300bf\"},\"breadcrumb\":{\"@id\":\"https:\/\/www.ladiagonale.net\/index.php\/2024\/04\/10\/monaco-songerait-a-denkey\/#breadcrumb\"},\"inLanguage\":\"fr-FR\",\"potentialAction\":[{\"@type\":\"ReadAction\",\"target\":[\"https:\/\/www.ladiagonale.net\/index.php\/2024\/04\/10\/monaco-songerait-a-denkey\/\"]}]},{\"@type\":\"BreadcrumbList\",\"@id\":\"https:\/\/www.ladiagonale.net\/index.php\/2024\/04\/10\/monaco-songerait-a-denkey\/#breadcrumb\",\"itemListElement\":[{\"@type\":\"ListItem\",\"position\":1,\"name\":\"Accueil\",\"item\":\"https:\/\/www.ladiagonale.net\/\"},{\"@type\":\"ListItem\",\"position\":2,\"name\":\"Monaco songerait \u00e0 Denkey\"}]},{\"@type\":\"WebSite\",\"@id\":\"https:\/\/www.ladiagonale.net\/#website\",\"url\":\"https:\/\/www.ladiagonale.net\/\",\"name\":\"La Diagonale\",\"description\":\"Le site des supporters de l&#039;AS Monaco FC\",\"potentialAction\":[{\"@type\":\"SearchAction\",\"target\":{\"@type\":\"EntryPoint\",\"urlTemplate\":\"https:\/\/www.ladiagonale.net\/?s={search_term_string}\"},\"query-input\":\"required name=search_term_string\"}],\"inLanguage\":\"fr-FR\"},{\"@type\":\"Person\",\"@id\":\"https:\/\/www.ladiagonale.net\/#\/schema\/person\/79ff1e7b0853ed01b2aa26e64ad300bf\",\"name\":\"Damien Dellerba\",\"image\":{\"@type\":\"ImageObject\",\"inLanguage\":\"fr-FR\",\"@id\":\"https:\/\/www.ladiagonale.net\/#\/schema\/person\/image\/\",\"url\":\"https:\/\/secure.gravatar.com\/avatar\/c7850e06d3ff63cdbaee88b7fc16e2f0?s=96&d=mm&r=g\",\"contentUrl\":\"https:\/\/secure.gravatar.com\/avatar\/c7850e06d3ff63cdbaee88b7fc16e2f0?s=96&d=mm&r=g\",\"caption\":\"Damien Dellerba\"},\"url\":\"https:\/\/www.ladiagonale.net\/index.php\/author\/damien\/\"}]}<\/script>\n<!-- \/ Yoast SEO plugin. -->","yoast_head_json":{"title":"Monaco songerait \u00e0 Denkey - La Diagonale","robots":{"index":"index","follow":"follow","max-snippet":"max-snippet:-1","max-image-preview":"max-image-preview:large","max-video-preview":"max-video-preview:-1"},"canonical":"https:\/\/www.ladiagonale.net\/index.php\/2024\/04\/10\/monaco-songerait-a-denkey\/","og_locale":"fr_FR","og_type":"article","og_title":"Monaco songerait \u00e0 Denkey - La Diagonale","og_description":"L\u2019AS Monaco devrait s\u2019appuyer sur Breel Embolo et Folarin Balogun en vue de la saison prochaine, mais alors que Wissam Ben Yedder, dont le contrat se termine en juin, est proche de la sortie et que Myron Boadu n\u2019a jamais convaincu, un nouvel attaquant pourrait \u00eatre ajout\u00e9 \u00e0 l\u2019effectif. D\u2019apr\u00e8s le journaliste belge Sacha Tavolieri, [...]","og_url":"https:\/\/www.ladiagonale.net\/index.php\/2024\/04\/10\/monaco-songerait-a-denkey\/","og_site_name":"La Diagonale","article_published_time":"2024-04-10T17:47:52+00:00","article_modified_time":"2025-02-20T14:39:28+00:00","og_image":[{"width":1000,"height":600,"url":"https:\/\/www.ladiagonale.net\/wp-content\/uploads\/2024\/04\/IMG_3329.webp","type":"image\/webp"}],"author":"Damien Dellerba","twitter_card":"summary_large_image","twitter_image":"https:\/\/www.ladiagonale.net\/wp-content\/uploads\/2024\/04\/IMG_3329.webp","twitter_misc":{"\u00c9crit par":"Damien Dellerba","Dur\u00e9e de lecture estim\u00e9e":"1 minute"},"schema":{"@context":"https:\/\/schema.org","@graph":[{"@type":"WebPage","@id":"https:\/\/www.ladiagonale.net\/index.php\/2024\/04\/10\/monaco-songerait-a-denkey\/","url":"https:\/\/www.ladiagonale.net\/index.php\/2024\/04\/10\/monaco-songerait-a-denkey\/","name":"Monaco songerait \u00e0 Denkey - La Diagonale","isPartOf":{"@id":"https:\/\/www.ladiagonale.net\/#website"},"datePublished":"2024-04-10T17:47:52+00:00","dateModified":"2025-02-20T14:39:28+00:00","author":{"@id":"https:\/\/www.ladiagonale.net\/#\/schema\/person\/79ff1e7b0853ed01b2aa26e64ad300bf"},"breadcrumb":{"@id":"https:\/\/www.ladiagonale.net\/index.php\/2024\/04\/10\/monaco-songerait-a-denkey\/#breadcrumb"},"inLanguage":"fr-FR","potentialAction":[{"@type":"ReadAction","target":["https:\/\/www.ladiagonale.net\/index.php\/2024\/04\/10\/monaco-songerait-a-denkey\/"]}]},{"@type":"BreadcrumbList","@id":"https:\/\/www.ladiagonale.net\/index.php\/2024\/04\/10\/monaco-songerait-a-denkey\/#breadcrumb","itemListElement":[{"@type":"ListItem","position":1,"name":"Accueil","item":"https:\/\/www.ladiagonale.net\/"},{"@type":"ListItem","position":2,"name":"Monaco songerait \u00e0 Denkey"}]},{"@type":"WebSite","@id":"https:\/\/www.ladiagonale.net\/#website","url":"https:\/\/www.ladiagonale.net\/","name":"La Diagonale","description":"Le site des supporters de l&#039;AS Monaco FC","potentialAction":[{"@type":"SearchAction","target":{"@type":"EntryPoint","urlTemplate":"https:\/\/www.ladiagonale.net\/?s={search_term_string}"},"query-input":"required name=search_term_string"}],"inLanguage":"fr-FR"},{"@type":"Person","@id":"https:\/\/www.ladiagonale.net\/#\/schema\/person\/79ff1e7b0853ed01b2aa26e64ad300bf","name":"Damien Dellerba","image":{"@type":"ImageObject","inLanguage":"fr-FR","@id":"https:\/\/www.ladiagonale.net\/#\/schema\/person\/image\/","url":"https:\/\/secure.gravatar.com\/avatar\/c7850e06d3ff63cdbaee88b7fc16e2f0?s=96&d=mm&r=g","contentUrl":"https:\/\/secure.gravatar.com\/avatar\/c7850e06d3ff63cdbaee88b7fc16e2f0?s=96&d=mm&r=g","caption":"Damien Dellerba"},"url":"https:\/\/www.ladiagonale.net\/index.php\/author\/damien\/"}]}},"_links":{"self":[{"href":"https:\/\/www.ladiagonale.net\/index.php\/wp-json\/wp\/v2\/posts\/22237"}],"collection":[{"href":"https:\/\/www.ladiagonale.net\/index.php\/wp-json\/wp\/v2\/posts"}],"about":[{"href":"https:\/\/www.ladiagonale.net\/index.php\/wp-json\/wp\/v2\/types\/post"}],"author":[{"embeddable":true,"href":"https:\/\/www.ladiagonale.net\/index.php\/wp-json\/wp\/v2\/users\/2"}],"replies":[{"embeddable":true,"href":"https:\/\/www.ladiagonale.net\/index.php\/wp-json\/wp\/v2\/comments?post=22237"}],"version-history":[{"count":4,"href":"https:\/\/www.ladiagonale.net\/index.php\/wp-json\/wp\/v2\/posts\/22237\/revisions"}],"predecessor-version":[{"id":22255,"href":"https:\/\/www.ladiagonale.net\/index.php\/wp-json\/wp\/v2\/posts\/22237\/revisions\/22255"}],"wp:attachment":[{"href":"https:\/\/www.ladiagonale.net\/index.php\/wp-json\/wp\/v2\/media?parent=22237"}],"wp:term":[{"taxonomy":"category","embeddable":true,"href":"https:\/\/www.ladiagonale.net\/index.php\/wp-json\/wp\/v2\/categories?post=22237"},{"taxonomy":"post_tag","embeddable":true,"href":"https:\/\/www.ladiagonale.net\/index.php\/wp-json\/wp\/v2\/tags?post=22237"}],"curies":[{"name":"wp","href":"https:\/\/api.w.org\/{rel}","templated":true}]}}