{"id":22247,"date":"2024-04-11T07:41:00","date_gmt":"2024-04-11T05:41:00","guid":{"rendered":"https:\/\/www.ladiagonale.net\/?p=22247"},"modified":"2024-04-11T03:38:35","modified_gmt":"2024-04-11T01:38:35","slug":"kehrer-ne-manquera-que-brest","status":"publish","type":"post","link":"https:\/\/www.ladiagonale.net\/index.php\/2024\/04\/11\/kehrer-ne-manquera-que-brest\/","title":{"rendered":"Kehrer ne manquera que Brest"},"content":{"rendered":"\n<p>Expuls\u00e9 face \u00e0 Rennes, dimanche, pour deux fautes d\u2019antijeu qui lui ont valu deux cartons jaunes, Thilo Kehrer a \u00e9t\u00e9 suspendu pour une rencontre ferme par la commission de discipline de la LFP. Le d\u00e9fenseur central allemand ne sera donc pas du d\u00e9placement \u00e0 Brest, pr\u00e9vu pour la 30e journ\u00e9e de Ligue 1 le dimanche 21 avril. C&rsquo;\u00e9tait la premi\u00e8re fois qu&rsquo;il \u00e9tait expuls\u00e9 en Ligue 1.<\/p>\n\n\n\n<p>Aleksandr Golovin est quant \u00e0 lui sous la menace d&rsquo;une suspension en cas de prochain avertissement dans les deux prochains matches. Idem pour Takumi Minamino et Wifried Singo, qui devront eux faire attention sur les six prochaines rencontres, soit jusqu&rsquo;\u00e0 la derni\u00e8re journ\u00e9e de championnat comprise.<\/p>\n","protected":false},"excerpt":{"rendered":"<p>Expuls\u00e9 face \u00e0 Rennes, dimanche, pour deux fautes d\u2019antijeu qui lui ont valu deux cartons jaunes, Thilo Kehrer a \u00e9t\u00e9 suspendu pour une rencontre ferme par la commission de discipline de la LFP. Le d\u00e9fenseur central allemand ne sera donc pas du d\u00e9placement \u00e0 Brest, pr\u00e9vu pour la 30e journ\u00e9e de Ligue 1 le dimanche [&#8230;]\n","protected":false},"author":2,"featured_media":0,"comment_status":"open","ping_status":"open","sticky":false,"template":"","format":"standard","meta":[],"categories":[6],"tags":[86,257,94,756],"yoast_head":"<!-- This site is optimized with the Yoast SEO plugin v19.8 - https:\/\/yoast.com\/wordpress\/plugins\/seo\/ -->\n<title>Kehrer ne manquera que Brest - La Diagonale<\/title>\n<meta name=\"robots\" content=\"index, follow, max-snippet:-1, max-image-preview:large, max-video-preview:-1\" \/>\n<link rel=\"canonical\" href=\"https:\/\/www.ladiagonale.net\/index.php\/2024\/04\/11\/kehrer-ne-manquera-que-brest\/\" \/>\n<meta property=\"og:locale\" content=\"fr_FR\" \/>\n<meta property=\"og:type\" content=\"article\" \/>\n<meta property=\"og:title\" content=\"Kehrer ne manquera que Brest - La Diagonale\" \/>\n<meta property=\"og:description\" content=\"Expuls\u00e9 face \u00e0 Rennes, dimanche, pour deux fautes d\u2019antijeu qui lui ont valu deux cartons jaunes, Thilo Kehrer a \u00e9t\u00e9 suspendu pour une rencontre ferme par la commission de discipline de la LFP. Le d\u00e9fenseur central allemand ne sera donc pas du d\u00e9placement \u00e0 Brest, pr\u00e9vu pour la 30e journ\u00e9e de Ligue 1 le dimanche [...]\" \/>\n<meta property=\"og:url\" content=\"https:\/\/www.ladiagonale.net\/index.php\/2024\/04\/11\/kehrer-ne-manquera-que-brest\/\" \/>\n<meta property=\"og:site_name\" content=\"La Diagonale\" \/>\n<meta property=\"article:published_time\" content=\"2024-04-11T05:41:00+00:00\" \/>\n<meta property=\"article:modified_time\" content=\"2024-04-11T01:38:35+00:00\" \/>\n<meta property=\"og:image\" content=\"https:\/\/www.ladiagonale.net\/wp-content\/uploads\/2024\/01\/Kehrer3.png\" \/>\n\t<meta property=\"og:image:width\" content=\"1160\" \/>\n\t<meta property=\"og:image:height\" content=\"650\" \/>\n\t<meta property=\"og:image:type\" content=\"image\/png\" \/>\n<meta name=\"author\" content=\"Damien Dellerba\" \/>\n<meta name=\"twitter:card\" content=\"summary_large_image\" \/>\n<meta name=\"twitter:image\" content=\"https:\/\/www.ladiagonale.net\/wp-content\/uploads\/2024\/01\/Kehrer3.png\" \/>\n<meta name=\"twitter:label1\" content=\"\u00c9crit par\" \/>\n\t<meta name=\"twitter:data1\" content=\"Damien Dellerba\" \/>\n\t<meta name=\"twitter:label2\" content=\"Dur\u00e9e de lecture estim\u00e9e\" \/>\n\t<meta name=\"twitter:data2\" content=\"1 minute\" \/>\n<script type=\"application\/ld+json\" class=\"yoast-schema-graph\">{\"@context\":\"https:\/\/schema.org\",\"@graph\":[{\"@type\":\"WebPage\",\"@id\":\"https:\/\/www.ladiagonale.net\/index.php\/2024\/04\/11\/kehrer-ne-manquera-que-brest\/\",\"url\":\"https:\/\/www.ladiagonale.net\/index.php\/2024\/04\/11\/kehrer-ne-manquera-que-brest\/\",\"name\":\"Kehrer ne manquera que Brest - La Diagonale\",\"isPartOf\":{\"@id\":\"https:\/\/www.ladiagonale.net\/#website\"},\"datePublished\":\"2024-04-11T05:41:00+00:00\",\"dateModified\":\"2024-04-11T01:38:35+00:00\",\"author\":{\"@id\":\"https:\/\/www.ladiagonale.net\/#\/schema\/person\/79ff1e7b0853ed01b2aa26e64ad300bf\"},\"breadcrumb\":{\"@id\":\"https:\/\/www.ladiagonale.net\/index.php\/2024\/04\/11\/kehrer-ne-manquera-que-brest\/#breadcrumb\"},\"inLanguage\":\"fr-FR\",\"potentialAction\":[{\"@type\":\"ReadAction\",\"target\":[\"https:\/\/www.ladiagonale.net\/index.php\/2024\/04\/11\/kehrer-ne-manquera-que-brest\/\"]}]},{\"@type\":\"BreadcrumbList\",\"@id\":\"https:\/\/www.ladiagonale.net\/index.php\/2024\/04\/11\/kehrer-ne-manquera-que-brest\/#breadcrumb\",\"itemListElement\":[{\"@type\":\"ListItem\",\"position\":1,\"name\":\"Accueil\",\"item\":\"https:\/\/www.ladiagonale.net\/\"},{\"@type\":\"ListItem\",\"position\":2,\"name\":\"Kehrer ne manquera que Brest\"}]},{\"@type\":\"WebSite\",\"@id\":\"https:\/\/www.ladiagonale.net\/#website\",\"url\":\"https:\/\/www.ladiagonale.net\/\",\"name\":\"La Diagonale\",\"description\":\"Le site des supporters de l&#039;AS Monaco FC\",\"potentialAction\":[{\"@type\":\"SearchAction\",\"target\":{\"@type\":\"EntryPoint\",\"urlTemplate\":\"https:\/\/www.ladiagonale.net\/?s={search_term_string}\"},\"query-input\":\"required name=search_term_string\"}],\"inLanguage\":\"fr-FR\"},{\"@type\":\"Person\",\"@id\":\"https:\/\/www.ladiagonale.net\/#\/schema\/person\/79ff1e7b0853ed01b2aa26e64ad300bf\",\"name\":\"Damien Dellerba\",\"image\":{\"@type\":\"ImageObject\",\"inLanguage\":\"fr-FR\",\"@id\":\"https:\/\/www.ladiagonale.net\/#\/schema\/person\/image\/\",\"url\":\"https:\/\/secure.gravatar.com\/avatar\/c7850e06d3ff63cdbaee88b7fc16e2f0?s=96&d=mm&r=g\",\"contentUrl\":\"https:\/\/secure.gravatar.com\/avatar\/c7850e06d3ff63cdbaee88b7fc16e2f0?s=96&d=mm&r=g\",\"caption\":\"Damien Dellerba\"},\"url\":\"https:\/\/www.ladiagonale.net\/index.php\/author\/damien\/\"}]}<\/script>\n<!-- \/ Yoast SEO plugin. -->","yoast_head_json":{"title":"Kehrer ne manquera que Brest - La Diagonale","robots":{"index":"index","follow":"follow","max-snippet":"max-snippet:-1","max-image-preview":"max-image-preview:large","max-video-preview":"max-video-preview:-1"},"canonical":"https:\/\/www.ladiagonale.net\/index.php\/2024\/04\/11\/kehrer-ne-manquera-que-brest\/","og_locale":"fr_FR","og_type":"article","og_title":"Kehrer ne manquera que Brest - La Diagonale","og_description":"Expuls\u00e9 face \u00e0 Rennes, dimanche, pour deux fautes d\u2019antijeu qui lui ont valu deux cartons jaunes, Thilo Kehrer a \u00e9t\u00e9 suspendu pour une rencontre ferme par la commission de discipline de la LFP. Le d\u00e9fenseur central allemand ne sera donc pas du d\u00e9placement \u00e0 Brest, pr\u00e9vu pour la 30e journ\u00e9e de Ligue 1 le dimanche [...]","og_url":"https:\/\/www.ladiagonale.net\/index.php\/2024\/04\/11\/kehrer-ne-manquera-que-brest\/","og_site_name":"La Diagonale","article_published_time":"2024-04-11T05:41:00+00:00","article_modified_time":"2024-04-11T01:38:35+00:00","og_image":[{"width":1160,"height":650,"url":"https:\/\/www.ladiagonale.net\/wp-content\/uploads\/2024\/01\/Kehrer3.png","type":"image\/png"}],"author":"Damien Dellerba","twitter_card":"summary_large_image","twitter_image":"https:\/\/www.ladiagonale.net\/wp-content\/uploads\/2024\/01\/Kehrer3.png","twitter_misc":{"\u00c9crit par":"Damien Dellerba","Dur\u00e9e de lecture estim\u00e9e":"1 minute"},"schema":{"@context":"https:\/\/schema.org","@graph":[{"@type":"WebPage","@id":"https:\/\/www.ladiagonale.net\/index.php\/2024\/04\/11\/kehrer-ne-manquera-que-brest\/","url":"https:\/\/www.ladiagonale.net\/index.php\/2024\/04\/11\/kehrer-ne-manquera-que-brest\/","name":"Kehrer ne manquera que Brest - La Diagonale","isPartOf":{"@id":"https:\/\/www.ladiagonale.net\/#website"},"datePublished":"2024-04-11T05:41:00+00:00","dateModified":"2024-04-11T01:38:35+00:00","author":{"@id":"https:\/\/www.ladiagonale.net\/#\/schema\/person\/79ff1e7b0853ed01b2aa26e64ad300bf"},"breadcrumb":{"@id":"https:\/\/www.ladiagonale.net\/index.php\/2024\/04\/11\/kehrer-ne-manquera-que-brest\/#breadcrumb"},"inLanguage":"fr-FR","potentialAction":[{"@type":"ReadAction","target":["https:\/\/www.ladiagonale.net\/index.php\/2024\/04\/11\/kehrer-ne-manquera-que-brest\/"]}]},{"@type":"BreadcrumbList","@id":"https:\/\/www.ladiagonale.net\/index.php\/2024\/04\/11\/kehrer-ne-manquera-que-brest\/#breadcrumb","itemListElement":[{"@type":"ListItem","position":1,"name":"Accueil","item":"https:\/\/www.ladiagonale.net\/"},{"@type":"ListItem","position":2,"name":"Kehrer ne manquera que Brest"}]},{"@type":"WebSite","@id":"https:\/\/www.ladiagonale.net\/#website","url":"https:\/\/www.ladiagonale.net\/","name":"La Diagonale","description":"Le site des supporters de l&#039;AS Monaco FC","potentialAction":[{"@type":"SearchAction","target":{"@type":"EntryPoint","urlTemplate":"https:\/\/www.ladiagonale.net\/?s={search_term_string}"},"query-input":"required name=search_term_string"}],"inLanguage":"fr-FR"},{"@type":"Person","@id":"https:\/\/www.ladiagonale.net\/#\/schema\/person\/79ff1e7b0853ed01b2aa26e64ad300bf","name":"Damien Dellerba","image":{"@type":"ImageObject","inLanguage":"fr-FR","@id":"https:\/\/www.ladiagonale.net\/#\/schema\/person\/image\/","url":"https:\/\/secure.gravatar.com\/avatar\/c7850e06d3ff63cdbaee88b7fc16e2f0?s=96&d=mm&r=g","contentUrl":"https:\/\/secure.gravatar.com\/avatar\/c7850e06d3ff63cdbaee88b7fc16e2f0?s=96&d=mm&r=g","caption":"Damien Dellerba"},"url":"https:\/\/www.ladiagonale.net\/index.php\/author\/damien\/"}]}},"_links":{"self":[{"href":"https:\/\/www.ladiagonale.net\/index.php\/wp-json\/wp\/v2\/posts\/22247"}],"collection":[{"href":"https:\/\/www.ladiagonale.net\/index.php\/wp-json\/wp\/v2\/posts"}],"about":[{"href":"https:\/\/www.ladiagonale.net\/index.php\/wp-json\/wp\/v2\/types\/post"}],"author":[{"embeddable":true,"href":"https:\/\/www.ladiagonale.net\/index.php\/wp-json\/wp\/v2\/users\/2"}],"replies":[{"embeddable":true,"href":"https:\/\/www.ladiagonale.net\/index.php\/wp-json\/wp\/v2\/comments?post=22247"}],"version-history":[{"count":2,"href":"https:\/\/www.ladiagonale.net\/index.php\/wp-json\/wp\/v2\/posts\/22247\/revisions"}],"predecessor-version":[{"id":22258,"href":"https:\/\/www.ladiagonale.net\/index.php\/wp-json\/wp\/v2\/posts\/22247\/revisions\/22258"}],"wp:attachment":[{"href":"https:\/\/www.ladiagonale.net\/index.php\/wp-json\/wp\/v2\/media?parent=22247"}],"wp:term":[{"taxonomy":"category","embeddable":true,"href":"https:\/\/www.ladiagonale.net\/index.php\/wp-json\/wp\/v2\/categories?post=22247"},{"taxonomy":"post_tag","embeddable":true,"href":"https:\/\/www.ladiagonale.net\/index.php\/wp-json\/wp\/v2\/tags?post=22247"}],"curies":[{"name":"wp","href":"https:\/\/api.w.org\/{rel}","templated":true}]}}