{"id":22249,"date":"2024-04-11T02:12:00","date_gmt":"2024-04-11T00:12:00","guid":{"rendered":"https:\/\/www.ladiagonale.net\/?p=22249"},"modified":"2024-04-30T13:36:40","modified_gmt":"2024-04-30T11:36:40","slug":"jakobs-va-etre-opere-ce-jeudi-et-manquera-plusieurs-semaines","status":"publish","type":"post","link":"https:\/\/www.ladiagonale.net\/index.php\/2024\/04\/11\/jakobs-va-etre-opere-ce-jeudi-et-manquera-plusieurs-semaines\/","title":{"rendered":"Jakobs manquera plusieurs semaines, Caio de retour \u00e0 l&rsquo;entra\u00eenement"},"content":{"rendered":"\n\n\n<p>La sortie d&rsquo;Ismail Jakobs \u00e0 la 68<sup>e<\/sup> minute du match contre Rennes dimanche, <a href=\"https:\/\/www.ladiagonale.net\/index.php\/2024\/04\/07\/jakobs-touche-au-genou\/\" target=\"_blank\" rel=\"noreferrer noopener\">touch\u00e9 au genou droit<\/a> apr\u00e8s un contact avec D\u00e9sir\u00e9 Dou\u00e9, avait inqui\u00e9t\u00e9, puisque le lat\u00e9ral gauche de l&rsquo;AS Monaco avait d\u00fb \u00eatre soutenu pour regagner les vestiaires, incapable de prendre appui sur sa jambe droite. Le club de la Principaut\u00e9 a indiqu\u00e9 \u00e0 quelques m\u00e9dias, tels que <em>L&rsquo;\u00c9quipe<\/em> ou <em>Nice-Matin<\/em>, que le S\u00e9n\u00e9galais allait subir ce jeudi \u00ab&nbsp;<em>une intervention chirurgicale mineure du genou droit qui le tiendra \u00e9loign\u00e9 des terrains plusieurs semaines<\/em>&nbsp;\u00bb. La nature exacte de sa blessure n&rsquo;a pas \u00e9t\u00e9 r\u00e9v\u00e9l\u00e9e mais elle pourrait signifier une fin de saison pr\u00e9coce pour lui.<\/p>\n\n\n\n<p>Si Kassoum Ouattara va devoir se charger de remplacer l&rsquo;ancien joueur de Cologne pour les prochaines rencontres, un renfort de poids pourrait d\u00e9sormais venir aider l&rsquo;ASM dans le sprint final. Ce mercredi, les joueurs du club de la Principaut\u00e9 ont retrouv\u00e9 La Turbie apr\u00e8s deux jours de repos et avec dans ses rangs Caio Henrique. Apr\u00e8s avoir pass\u00e9 une semaine en reprise avec le Groupe \u00c9lite, le lat\u00e9ral gauche, victime d&rsquo;une rupture du ligament crois\u00e9 ant\u00e9rieur gauche le 22 septembre dernier, a fait son retour \u00e0 l&rsquo;entra\u00eenement collectif avec l&rsquo;\u00e9quipe premi\u00e8re.<\/p>\n","protected":false},"excerpt":{"rendered":"<p>La sortie d&rsquo;Ismail Jakobs \u00e0 la 68e minute du match contre Rennes dimanche, touch\u00e9 au genou droit apr\u00e8s un contact avec D\u00e9sir\u00e9 Dou\u00e9, avait inqui\u00e9t\u00e9, puisque le lat\u00e9ral gauche de l&rsquo;AS Monaco avait d\u00fb \u00eatre soutenu pour regagner les vestiaires, incapable de prendre appui sur sa jambe droite. Le club de la Principaut\u00e9 a indiqu\u00e9 [&#8230;]\n","protected":false},"author":2,"featured_media":0,"comment_status":"open","ping_status":"open","sticky":false,"template":"","format":"standard","meta":[],"categories":[4,6],"tags":[86,137,196,162],"yoast_head":"<!-- This site is optimized with the Yoast SEO plugin v19.8 - https:\/\/yoast.com\/wordpress\/plugins\/seo\/ -->\n<title>Jakobs manquera plusieurs semaines, Caio de retour \u00e0 l&#039;entra\u00eenement - La Diagonale<\/title>\n<meta name=\"robots\" content=\"index, follow, max-snippet:-1, max-image-preview:large, max-video-preview:-1\" \/>\n<link rel=\"canonical\" href=\"https:\/\/www.ladiagonale.net\/index.php\/2024\/04\/11\/jakobs-va-etre-opere-ce-jeudi-et-manquera-plusieurs-semaines\/\" \/>\n<meta property=\"og:locale\" content=\"fr_FR\" \/>\n<meta property=\"og:type\" content=\"article\" \/>\n<meta property=\"og:title\" content=\"Jakobs manquera plusieurs semaines, Caio de retour \u00e0 l&#039;entra\u00eenement - La Diagonale\" \/>\n<meta property=\"og:description\" content=\"La sortie d&rsquo;Ismail Jakobs \u00e0 la 68e minute du match contre Rennes dimanche, touch\u00e9 au genou droit apr\u00e8s un contact avec D\u00e9sir\u00e9 Dou\u00e9, avait inqui\u00e9t\u00e9, puisque le lat\u00e9ral gauche de l&rsquo;AS Monaco avait d\u00fb \u00eatre soutenu pour regagner les vestiaires, incapable de prendre appui sur sa jambe droite. Le club de la Principaut\u00e9 a indiqu\u00e9 [...]\" \/>\n<meta property=\"og:url\" content=\"https:\/\/www.ladiagonale.net\/index.php\/2024\/04\/11\/jakobs-va-etre-opere-ce-jeudi-et-manquera-plusieurs-semaines\/\" \/>\n<meta property=\"og:site_name\" content=\"La Diagonale\" \/>\n<meta property=\"article:published_time\" content=\"2024-04-11T00:12:00+00:00\" \/>\n<meta property=\"article:modified_time\" content=\"2024-04-30T11:36:40+00:00\" \/>\n<meta property=\"og:image\" content=\"https:\/\/www.ladiagonale.net\/wp-content\/uploads\/2023\/09\/jakobs.png\" \/>\n\t<meta property=\"og:image:width\" content=\"1160\" \/>\n\t<meta property=\"og:image:height\" content=\"650\" \/>\n\t<meta property=\"og:image:type\" content=\"image\/png\" \/>\n<meta name=\"author\" content=\"Damien Dellerba\" \/>\n<meta name=\"twitter:card\" content=\"summary_large_image\" \/>\n<meta name=\"twitter:image\" content=\"https:\/\/www.ladiagonale.net\/wp-content\/uploads\/2023\/09\/jakobs.png\" \/>\n<meta name=\"twitter:label1\" content=\"\u00c9crit par\" \/>\n\t<meta name=\"twitter:data1\" content=\"Damien Dellerba\" \/>\n\t<meta name=\"twitter:label2\" content=\"Dur\u00e9e de lecture estim\u00e9e\" \/>\n\t<meta name=\"twitter:data2\" content=\"2 minutes\" \/>\n<script type=\"application\/ld+json\" class=\"yoast-schema-graph\">{\"@context\":\"https:\/\/schema.org\",\"@graph\":[{\"@type\":\"WebPage\",\"@id\":\"https:\/\/www.ladiagonale.net\/index.php\/2024\/04\/11\/jakobs-va-etre-opere-ce-jeudi-et-manquera-plusieurs-semaines\/\",\"url\":\"https:\/\/www.ladiagonale.net\/index.php\/2024\/04\/11\/jakobs-va-etre-opere-ce-jeudi-et-manquera-plusieurs-semaines\/\",\"name\":\"Jakobs manquera plusieurs semaines, Caio de retour \u00e0 l'entra\u00eenement - La Diagonale\",\"isPartOf\":{\"@id\":\"https:\/\/www.ladiagonale.net\/#website\"},\"datePublished\":\"2024-04-11T00:12:00+00:00\",\"dateModified\":\"2024-04-30T11:36:40+00:00\",\"author\":{\"@id\":\"https:\/\/www.ladiagonale.net\/#\/schema\/person\/79ff1e7b0853ed01b2aa26e64ad300bf\"},\"breadcrumb\":{\"@id\":\"https:\/\/www.ladiagonale.net\/index.php\/2024\/04\/11\/jakobs-va-etre-opere-ce-jeudi-et-manquera-plusieurs-semaines\/#breadcrumb\"},\"inLanguage\":\"fr-FR\",\"potentialAction\":[{\"@type\":\"ReadAction\",\"target\":[\"https:\/\/www.ladiagonale.net\/index.php\/2024\/04\/11\/jakobs-va-etre-opere-ce-jeudi-et-manquera-plusieurs-semaines\/\"]}]},{\"@type\":\"BreadcrumbList\",\"@id\":\"https:\/\/www.ladiagonale.net\/index.php\/2024\/04\/11\/jakobs-va-etre-opere-ce-jeudi-et-manquera-plusieurs-semaines\/#breadcrumb\",\"itemListElement\":[{\"@type\":\"ListItem\",\"position\":1,\"name\":\"Accueil\",\"item\":\"https:\/\/www.ladiagonale.net\/\"},{\"@type\":\"ListItem\",\"position\":2,\"name\":\"Jakobs manquera plusieurs semaines, Caio de retour \u00e0 l&rsquo;entra\u00eenement\"}]},{\"@type\":\"WebSite\",\"@id\":\"https:\/\/www.ladiagonale.net\/#website\",\"url\":\"https:\/\/www.ladiagonale.net\/\",\"name\":\"La Diagonale\",\"description\":\"Le site des supporters de l&#039;AS Monaco FC\",\"potentialAction\":[{\"@type\":\"SearchAction\",\"target\":{\"@type\":\"EntryPoint\",\"urlTemplate\":\"https:\/\/www.ladiagonale.net\/?s={search_term_string}\"},\"query-input\":\"required name=search_term_string\"}],\"inLanguage\":\"fr-FR\"},{\"@type\":\"Person\",\"@id\":\"https:\/\/www.ladiagonale.net\/#\/schema\/person\/79ff1e7b0853ed01b2aa26e64ad300bf\",\"name\":\"Damien Dellerba\",\"image\":{\"@type\":\"ImageObject\",\"inLanguage\":\"fr-FR\",\"@id\":\"https:\/\/www.ladiagonale.net\/#\/schema\/person\/image\/\",\"url\":\"https:\/\/secure.gravatar.com\/avatar\/c7850e06d3ff63cdbaee88b7fc16e2f0?s=96&d=mm&r=g\",\"contentUrl\":\"https:\/\/secure.gravatar.com\/avatar\/c7850e06d3ff63cdbaee88b7fc16e2f0?s=96&d=mm&r=g\",\"caption\":\"Damien Dellerba\"},\"url\":\"https:\/\/www.ladiagonale.net\/index.php\/author\/damien\/\"}]}<\/script>\n<!-- \/ Yoast SEO plugin. -->","yoast_head_json":{"title":"Jakobs manquera plusieurs semaines, Caio de retour \u00e0 l'entra\u00eenement - La Diagonale","robots":{"index":"index","follow":"follow","max-snippet":"max-snippet:-1","max-image-preview":"max-image-preview:large","max-video-preview":"max-video-preview:-1"},"canonical":"https:\/\/www.ladiagonale.net\/index.php\/2024\/04\/11\/jakobs-va-etre-opere-ce-jeudi-et-manquera-plusieurs-semaines\/","og_locale":"fr_FR","og_type":"article","og_title":"Jakobs manquera plusieurs semaines, Caio de retour \u00e0 l'entra\u00eenement - La Diagonale","og_description":"La sortie d&rsquo;Ismail Jakobs \u00e0 la 68e minute du match contre Rennes dimanche, touch\u00e9 au genou droit apr\u00e8s un contact avec D\u00e9sir\u00e9 Dou\u00e9, avait inqui\u00e9t\u00e9, puisque le lat\u00e9ral gauche de l&rsquo;AS Monaco avait d\u00fb \u00eatre soutenu pour regagner les vestiaires, incapable de prendre appui sur sa jambe droite. Le club de la Principaut\u00e9 a indiqu\u00e9 [...]","og_url":"https:\/\/www.ladiagonale.net\/index.php\/2024\/04\/11\/jakobs-va-etre-opere-ce-jeudi-et-manquera-plusieurs-semaines\/","og_site_name":"La Diagonale","article_published_time":"2024-04-11T00:12:00+00:00","article_modified_time":"2024-04-30T11:36:40+00:00","og_image":[{"width":1160,"height":650,"url":"https:\/\/www.ladiagonale.net\/wp-content\/uploads\/2023\/09\/jakobs.png","type":"image\/png"}],"author":"Damien Dellerba","twitter_card":"summary_large_image","twitter_image":"https:\/\/www.ladiagonale.net\/wp-content\/uploads\/2023\/09\/jakobs.png","twitter_misc":{"\u00c9crit par":"Damien Dellerba","Dur\u00e9e de lecture estim\u00e9e":"2 minutes"},"schema":{"@context":"https:\/\/schema.org","@graph":[{"@type":"WebPage","@id":"https:\/\/www.ladiagonale.net\/index.php\/2024\/04\/11\/jakobs-va-etre-opere-ce-jeudi-et-manquera-plusieurs-semaines\/","url":"https:\/\/www.ladiagonale.net\/index.php\/2024\/04\/11\/jakobs-va-etre-opere-ce-jeudi-et-manquera-plusieurs-semaines\/","name":"Jakobs manquera plusieurs semaines, Caio de retour \u00e0 l'entra\u00eenement - La Diagonale","isPartOf":{"@id":"https:\/\/www.ladiagonale.net\/#website"},"datePublished":"2024-04-11T00:12:00+00:00","dateModified":"2024-04-30T11:36:40+00:00","author":{"@id":"https:\/\/www.ladiagonale.net\/#\/schema\/person\/79ff1e7b0853ed01b2aa26e64ad300bf"},"breadcrumb":{"@id":"https:\/\/www.ladiagonale.net\/index.php\/2024\/04\/11\/jakobs-va-etre-opere-ce-jeudi-et-manquera-plusieurs-semaines\/#breadcrumb"},"inLanguage":"fr-FR","potentialAction":[{"@type":"ReadAction","target":["https:\/\/www.ladiagonale.net\/index.php\/2024\/04\/11\/jakobs-va-etre-opere-ce-jeudi-et-manquera-plusieurs-semaines\/"]}]},{"@type":"BreadcrumbList","@id":"https:\/\/www.ladiagonale.net\/index.php\/2024\/04\/11\/jakobs-va-etre-opere-ce-jeudi-et-manquera-plusieurs-semaines\/#breadcrumb","itemListElement":[{"@type":"ListItem","position":1,"name":"Accueil","item":"https:\/\/www.ladiagonale.net\/"},{"@type":"ListItem","position":2,"name":"Jakobs manquera plusieurs semaines, Caio de retour \u00e0 l&rsquo;entra\u00eenement"}]},{"@type":"WebSite","@id":"https:\/\/www.ladiagonale.net\/#website","url":"https:\/\/www.ladiagonale.net\/","name":"La Diagonale","description":"Le site des supporters de l&#039;AS Monaco FC","potentialAction":[{"@type":"SearchAction","target":{"@type":"EntryPoint","urlTemplate":"https:\/\/www.ladiagonale.net\/?s={search_term_string}"},"query-input":"required name=search_term_string"}],"inLanguage":"fr-FR"},{"@type":"Person","@id":"https:\/\/www.ladiagonale.net\/#\/schema\/person\/79ff1e7b0853ed01b2aa26e64ad300bf","name":"Damien Dellerba","image":{"@type":"ImageObject","inLanguage":"fr-FR","@id":"https:\/\/www.ladiagonale.net\/#\/schema\/person\/image\/","url":"https:\/\/secure.gravatar.com\/avatar\/c7850e06d3ff63cdbaee88b7fc16e2f0?s=96&d=mm&r=g","contentUrl":"https:\/\/secure.gravatar.com\/avatar\/c7850e06d3ff63cdbaee88b7fc16e2f0?s=96&d=mm&r=g","caption":"Damien Dellerba"},"url":"https:\/\/www.ladiagonale.net\/index.php\/author\/damien\/"}]}},"_links":{"self":[{"href":"https:\/\/www.ladiagonale.net\/index.php\/wp-json\/wp\/v2\/posts\/22249"}],"collection":[{"href":"https:\/\/www.ladiagonale.net\/index.php\/wp-json\/wp\/v2\/posts"}],"about":[{"href":"https:\/\/www.ladiagonale.net\/index.php\/wp-json\/wp\/v2\/types\/post"}],"author":[{"embeddable":true,"href":"https:\/\/www.ladiagonale.net\/index.php\/wp-json\/wp\/v2\/users\/2"}],"replies":[{"embeddable":true,"href":"https:\/\/www.ladiagonale.net\/index.php\/wp-json\/wp\/v2\/comments?post=22249"}],"version-history":[{"count":7,"href":"https:\/\/www.ladiagonale.net\/index.php\/wp-json\/wp\/v2\/posts\/22249\/revisions"}],"predecessor-version":[{"id":22706,"href":"https:\/\/www.ladiagonale.net\/index.php\/wp-json\/wp\/v2\/posts\/22249\/revisions\/22706"}],"wp:attachment":[{"href":"https:\/\/www.ladiagonale.net\/index.php\/wp-json\/wp\/v2\/media?parent=22249"}],"wp:term":[{"taxonomy":"category","embeddable":true,"href":"https:\/\/www.ladiagonale.net\/index.php\/wp-json\/wp\/v2\/categories?post=22249"},{"taxonomy":"post_tag","embeddable":true,"href":"https:\/\/www.ladiagonale.net\/index.php\/wp-json\/wp\/v2\/tags?post=22249"}],"curies":[{"name":"wp","href":"https:\/\/api.w.org\/{rel}","templated":true}]}}