{"id":22260,"date":"2024-04-11T15:42:45","date_gmt":"2024-04-11T13:42:45","guid":{"rendered":"https:\/\/www.ladiagonale.net\/?p=22260"},"modified":"2024-04-11T21:07:07","modified_gmt":"2024-04-11T19:07:07","slug":"le-groupe-elite-accroche-par-le-paris-fc","status":"publish","type":"post","link":"https:\/\/www.ladiagonale.net\/index.php\/2024\/04\/11\/le-groupe-elite-accroche-par-le-paris-fc\/","title":{"rendered":"Le Groupe \u00c9lite accroch\u00e9 par le Paris FC"},"content":{"rendered":"\n\n\n<p>Apr\u00e8s avoir enfin retrouv\u00e9 le succ\u00e8s contre Strasbourg la semaine derni\u00e8re et <a href=\"https:\/\/www.ladiagonale.net\/index.php\/2024\/04\/02\/le-groupe-elite-met-fin-a-sa-serie-noire\/\" target=\"_blank\" rel=\"noreferrer noopener\">mis fin \u00e0 une s\u00e9rie de 11 rencontres sans la moindre victoire<\/a>, le Groupe \u00c9lite de l&rsquo;AS Monaco a conc\u00e9d\u00e9 un match nul contre l&rsquo;\u00e9quipe r\u00e9serve du Paris FC (3-3, 1-4 aux t.a.b.), mercredi. Les Mon\u00e9gasques, qui <a href=\"https:\/\/www.ladiagonale.net\/index.php\/2023\/11\/23\/le-groupe-elite-bat-le-paris-fc\/\" target=\"_blank\" rel=\"noreferrer noopener\">avaient battu ce m\u00eame adversaire en novembre dernier<\/a> (1-2), ont rapidement pris les devants gr\u00e2ce \u00e0 des r\u00e9alisations d&rsquo;Etonde (1-0, 8<sup>e<\/sup>) et Michal (2-0, 9<sup>e<\/sup>), avant de conc\u00e9der une premi\u00e8re r\u00e9duction de l&rsquo;\u00e9cart (2-1, 33<sup>e<\/sup>). Sa\u00efmon Bouabr\u00e9 a rapidement r\u00e9pondu pour redonner deux buts d&rsquo;avance aux siens (3-1, 37<sup>e<\/sup>).<\/p>\n\n\n\n<figure class=\"wp-block-embed is-type-video is-provider-youtube wp-block-embed-youtube wp-embed-aspect-16-9 wp-has-aspect-ratio\"><div class=\"wp-block-embed__wrapper\">\n<iframe loading=\"lazy\" title=\"AS Monaco 3-3 Paris FC - Groupe \u00c9lite\" width=\"1020\" height=\"574\" src=\"https:\/\/www.youtube.com\/embed\/uzwQzGvWcPw?feature=oembed\" frameborder=\"0\" allow=\"accelerometer; autoplay; clipboard-write; encrypted-media; gyroscope; picture-in-picture; web-share\" referrerpolicy=\"strict-origin-when-cross-origin\" allowfullscreen><\/iframe>\n<\/div><\/figure>\n\n\n\n<p>En seconde p\u00e9riode, ce sont les Parisiens qui ont pris le contr\u00f4le du match et sont parvenus \u00e0 r\u00e9duire l&rsquo;\u00e9cart une seconde fois (3-2, 52<sup>e<\/sup>). Domin\u00e9s, les hommes de S\u00e9bastien Muet n&rsquo;ont pas pu r\u00e9sister \u00e0 l&rsquo;assaut final du PFC, qui a obtenu l&rsquo;\u00e9galisation en toute fin de rencontre (3-3, 89<sup>e<\/sup>). La rencontre s&rsquo;est ensuite achev\u00e9e sur une opposition aux tirs au but perdue par les Rouge et Blanc, et o\u00f9 seul Dejan Kuzmanovic a r\u00e9ussi sa tentative. Lundi, les jeunes pousses as\u00e9mistes affronteront le Groupe \u00c9lite de l&rsquo;OGC Nice, qu&rsquo;ils <a href=\"https:\/\/www.ladiagonale.net\/index.php\/2023\/08\/16\/le-groupe-elite-atomise-nice\/\" target=\"_blank\" rel=\"noreferrer noopener\">avaient \u00e9trill\u00e9 en ao\u00fbt dernier<\/a> (7-3).<\/p>\n\n\n\n<p>Source : <a href=\"https:\/\/www.asmonaco.com\/efficace-en-premiere-le-groupe-elite-rejoint-sur-le-gong-par-le-pfc\/\" target=\"_blank\" rel=\"noreferrer noopener\">AS Monaco<\/a><\/p>\n","protected":false},"excerpt":{"rendered":"<p>Apr\u00e8s avoir enfin retrouv\u00e9 le succ\u00e8s contre Strasbourg la semaine derni\u00e8re et mis fin \u00e0 une s\u00e9rie de 11 rencontres sans la moindre victoire, le Groupe \u00c9lite de l&rsquo;AS Monaco a conc\u00e9d\u00e9 un match nul contre l&rsquo;\u00e9quipe r\u00e9serve du Paris FC (3-3, 1-4 aux t.a.b.), mercredi. Les Mon\u00e9gasques, qui avaient battu ce m\u00eame adversaire en [&#8230;]\n","protected":false},"author":2,"featured_media":0,"comment_status":"open","ping_status":"open","sticky":false,"template":"","format":"standard","meta":[],"categories":[6],"tags":[76,86,228],"yoast_head":"<!-- This site is optimized with the Yoast SEO plugin v19.8 - https:\/\/yoast.com\/wordpress\/plugins\/seo\/ -->\n<title>Le Groupe \u00c9lite accroch\u00e9 par le Paris FC - La Diagonale<\/title>\n<meta name=\"robots\" content=\"index, follow, max-snippet:-1, max-image-preview:large, max-video-preview:-1\" \/>\n<link rel=\"canonical\" href=\"https:\/\/www.ladiagonale.net\/index.php\/2024\/04\/11\/le-groupe-elite-accroche-par-le-paris-fc\/\" \/>\n<meta property=\"og:locale\" content=\"fr_FR\" \/>\n<meta property=\"og:type\" content=\"article\" \/>\n<meta property=\"og:title\" content=\"Le Groupe \u00c9lite accroch\u00e9 par le Paris FC - La Diagonale\" \/>\n<meta property=\"og:description\" content=\"Apr\u00e8s avoir enfin retrouv\u00e9 le succ\u00e8s contre Strasbourg la semaine derni\u00e8re et mis fin \u00e0 une s\u00e9rie de 11 rencontres sans la moindre victoire, le Groupe \u00c9lite de l&rsquo;AS Monaco a conc\u00e9d\u00e9 un match nul contre l&rsquo;\u00e9quipe r\u00e9serve du Paris FC (3-3, 1-4 aux t.a.b.), mercredi. Les Mon\u00e9gasques, qui avaient battu ce m\u00eame adversaire en [...]\" \/>\n<meta property=\"og:url\" content=\"https:\/\/www.ladiagonale.net\/index.php\/2024\/04\/11\/le-groupe-elite-accroche-par-le-paris-fc\/\" \/>\n<meta property=\"og:site_name\" content=\"La Diagonale\" \/>\n<meta property=\"article:published_time\" content=\"2024-04-11T13:42:45+00:00\" \/>\n<meta property=\"article:modified_time\" content=\"2024-04-11T19:07:07+00:00\" \/>\n<meta property=\"og:image\" content=\"https:\/\/www.ladiagonale.net\/wp-content\/uploads\/2024\/03\/michal-mu.png\" \/>\n\t<meta property=\"og:image:width\" content=\"1160\" \/>\n\t<meta property=\"og:image:height\" content=\"650\" \/>\n\t<meta property=\"og:image:type\" content=\"image\/png\" \/>\n<meta name=\"author\" content=\"Damien Dellerba\" \/>\n<meta name=\"twitter:card\" content=\"summary_large_image\" \/>\n<meta name=\"twitter:image\" content=\"https:\/\/www.ladiagonale.net\/wp-content\/uploads\/2024\/03\/michal-mu.png\" \/>\n<meta name=\"twitter:label1\" content=\"\u00c9crit par\" \/>\n\t<meta name=\"twitter:data1\" content=\"Damien Dellerba\" \/>\n\t<meta name=\"twitter:label2\" content=\"Dur\u00e9e de lecture estim\u00e9e\" \/>\n\t<meta name=\"twitter:data2\" content=\"2 minutes\" \/>\n<script type=\"application\/ld+json\" class=\"yoast-schema-graph\">{\"@context\":\"https:\/\/schema.org\",\"@graph\":[{\"@type\":\"WebPage\",\"@id\":\"https:\/\/www.ladiagonale.net\/index.php\/2024\/04\/11\/le-groupe-elite-accroche-par-le-paris-fc\/\",\"url\":\"https:\/\/www.ladiagonale.net\/index.php\/2024\/04\/11\/le-groupe-elite-accroche-par-le-paris-fc\/\",\"name\":\"Le Groupe \u00c9lite accroch\u00e9 par le Paris FC - La Diagonale\",\"isPartOf\":{\"@id\":\"https:\/\/www.ladiagonale.net\/#website\"},\"datePublished\":\"2024-04-11T13:42:45+00:00\",\"dateModified\":\"2024-04-11T19:07:07+00:00\",\"author\":{\"@id\":\"https:\/\/www.ladiagonale.net\/#\/schema\/person\/79ff1e7b0853ed01b2aa26e64ad300bf\"},\"breadcrumb\":{\"@id\":\"https:\/\/www.ladiagonale.net\/index.php\/2024\/04\/11\/le-groupe-elite-accroche-par-le-paris-fc\/#breadcrumb\"},\"inLanguage\":\"fr-FR\",\"potentialAction\":[{\"@type\":\"ReadAction\",\"target\":[\"https:\/\/www.ladiagonale.net\/index.php\/2024\/04\/11\/le-groupe-elite-accroche-par-le-paris-fc\/\"]}]},{\"@type\":\"BreadcrumbList\",\"@id\":\"https:\/\/www.ladiagonale.net\/index.php\/2024\/04\/11\/le-groupe-elite-accroche-par-le-paris-fc\/#breadcrumb\",\"itemListElement\":[{\"@type\":\"ListItem\",\"position\":1,\"name\":\"Accueil\",\"item\":\"https:\/\/www.ladiagonale.net\/\"},{\"@type\":\"ListItem\",\"position\":2,\"name\":\"Le Groupe \u00c9lite accroch\u00e9 par le Paris FC\"}]},{\"@type\":\"WebSite\",\"@id\":\"https:\/\/www.ladiagonale.net\/#website\",\"url\":\"https:\/\/www.ladiagonale.net\/\",\"name\":\"La Diagonale\",\"description\":\"Le site des supporters de l&#039;AS Monaco FC\",\"potentialAction\":[{\"@type\":\"SearchAction\",\"target\":{\"@type\":\"EntryPoint\",\"urlTemplate\":\"https:\/\/www.ladiagonale.net\/?s={search_term_string}\"},\"query-input\":\"required name=search_term_string\"}],\"inLanguage\":\"fr-FR\"},{\"@type\":\"Person\",\"@id\":\"https:\/\/www.ladiagonale.net\/#\/schema\/person\/79ff1e7b0853ed01b2aa26e64ad300bf\",\"name\":\"Damien Dellerba\",\"image\":{\"@type\":\"ImageObject\",\"inLanguage\":\"fr-FR\",\"@id\":\"https:\/\/www.ladiagonale.net\/#\/schema\/person\/image\/\",\"url\":\"https:\/\/secure.gravatar.com\/avatar\/c7850e06d3ff63cdbaee88b7fc16e2f0?s=96&d=mm&r=g\",\"contentUrl\":\"https:\/\/secure.gravatar.com\/avatar\/c7850e06d3ff63cdbaee88b7fc16e2f0?s=96&d=mm&r=g\",\"caption\":\"Damien Dellerba\"},\"url\":\"https:\/\/www.ladiagonale.net\/index.php\/author\/damien\/\"}]}<\/script>\n<!-- \/ Yoast SEO plugin. -->","yoast_head_json":{"title":"Le Groupe \u00c9lite accroch\u00e9 par le Paris FC - La Diagonale","robots":{"index":"index","follow":"follow","max-snippet":"max-snippet:-1","max-image-preview":"max-image-preview:large","max-video-preview":"max-video-preview:-1"},"canonical":"https:\/\/www.ladiagonale.net\/index.php\/2024\/04\/11\/le-groupe-elite-accroche-par-le-paris-fc\/","og_locale":"fr_FR","og_type":"article","og_title":"Le Groupe \u00c9lite accroch\u00e9 par le Paris FC - La Diagonale","og_description":"Apr\u00e8s avoir enfin retrouv\u00e9 le succ\u00e8s contre Strasbourg la semaine derni\u00e8re et mis fin \u00e0 une s\u00e9rie de 11 rencontres sans la moindre victoire, le Groupe \u00c9lite de l&rsquo;AS Monaco a conc\u00e9d\u00e9 un match nul contre l&rsquo;\u00e9quipe r\u00e9serve du Paris FC (3-3, 1-4 aux t.a.b.), mercredi. Les Mon\u00e9gasques, qui avaient battu ce m\u00eame adversaire en [...]","og_url":"https:\/\/www.ladiagonale.net\/index.php\/2024\/04\/11\/le-groupe-elite-accroche-par-le-paris-fc\/","og_site_name":"La Diagonale","article_published_time":"2024-04-11T13:42:45+00:00","article_modified_time":"2024-04-11T19:07:07+00:00","og_image":[{"width":1160,"height":650,"url":"https:\/\/www.ladiagonale.net\/wp-content\/uploads\/2024\/03\/michal-mu.png","type":"image\/png"}],"author":"Damien Dellerba","twitter_card":"summary_large_image","twitter_image":"https:\/\/www.ladiagonale.net\/wp-content\/uploads\/2024\/03\/michal-mu.png","twitter_misc":{"\u00c9crit par":"Damien Dellerba","Dur\u00e9e de lecture estim\u00e9e":"2 minutes"},"schema":{"@context":"https:\/\/schema.org","@graph":[{"@type":"WebPage","@id":"https:\/\/www.ladiagonale.net\/index.php\/2024\/04\/11\/le-groupe-elite-accroche-par-le-paris-fc\/","url":"https:\/\/www.ladiagonale.net\/index.php\/2024\/04\/11\/le-groupe-elite-accroche-par-le-paris-fc\/","name":"Le Groupe \u00c9lite accroch\u00e9 par le Paris FC - La Diagonale","isPartOf":{"@id":"https:\/\/www.ladiagonale.net\/#website"},"datePublished":"2024-04-11T13:42:45+00:00","dateModified":"2024-04-11T19:07:07+00:00","author":{"@id":"https:\/\/www.ladiagonale.net\/#\/schema\/person\/79ff1e7b0853ed01b2aa26e64ad300bf"},"breadcrumb":{"@id":"https:\/\/www.ladiagonale.net\/index.php\/2024\/04\/11\/le-groupe-elite-accroche-par-le-paris-fc\/#breadcrumb"},"inLanguage":"fr-FR","potentialAction":[{"@type":"ReadAction","target":["https:\/\/www.ladiagonale.net\/index.php\/2024\/04\/11\/le-groupe-elite-accroche-par-le-paris-fc\/"]}]},{"@type":"BreadcrumbList","@id":"https:\/\/www.ladiagonale.net\/index.php\/2024\/04\/11\/le-groupe-elite-accroche-par-le-paris-fc\/#breadcrumb","itemListElement":[{"@type":"ListItem","position":1,"name":"Accueil","item":"https:\/\/www.ladiagonale.net\/"},{"@type":"ListItem","position":2,"name":"Le Groupe \u00c9lite accroch\u00e9 par le Paris FC"}]},{"@type":"WebSite","@id":"https:\/\/www.ladiagonale.net\/#website","url":"https:\/\/www.ladiagonale.net\/","name":"La Diagonale","description":"Le site des supporters de l&#039;AS Monaco FC","potentialAction":[{"@type":"SearchAction","target":{"@type":"EntryPoint","urlTemplate":"https:\/\/www.ladiagonale.net\/?s={search_term_string}"},"query-input":"required name=search_term_string"}],"inLanguage":"fr-FR"},{"@type":"Person","@id":"https:\/\/www.ladiagonale.net\/#\/schema\/person\/79ff1e7b0853ed01b2aa26e64ad300bf","name":"Damien Dellerba","image":{"@type":"ImageObject","inLanguage":"fr-FR","@id":"https:\/\/www.ladiagonale.net\/#\/schema\/person\/image\/","url":"https:\/\/secure.gravatar.com\/avatar\/c7850e06d3ff63cdbaee88b7fc16e2f0?s=96&d=mm&r=g","contentUrl":"https:\/\/secure.gravatar.com\/avatar\/c7850e06d3ff63cdbaee88b7fc16e2f0?s=96&d=mm&r=g","caption":"Damien Dellerba"},"url":"https:\/\/www.ladiagonale.net\/index.php\/author\/damien\/"}]}},"_links":{"self":[{"href":"https:\/\/www.ladiagonale.net\/index.php\/wp-json\/wp\/v2\/posts\/22260"}],"collection":[{"href":"https:\/\/www.ladiagonale.net\/index.php\/wp-json\/wp\/v2\/posts"}],"about":[{"href":"https:\/\/www.ladiagonale.net\/index.php\/wp-json\/wp\/v2\/types\/post"}],"author":[{"embeddable":true,"href":"https:\/\/www.ladiagonale.net\/index.php\/wp-json\/wp\/v2\/users\/2"}],"replies":[{"embeddable":true,"href":"https:\/\/www.ladiagonale.net\/index.php\/wp-json\/wp\/v2\/comments?post=22260"}],"version-history":[{"count":3,"href":"https:\/\/www.ladiagonale.net\/index.php\/wp-json\/wp\/v2\/posts\/22260\/revisions"}],"predecessor-version":[{"id":22266,"href":"https:\/\/www.ladiagonale.net\/index.php\/wp-json\/wp\/v2\/posts\/22260\/revisions\/22266"}],"wp:attachment":[{"href":"https:\/\/www.ladiagonale.net\/index.php\/wp-json\/wp\/v2\/media?parent=22260"}],"wp:term":[{"taxonomy":"category","embeddable":true,"href":"https:\/\/www.ladiagonale.net\/index.php\/wp-json\/wp\/v2\/categories?post=22260"},{"taxonomy":"post_tag","embeddable":true,"href":"https:\/\/www.ladiagonale.net\/index.php\/wp-json\/wp\/v2\/tags?post=22260"}],"curies":[{"name":"wp","href":"https:\/\/api.w.org\/{rel}","templated":true}]}}