{"id":22365,"date":"2024-04-20T00:42:38","date_gmt":"2024-04-19T22:42:38","guid":{"rendered":"https:\/\/www.ladiagonale.net\/?p=22365"},"modified":"2024-04-20T00:42:39","modified_gmt":"2024-04-19T22:42:39","slug":"zakaria-on-a-faim-de-ligue-des-champions","status":"publish","type":"post","link":"https:\/\/www.ladiagonale.net\/index.php\/2024\/04\/20\/zakaria-on-a-faim-de-ligue-des-champions\/","title":{"rendered":"Zakaria : \u00ab&nbsp;On a faim de Ligue des champions&nbsp;\u00bb"},"content":{"rendered":"\n<p>L\u2019AS Monaco joue gros en cette fin de saison pour retrouver l\u2019Europe et la Ligue des champions. En conf\u00e9rence de presse, Denis Zakaria a confi\u00e9 que le groupe \u00e9tait tr\u00e8s motiv\u00e9 sur les \u00e9ch\u00e9ances \u00e0 venir pour atteindre cet objectif : \u00ab\u00a0<em>On a une jeune \u00e9quipe et je pense qu\u2019il y a pas mal de joueurs qui n\u2019ont pas encore jou\u00e9 cette comp\u00e9tition, donc on a assez faim. C\u2019est notre objectif. Je ne dirais pas que \u00e7a ne nous hante, mais plut\u00f4t que \u00e7a nous motive. On veut vraiment la jouer cette comp\u00e9tition.<\/em>\u00a0\u00bb<\/p>\n\n\n\n<p>Il faudra d\u2019abord passer l\u2019obstacle brestois ce dimanche : \u00ab\u00a0<em>Ce sera clairement l\u2019\u00e9quipe qui aura le plus d\u2019envie qui l\u2019emportera. C\u2019est un match cl\u00e9, il faudra clairement courir beaucoup, se donner \u00e0 fond, jouer les duels et r\u00e9pondre. Si on n\u2019est pas pr\u00e9sent, \u00e7a ne passera pas contre cette bonne \u00e9quipe de Brest.<\/em>\u00a0\u00bb Le milieu de terrain n\u2019a pas voulu aller sur le terrain de la pol\u00e9mique par rapport aux r\u00e9centes sorties sur l\u2019arbitrage des Bretons : \u00ab\u00a0<em>Je n\u2019ai pas du tout regard\u00e9 ce qui s\u2019est dit et ce qu\u2019ils ont pu mettre comme pression. On pr\u00e9pare notre match normalement, sans penser \u00e0 l\u2019arbitrage.<\/em> \u00bb<\/p>\n\n\n\n<blockquote class=\"wp-block-quote\"><p>\u00ab Le groupe doit primer \u00bb<\/p><\/blockquote>\n\n\n\n<p>Mais le plus gros obstacle pour l\u2019ASM pourrait bien \u00eatre elle-m\u00eame, alors qu\u2019elle s\u2019\u00e9tait totalement \u00e9croul\u00e9e \u00e0 sept journ\u00e9es de la fin la saison derni\u00e8re : \u00ab\u00a0<em>Ce qui peut nous emp\u00eacher d\u2019aller en Ligue des champions ? Nous-m\u00eames. On a tout entre nos mains pour se qualifier donc on doit tout donner pour y aller la saison prochaine.<\/em>\u00a0\u00bb Et la dimension collective sera d\u00e9terminante pour atteindre l\u2019objectif : \u00ab\u00a0<em>Le groupe doit primer, on doit jouer en tant qu\u2019\u00e9quipe et pas seulement penser \u00e0 un joueur qui nous manque.<\/em>\u00a0\u00bb<\/p>\n\n\n\n<p>L\u2019international suisse a aussi \u00e9voqu\u00e9 sa saison : \u00ab\u00a0<em>C\u2019est une saison plut\u00f4t pleine, o\u00f9 j\u2019ai pu jouer beaucoup de matches et pu aider l\u2019\u00e9quipe donc je suis content par rapport \u00e0 \u00e7a. La saison sera d\u2019autant plus belle s\u2019il y a un r\u00e9sultat positif \u00e0 la fin. Donc je me concentre pour aider l\u2019\u00e9quipe au maximum sur ces derniers matches, pouvoir \u00eatre \u00e0 fond et prendre le plus de points possible pour \u00eatre heureux \u00e0 la fin. (\u2026) Ce n\u2019est jamais facile de faire une saison ou on joue tr\u00e8s peu et passer \u00e0 une autre ou j\u2019ai quasiment jou\u00e9 tous les matches. \u00c7a me fait beaucoup de bien dans la t\u00eate et surtout dans le corps.<\/em>\u00a0\u00bb<\/p>\n\n\n","protected":false},"excerpt":{"rendered":"<p>L\u2019AS Monaco joue gros en cette fin de saison pour retrouver l\u2019Europe et la Ligue des champions. En conf\u00e9rence de presse, Denis Zakaria a confi\u00e9 que le groupe \u00e9tait tr\u00e8s motiv\u00e9 sur les \u00e9ch\u00e9ances \u00e0 venir pour atteindre cet objectif : \u00ab\u00a0On a une jeune \u00e9quipe et je pense qu\u2019il y a pas mal de [&#8230;]\n","protected":false},"author":2,"featured_media":0,"comment_status":"open","ping_status":"open","sticky":false,"template":"","format":"standard","meta":[],"categories":[6],"tags":[86,373,631,94],"yoast_head":"<!-- This site is optimized with the Yoast SEO plugin v19.8 - https:\/\/yoast.com\/wordpress\/plugins\/seo\/ -->\n<title>Zakaria : \u00ab&nbsp;On a faim de Ligue des champions&nbsp;\u00bb - La Diagonale<\/title>\n<meta name=\"robots\" content=\"index, follow, max-snippet:-1, max-image-preview:large, max-video-preview:-1\" \/>\n<link rel=\"canonical\" href=\"https:\/\/www.ladiagonale.net\/index.php\/2024\/04\/20\/zakaria-on-a-faim-de-ligue-des-champions\/\" \/>\n<meta property=\"og:locale\" content=\"fr_FR\" \/>\n<meta property=\"og:type\" content=\"article\" \/>\n<meta property=\"og:title\" content=\"Zakaria : \u00ab&nbsp;On a faim de Ligue des champions&nbsp;\u00bb - La Diagonale\" \/>\n<meta property=\"og:description\" content=\"L\u2019AS Monaco joue gros en cette fin de saison pour retrouver l\u2019Europe et la Ligue des champions. En conf\u00e9rence de presse, Denis Zakaria a confi\u00e9 que le groupe \u00e9tait tr\u00e8s motiv\u00e9 sur les \u00e9ch\u00e9ances \u00e0 venir pour atteindre cet objectif : \u00ab\u00a0On a une jeune \u00e9quipe et je pense qu\u2019il y a pas mal de [...]\" \/>\n<meta property=\"og:url\" content=\"https:\/\/www.ladiagonale.net\/index.php\/2024\/04\/20\/zakaria-on-a-faim-de-ligue-des-champions\/\" \/>\n<meta property=\"og:site_name\" content=\"La Diagonale\" \/>\n<meta property=\"article:published_time\" content=\"2024-04-19T22:42:38+00:00\" \/>\n<meta property=\"article:modified_time\" content=\"2024-04-19T22:42:39+00:00\" \/>\n<meta property=\"og:image\" content=\"https:\/\/www.ladiagonale.net\/wp-content\/uploads\/2024\/03\/Denis-Zakaria-avec-Monaco-le-5-novembre-2023-1761336.jpg\" \/>\n\t<meta property=\"og:image:width\" content=\"2048\" \/>\n\t<meta property=\"og:image:height\" content=\"1152\" \/>\n\t<meta property=\"og:image:type\" content=\"image\/jpeg\" \/>\n<meta name=\"author\" content=\"Damien Dellerba\" \/>\n<meta name=\"twitter:card\" content=\"summary_large_image\" \/>\n<meta name=\"twitter:image\" content=\"https:\/\/www.ladiagonale.net\/wp-content\/uploads\/2024\/03\/Denis-Zakaria-avec-Monaco-le-5-novembre-2023-1761336.jpg\" \/>\n<meta name=\"twitter:label1\" content=\"\u00c9crit par\" \/>\n\t<meta name=\"twitter:data1\" content=\"Damien Dellerba\" \/>\n\t<meta name=\"twitter:label2\" content=\"Dur\u00e9e de lecture estim\u00e9e\" \/>\n\t<meta name=\"twitter:data2\" content=\"3 minutes\" \/>\n<script type=\"application\/ld+json\" class=\"yoast-schema-graph\">{\"@context\":\"https:\/\/schema.org\",\"@graph\":[{\"@type\":\"WebPage\",\"@id\":\"https:\/\/www.ladiagonale.net\/index.php\/2024\/04\/20\/zakaria-on-a-faim-de-ligue-des-champions\/\",\"url\":\"https:\/\/www.ladiagonale.net\/index.php\/2024\/04\/20\/zakaria-on-a-faim-de-ligue-des-champions\/\",\"name\":\"Zakaria : \u00ab&nbsp;On a faim de Ligue des champions&nbsp;\u00bb - La Diagonale\",\"isPartOf\":{\"@id\":\"https:\/\/www.ladiagonale.net\/#website\"},\"datePublished\":\"2024-04-19T22:42:38+00:00\",\"dateModified\":\"2024-04-19T22:42:39+00:00\",\"author\":{\"@id\":\"https:\/\/www.ladiagonale.net\/#\/schema\/person\/79ff1e7b0853ed01b2aa26e64ad300bf\"},\"breadcrumb\":{\"@id\":\"https:\/\/www.ladiagonale.net\/index.php\/2024\/04\/20\/zakaria-on-a-faim-de-ligue-des-champions\/#breadcrumb\"},\"inLanguage\":\"fr-FR\",\"potentialAction\":[{\"@type\":\"ReadAction\",\"target\":[\"https:\/\/www.ladiagonale.net\/index.php\/2024\/04\/20\/zakaria-on-a-faim-de-ligue-des-champions\/\"]}]},{\"@type\":\"BreadcrumbList\",\"@id\":\"https:\/\/www.ladiagonale.net\/index.php\/2024\/04\/20\/zakaria-on-a-faim-de-ligue-des-champions\/#breadcrumb\",\"itemListElement\":[{\"@type\":\"ListItem\",\"position\":1,\"name\":\"Accueil\",\"item\":\"https:\/\/www.ladiagonale.net\/\"},{\"@type\":\"ListItem\",\"position\":2,\"name\":\"Zakaria : \u00ab&nbsp;On a faim de Ligue des champions&nbsp;\u00bb\"}]},{\"@type\":\"WebSite\",\"@id\":\"https:\/\/www.ladiagonale.net\/#website\",\"url\":\"https:\/\/www.ladiagonale.net\/\",\"name\":\"La Diagonale\",\"description\":\"Le site des supporters de l&#039;AS Monaco FC\",\"potentialAction\":[{\"@type\":\"SearchAction\",\"target\":{\"@type\":\"EntryPoint\",\"urlTemplate\":\"https:\/\/www.ladiagonale.net\/?s={search_term_string}\"},\"query-input\":\"required name=search_term_string\"}],\"inLanguage\":\"fr-FR\"},{\"@type\":\"Person\",\"@id\":\"https:\/\/www.ladiagonale.net\/#\/schema\/person\/79ff1e7b0853ed01b2aa26e64ad300bf\",\"name\":\"Damien Dellerba\",\"image\":{\"@type\":\"ImageObject\",\"inLanguage\":\"fr-FR\",\"@id\":\"https:\/\/www.ladiagonale.net\/#\/schema\/person\/image\/\",\"url\":\"https:\/\/secure.gravatar.com\/avatar\/c7850e06d3ff63cdbaee88b7fc16e2f0?s=96&d=mm&r=g\",\"contentUrl\":\"https:\/\/secure.gravatar.com\/avatar\/c7850e06d3ff63cdbaee88b7fc16e2f0?s=96&d=mm&r=g\",\"caption\":\"Damien Dellerba\"},\"url\":\"https:\/\/www.ladiagonale.net\/index.php\/author\/damien\/\"}]}<\/script>\n<!-- \/ Yoast SEO plugin. -->","yoast_head_json":{"title":"Zakaria : \u00ab&nbsp;On a faim de Ligue des champions&nbsp;\u00bb - La Diagonale","robots":{"index":"index","follow":"follow","max-snippet":"max-snippet:-1","max-image-preview":"max-image-preview:large","max-video-preview":"max-video-preview:-1"},"canonical":"https:\/\/www.ladiagonale.net\/index.php\/2024\/04\/20\/zakaria-on-a-faim-de-ligue-des-champions\/","og_locale":"fr_FR","og_type":"article","og_title":"Zakaria : \u00ab&nbsp;On a faim de Ligue des champions&nbsp;\u00bb - La Diagonale","og_description":"L\u2019AS Monaco joue gros en cette fin de saison pour retrouver l\u2019Europe et la Ligue des champions. En conf\u00e9rence de presse, Denis Zakaria a confi\u00e9 que le groupe \u00e9tait tr\u00e8s motiv\u00e9 sur les \u00e9ch\u00e9ances \u00e0 venir pour atteindre cet objectif : \u00ab\u00a0On a une jeune \u00e9quipe et je pense qu\u2019il y a pas mal de [...]","og_url":"https:\/\/www.ladiagonale.net\/index.php\/2024\/04\/20\/zakaria-on-a-faim-de-ligue-des-champions\/","og_site_name":"La Diagonale","article_published_time":"2024-04-19T22:42:38+00:00","article_modified_time":"2024-04-19T22:42:39+00:00","og_image":[{"width":2048,"height":1152,"url":"https:\/\/www.ladiagonale.net\/wp-content\/uploads\/2024\/03\/Denis-Zakaria-avec-Monaco-le-5-novembre-2023-1761336.jpg","type":"image\/jpeg"}],"author":"Damien Dellerba","twitter_card":"summary_large_image","twitter_image":"https:\/\/www.ladiagonale.net\/wp-content\/uploads\/2024\/03\/Denis-Zakaria-avec-Monaco-le-5-novembre-2023-1761336.jpg","twitter_misc":{"\u00c9crit par":"Damien Dellerba","Dur\u00e9e de lecture estim\u00e9e":"3 minutes"},"schema":{"@context":"https:\/\/schema.org","@graph":[{"@type":"WebPage","@id":"https:\/\/www.ladiagonale.net\/index.php\/2024\/04\/20\/zakaria-on-a-faim-de-ligue-des-champions\/","url":"https:\/\/www.ladiagonale.net\/index.php\/2024\/04\/20\/zakaria-on-a-faim-de-ligue-des-champions\/","name":"Zakaria : \u00ab&nbsp;On a faim de Ligue des champions&nbsp;\u00bb - La Diagonale","isPartOf":{"@id":"https:\/\/www.ladiagonale.net\/#website"},"datePublished":"2024-04-19T22:42:38+00:00","dateModified":"2024-04-19T22:42:39+00:00","author":{"@id":"https:\/\/www.ladiagonale.net\/#\/schema\/person\/79ff1e7b0853ed01b2aa26e64ad300bf"},"breadcrumb":{"@id":"https:\/\/www.ladiagonale.net\/index.php\/2024\/04\/20\/zakaria-on-a-faim-de-ligue-des-champions\/#breadcrumb"},"inLanguage":"fr-FR","potentialAction":[{"@type":"ReadAction","target":["https:\/\/www.ladiagonale.net\/index.php\/2024\/04\/20\/zakaria-on-a-faim-de-ligue-des-champions\/"]}]},{"@type":"BreadcrumbList","@id":"https:\/\/www.ladiagonale.net\/index.php\/2024\/04\/20\/zakaria-on-a-faim-de-ligue-des-champions\/#breadcrumb","itemListElement":[{"@type":"ListItem","position":1,"name":"Accueil","item":"https:\/\/www.ladiagonale.net\/"},{"@type":"ListItem","position":2,"name":"Zakaria : \u00ab&nbsp;On a faim de Ligue des champions&nbsp;\u00bb"}]},{"@type":"WebSite","@id":"https:\/\/www.ladiagonale.net\/#website","url":"https:\/\/www.ladiagonale.net\/","name":"La Diagonale","description":"Le site des supporters de l&#039;AS Monaco FC","potentialAction":[{"@type":"SearchAction","target":{"@type":"EntryPoint","urlTemplate":"https:\/\/www.ladiagonale.net\/?s={search_term_string}"},"query-input":"required name=search_term_string"}],"inLanguage":"fr-FR"},{"@type":"Person","@id":"https:\/\/www.ladiagonale.net\/#\/schema\/person\/79ff1e7b0853ed01b2aa26e64ad300bf","name":"Damien Dellerba","image":{"@type":"ImageObject","inLanguage":"fr-FR","@id":"https:\/\/www.ladiagonale.net\/#\/schema\/person\/image\/","url":"https:\/\/secure.gravatar.com\/avatar\/c7850e06d3ff63cdbaee88b7fc16e2f0?s=96&d=mm&r=g","contentUrl":"https:\/\/secure.gravatar.com\/avatar\/c7850e06d3ff63cdbaee88b7fc16e2f0?s=96&d=mm&r=g","caption":"Damien Dellerba"},"url":"https:\/\/www.ladiagonale.net\/index.php\/author\/damien\/"}]}},"_links":{"self":[{"href":"https:\/\/www.ladiagonale.net\/index.php\/wp-json\/wp\/v2\/posts\/22365"}],"collection":[{"href":"https:\/\/www.ladiagonale.net\/index.php\/wp-json\/wp\/v2\/posts"}],"about":[{"href":"https:\/\/www.ladiagonale.net\/index.php\/wp-json\/wp\/v2\/types\/post"}],"author":[{"embeddable":true,"href":"https:\/\/www.ladiagonale.net\/index.php\/wp-json\/wp\/v2\/users\/2"}],"replies":[{"embeddable":true,"href":"https:\/\/www.ladiagonale.net\/index.php\/wp-json\/wp\/v2\/comments?post=22365"}],"version-history":[{"count":1,"href":"https:\/\/www.ladiagonale.net\/index.php\/wp-json\/wp\/v2\/posts\/22365\/revisions"}],"predecessor-version":[{"id":22366,"href":"https:\/\/www.ladiagonale.net\/index.php\/wp-json\/wp\/v2\/posts\/22365\/revisions\/22366"}],"wp:attachment":[{"href":"https:\/\/www.ladiagonale.net\/index.php\/wp-json\/wp\/v2\/media?parent=22365"}],"wp:term":[{"taxonomy":"category","embeddable":true,"href":"https:\/\/www.ladiagonale.net\/index.php\/wp-json\/wp\/v2\/categories?post=22365"},{"taxonomy":"post_tag","embeddable":true,"href":"https:\/\/www.ladiagonale.net\/index.php\/wp-json\/wp\/v2\/tags?post=22365"}],"curies":[{"name":"wp","href":"https:\/\/api.w.org\/{rel}","templated":true}]}}