{"id":22367,"date":"2024-04-20T13:13:54","date_gmt":"2024-04-20T11:13:54","guid":{"rendered":"https:\/\/www.ladiagonale.net\/?p=22367"},"modified":"2024-04-20T13:13:55","modified_gmt":"2024-04-20T11:13:55","slug":"roy-la-theorie-du-complot-je-ny-pense-pas","status":"publish","type":"post","link":"https:\/\/www.ladiagonale.net\/index.php\/2024\/04\/20\/roy-la-theorie-du-complot-je-ny-pense-pas\/","title":{"rendered":"Roy : \u00ab&nbsp;La th\u00e9orie du complot, je n\u2019y pense pas&nbsp;\u00bb"},"content":{"rendered":"\n<p>Les questions sur l&rsquo;arbitrage \u00e9taient forc\u00e9ment nombreuses lors du point presse d\u2019\u00c9ric Roy avant Brest-Monaco. L\u2019entra\u00eeneur brestois avait, de concert avec son directeur sportif Gr\u00e9gory Lorenzi, <a href=\"https:\/\/www.ladiagonale.net\/index.php\/2024\/04\/15\/brest-suggere-un-complot-arbitral-a-venir-contre-monaco\/\" target=\"_blank\" rel=\"noreferrer noopener\">ironis\u00e9 sur arbitrage d\u00e9favorable \u00e0 venir face \u00e0 l\u2019ASM<\/a>, mais a quelque peu adouci la forme sans pour autant changer le fond : \u00ab\u00a0<em>Jamais je ne tirerai \u00e0 boulet rouge sur les arbitres. La th\u00e9orie du complot je n\u2019y pense pas. Mais je suis r\u00e9aliste. (\u2026) Je sais tr\u00e8s bien que pour certains m\u00e9dias ou institutions du football, avoir Brest en Coupe d\u2019Europe la saison prochaine, ce n\u2019est peut-\u00eatre pas le truc le plus sexy. On est conscient de \u00e7a. Il ne faut rien attendre de personne, aucun coup de pouce.<\/em>\u00a0\u00bb<\/p>\n\n\n\n<p>L\u2019ancien Ni\u00e7ois n\u2019a pas forc\u00e9ment pu s\u2019emp\u00eacher de reparler du match aller face \u00e0 l\u2019ASM, o\u00f9 l\u2019arbitrage d\u2019\u00c9ric Wattellier les avait<a href=\"https:\/\/www.ladiagonale.net\/index.php\/2023\/11\/05\/les-brestois-ulceres-par-larbitrage-on-a-joue-a-12-contre-11\/\" target=\"_blank\" rel=\"noreferrer noopener\"> d\u00e9j\u00e0 fait sortir de leurs gonds<\/a> : \u00ab\u00a0<em>Cela fait trois-quatre fois dans la saison que les responsables de l\u2019arbitrage reconnaissent qu\u2019il y a eu des erreurs et qu\u2019on a \u00e9t\u00e9 p\u00e9nalis\u00e9s. Je me rappelle du match aller contre Monaco, et c\u2019est certainement celui o\u00f9 il y a eu le plus d\u2019erreurs en notre d\u00e9faveur.<\/em>\u00a0\u00bb\u00a0<\/p>\n\n\n\n<p>Pour couper court aux pol\u00e9miques, l\u2019ASM devra donc l\u2019emporter sans qu\u2019il y ait mati\u00e8re \u00e0 d\u00e9bat. Elle en a les qualit\u00e9s : \u00ab\u00a0<em>Il n\u2019y a qu\u2019\u00e0 voir leurs stats<\/em>, r\u00e9pond Roy. <em>C\u2019est une \u00e9quipe tr\u00e8s forte offensivement, capable de marquer des buts \u00e0 tout moment. Quand on voit l\u2019effectif, \u00e7a fait m\u00eame un peu peur. Lorsqu\u2019on regarde les bancs de touche, maintenant qu\u2019ils ont r\u00e9cup\u00e9r\u00e9 pas mal de bless\u00e9s, il y a des joueurs de top niveau qui ne d\u00e9marrent pas les matches et donc qui peuvent rentrer en cours de jeu. C\u2019est certainement pour moi le plus bel effectif avec le Paris Saint-Germain.<\/em>\u00a0\u00bb<\/p>\n\n\n","protected":false},"excerpt":{"rendered":"<p>Les questions sur l&rsquo;arbitrage \u00e9taient forc\u00e9ment nombreuses lors du point presse d\u2019\u00c9ric Roy avant Brest-Monaco. L\u2019entra\u00eeneur brestois avait, de concert avec son directeur sportif Gr\u00e9gory Lorenzi, ironis\u00e9 sur arbitrage d\u00e9favorable \u00e0 venir face \u00e0 l\u2019ASM, mais a quelque peu adouci la forme sans pour autant changer le fond : \u00ab\u00a0Jamais je ne tirerai \u00e0 boulet [&#8230;]\n","protected":false},"author":2,"featured_media":0,"comment_status":"open","ping_status":"open","sticky":false,"template":"","format":"standard","meta":[],"categories":[6],"tags":[86,373,724,94],"yoast_head":"<!-- This site is optimized with the Yoast SEO plugin v19.8 - https:\/\/yoast.com\/wordpress\/plugins\/seo\/ -->\n<title>Roy : \u00ab&nbsp;La th\u00e9orie du complot, je n\u2019y pense pas&nbsp;\u00bb - La Diagonale<\/title>\n<meta name=\"robots\" content=\"index, follow, max-snippet:-1, max-image-preview:large, max-video-preview:-1\" \/>\n<link rel=\"canonical\" href=\"https:\/\/www.ladiagonale.net\/index.php\/2024\/04\/20\/roy-la-theorie-du-complot-je-ny-pense-pas\/\" \/>\n<meta property=\"og:locale\" content=\"fr_FR\" \/>\n<meta property=\"og:type\" content=\"article\" \/>\n<meta property=\"og:title\" content=\"Roy : \u00ab&nbsp;La th\u00e9orie du complot, je n\u2019y pense pas&nbsp;\u00bb - La Diagonale\" \/>\n<meta property=\"og:description\" content=\"Les questions sur l&rsquo;arbitrage \u00e9taient forc\u00e9ment nombreuses lors du point presse d\u2019\u00c9ric Roy avant Brest-Monaco. L\u2019entra\u00eeneur brestois avait, de concert avec son directeur sportif Gr\u00e9gory Lorenzi, ironis\u00e9 sur arbitrage d\u00e9favorable \u00e0 venir face \u00e0 l\u2019ASM, mais a quelque peu adouci la forme sans pour autant changer le fond : \u00ab\u00a0Jamais je ne tirerai \u00e0 boulet [...]\" \/>\n<meta property=\"og:url\" content=\"https:\/\/www.ladiagonale.net\/index.php\/2024\/04\/20\/roy-la-theorie-du-complot-je-ny-pense-pas\/\" \/>\n<meta property=\"og:site_name\" content=\"La Diagonale\" \/>\n<meta property=\"article:published_time\" content=\"2024-04-20T11:13:54+00:00\" \/>\n<meta property=\"article:modified_time\" content=\"2024-04-20T11:13:55+00:00\" \/>\n<meta property=\"og:image\" content=\"https:\/\/www.ladiagonale.net\/wp-content\/uploads\/2023\/11\/Roy.png\" \/>\n\t<meta property=\"og:image:width\" content=\"1160\" \/>\n\t<meta property=\"og:image:height\" content=\"650\" \/>\n\t<meta property=\"og:image:type\" content=\"image\/png\" \/>\n<meta name=\"author\" content=\"Damien Dellerba\" \/>\n<meta name=\"twitter:card\" content=\"summary_large_image\" \/>\n<meta name=\"twitter:image\" content=\"https:\/\/www.ladiagonale.net\/wp-content\/uploads\/2023\/11\/Roy.png\" \/>\n<meta name=\"twitter:label1\" content=\"\u00c9crit par\" \/>\n\t<meta name=\"twitter:data1\" content=\"Damien Dellerba\" \/>\n\t<meta name=\"twitter:label2\" content=\"Dur\u00e9e de lecture estim\u00e9e\" \/>\n\t<meta name=\"twitter:data2\" content=\"2 minutes\" \/>\n<script type=\"application\/ld+json\" class=\"yoast-schema-graph\">{\"@context\":\"https:\/\/schema.org\",\"@graph\":[{\"@type\":\"WebPage\",\"@id\":\"https:\/\/www.ladiagonale.net\/index.php\/2024\/04\/20\/roy-la-theorie-du-complot-je-ny-pense-pas\/\",\"url\":\"https:\/\/www.ladiagonale.net\/index.php\/2024\/04\/20\/roy-la-theorie-du-complot-je-ny-pense-pas\/\",\"name\":\"Roy : \u00ab&nbsp;La th\u00e9orie du complot, je n\u2019y pense pas&nbsp;\u00bb - La Diagonale\",\"isPartOf\":{\"@id\":\"https:\/\/www.ladiagonale.net\/#website\"},\"datePublished\":\"2024-04-20T11:13:54+00:00\",\"dateModified\":\"2024-04-20T11:13:55+00:00\",\"author\":{\"@id\":\"https:\/\/www.ladiagonale.net\/#\/schema\/person\/79ff1e7b0853ed01b2aa26e64ad300bf\"},\"breadcrumb\":{\"@id\":\"https:\/\/www.ladiagonale.net\/index.php\/2024\/04\/20\/roy-la-theorie-du-complot-je-ny-pense-pas\/#breadcrumb\"},\"inLanguage\":\"fr-FR\",\"potentialAction\":[{\"@type\":\"ReadAction\",\"target\":[\"https:\/\/www.ladiagonale.net\/index.php\/2024\/04\/20\/roy-la-theorie-du-complot-je-ny-pense-pas\/\"]}]},{\"@type\":\"BreadcrumbList\",\"@id\":\"https:\/\/www.ladiagonale.net\/index.php\/2024\/04\/20\/roy-la-theorie-du-complot-je-ny-pense-pas\/#breadcrumb\",\"itemListElement\":[{\"@type\":\"ListItem\",\"position\":1,\"name\":\"Accueil\",\"item\":\"https:\/\/www.ladiagonale.net\/\"},{\"@type\":\"ListItem\",\"position\":2,\"name\":\"Roy : \u00ab&nbsp;La th\u00e9orie du complot, je n\u2019y pense pas&nbsp;\u00bb\"}]},{\"@type\":\"WebSite\",\"@id\":\"https:\/\/www.ladiagonale.net\/#website\",\"url\":\"https:\/\/www.ladiagonale.net\/\",\"name\":\"La Diagonale\",\"description\":\"Le site des supporters de l&#039;AS Monaco FC\",\"potentialAction\":[{\"@type\":\"SearchAction\",\"target\":{\"@type\":\"EntryPoint\",\"urlTemplate\":\"https:\/\/www.ladiagonale.net\/?s={search_term_string}\"},\"query-input\":\"required name=search_term_string\"}],\"inLanguage\":\"fr-FR\"},{\"@type\":\"Person\",\"@id\":\"https:\/\/www.ladiagonale.net\/#\/schema\/person\/79ff1e7b0853ed01b2aa26e64ad300bf\",\"name\":\"Damien Dellerba\",\"image\":{\"@type\":\"ImageObject\",\"inLanguage\":\"fr-FR\",\"@id\":\"https:\/\/www.ladiagonale.net\/#\/schema\/person\/image\/\",\"url\":\"https:\/\/secure.gravatar.com\/avatar\/c7850e06d3ff63cdbaee88b7fc16e2f0?s=96&d=mm&r=g\",\"contentUrl\":\"https:\/\/secure.gravatar.com\/avatar\/c7850e06d3ff63cdbaee88b7fc16e2f0?s=96&d=mm&r=g\",\"caption\":\"Damien Dellerba\"},\"url\":\"https:\/\/www.ladiagonale.net\/index.php\/author\/damien\/\"}]}<\/script>\n<!-- \/ Yoast SEO plugin. -->","yoast_head_json":{"title":"Roy : \u00ab&nbsp;La th\u00e9orie du complot, je n\u2019y pense pas&nbsp;\u00bb - La Diagonale","robots":{"index":"index","follow":"follow","max-snippet":"max-snippet:-1","max-image-preview":"max-image-preview:large","max-video-preview":"max-video-preview:-1"},"canonical":"https:\/\/www.ladiagonale.net\/index.php\/2024\/04\/20\/roy-la-theorie-du-complot-je-ny-pense-pas\/","og_locale":"fr_FR","og_type":"article","og_title":"Roy : \u00ab&nbsp;La th\u00e9orie du complot, je n\u2019y pense pas&nbsp;\u00bb - La Diagonale","og_description":"Les questions sur l&rsquo;arbitrage \u00e9taient forc\u00e9ment nombreuses lors du point presse d\u2019\u00c9ric Roy avant Brest-Monaco. L\u2019entra\u00eeneur brestois avait, de concert avec son directeur sportif Gr\u00e9gory Lorenzi, ironis\u00e9 sur arbitrage d\u00e9favorable \u00e0 venir face \u00e0 l\u2019ASM, mais a quelque peu adouci la forme sans pour autant changer le fond : \u00ab\u00a0Jamais je ne tirerai \u00e0 boulet [...]","og_url":"https:\/\/www.ladiagonale.net\/index.php\/2024\/04\/20\/roy-la-theorie-du-complot-je-ny-pense-pas\/","og_site_name":"La Diagonale","article_published_time":"2024-04-20T11:13:54+00:00","article_modified_time":"2024-04-20T11:13:55+00:00","og_image":[{"width":1160,"height":650,"url":"https:\/\/www.ladiagonale.net\/wp-content\/uploads\/2023\/11\/Roy.png","type":"image\/png"}],"author":"Damien Dellerba","twitter_card":"summary_large_image","twitter_image":"https:\/\/www.ladiagonale.net\/wp-content\/uploads\/2023\/11\/Roy.png","twitter_misc":{"\u00c9crit par":"Damien Dellerba","Dur\u00e9e de lecture estim\u00e9e":"2 minutes"},"schema":{"@context":"https:\/\/schema.org","@graph":[{"@type":"WebPage","@id":"https:\/\/www.ladiagonale.net\/index.php\/2024\/04\/20\/roy-la-theorie-du-complot-je-ny-pense-pas\/","url":"https:\/\/www.ladiagonale.net\/index.php\/2024\/04\/20\/roy-la-theorie-du-complot-je-ny-pense-pas\/","name":"Roy : \u00ab&nbsp;La th\u00e9orie du complot, je n\u2019y pense pas&nbsp;\u00bb - La Diagonale","isPartOf":{"@id":"https:\/\/www.ladiagonale.net\/#website"},"datePublished":"2024-04-20T11:13:54+00:00","dateModified":"2024-04-20T11:13:55+00:00","author":{"@id":"https:\/\/www.ladiagonale.net\/#\/schema\/person\/79ff1e7b0853ed01b2aa26e64ad300bf"},"breadcrumb":{"@id":"https:\/\/www.ladiagonale.net\/index.php\/2024\/04\/20\/roy-la-theorie-du-complot-je-ny-pense-pas\/#breadcrumb"},"inLanguage":"fr-FR","potentialAction":[{"@type":"ReadAction","target":["https:\/\/www.ladiagonale.net\/index.php\/2024\/04\/20\/roy-la-theorie-du-complot-je-ny-pense-pas\/"]}]},{"@type":"BreadcrumbList","@id":"https:\/\/www.ladiagonale.net\/index.php\/2024\/04\/20\/roy-la-theorie-du-complot-je-ny-pense-pas\/#breadcrumb","itemListElement":[{"@type":"ListItem","position":1,"name":"Accueil","item":"https:\/\/www.ladiagonale.net\/"},{"@type":"ListItem","position":2,"name":"Roy : \u00ab&nbsp;La th\u00e9orie du complot, je n\u2019y pense pas&nbsp;\u00bb"}]},{"@type":"WebSite","@id":"https:\/\/www.ladiagonale.net\/#website","url":"https:\/\/www.ladiagonale.net\/","name":"La Diagonale","description":"Le site des supporters de l&#039;AS Monaco FC","potentialAction":[{"@type":"SearchAction","target":{"@type":"EntryPoint","urlTemplate":"https:\/\/www.ladiagonale.net\/?s={search_term_string}"},"query-input":"required name=search_term_string"}],"inLanguage":"fr-FR"},{"@type":"Person","@id":"https:\/\/www.ladiagonale.net\/#\/schema\/person\/79ff1e7b0853ed01b2aa26e64ad300bf","name":"Damien Dellerba","image":{"@type":"ImageObject","inLanguage":"fr-FR","@id":"https:\/\/www.ladiagonale.net\/#\/schema\/person\/image\/","url":"https:\/\/secure.gravatar.com\/avatar\/c7850e06d3ff63cdbaee88b7fc16e2f0?s=96&d=mm&r=g","contentUrl":"https:\/\/secure.gravatar.com\/avatar\/c7850e06d3ff63cdbaee88b7fc16e2f0?s=96&d=mm&r=g","caption":"Damien Dellerba"},"url":"https:\/\/www.ladiagonale.net\/index.php\/author\/damien\/"}]}},"_links":{"self":[{"href":"https:\/\/www.ladiagonale.net\/index.php\/wp-json\/wp\/v2\/posts\/22367"}],"collection":[{"href":"https:\/\/www.ladiagonale.net\/index.php\/wp-json\/wp\/v2\/posts"}],"about":[{"href":"https:\/\/www.ladiagonale.net\/index.php\/wp-json\/wp\/v2\/types\/post"}],"author":[{"embeddable":true,"href":"https:\/\/www.ladiagonale.net\/index.php\/wp-json\/wp\/v2\/users\/2"}],"replies":[{"embeddable":true,"href":"https:\/\/www.ladiagonale.net\/index.php\/wp-json\/wp\/v2\/comments?post=22367"}],"version-history":[{"count":1,"href":"https:\/\/www.ladiagonale.net\/index.php\/wp-json\/wp\/v2\/posts\/22367\/revisions"}],"predecessor-version":[{"id":22368,"href":"https:\/\/www.ladiagonale.net\/index.php\/wp-json\/wp\/v2\/posts\/22367\/revisions\/22368"}],"wp:attachment":[{"href":"https:\/\/www.ladiagonale.net\/index.php\/wp-json\/wp\/v2\/media?parent=22367"}],"wp:term":[{"taxonomy":"category","embeddable":true,"href":"https:\/\/www.ladiagonale.net\/index.php\/wp-json\/wp\/v2\/categories?post=22367"},{"taxonomy":"post_tag","embeddable":true,"href":"https:\/\/www.ladiagonale.net\/index.php\/wp-json\/wp\/v2\/tags?post=22367"}],"curies":[{"name":"wp","href":"https:\/\/api.w.org\/{rel}","templated":true}]}}