{"id":22383,"date":"2024-04-21T16:18:56","date_gmt":"2024-04-21T14:18:56","guid":{"rendered":"https:\/\/www.ladiagonale.net\/?p=22383"},"modified":"2024-04-21T16:56:19","modified_gmt":"2024-04-21T14:56:19","slug":"les-compositions-balogun-diatta-et-maripan-titulaires","status":"publish","type":"post","link":"https:\/\/www.ladiagonale.net\/index.php\/2024\/04\/21\/les-compositions-balogun-diatta-et-maripan-titulaires\/","title":{"rendered":"Les compositions : Balogun, Diatta et Maripan titulaires"},"content":{"rendered":"\n\n\n<p>La composition de l&rsquo;AS Monaco comporte de nombreuses surprises et notamment un possible retour \u00e0 la d\u00e9fense \u00e0 trois. Guillermo Maripan a \u00e9t\u00e9 titularis\u00e9 dans la charni\u00e8re, o\u00f9 il devrait \u00eatre entour\u00e9 de Wilfried Singo et Mohamed Salisu. Plus surprenant, la pr\u00e9sence de Kr\u00e9pin Diatta qui devrait occuper le poste de piston gauche en lieu et place de Kassoum Ouattara.<\/p>\n\n\n\n<p>En attaque, Folarin Balogun a \u00e9t\u00e9 pr\u00e9f\u00e9r\u00e9 \u00e0 Wissam Ben Yedder. C&rsquo;est Youssouf Fofana qui portera le brassard de capitaine.<\/p>\n\n\n\n<p><strong>Stade Brestois 29  (4-2-3-1): <\/strong>Bizot &#8211; Lala, Chardonnet (cap.), Le Cardinal, Locko &#8211; Magnetti, Martin &#8211; Del Castillo, Doumbia, Satriano &#8211; Mouni\u00e9.<\/p>\n\n\n\n<p><em>Rempla\u00e7ants :<\/em> Coudert (g.), Zogb\u00e9, Amavi, Camara, Lebeau, Camblan, Pereira Lage, Brahimi, Le Douaron.<\/p>\n\n\n\n<p><strong>AS Monaco (3-4-2-1) : <\/strong>Majecki &#8211; Singo, Maripan Salisu &#8211; Vanderson, Fofana (cap.), Zakaria, Diatta &#8211; Akliouche, Minamino &#8211; Balogun <\/p>\n\n\n\n<p><em>Rempla\u00e7ants :<\/em> K\u00f6hn (g.), Magassa, Ouattara, Camara, Coulibaly, Diop, Ben Seghir, Ben Yedder, Embolo.<\/p>\n","protected":false},"excerpt":{"rendered":"<p>La composition de l&rsquo;AS Monaco comporte de nombreuses surprises et notamment un possible retour \u00e0 la d\u00e9fense \u00e0 trois. Guillermo Maripan a \u00e9t\u00e9 titularis\u00e9 dans la charni\u00e8re, o\u00f9 il devrait \u00eatre entour\u00e9 de Wilfried Singo et Mohamed Salisu. Plus surprenant, la pr\u00e9sence de Kr\u00e9pin Diatta qui devrait occuper le poste de piston gauche en lieu [&#8230;]\n","protected":false},"author":2,"featured_media":0,"comment_status":"open","ping_status":"open","sticky":false,"template":"","format":"standard","meta":[],"categories":[4,6],"tags":[86,373,213,94],"yoast_head":"<!-- This site is optimized with the Yoast SEO plugin v19.8 - https:\/\/yoast.com\/wordpress\/plugins\/seo\/ -->\n<title>Les compositions : Balogun, Diatta et Maripan titulaires - La Diagonale<\/title>\n<meta name=\"robots\" content=\"index, follow, max-snippet:-1, max-image-preview:large, max-video-preview:-1\" \/>\n<link rel=\"canonical\" href=\"https:\/\/www.ladiagonale.net\/index.php\/2024\/04\/21\/les-compositions-balogun-diatta-et-maripan-titulaires\/\" \/>\n<meta property=\"og:locale\" content=\"fr_FR\" \/>\n<meta property=\"og:type\" content=\"article\" \/>\n<meta property=\"og:title\" content=\"Les compositions : Balogun, Diatta et Maripan titulaires - La Diagonale\" \/>\n<meta property=\"og:description\" content=\"La composition de l&rsquo;AS Monaco comporte de nombreuses surprises et notamment un possible retour \u00e0 la d\u00e9fense \u00e0 trois. Guillermo Maripan a \u00e9t\u00e9 titularis\u00e9 dans la charni\u00e8re, o\u00f9 il devrait \u00eatre entour\u00e9 de Wilfried Singo et Mohamed Salisu. Plus surprenant, la pr\u00e9sence de Kr\u00e9pin Diatta qui devrait occuper le poste de piston gauche en lieu [...]\" \/>\n<meta property=\"og:url\" content=\"https:\/\/www.ladiagonale.net\/index.php\/2024\/04\/21\/les-compositions-balogun-diatta-et-maripan-titulaires\/\" \/>\n<meta property=\"og:site_name\" content=\"La Diagonale\" \/>\n<meta property=\"article:published_time\" content=\"2024-04-21T14:18:56+00:00\" \/>\n<meta property=\"article:modified_time\" content=\"2024-04-21T14:56:19+00:00\" \/>\n<meta property=\"og:image\" content=\"https:\/\/www.ladiagonale.net\/wp-content\/uploads\/2023\/09\/balogun3.png\" \/>\n\t<meta property=\"og:image:width\" content=\"1160\" \/>\n\t<meta property=\"og:image:height\" content=\"650\" \/>\n\t<meta property=\"og:image:type\" content=\"image\/png\" \/>\n<meta name=\"author\" content=\"Damien Dellerba\" \/>\n<meta name=\"twitter:card\" content=\"summary_large_image\" \/>\n<meta name=\"twitter:image\" content=\"https:\/\/www.ladiagonale.net\/wp-content\/uploads\/2023\/09\/balogun3.png\" \/>\n<meta name=\"twitter:label1\" content=\"\u00c9crit par\" \/>\n\t<meta name=\"twitter:data1\" content=\"Damien Dellerba\" \/>\n\t<meta name=\"twitter:label2\" content=\"Dur\u00e9e de lecture estim\u00e9e\" \/>\n\t<meta name=\"twitter:data2\" content=\"1 minute\" \/>\n<script type=\"application\/ld+json\" class=\"yoast-schema-graph\">{\"@context\":\"https:\/\/schema.org\",\"@graph\":[{\"@type\":\"WebPage\",\"@id\":\"https:\/\/www.ladiagonale.net\/index.php\/2024\/04\/21\/les-compositions-balogun-diatta-et-maripan-titulaires\/\",\"url\":\"https:\/\/www.ladiagonale.net\/index.php\/2024\/04\/21\/les-compositions-balogun-diatta-et-maripan-titulaires\/\",\"name\":\"Les compositions : Balogun, Diatta et Maripan titulaires - La Diagonale\",\"isPartOf\":{\"@id\":\"https:\/\/www.ladiagonale.net\/#website\"},\"datePublished\":\"2024-04-21T14:18:56+00:00\",\"dateModified\":\"2024-04-21T14:56:19+00:00\",\"author\":{\"@id\":\"https:\/\/www.ladiagonale.net\/#\/schema\/person\/79ff1e7b0853ed01b2aa26e64ad300bf\"},\"breadcrumb\":{\"@id\":\"https:\/\/www.ladiagonale.net\/index.php\/2024\/04\/21\/les-compositions-balogun-diatta-et-maripan-titulaires\/#breadcrumb\"},\"inLanguage\":\"fr-FR\",\"potentialAction\":[{\"@type\":\"ReadAction\",\"target\":[\"https:\/\/www.ladiagonale.net\/index.php\/2024\/04\/21\/les-compositions-balogun-diatta-et-maripan-titulaires\/\"]}]},{\"@type\":\"BreadcrumbList\",\"@id\":\"https:\/\/www.ladiagonale.net\/index.php\/2024\/04\/21\/les-compositions-balogun-diatta-et-maripan-titulaires\/#breadcrumb\",\"itemListElement\":[{\"@type\":\"ListItem\",\"position\":1,\"name\":\"Accueil\",\"item\":\"https:\/\/www.ladiagonale.net\/\"},{\"@type\":\"ListItem\",\"position\":2,\"name\":\"Les compositions : Balogun, Diatta et Maripan titulaires\"}]},{\"@type\":\"WebSite\",\"@id\":\"https:\/\/www.ladiagonale.net\/#website\",\"url\":\"https:\/\/www.ladiagonale.net\/\",\"name\":\"La Diagonale\",\"description\":\"Le site des supporters de l&#039;AS Monaco FC\",\"potentialAction\":[{\"@type\":\"SearchAction\",\"target\":{\"@type\":\"EntryPoint\",\"urlTemplate\":\"https:\/\/www.ladiagonale.net\/?s={search_term_string}\"},\"query-input\":\"required name=search_term_string\"}],\"inLanguage\":\"fr-FR\"},{\"@type\":\"Person\",\"@id\":\"https:\/\/www.ladiagonale.net\/#\/schema\/person\/79ff1e7b0853ed01b2aa26e64ad300bf\",\"name\":\"Damien Dellerba\",\"image\":{\"@type\":\"ImageObject\",\"inLanguage\":\"fr-FR\",\"@id\":\"https:\/\/www.ladiagonale.net\/#\/schema\/person\/image\/\",\"url\":\"https:\/\/secure.gravatar.com\/avatar\/c7850e06d3ff63cdbaee88b7fc16e2f0?s=96&d=mm&r=g\",\"contentUrl\":\"https:\/\/secure.gravatar.com\/avatar\/c7850e06d3ff63cdbaee88b7fc16e2f0?s=96&d=mm&r=g\",\"caption\":\"Damien Dellerba\"},\"url\":\"https:\/\/www.ladiagonale.net\/index.php\/author\/damien\/\"}]}<\/script>\n<!-- \/ Yoast SEO plugin. -->","yoast_head_json":{"title":"Les compositions : Balogun, Diatta et Maripan titulaires - La Diagonale","robots":{"index":"index","follow":"follow","max-snippet":"max-snippet:-1","max-image-preview":"max-image-preview:large","max-video-preview":"max-video-preview:-1"},"canonical":"https:\/\/www.ladiagonale.net\/index.php\/2024\/04\/21\/les-compositions-balogun-diatta-et-maripan-titulaires\/","og_locale":"fr_FR","og_type":"article","og_title":"Les compositions : Balogun, Diatta et Maripan titulaires - La Diagonale","og_description":"La composition de l&rsquo;AS Monaco comporte de nombreuses surprises et notamment un possible retour \u00e0 la d\u00e9fense \u00e0 trois. Guillermo Maripan a \u00e9t\u00e9 titularis\u00e9 dans la charni\u00e8re, o\u00f9 il devrait \u00eatre entour\u00e9 de Wilfried Singo et Mohamed Salisu. Plus surprenant, la pr\u00e9sence de Kr\u00e9pin Diatta qui devrait occuper le poste de piston gauche en lieu [...]","og_url":"https:\/\/www.ladiagonale.net\/index.php\/2024\/04\/21\/les-compositions-balogun-diatta-et-maripan-titulaires\/","og_site_name":"La Diagonale","article_published_time":"2024-04-21T14:18:56+00:00","article_modified_time":"2024-04-21T14:56:19+00:00","og_image":[{"width":1160,"height":650,"url":"https:\/\/www.ladiagonale.net\/wp-content\/uploads\/2023\/09\/balogun3.png","type":"image\/png"}],"author":"Damien Dellerba","twitter_card":"summary_large_image","twitter_image":"https:\/\/www.ladiagonale.net\/wp-content\/uploads\/2023\/09\/balogun3.png","twitter_misc":{"\u00c9crit par":"Damien Dellerba","Dur\u00e9e de lecture estim\u00e9e":"1 minute"},"schema":{"@context":"https:\/\/schema.org","@graph":[{"@type":"WebPage","@id":"https:\/\/www.ladiagonale.net\/index.php\/2024\/04\/21\/les-compositions-balogun-diatta-et-maripan-titulaires\/","url":"https:\/\/www.ladiagonale.net\/index.php\/2024\/04\/21\/les-compositions-balogun-diatta-et-maripan-titulaires\/","name":"Les compositions : Balogun, Diatta et Maripan titulaires - La Diagonale","isPartOf":{"@id":"https:\/\/www.ladiagonale.net\/#website"},"datePublished":"2024-04-21T14:18:56+00:00","dateModified":"2024-04-21T14:56:19+00:00","author":{"@id":"https:\/\/www.ladiagonale.net\/#\/schema\/person\/79ff1e7b0853ed01b2aa26e64ad300bf"},"breadcrumb":{"@id":"https:\/\/www.ladiagonale.net\/index.php\/2024\/04\/21\/les-compositions-balogun-diatta-et-maripan-titulaires\/#breadcrumb"},"inLanguage":"fr-FR","potentialAction":[{"@type":"ReadAction","target":["https:\/\/www.ladiagonale.net\/index.php\/2024\/04\/21\/les-compositions-balogun-diatta-et-maripan-titulaires\/"]}]},{"@type":"BreadcrumbList","@id":"https:\/\/www.ladiagonale.net\/index.php\/2024\/04\/21\/les-compositions-balogun-diatta-et-maripan-titulaires\/#breadcrumb","itemListElement":[{"@type":"ListItem","position":1,"name":"Accueil","item":"https:\/\/www.ladiagonale.net\/"},{"@type":"ListItem","position":2,"name":"Les compositions : Balogun, Diatta et Maripan titulaires"}]},{"@type":"WebSite","@id":"https:\/\/www.ladiagonale.net\/#website","url":"https:\/\/www.ladiagonale.net\/","name":"La Diagonale","description":"Le site des supporters de l&#039;AS Monaco FC","potentialAction":[{"@type":"SearchAction","target":{"@type":"EntryPoint","urlTemplate":"https:\/\/www.ladiagonale.net\/?s={search_term_string}"},"query-input":"required name=search_term_string"}],"inLanguage":"fr-FR"},{"@type":"Person","@id":"https:\/\/www.ladiagonale.net\/#\/schema\/person\/79ff1e7b0853ed01b2aa26e64ad300bf","name":"Damien Dellerba","image":{"@type":"ImageObject","inLanguage":"fr-FR","@id":"https:\/\/www.ladiagonale.net\/#\/schema\/person\/image\/","url":"https:\/\/secure.gravatar.com\/avatar\/c7850e06d3ff63cdbaee88b7fc16e2f0?s=96&d=mm&r=g","contentUrl":"https:\/\/secure.gravatar.com\/avatar\/c7850e06d3ff63cdbaee88b7fc16e2f0?s=96&d=mm&r=g","caption":"Damien Dellerba"},"url":"https:\/\/www.ladiagonale.net\/index.php\/author\/damien\/"}]}},"_links":{"self":[{"href":"https:\/\/www.ladiagonale.net\/index.php\/wp-json\/wp\/v2\/posts\/22383"}],"collection":[{"href":"https:\/\/www.ladiagonale.net\/index.php\/wp-json\/wp\/v2\/posts"}],"about":[{"href":"https:\/\/www.ladiagonale.net\/index.php\/wp-json\/wp\/v2\/types\/post"}],"author":[{"embeddable":true,"href":"https:\/\/www.ladiagonale.net\/index.php\/wp-json\/wp\/v2\/users\/2"}],"replies":[{"embeddable":true,"href":"https:\/\/www.ladiagonale.net\/index.php\/wp-json\/wp\/v2\/comments?post=22383"}],"version-history":[{"count":3,"href":"https:\/\/www.ladiagonale.net\/index.php\/wp-json\/wp\/v2\/posts\/22383\/revisions"}],"predecessor-version":[{"id":22387,"href":"https:\/\/www.ladiagonale.net\/index.php\/wp-json\/wp\/v2\/posts\/22383\/revisions\/22387"}],"wp:attachment":[{"href":"https:\/\/www.ladiagonale.net\/index.php\/wp-json\/wp\/v2\/media?parent=22383"}],"wp:term":[{"taxonomy":"category","embeddable":true,"href":"https:\/\/www.ladiagonale.net\/index.php\/wp-json\/wp\/v2\/categories?post=22383"},{"taxonomy":"post_tag","embeddable":true,"href":"https:\/\/www.ladiagonale.net\/index.php\/wp-json\/wp\/v2\/tags?post=22383"}],"curies":[{"name":"wp","href":"https:\/\/api.w.org\/{rel}","templated":true}]}}