{"id":22420,"date":"2024-04-22T01:15:21","date_gmt":"2024-04-21T23:15:21","guid":{"rendered":"https:\/\/www.ladiagonale.net\/?p=22420"},"modified":"2024-04-22T01:18:34","modified_gmt":"2024-04-21T23:18:34","slug":"embolo-une-si-longue-attente","status":"publish","type":"post","link":"https:\/\/www.ladiagonale.net\/index.php\/2024\/04\/22\/embolo-une-si-longue-attente\/","title":{"rendered":"Embolo, une si longue attente"},"content":{"rendered":"\n\n\n<p>On joue la 85<sup>e<\/sup> minute au stade Francis-Le Bl\u00e9. Monaco m\u00e8ne de deux buts devant Brest et semble se diriger vers un succ\u00e8s heurt\u00e9 mais m\u00e9rit\u00e9. La tension croissante sur le terrain en cette fin de rencontre n\u2019a pas chang\u00e9 les plans d\u2019Adi H\u00fctter, qui, pour contrer le temps fort brestois, a voulu proposer un dernier casse-t\u00eate \u00e0 son homologue \u00c9ric Roy, en faisant rentrer simultan\u00e9ment Wissam Ben Yedder et Breel Embolo. Pour ce dernier, l&rsquo;\u00e9motion est palpable, malgr\u00e9 l&rsquo;ambiance hostile qui descend des tribunes brestoises. Ces quelques minutes en remplacement d\u2019un Folarin Balogun en difficult\u00e9, ont \u00e9t\u00e9 la lumi\u00e8re au bout du tunnel.<\/p>\n\n\n\n<p>Victime \u00e0 l\u2019entra\u00eenement d\u2019une rupture du ligament crois\u00e9 ant\u00e9rieur du genou droit le 7 ao\u00fbt dernier, alors qu\u2019il \u00e9tait en train de se remettre d\u2019une autre blessure au genou, Embolo a enfin report\u00e9 la tunique \u00e0 la diagonale ce dimanche 21 avril. 323 jours apr\u00e8s, la d\u00e9livrance. On l\u2019avait quitt\u00e9 le 3 juin 2023 sur une cuisante d\u00e9faite contre Toulouse (1-2), sanctionnant une fin de saison honteuse, quand lui avait maintenu le cap. Si Monaco s\u2019en est plut\u00f4t bien tir\u00e9 sans lui, son absence a forc\u00e9ment pes\u00e9 lourd dans la saison as\u00e9miste.<\/p>\n\n\n\n<blockquote class=\"twitter-tweet\"><p lang=\"fr\" dir=\"ltr\">3\u20e32\u20e33\u20e3 jours en <a href=\"https:\/\/twitter.com\/Ligue1UberEats?ref_src=twsrc%5Etfw\">@Ligue1UberEats<\/a> sans Breel Embolo c&#39;est long&#8230; tr\u00e8s long !<br><br>Rendez-vous ce lundi soir pour un long format exclusif sur le retour de notre buteur suisse \ud83d\udd1c\ud83d\udcfa <a href=\"https:\/\/t.co\/xWXis5LpZI\">pic.twitter.com\/xWXis5LpZI<\/a><\/p>&mdash; AS Monaco \ud83c\uddf2\ud83c\udde8 (@AS_Monaco) <a href=\"https:\/\/twitter.com\/AS_Monaco\/status\/1782127916165267495?ref_src=twsrc%5Etfw\">April 21, 2024<\/a><\/blockquote> <script async src=\"https:\/\/platform.twitter.com\/widgets.js\" charset=\"utf-8\"><\/script> \n\n\n\n<p>Apr\u00e8s 10 mois et 18 jours \u00e0 manger son pain noir, Embolo \u00e9tait enfin l\u00e0, attendu de tous \u00ab <em>Je suis tr\u00e8s heureux de retrouver le groupe dans une dynamique comme celle-ci. Je me sens bien depuis un moment, il y avait une proc\u00e9dure \u00e0 respecter. J\u2019ai travaill\u00e9 dur pour \u00eatre une option suppl\u00e9mentaire lors des derniers matchs<\/em>&nbsp;\u00bb, a-t-il indiqu\u00e9 en zone mixte apr\u00e8s la rencontre face \u00e0 Brest. \u00ab&nbsp;<em>Je me suis senti bien, j\u2019attendais mon retour depuis quelques semaines. (\u2026) J\u2019ai essay\u00e9 d\u2019apporter le petit plus mais je voulais surtout profiter.<\/em>&nbsp;\u00bb<\/p>\n\n\n\n<p>Alors que l\u2019ASM est priv\u00e9e de Golovin jusqu\u2019\u00e0 la fin de la saison, de Ben Seghir pour une dur\u00e9e ind\u00e9termin\u00e9e en attendant le verdict de la commission de discipline, et puisque Balogun et Ben Yedder sont muets, le retour d\u2019Embolo tombe donc \u00e0 pic. Il faudra d&rsquo;abord retrouver du rythme avant de pouvoir vraiment aider son \u00e9quipe dans son objectif de Ligue des champions, mais il se sent pr\u00eat \u00e0 l\u2019accompagner : \u00ab&nbsp;<em>On va aller jusqu\u2019au bout, on sait que nous n\u2019avons pas encore obtenu ce que nous voulons. Il y a encore du travail, c\u2019est une semaine d\u00e9terminante. On va prendre match par match et tout gagner.<\/em>&nbsp;\u00bb Pour Embolo et pour Monaco, il n\u2019est jamais trop tard.<\/p>\n","protected":false},"excerpt":{"rendered":"<p>On joue la 85e minute au stade Francis-Le Bl\u00e9. Monaco m\u00e8ne de deux buts devant Brest et semble se diriger vers un succ\u00e8s heurt\u00e9 mais m\u00e9rit\u00e9. La tension croissante sur le terrain en cette fin de rencontre n\u2019a pas chang\u00e9 les plans d\u2019Adi H\u00fctter, qui, pour contrer le temps fort brestois, a voulu proposer un [&#8230;]\n","protected":false},"author":2,"featured_media":0,"comment_status":"open","ping_status":"open","sticky":false,"template":"","format":"standard","meta":[],"categories":[6],"tags":[86,161,373,94],"yoast_head":"<!-- This site is optimized with the Yoast SEO plugin v19.8 - https:\/\/yoast.com\/wordpress\/plugins\/seo\/ -->\n<title>Embolo, une si longue attente - La Diagonale<\/title>\n<meta name=\"robots\" content=\"index, follow, max-snippet:-1, max-image-preview:large, max-video-preview:-1\" \/>\n<link rel=\"canonical\" href=\"https:\/\/www.ladiagonale.net\/index.php\/2024\/04\/22\/embolo-une-si-longue-attente\/\" \/>\n<meta property=\"og:locale\" content=\"fr_FR\" \/>\n<meta property=\"og:type\" content=\"article\" \/>\n<meta property=\"og:title\" content=\"Embolo, une si longue attente - La Diagonale\" \/>\n<meta property=\"og:description\" content=\"On joue la 85e minute au stade Francis-Le Bl\u00e9. Monaco m\u00e8ne de deux buts devant Brest et semble se diriger vers un succ\u00e8s heurt\u00e9 mais m\u00e9rit\u00e9. La tension croissante sur le terrain en cette fin de rencontre n\u2019a pas chang\u00e9 les plans d\u2019Adi H\u00fctter, qui, pour contrer le temps fort brestois, a voulu proposer un [...]\" \/>\n<meta property=\"og:url\" content=\"https:\/\/www.ladiagonale.net\/index.php\/2024\/04\/22\/embolo-une-si-longue-attente\/\" \/>\n<meta property=\"og:site_name\" content=\"La Diagonale\" \/>\n<meta property=\"article:published_time\" content=\"2024-04-21T23:15:21+00:00\" \/>\n<meta property=\"article:modified_time\" content=\"2024-04-21T23:18:34+00:00\" \/>\n<meta property=\"og:image\" content=\"https:\/\/www.ladiagonale.net\/wp-content\/uploads\/2024\/04\/embolo2.png\" \/>\n\t<meta property=\"og:image:width\" content=\"1160\" \/>\n\t<meta property=\"og:image:height\" content=\"650\" \/>\n\t<meta property=\"og:image:type\" content=\"image\/png\" \/>\n<meta name=\"author\" content=\"Damien Dellerba\" \/>\n<meta name=\"twitter:card\" content=\"summary_large_image\" \/>\n<meta name=\"twitter:image\" content=\"https:\/\/www.ladiagonale.net\/wp-content\/uploads\/2024\/04\/embolo2.png\" \/>\n<meta name=\"twitter:label1\" content=\"\u00c9crit par\" \/>\n\t<meta name=\"twitter:data1\" content=\"Damien Dellerba\" \/>\n\t<meta name=\"twitter:label2\" content=\"Dur\u00e9e de lecture estim\u00e9e\" \/>\n\t<meta name=\"twitter:data2\" content=\"3 minutes\" \/>\n<script type=\"application\/ld+json\" class=\"yoast-schema-graph\">{\"@context\":\"https:\/\/schema.org\",\"@graph\":[{\"@type\":\"WebPage\",\"@id\":\"https:\/\/www.ladiagonale.net\/index.php\/2024\/04\/22\/embolo-une-si-longue-attente\/\",\"url\":\"https:\/\/www.ladiagonale.net\/index.php\/2024\/04\/22\/embolo-une-si-longue-attente\/\",\"name\":\"Embolo, une si longue attente - La Diagonale\",\"isPartOf\":{\"@id\":\"https:\/\/www.ladiagonale.net\/#website\"},\"datePublished\":\"2024-04-21T23:15:21+00:00\",\"dateModified\":\"2024-04-21T23:18:34+00:00\",\"author\":{\"@id\":\"https:\/\/www.ladiagonale.net\/#\/schema\/person\/79ff1e7b0853ed01b2aa26e64ad300bf\"},\"breadcrumb\":{\"@id\":\"https:\/\/www.ladiagonale.net\/index.php\/2024\/04\/22\/embolo-une-si-longue-attente\/#breadcrumb\"},\"inLanguage\":\"fr-FR\",\"potentialAction\":[{\"@type\":\"ReadAction\",\"target\":[\"https:\/\/www.ladiagonale.net\/index.php\/2024\/04\/22\/embolo-une-si-longue-attente\/\"]}]},{\"@type\":\"BreadcrumbList\",\"@id\":\"https:\/\/www.ladiagonale.net\/index.php\/2024\/04\/22\/embolo-une-si-longue-attente\/#breadcrumb\",\"itemListElement\":[{\"@type\":\"ListItem\",\"position\":1,\"name\":\"Accueil\",\"item\":\"https:\/\/www.ladiagonale.net\/\"},{\"@type\":\"ListItem\",\"position\":2,\"name\":\"Embolo, une si longue attente\"}]},{\"@type\":\"WebSite\",\"@id\":\"https:\/\/www.ladiagonale.net\/#website\",\"url\":\"https:\/\/www.ladiagonale.net\/\",\"name\":\"La Diagonale\",\"description\":\"Le site des supporters de l&#039;AS Monaco FC\",\"potentialAction\":[{\"@type\":\"SearchAction\",\"target\":{\"@type\":\"EntryPoint\",\"urlTemplate\":\"https:\/\/www.ladiagonale.net\/?s={search_term_string}\"},\"query-input\":\"required name=search_term_string\"}],\"inLanguage\":\"fr-FR\"},{\"@type\":\"Person\",\"@id\":\"https:\/\/www.ladiagonale.net\/#\/schema\/person\/79ff1e7b0853ed01b2aa26e64ad300bf\",\"name\":\"Damien Dellerba\",\"image\":{\"@type\":\"ImageObject\",\"inLanguage\":\"fr-FR\",\"@id\":\"https:\/\/www.ladiagonale.net\/#\/schema\/person\/image\/\",\"url\":\"https:\/\/secure.gravatar.com\/avatar\/c7850e06d3ff63cdbaee88b7fc16e2f0?s=96&d=mm&r=g\",\"contentUrl\":\"https:\/\/secure.gravatar.com\/avatar\/c7850e06d3ff63cdbaee88b7fc16e2f0?s=96&d=mm&r=g\",\"caption\":\"Damien Dellerba\"},\"url\":\"https:\/\/www.ladiagonale.net\/index.php\/author\/damien\/\"}]}<\/script>\n<!-- \/ Yoast SEO plugin. -->","yoast_head_json":{"title":"Embolo, une si longue attente - La Diagonale","robots":{"index":"index","follow":"follow","max-snippet":"max-snippet:-1","max-image-preview":"max-image-preview:large","max-video-preview":"max-video-preview:-1"},"canonical":"https:\/\/www.ladiagonale.net\/index.php\/2024\/04\/22\/embolo-une-si-longue-attente\/","og_locale":"fr_FR","og_type":"article","og_title":"Embolo, une si longue attente - La Diagonale","og_description":"On joue la 85e minute au stade Francis-Le Bl\u00e9. Monaco m\u00e8ne de deux buts devant Brest et semble se diriger vers un succ\u00e8s heurt\u00e9 mais m\u00e9rit\u00e9. La tension croissante sur le terrain en cette fin de rencontre n\u2019a pas chang\u00e9 les plans d\u2019Adi H\u00fctter, qui, pour contrer le temps fort brestois, a voulu proposer un [...]","og_url":"https:\/\/www.ladiagonale.net\/index.php\/2024\/04\/22\/embolo-une-si-longue-attente\/","og_site_name":"La Diagonale","article_published_time":"2024-04-21T23:15:21+00:00","article_modified_time":"2024-04-21T23:18:34+00:00","og_image":[{"width":1160,"height":650,"url":"https:\/\/www.ladiagonale.net\/wp-content\/uploads\/2024\/04\/embolo2.png","type":"image\/png"}],"author":"Damien Dellerba","twitter_card":"summary_large_image","twitter_image":"https:\/\/www.ladiagonale.net\/wp-content\/uploads\/2024\/04\/embolo2.png","twitter_misc":{"\u00c9crit par":"Damien Dellerba","Dur\u00e9e de lecture estim\u00e9e":"3 minutes"},"schema":{"@context":"https:\/\/schema.org","@graph":[{"@type":"WebPage","@id":"https:\/\/www.ladiagonale.net\/index.php\/2024\/04\/22\/embolo-une-si-longue-attente\/","url":"https:\/\/www.ladiagonale.net\/index.php\/2024\/04\/22\/embolo-une-si-longue-attente\/","name":"Embolo, une si longue attente - La Diagonale","isPartOf":{"@id":"https:\/\/www.ladiagonale.net\/#website"},"datePublished":"2024-04-21T23:15:21+00:00","dateModified":"2024-04-21T23:18:34+00:00","author":{"@id":"https:\/\/www.ladiagonale.net\/#\/schema\/person\/79ff1e7b0853ed01b2aa26e64ad300bf"},"breadcrumb":{"@id":"https:\/\/www.ladiagonale.net\/index.php\/2024\/04\/22\/embolo-une-si-longue-attente\/#breadcrumb"},"inLanguage":"fr-FR","potentialAction":[{"@type":"ReadAction","target":["https:\/\/www.ladiagonale.net\/index.php\/2024\/04\/22\/embolo-une-si-longue-attente\/"]}]},{"@type":"BreadcrumbList","@id":"https:\/\/www.ladiagonale.net\/index.php\/2024\/04\/22\/embolo-une-si-longue-attente\/#breadcrumb","itemListElement":[{"@type":"ListItem","position":1,"name":"Accueil","item":"https:\/\/www.ladiagonale.net\/"},{"@type":"ListItem","position":2,"name":"Embolo, une si longue attente"}]},{"@type":"WebSite","@id":"https:\/\/www.ladiagonale.net\/#website","url":"https:\/\/www.ladiagonale.net\/","name":"La Diagonale","description":"Le site des supporters de l&#039;AS Monaco FC","potentialAction":[{"@type":"SearchAction","target":{"@type":"EntryPoint","urlTemplate":"https:\/\/www.ladiagonale.net\/?s={search_term_string}"},"query-input":"required name=search_term_string"}],"inLanguage":"fr-FR"},{"@type":"Person","@id":"https:\/\/www.ladiagonale.net\/#\/schema\/person\/79ff1e7b0853ed01b2aa26e64ad300bf","name":"Damien Dellerba","image":{"@type":"ImageObject","inLanguage":"fr-FR","@id":"https:\/\/www.ladiagonale.net\/#\/schema\/person\/image\/","url":"https:\/\/secure.gravatar.com\/avatar\/c7850e06d3ff63cdbaee88b7fc16e2f0?s=96&d=mm&r=g","contentUrl":"https:\/\/secure.gravatar.com\/avatar\/c7850e06d3ff63cdbaee88b7fc16e2f0?s=96&d=mm&r=g","caption":"Damien Dellerba"},"url":"https:\/\/www.ladiagonale.net\/index.php\/author\/damien\/"}]}},"_links":{"self":[{"href":"https:\/\/www.ladiagonale.net\/index.php\/wp-json\/wp\/v2\/posts\/22420"}],"collection":[{"href":"https:\/\/www.ladiagonale.net\/index.php\/wp-json\/wp\/v2\/posts"}],"about":[{"href":"https:\/\/www.ladiagonale.net\/index.php\/wp-json\/wp\/v2\/types\/post"}],"author":[{"embeddable":true,"href":"https:\/\/www.ladiagonale.net\/index.php\/wp-json\/wp\/v2\/users\/2"}],"replies":[{"embeddable":true,"href":"https:\/\/www.ladiagonale.net\/index.php\/wp-json\/wp\/v2\/comments?post=22420"}],"version-history":[{"count":6,"href":"https:\/\/www.ladiagonale.net\/index.php\/wp-json\/wp\/v2\/posts\/22420\/revisions"}],"predecessor-version":[{"id":22427,"href":"https:\/\/www.ladiagonale.net\/index.php\/wp-json\/wp\/v2\/posts\/22420\/revisions\/22427"}],"wp:attachment":[{"href":"https:\/\/www.ladiagonale.net\/index.php\/wp-json\/wp\/v2\/media?parent=22420"}],"wp:term":[{"taxonomy":"category","embeddable":true,"href":"https:\/\/www.ladiagonale.net\/index.php\/wp-json\/wp\/v2\/categories?post=22420"},{"taxonomy":"post_tag","embeddable":true,"href":"https:\/\/www.ladiagonale.net\/index.php\/wp-json\/wp\/v2\/tags?post=22420"}],"curies":[{"name":"wp","href":"https:\/\/api.w.org\/{rel}","templated":true}]}}