{"id":22434,"date":"2024-04-22T08:31:00","date_gmt":"2024-04-22T06:31:00","guid":{"rendered":"https:\/\/www.ladiagonale.net\/?p=22434"},"modified":"2024-04-22T03:24:28","modified_gmt":"2024-04-22T01:24:28","slug":"les-notes-minamino","status":"publish","type":"post","link":"https:\/\/www.ladiagonale.net\/index.php\/2024\/04\/22\/les-notes-minamino\/","title":{"rendered":"Les notes : Minamino en costaud"},"content":{"rendered":"\n\n\n<p><strong>Le Japonais est r\u00e9guli\u00e8rement cit\u00e9 dans les tops mon\u00e9gasques cette saison et cette rencontre face Brest, o\u00f9 il a inscrit un but, ne fait pas exception.<\/strong><\/p>\n\n\n\n<h4 class=\"wp-block-heading has-white-color has-text-color has-background\" style=\"background-color:#4cae47\">TOPS<\/h4>\n\n\n\n<div class=\"wp-block-media-text alignwide is-stacked-on-mobile is-vertically-aligned-center\" style=\"grid-template-columns:30% auto\"><figure class=\"wp-block-media-text__media\"><img loading=\"lazy\" width=\"400\" height=\"400\" src=\"https:\/\/www.ladiagonale.net\/wp-content\/uploads\/2023\/08\/Minamino7.png\" alt=\"\" class=\"wp-image-15641 size-full\" srcset=\"https:\/\/www.ladiagonale.net\/wp-content\/uploads\/2023\/08\/Minamino7.png 400w, https:\/\/www.ladiagonale.net\/wp-content\/uploads\/2023\/08\/Minamino7-300x300.png 300w, https:\/\/www.ladiagonale.net\/wp-content\/uploads\/2023\/08\/Minamino7-150x150.png 150w, https:\/\/www.ladiagonale.net\/wp-content\/uploads\/2023\/08\/Minamino7-128x128.png 128w, https:\/\/www.ladiagonale.net\/wp-content\/uploads\/2023\/08\/Minamino7-32x32.png 32w\" sizes=\"(max-width: 400px) 100vw, 400px\" \/><\/figure><div class=\"wp-block-media-text__content\">\n<p style=\"font-size:16px\"><strong>Takumi Minamino<\/strong><\/p>\n\n\n\n<p style=\"font-size:15px\">Il est de la toute premi\u00e8re situation mon\u00e9gasque au bout de 30 secondes de jeu et son activit\u00e9 a \u00e9t\u00e9 importante et relativement constante pendant toute la rencontre. Il est \u00e0 l\u2019origine du premier but, en allant disputer le duel \u00e0 Le Cardinal, m\u00eame s\u2019il commet peut-\u00eatre une petite faute \u00e0 l\u2019occasion (40<sup>e<\/sup>). Son but, qui ent\u00e9rine la victoire mon\u00e9gasque, ne souffrait en revanche d\u2019aucune contestation, parfaitement servi par Diatta (48<sup>e<\/sup>), m\u00eame si un hors-jeu du S\u00e9n\u00e9galais a d&rsquo;abord \u00e9t\u00e9 suspect\u00e9. Il a quand m\u00eame eu du d\u00e9chet (25 ballons perdus) mais sa g\u00e9n\u00e9rosit\u00e9 a globalement compens\u00e9.<\/p>\n<\/div><\/div>\n\n\n\n<div style=\"height:50px\" aria-hidden=\"true\" class=\"wp-block-spacer\"><\/div>\n\n\n\n<div class=\"wp-block-media-text alignwide is-stacked-on-mobile\" style=\"grid-template-columns:30% auto\"><figure class=\"wp-block-media-text__media\"><img loading=\"lazy\" width=\"400\" height=\"400\" src=\"https:\/\/www.ladiagonale.net\/wp-content\/uploads\/2023\/10\/Akliouche7.png\" alt=\"\" class=\"wp-image-17377 size-full\" srcset=\"https:\/\/www.ladiagonale.net\/wp-content\/uploads\/2023\/10\/Akliouche7.png 400w, https:\/\/www.ladiagonale.net\/wp-content\/uploads\/2023\/10\/Akliouche7-300x300.png 300w, https:\/\/www.ladiagonale.net\/wp-content\/uploads\/2023\/10\/Akliouche7-150x150.png 150w, https:\/\/www.ladiagonale.net\/wp-content\/uploads\/2023\/10\/Akliouche7-128x128.png 128w, https:\/\/www.ladiagonale.net\/wp-content\/uploads\/2023\/10\/Akliouche7-32x32.png 32w\" sizes=\"(max-width: 400px) 100vw, 400px\" \/><\/figure><div class=\"wp-block-media-text__content\">\n<p style=\"font-size:16px\"><strong>Maghnes Akliouche<\/strong><\/p>\n\n\n\n<p style=\"font-size:15px\">Son premier acte a \u00e9t\u00e9 insuffisant, avec beaucoup d\u2019approximations techniques et une trop grande nonchalance. Mais la deuxi\u00e8me p\u00e9riode a \u00e9t\u00e9 bien meilleure et il a \u00e9t\u00e9 impliqu\u00e9 dans toutes bonnes situations mon\u00e9gasques, comme sur le second but o\u00f9 il lance Diatta. L&rsquo;international Espoirs a gagn\u00e9 en pr\u00e9cision dans le dernier tiers adverse, \u00e0 l\u2019image de ses diff\u00e9rents caviars pour Minamino (52<sup>e<\/sup>) et Balogun (75<sup>e<\/sup>). Il a \u00e9galement gratt\u00e9 de nombreux ballons (8).<\/p>\n<\/div><\/div>\n\n\n\n<div style=\"height:50px\" aria-hidden=\"true\" class=\"wp-block-spacer\"><\/div>\n\n\n\n<div class=\"wp-block-media-text alignwide is-stacked-on-mobile\" style=\"grid-template-columns:30% auto\"><figure class=\"wp-block-media-text__media\"><img loading=\"lazy\" width=\"400\" height=\"400\" src=\"https:\/\/www.ladiagonale.net\/wp-content\/uploads\/2023\/12\/Fofana6.png\" alt=\"\" class=\"wp-image-18806 size-full\" srcset=\"https:\/\/www.ladiagonale.net\/wp-content\/uploads\/2023\/12\/Fofana6.png 400w, https:\/\/www.ladiagonale.net\/wp-content\/uploads\/2023\/12\/Fofana6-300x300.png 300w, https:\/\/www.ladiagonale.net\/wp-content\/uploads\/2023\/12\/Fofana6-150x150.png 150w, https:\/\/www.ladiagonale.net\/wp-content\/uploads\/2023\/12\/Fofana6-128x128.png 128w, https:\/\/www.ladiagonale.net\/wp-content\/uploads\/2023\/12\/Fofana6-32x32.png 32w\" sizes=\"(max-width: 400px) 100vw, 400px\" \/><\/figure><div class=\"wp-block-media-text__content\">\n<p style=\"font-size:16px\"><strong>Youssouf Fofana<\/strong><\/p>\n\n\n\n<p style=\"font-size:15px\">Apr\u00e8s une premi\u00e8re mi-temps moyenne, o\u00f9 on pense notamment \u00e0 sa passe mal assur\u00e9e qui donne la premi\u00e8re situation bretonne (18<sup>e<\/sup>), il est mont\u00e9 en gamme au retour des vestiaires. L\u2019international fran\u00e7ais a \u00e9t\u00e9 beaucoup plus pr\u00e9cis dans ses passes et a r\u00e9guli\u00e8rement cherch\u00e9 \u00e0 se projeter vers l\u2019avant. Il a tent\u00e9 16 passes dans le dernier tiers et les trois quarts ont trouv\u00e9 preneur. Important dans la fin de match pour parler avec ses co\u00e9quipiers et tenter de les calmer, m\u00eame s\u2019il n\u2019a pas pu suffire.<\/p>\n<\/div><\/div>\n\n\n\n<div style=\"height:50px\" aria-hidden=\"true\" class=\"wp-block-spacer\"><\/div>\n\n\n\n<div class=\"wp-block-media-text alignwide is-stacked-on-mobile\" style=\"grid-template-columns:30% auto\"><figure class=\"wp-block-media-text__media\"><img loading=\"lazy\" width=\"400\" height=\"400\" src=\"https:\/\/www.ladiagonale.net\/wp-content\/uploads\/2023\/08\/zak6.png\" alt=\"\" class=\"wp-image-15355 size-full\" srcset=\"https:\/\/www.ladiagonale.net\/wp-content\/uploads\/2023\/08\/zak6.png 400w, https:\/\/www.ladiagonale.net\/wp-content\/uploads\/2023\/08\/zak6-300x300.png 300w, https:\/\/www.ladiagonale.net\/wp-content\/uploads\/2023\/08\/zak6-150x150.png 150w, https:\/\/www.ladiagonale.net\/wp-content\/uploads\/2023\/08\/zak6-128x128.png 128w, https:\/\/www.ladiagonale.net\/wp-content\/uploads\/2023\/08\/zak6-32x32.png 32w\" sizes=\"(max-width: 400px) 100vw, 400px\" \/><\/figure><div class=\"wp-block-media-text__content\">\n<p style=\"font-size:16px\"><strong>Denis Zakaria<\/strong><\/p>\n\n\n\n<p style=\"font-size:15px\">La derni\u00e8re fois qu\u2019il \u00e9tait venu en conf\u00e9rence de presse, il s\u2019\u00e9tait offert un doubl\u00e9 contre Nice. Cette fois, il a sign\u00e9 un but superbe (40<sup>e<\/sup>) qui a permis de faire sauter le verrou breton au centre d\u2019une prestation assez in\u00e9gale. Le Suisse a \u00e9t\u00e9 sur courant alternatif dans cette rencontre, m\u00eame s\u2019il pr\u00e9sente une balance positive entre r\u00e9cup\u00e9rations et pertes de balle (10 r\u00e9cup\u00e9r\u00e9s, 8 perdus). Il donne l\u2019impression de pouvoir faire toujours un peu plus et de jouer un peu trop facilement parfois. Et malgr\u00e9 ses discours, il n\u2019a rien corrig\u00e9 d\u2019un point de vue disciplinaire, o\u00f9 il a fr\u00f4l\u00e9 l\u2019expulsion.<\/p>\n<\/div><\/div>\n\n\n\n<div style=\"height:50px\" aria-hidden=\"true\" class=\"wp-block-spacer\"><\/div>\n\n\n\n<div class=\"wp-block-media-text alignwide is-stacked-on-mobile\" style=\"grid-template-columns:30% auto\"><figure class=\"wp-block-media-text__media\"><img loading=\"lazy\" width=\"400\" height=\"400\" src=\"https:\/\/www.ladiagonale.net\/wp-content\/uploads\/2023\/12\/Maripan6.png\" alt=\"\" class=\"wp-image-19166 size-full\" srcset=\"https:\/\/www.ladiagonale.net\/wp-content\/uploads\/2023\/12\/Maripan6.png 400w, https:\/\/www.ladiagonale.net\/wp-content\/uploads\/2023\/12\/Maripan6-300x300.png 300w, https:\/\/www.ladiagonale.net\/wp-content\/uploads\/2023\/12\/Maripan6-150x150.png 150w, https:\/\/www.ladiagonale.net\/wp-content\/uploads\/2023\/12\/Maripan6-128x128.png 128w, https:\/\/www.ladiagonale.net\/wp-content\/uploads\/2023\/12\/Maripan6-32x32.png 32w\" sizes=\"(max-width: 400px) 100vw, 400px\" \/><\/figure><div class=\"wp-block-media-text__content\">\n<p style=\"font-size:16px\"><strong>Guillermo Maripan<\/strong><\/p>\n\n\n\n<p style=\"font-size:15px\">Pour son retour de blessure, il a globalement bien rempli son r\u00f4le, avec une bonne pr\u00e9sence dans les airs face \u00e0 un client(5 duels sur 7 remport\u00e9s). Il a \u00e9galement intercept\u00e9 trois ballons, record de son \u00e9quipe. Un match s\u00e9rieux.<\/p>\n<\/div><\/div>\n\n\n\n<div style=\"height:50px\" aria-hidden=\"true\" class=\"wp-block-spacer\"><\/div>\n\n\n\n<div class=\"wp-block-media-text alignwide is-stacked-on-mobile\" style=\"grid-template-columns:30% auto\"><figure class=\"wp-block-media-text__media\"><img loading=\"lazy\" width=\"400\" height=\"400\" src=\"https:\/\/www.ladiagonale.net\/wp-content\/uploads\/2024\/01\/Majecki6.png\" alt=\"\" class=\"wp-image-19880 size-full\" srcset=\"https:\/\/www.ladiagonale.net\/wp-content\/uploads\/2024\/01\/Majecki6.png 400w, https:\/\/www.ladiagonale.net\/wp-content\/uploads\/2024\/01\/Majecki6-300x300.png 300w, https:\/\/www.ladiagonale.net\/wp-content\/uploads\/2024\/01\/Majecki6-150x150.png 150w, https:\/\/www.ladiagonale.net\/wp-content\/uploads\/2024\/01\/Majecki6-128x128.png 128w, https:\/\/www.ladiagonale.net\/wp-content\/uploads\/2024\/01\/Majecki6-32x32.png 32w\" sizes=\"(max-width: 400px) 100vw, 400px\" \/><\/figure><div class=\"wp-block-media-text__content\">\n<p style=\"font-size:16px\"><strong>Radoslaw Majecki<\/strong><\/p>\n\n\n\n<p style=\"font-size:15px\">Un match tr\u00e8s difficile pour un gardien, quand les occasions adverses sont rares, mais o\u00f9 il faut \u00eatre pr\u00eat \u00e0 jaillir \u00e0 n\u2019importe quel moment. Pour Majecki, il est arriv\u00e9 \u00e0 la 87<sup>e<\/sup> minute, pour capter une t\u00eate de Satriano sur un coup franc. Un arr\u00eat ultra-d\u00e9cisif pour emp\u00eacher Brest de se relancer en fin de match. C\u2019est son quatri\u00e8me clean sheet en sept rencontres de Ligue 1.<\/p>\n<\/div><\/div>\n\n\n\n<div style=\"height:50px\" aria-hidden=\"true\" class=\"wp-block-spacer\"><\/div>\n\n\n\n<h4 class=\"wp-block-heading has-white-color has-vivid-red-background-color has-text-color has-background\">FLOPS<\/h4>\n\n\n\n<div class=\"wp-block-media-text alignwide is-stacked-on-mobile\" style=\"grid-template-columns:30% auto\"><figure class=\"wp-block-media-text__media\"><img loading=\"lazy\" width=\"400\" height=\"400\" src=\"https:\/\/www.ladiagonale.net\/wp-content\/uploads\/2023\/10\/Balogun4.png\" alt=\"\" class=\"wp-image-17379 size-full\" srcset=\"https:\/\/www.ladiagonale.net\/wp-content\/uploads\/2023\/10\/Balogun4.png 400w, https:\/\/www.ladiagonale.net\/wp-content\/uploads\/2023\/10\/Balogun4-300x300.png 300w, https:\/\/www.ladiagonale.net\/wp-content\/uploads\/2023\/10\/Balogun4-150x150.png 150w, https:\/\/www.ladiagonale.net\/wp-content\/uploads\/2023\/10\/Balogun4-128x128.png 128w, https:\/\/www.ladiagonale.net\/wp-content\/uploads\/2023\/10\/Balogun4-32x32.png 32w\" sizes=\"(max-width: 400px) 100vw, 400px\" \/><\/figure><div class=\"wp-block-media-text__content\">\n<p style=\"font-size:16px\"><strong>Folarin Balogun<\/strong><\/p>\n\n\n\n<p style=\"font-size:15px\">L\u2019attaquant am\u00e9ricain a eu du mal \u00e0 exister entre Chardonnet et Le Cardinal. Il a essay\u00e9 de r\u00e9pondre dans la dimension physique et dans le duel mais il a pein\u00e9 \u00e0 faire de r\u00e9elles diff\u00e9rences. Difficile \u00e0 trouver pour ses partenaires, il loupe son seul face-\u00e0-face devant Bizot (75<sup>e<\/sup>) alors qu&rsquo;il s&rsquo;agissait d&rsquo;une grosse occasion.<\/p>\n<\/div><\/div>\n\n\n\n<div style=\"height:50px\" aria-hidden=\"true\" class=\"wp-block-spacer\"><\/div>\n\n\n\n<div class=\"wp-block-media-text alignwide is-stacked-on-mobile\" style=\"grid-template-columns:30% auto\"><figure class=\"wp-block-media-text__media\"><img loading=\"lazy\" width=\"400\" height=\"400\" src=\"https:\/\/www.ladiagonale.net\/wp-content\/uploads\/2023\/10\/BenSeghirNN.png\" alt=\"\" class=\"wp-image-17653 size-full\" srcset=\"https:\/\/www.ladiagonale.net\/wp-content\/uploads\/2023\/10\/BenSeghirNN.png 400w, https:\/\/www.ladiagonale.net\/wp-content\/uploads\/2023\/10\/BenSeghirNN-300x300.png 300w, https:\/\/www.ladiagonale.net\/wp-content\/uploads\/2023\/10\/BenSeghirNN-150x150.png 150w, https:\/\/www.ladiagonale.net\/wp-content\/uploads\/2023\/10\/BenSeghirNN-128x128.png 128w, https:\/\/www.ladiagonale.net\/wp-content\/uploads\/2023\/10\/BenSeghirNN-32x32.png 32w\" sizes=\"(max-width: 400px) 100vw, 400px\" \/><\/figure><div class=\"wp-block-media-text__content\">\n<p style=\"font-size:16px\"><strong>Eliesse Ben Seghir (non not\u00e9)<\/strong><\/p>\n\n\n\n<p style=\"font-size:15px\">Entr\u00e9 en jeu \u00e0 la 78<sup>e<\/sup> minute, le jeune milieu offensif a pass\u00e9 moins d\u2019un quart d\u2019heure sur la pelouse, expuls\u00e9 pour un vilain geste d\u2019humeur sur Magnetti. Il avait d\u00e9j\u00e0 re\u00e7u des petits coups d\u2019\u00e9paule provocateurs de la part du Brestois quelques minutes avant l\u2019action qui lui a valu un carton rouge et il n\u2019avait pas r\u00e9pondu. Mais dans le temps additionnel, l\u2019international marocain est tomb\u00e9 dans le panneau et a projet\u00e9 au sol son adversaire. Un geste d\u2019humeur logiquement sanctionn\u00e9 et qui ne rend pas service \u00e0 l\u2019ASM, alors que Golovin sera absent jusqu\u2019\u00e0 la fin de la saison et qu\u2019une grosse \u00e9ch\u00e9ance arrive mercredi.<\/p>\n<\/div><\/div>\n\n\n\n<div style=\"height:50px\" aria-hidden=\"true\" class=\"wp-block-spacer\"><\/div>\n\n\n\n<h4 class=\"wp-block-heading has-white-color has-text-color has-background\" style=\"background-color:#303030\">Les autres notes<\/h4>\n\n\n<div class=\"wp-block-image\">\n<figure class=\"aligncenter size-full is-resized\"><img loading=\"lazy\" src=\"https:\/\/www.ladiagonale.net\/wp-content\/uploads\/2024\/04\/lineup-builder8.png\" alt=\"\" class=\"wp-image-22436\" width=\"621\" height=\"776\"\/><figcaption>H\u00fctter : 7 &#8211; Moyenne : 5,6\/10<\/figcaption><\/figure><\/div>","protected":false},"excerpt":{"rendered":"<p>Le Japonais est r\u00e9guli\u00e8rement cit\u00e9 dans les tops mon\u00e9gasques cette saison et cette rencontre face Brest, o\u00f9 il a inscrit un but, ne fait pas exception. TOPS Takumi Minamino Il est de la toute premi\u00e8re situation mon\u00e9gasque au bout de 30 secondes de jeu et son activit\u00e9 a \u00e9t\u00e9 importante et relativement constante pendant toute [&#8230;]\n","protected":false},"author":2,"featured_media":22435,"comment_status":"open","ping_status":"open","sticky":false,"template":"","format":"standard","meta":[],"categories":[5,6],"tags":[86,373,94,248],"yoast_head":"<!-- This site is optimized with the Yoast SEO plugin v19.8 - https:\/\/yoast.com\/wordpress\/plugins\/seo\/ -->\n<title>Les notes : Minamino en costaud - La Diagonale<\/title>\n<meta name=\"robots\" content=\"index, follow, max-snippet:-1, max-image-preview:large, max-video-preview:-1\" \/>\n<link rel=\"canonical\" href=\"https:\/\/www.ladiagonale.net\/index.php\/2024\/04\/22\/les-notes-minamino\/\" \/>\n<meta property=\"og:locale\" content=\"fr_FR\" \/>\n<meta property=\"og:type\" content=\"article\" \/>\n<meta property=\"og:title\" content=\"Les notes : Minamino en costaud - La Diagonale\" \/>\n<meta property=\"og:description\" content=\"Le Japonais est r\u00e9guli\u00e8rement cit\u00e9 dans les tops mon\u00e9gasques cette saison et cette rencontre face Brest, o\u00f9 il a inscrit un but, ne fait pas exception. TOPS Takumi Minamino Il est de la toute premi\u00e8re situation mon\u00e9gasque au bout de 30 secondes de jeu et son activit\u00e9 a \u00e9t\u00e9 importante et relativement constante pendant toute [...]\" \/>\n<meta property=\"og:url\" content=\"https:\/\/www.ladiagonale.net\/index.php\/2024\/04\/22\/les-notes-minamino\/\" \/>\n<meta property=\"og:site_name\" content=\"La Diagonale\" \/>\n<meta property=\"article:published_time\" content=\"2024-04-22T06:31:00+00:00\" \/>\n<meta property=\"article:modified_time\" content=\"2024-04-22T01:24:28+00:00\" \/>\n<meta property=\"og:image\" content=\"https:\/\/www.ladiagonale.net\/wp-content\/uploads\/2024\/04\/RBrest.png\" \/>\n\t<meta property=\"og:image:width\" content=\"1160\" \/>\n\t<meta property=\"og:image:height\" content=\"650\" \/>\n\t<meta property=\"og:image:type\" content=\"image\/png\" \/>\n<meta name=\"author\" content=\"Damien Dellerba\" \/>\n<meta name=\"twitter:card\" content=\"summary_large_image\" \/>\n<meta name=\"twitter:image\" content=\"https:\/\/www.ladiagonale.net\/wp-content\/uploads\/2024\/04\/RBrest.png\" \/>\n<meta name=\"twitter:label1\" content=\"\u00c9crit par\" \/>\n\t<meta name=\"twitter:data1\" content=\"Damien Dellerba\" \/>\n\t<meta name=\"twitter:label2\" content=\"Dur\u00e9e de lecture estim\u00e9e\" \/>\n\t<meta name=\"twitter:data2\" content=\"6 minutes\" \/>\n<script type=\"application\/ld+json\" class=\"yoast-schema-graph\">{\"@context\":\"https:\/\/schema.org\",\"@graph\":[{\"@type\":\"WebPage\",\"@id\":\"https:\/\/www.ladiagonale.net\/index.php\/2024\/04\/22\/les-notes-minamino\/\",\"url\":\"https:\/\/www.ladiagonale.net\/index.php\/2024\/04\/22\/les-notes-minamino\/\",\"name\":\"Les notes : Minamino en costaud - La Diagonale\",\"isPartOf\":{\"@id\":\"https:\/\/www.ladiagonale.net\/#website\"},\"datePublished\":\"2024-04-22T06:31:00+00:00\",\"dateModified\":\"2024-04-22T01:24:28+00:00\",\"author\":{\"@id\":\"https:\/\/www.ladiagonale.net\/#\/schema\/person\/79ff1e7b0853ed01b2aa26e64ad300bf\"},\"breadcrumb\":{\"@id\":\"https:\/\/www.ladiagonale.net\/index.php\/2024\/04\/22\/les-notes-minamino\/#breadcrumb\"},\"inLanguage\":\"fr-FR\",\"potentialAction\":[{\"@type\":\"ReadAction\",\"target\":[\"https:\/\/www.ladiagonale.net\/index.php\/2024\/04\/22\/les-notes-minamino\/\"]}]},{\"@type\":\"BreadcrumbList\",\"@id\":\"https:\/\/www.ladiagonale.net\/index.php\/2024\/04\/22\/les-notes-minamino\/#breadcrumb\",\"itemListElement\":[{\"@type\":\"ListItem\",\"position\":1,\"name\":\"Accueil\",\"item\":\"https:\/\/www.ladiagonale.net\/\"},{\"@type\":\"ListItem\",\"position\":2,\"name\":\"Les notes : Minamino en costaud\"}]},{\"@type\":\"WebSite\",\"@id\":\"https:\/\/www.ladiagonale.net\/#website\",\"url\":\"https:\/\/www.ladiagonale.net\/\",\"name\":\"La Diagonale\",\"description\":\"Le site des supporters de l&#039;AS Monaco FC\",\"potentialAction\":[{\"@type\":\"SearchAction\",\"target\":{\"@type\":\"EntryPoint\",\"urlTemplate\":\"https:\/\/www.ladiagonale.net\/?s={search_term_string}\"},\"query-input\":\"required name=search_term_string\"}],\"inLanguage\":\"fr-FR\"},{\"@type\":\"Person\",\"@id\":\"https:\/\/www.ladiagonale.net\/#\/schema\/person\/79ff1e7b0853ed01b2aa26e64ad300bf\",\"name\":\"Damien Dellerba\",\"image\":{\"@type\":\"ImageObject\",\"inLanguage\":\"fr-FR\",\"@id\":\"https:\/\/www.ladiagonale.net\/#\/schema\/person\/image\/\",\"url\":\"https:\/\/secure.gravatar.com\/avatar\/c7850e06d3ff63cdbaee88b7fc16e2f0?s=96&d=mm&r=g\",\"contentUrl\":\"https:\/\/secure.gravatar.com\/avatar\/c7850e06d3ff63cdbaee88b7fc16e2f0?s=96&d=mm&r=g\",\"caption\":\"Damien Dellerba\"},\"url\":\"https:\/\/www.ladiagonale.net\/index.php\/author\/damien\/\"}]}<\/script>\n<!-- \/ Yoast SEO plugin. -->","yoast_head_json":{"title":"Les notes : Minamino en costaud - La Diagonale","robots":{"index":"index","follow":"follow","max-snippet":"max-snippet:-1","max-image-preview":"max-image-preview:large","max-video-preview":"max-video-preview:-1"},"canonical":"https:\/\/www.ladiagonale.net\/index.php\/2024\/04\/22\/les-notes-minamino\/","og_locale":"fr_FR","og_type":"article","og_title":"Les notes : Minamino en costaud - La Diagonale","og_description":"Le Japonais est r\u00e9guli\u00e8rement cit\u00e9 dans les tops mon\u00e9gasques cette saison et cette rencontre face Brest, o\u00f9 il a inscrit un but, ne fait pas exception. TOPS Takumi Minamino Il est de la toute premi\u00e8re situation mon\u00e9gasque au bout de 30 secondes de jeu et son activit\u00e9 a \u00e9t\u00e9 importante et relativement constante pendant toute [...]","og_url":"https:\/\/www.ladiagonale.net\/index.php\/2024\/04\/22\/les-notes-minamino\/","og_site_name":"La Diagonale","article_published_time":"2024-04-22T06:31:00+00:00","article_modified_time":"2024-04-22T01:24:28+00:00","og_image":[{"width":1160,"height":650,"url":"https:\/\/www.ladiagonale.net\/wp-content\/uploads\/2024\/04\/RBrest.png","type":"image\/png"}],"author":"Damien Dellerba","twitter_card":"summary_large_image","twitter_image":"https:\/\/www.ladiagonale.net\/wp-content\/uploads\/2024\/04\/RBrest.png","twitter_misc":{"\u00c9crit par":"Damien Dellerba","Dur\u00e9e de lecture estim\u00e9e":"6 minutes"},"schema":{"@context":"https:\/\/schema.org","@graph":[{"@type":"WebPage","@id":"https:\/\/www.ladiagonale.net\/index.php\/2024\/04\/22\/les-notes-minamino\/","url":"https:\/\/www.ladiagonale.net\/index.php\/2024\/04\/22\/les-notes-minamino\/","name":"Les notes : Minamino en costaud - La Diagonale","isPartOf":{"@id":"https:\/\/www.ladiagonale.net\/#website"},"datePublished":"2024-04-22T06:31:00+00:00","dateModified":"2024-04-22T01:24:28+00:00","author":{"@id":"https:\/\/www.ladiagonale.net\/#\/schema\/person\/79ff1e7b0853ed01b2aa26e64ad300bf"},"breadcrumb":{"@id":"https:\/\/www.ladiagonale.net\/index.php\/2024\/04\/22\/les-notes-minamino\/#breadcrumb"},"inLanguage":"fr-FR","potentialAction":[{"@type":"ReadAction","target":["https:\/\/www.ladiagonale.net\/index.php\/2024\/04\/22\/les-notes-minamino\/"]}]},{"@type":"BreadcrumbList","@id":"https:\/\/www.ladiagonale.net\/index.php\/2024\/04\/22\/les-notes-minamino\/#breadcrumb","itemListElement":[{"@type":"ListItem","position":1,"name":"Accueil","item":"https:\/\/www.ladiagonale.net\/"},{"@type":"ListItem","position":2,"name":"Les notes : Minamino en costaud"}]},{"@type":"WebSite","@id":"https:\/\/www.ladiagonale.net\/#website","url":"https:\/\/www.ladiagonale.net\/","name":"La Diagonale","description":"Le site des supporters de l&#039;AS Monaco FC","potentialAction":[{"@type":"SearchAction","target":{"@type":"EntryPoint","urlTemplate":"https:\/\/www.ladiagonale.net\/?s={search_term_string}"},"query-input":"required name=search_term_string"}],"inLanguage":"fr-FR"},{"@type":"Person","@id":"https:\/\/www.ladiagonale.net\/#\/schema\/person\/79ff1e7b0853ed01b2aa26e64ad300bf","name":"Damien Dellerba","image":{"@type":"ImageObject","inLanguage":"fr-FR","@id":"https:\/\/www.ladiagonale.net\/#\/schema\/person\/image\/","url":"https:\/\/secure.gravatar.com\/avatar\/c7850e06d3ff63cdbaee88b7fc16e2f0?s=96&d=mm&r=g","contentUrl":"https:\/\/secure.gravatar.com\/avatar\/c7850e06d3ff63cdbaee88b7fc16e2f0?s=96&d=mm&r=g","caption":"Damien Dellerba"},"url":"https:\/\/www.ladiagonale.net\/index.php\/author\/damien\/"}]}},"_links":{"self":[{"href":"https:\/\/www.ladiagonale.net\/index.php\/wp-json\/wp\/v2\/posts\/22434"}],"collection":[{"href":"https:\/\/www.ladiagonale.net\/index.php\/wp-json\/wp\/v2\/posts"}],"about":[{"href":"https:\/\/www.ladiagonale.net\/index.php\/wp-json\/wp\/v2\/types\/post"}],"author":[{"embeddable":true,"href":"https:\/\/www.ladiagonale.net\/index.php\/wp-json\/wp\/v2\/users\/2"}],"replies":[{"embeddable":true,"href":"https:\/\/www.ladiagonale.net\/index.php\/wp-json\/wp\/v2\/comments?post=22434"}],"version-history":[{"count":2,"href":"https:\/\/www.ladiagonale.net\/index.php\/wp-json\/wp\/v2\/posts\/22434\/revisions"}],"predecessor-version":[{"id":22439,"href":"https:\/\/www.ladiagonale.net\/index.php\/wp-json\/wp\/v2\/posts\/22434\/revisions\/22439"}],"wp:featuredmedia":[{"embeddable":true,"href":"https:\/\/www.ladiagonale.net\/index.php\/wp-json\/wp\/v2\/media\/22435"}],"wp:attachment":[{"href":"https:\/\/www.ladiagonale.net\/index.php\/wp-json\/wp\/v2\/media?parent=22434"}],"wp:term":[{"taxonomy":"category","embeddable":true,"href":"https:\/\/www.ladiagonale.net\/index.php\/wp-json\/wp\/v2\/categories?post=22434"},{"taxonomy":"post_tag","embeddable":true,"href":"https:\/\/www.ladiagonale.net\/index.php\/wp-json\/wp\/v2\/tags?post=22434"}],"curies":[{"name":"wp","href":"https:\/\/api.w.org\/{rel}","templated":true}]}}