{"id":22447,"date":"2024-04-22T13:25:48","date_gmt":"2024-04-22T11:25:48","guid":{"rendered":"https:\/\/www.ladiagonale.net\/?p=22447"},"modified":"2024-04-22T13:41:52","modified_gmt":"2024-04-22T11:41:52","slug":"lemarechal-aurait-ete-supervise-par-genk","status":"publish","type":"post","link":"https:\/\/www.ladiagonale.net\/index.php\/2024\/04\/22\/lemarechal-aurait-ete-supervise-par-genk\/","title":{"rendered":"Lemarechal aurait \u00e9t\u00e9 supervis\u00e9 par Genk"},"content":{"rendered":"\n\n\n<p>Pr\u00eat\u00e9 cette saison par l&rsquo;AS Monaco au Cercle Bruges, F\u00e9lix Lemarechal ne laisse pas insensible en Belgique. Selon le journaliste belge Sacha Tavolieri, des \u00e9missaires du KRC Genk \u00e9taient pr\u00e9sents lors du match de <em>Champions playoffs <\/em>contre Antwerp <em>(d\u00e9faite 0-1)<\/em> pour superviser le milieu de terrain de 20 ans ce dimanche. Les dirigeants des<em> Schtroumpfs<\/em> penseraient \u00e0 lui comme option de remplacement de Bilal El Khannouss cet \u00e9t\u00e9. <\/p>\n\n\n\n<p>Les recruteurs de Genk n&rsquo;auront pas eu beaucoup de temps pour voir le joueur form\u00e9 \u00e0 l&rsquo;ASM, puisqu&rsquo;il est entr\u00e9 en jeu \u00e0 la 71<sup>e<\/sup> minute. Lemarechal a d&rsquo;ailleurs crois\u00e9 le fer avec Eliot Matazo pendant une dizaine de minutes, puisqu&rsquo;il a lui c\u00e9d\u00e9 sa place sur le terrain \u00e0 la 83<sup>e<\/sup> minute. Sous contrat sur le Rocher jusqu&rsquo;en juin 2027, et prolong\u00e9 cet \u00e9t\u00e9 avant d&rsquo;\u00eatre pr\u00eat\u00e9, Lemarechal effectue une saison pleine au sein du club satellite de l&rsquo;ASM. Il a jou\u00e9 26 rencontres et a \u00e9t\u00e9 titularis\u00e9 \u00e0 21 reprises au total.<\/p>\n","protected":false},"excerpt":{"rendered":"<p>Pr\u00eat\u00e9 cette saison par l&rsquo;AS Monaco au Cercle Bruges, F\u00e9lix Lemarechal ne laisse pas insensible en Belgique. Selon le journaliste belge Sacha Tavolieri, des \u00e9missaires du KRC Genk \u00e9taient pr\u00e9sents lors du match de Champions playoffs contre Antwerp (d\u00e9faite 0-1) pour superviser le milieu de terrain de 20 ans ce dimanche. Les dirigeants des Schtroumpfs [&#8230;]\n","protected":false},"author":2,"featured_media":0,"comment_status":"open","ping_status":"open","sticky":false,"template":"","format":"standard","meta":[],"categories":[6],"tags":[86,212,309,219,111,110],"yoast_head":"<!-- This site is optimized with the Yoast SEO plugin v19.8 - https:\/\/yoast.com\/wordpress\/plugins\/seo\/ -->\n<title>Lemarechal aurait \u00e9t\u00e9 supervis\u00e9 par Genk - La Diagonale<\/title>\n<meta name=\"robots\" content=\"index, follow, max-snippet:-1, max-image-preview:large, max-video-preview:-1\" \/>\n<link rel=\"canonical\" href=\"https:\/\/www.ladiagonale.net\/index.php\/2024\/04\/22\/lemarechal-aurait-ete-supervise-par-genk\/\" \/>\n<meta property=\"og:locale\" content=\"fr_FR\" \/>\n<meta property=\"og:type\" content=\"article\" \/>\n<meta property=\"og:title\" content=\"Lemarechal aurait \u00e9t\u00e9 supervis\u00e9 par Genk - La Diagonale\" \/>\n<meta property=\"og:description\" content=\"Pr\u00eat\u00e9 cette saison par l&rsquo;AS Monaco au Cercle Bruges, F\u00e9lix Lemarechal ne laisse pas insensible en Belgique. Selon le journaliste belge Sacha Tavolieri, des \u00e9missaires du KRC Genk \u00e9taient pr\u00e9sents lors du match de Champions playoffs contre Antwerp (d\u00e9faite 0-1) pour superviser le milieu de terrain de 20 ans ce dimanche. Les dirigeants des Schtroumpfs [...]\" \/>\n<meta property=\"og:url\" content=\"https:\/\/www.ladiagonale.net\/index.php\/2024\/04\/22\/lemarechal-aurait-ete-supervise-par-genk\/\" \/>\n<meta property=\"og:site_name\" content=\"La Diagonale\" \/>\n<meta property=\"article:published_time\" content=\"2024-04-22T11:25:48+00:00\" \/>\n<meta property=\"article:modified_time\" content=\"2024-04-22T11:41:52+00:00\" \/>\n<meta property=\"og:image\" content=\"https:\/\/www.ladiagonale.net\/wp-content\/uploads\/2023\/12\/lemarechal-cercle.png\" \/>\n\t<meta property=\"og:image:width\" content=\"1160\" \/>\n\t<meta property=\"og:image:height\" content=\"650\" \/>\n\t<meta property=\"og:image:type\" content=\"image\/png\" \/>\n<meta name=\"author\" content=\"Damien Dellerba\" \/>\n<meta name=\"twitter:card\" content=\"summary_large_image\" \/>\n<meta name=\"twitter:image\" content=\"https:\/\/www.ladiagonale.net\/wp-content\/uploads\/2023\/12\/lemarechal-cercle.png\" \/>\n<meta name=\"twitter:label1\" content=\"\u00c9crit par\" \/>\n\t<meta name=\"twitter:data1\" content=\"Damien Dellerba\" \/>\n\t<meta name=\"twitter:label2\" content=\"Dur\u00e9e de lecture estim\u00e9e\" \/>\n\t<meta name=\"twitter:data2\" content=\"1 minute\" \/>\n<script type=\"application\/ld+json\" class=\"yoast-schema-graph\">{\"@context\":\"https:\/\/schema.org\",\"@graph\":[{\"@type\":\"WebPage\",\"@id\":\"https:\/\/www.ladiagonale.net\/index.php\/2024\/04\/22\/lemarechal-aurait-ete-supervise-par-genk\/\",\"url\":\"https:\/\/www.ladiagonale.net\/index.php\/2024\/04\/22\/lemarechal-aurait-ete-supervise-par-genk\/\",\"name\":\"Lemarechal aurait \u00e9t\u00e9 supervis\u00e9 par Genk - La Diagonale\",\"isPartOf\":{\"@id\":\"https:\/\/www.ladiagonale.net\/#website\"},\"datePublished\":\"2024-04-22T11:25:48+00:00\",\"dateModified\":\"2024-04-22T11:41:52+00:00\",\"author\":{\"@id\":\"https:\/\/www.ladiagonale.net\/#\/schema\/person\/79ff1e7b0853ed01b2aa26e64ad300bf\"},\"breadcrumb\":{\"@id\":\"https:\/\/www.ladiagonale.net\/index.php\/2024\/04\/22\/lemarechal-aurait-ete-supervise-par-genk\/#breadcrumb\"},\"inLanguage\":\"fr-FR\",\"potentialAction\":[{\"@type\":\"ReadAction\",\"target\":[\"https:\/\/www.ladiagonale.net\/index.php\/2024\/04\/22\/lemarechal-aurait-ete-supervise-par-genk\/\"]}]},{\"@type\":\"BreadcrumbList\",\"@id\":\"https:\/\/www.ladiagonale.net\/index.php\/2024\/04\/22\/lemarechal-aurait-ete-supervise-par-genk\/#breadcrumb\",\"itemListElement\":[{\"@type\":\"ListItem\",\"position\":1,\"name\":\"Accueil\",\"item\":\"https:\/\/www.ladiagonale.net\/\"},{\"@type\":\"ListItem\",\"position\":2,\"name\":\"Lemarechal aurait \u00e9t\u00e9 supervis\u00e9 par Genk\"}]},{\"@type\":\"WebSite\",\"@id\":\"https:\/\/www.ladiagonale.net\/#website\",\"url\":\"https:\/\/www.ladiagonale.net\/\",\"name\":\"La Diagonale\",\"description\":\"Le site des supporters de l&#039;AS Monaco FC\",\"potentialAction\":[{\"@type\":\"SearchAction\",\"target\":{\"@type\":\"EntryPoint\",\"urlTemplate\":\"https:\/\/www.ladiagonale.net\/?s={search_term_string}\"},\"query-input\":\"required name=search_term_string\"}],\"inLanguage\":\"fr-FR\"},{\"@type\":\"Person\",\"@id\":\"https:\/\/www.ladiagonale.net\/#\/schema\/person\/79ff1e7b0853ed01b2aa26e64ad300bf\",\"name\":\"Damien Dellerba\",\"image\":{\"@type\":\"ImageObject\",\"inLanguage\":\"fr-FR\",\"@id\":\"https:\/\/www.ladiagonale.net\/#\/schema\/person\/image\/\",\"url\":\"https:\/\/secure.gravatar.com\/avatar\/c7850e06d3ff63cdbaee88b7fc16e2f0?s=96&d=mm&r=g\",\"contentUrl\":\"https:\/\/secure.gravatar.com\/avatar\/c7850e06d3ff63cdbaee88b7fc16e2f0?s=96&d=mm&r=g\",\"caption\":\"Damien Dellerba\"},\"url\":\"https:\/\/www.ladiagonale.net\/index.php\/author\/damien\/\"}]}<\/script>\n<!-- \/ Yoast SEO plugin. -->","yoast_head_json":{"title":"Lemarechal aurait \u00e9t\u00e9 supervis\u00e9 par Genk - La Diagonale","robots":{"index":"index","follow":"follow","max-snippet":"max-snippet:-1","max-image-preview":"max-image-preview:large","max-video-preview":"max-video-preview:-1"},"canonical":"https:\/\/www.ladiagonale.net\/index.php\/2024\/04\/22\/lemarechal-aurait-ete-supervise-par-genk\/","og_locale":"fr_FR","og_type":"article","og_title":"Lemarechal aurait \u00e9t\u00e9 supervis\u00e9 par Genk - La Diagonale","og_description":"Pr\u00eat\u00e9 cette saison par l&rsquo;AS Monaco au Cercle Bruges, F\u00e9lix Lemarechal ne laisse pas insensible en Belgique. Selon le journaliste belge Sacha Tavolieri, des \u00e9missaires du KRC Genk \u00e9taient pr\u00e9sents lors du match de Champions playoffs contre Antwerp (d\u00e9faite 0-1) pour superviser le milieu de terrain de 20 ans ce dimanche. Les dirigeants des Schtroumpfs [...]","og_url":"https:\/\/www.ladiagonale.net\/index.php\/2024\/04\/22\/lemarechal-aurait-ete-supervise-par-genk\/","og_site_name":"La Diagonale","article_published_time":"2024-04-22T11:25:48+00:00","article_modified_time":"2024-04-22T11:41:52+00:00","og_image":[{"width":1160,"height":650,"url":"https:\/\/www.ladiagonale.net\/wp-content\/uploads\/2023\/12\/lemarechal-cercle.png","type":"image\/png"}],"author":"Damien Dellerba","twitter_card":"summary_large_image","twitter_image":"https:\/\/www.ladiagonale.net\/wp-content\/uploads\/2023\/12\/lemarechal-cercle.png","twitter_misc":{"\u00c9crit par":"Damien Dellerba","Dur\u00e9e de lecture estim\u00e9e":"1 minute"},"schema":{"@context":"https:\/\/schema.org","@graph":[{"@type":"WebPage","@id":"https:\/\/www.ladiagonale.net\/index.php\/2024\/04\/22\/lemarechal-aurait-ete-supervise-par-genk\/","url":"https:\/\/www.ladiagonale.net\/index.php\/2024\/04\/22\/lemarechal-aurait-ete-supervise-par-genk\/","name":"Lemarechal aurait \u00e9t\u00e9 supervis\u00e9 par Genk - La Diagonale","isPartOf":{"@id":"https:\/\/www.ladiagonale.net\/#website"},"datePublished":"2024-04-22T11:25:48+00:00","dateModified":"2024-04-22T11:41:52+00:00","author":{"@id":"https:\/\/www.ladiagonale.net\/#\/schema\/person\/79ff1e7b0853ed01b2aa26e64ad300bf"},"breadcrumb":{"@id":"https:\/\/www.ladiagonale.net\/index.php\/2024\/04\/22\/lemarechal-aurait-ete-supervise-par-genk\/#breadcrumb"},"inLanguage":"fr-FR","potentialAction":[{"@type":"ReadAction","target":["https:\/\/www.ladiagonale.net\/index.php\/2024\/04\/22\/lemarechal-aurait-ete-supervise-par-genk\/"]}]},{"@type":"BreadcrumbList","@id":"https:\/\/www.ladiagonale.net\/index.php\/2024\/04\/22\/lemarechal-aurait-ete-supervise-par-genk\/#breadcrumb","itemListElement":[{"@type":"ListItem","position":1,"name":"Accueil","item":"https:\/\/www.ladiagonale.net\/"},{"@type":"ListItem","position":2,"name":"Lemarechal aurait \u00e9t\u00e9 supervis\u00e9 par Genk"}]},{"@type":"WebSite","@id":"https:\/\/www.ladiagonale.net\/#website","url":"https:\/\/www.ladiagonale.net\/","name":"La Diagonale","description":"Le site des supporters de l&#039;AS Monaco FC","potentialAction":[{"@type":"SearchAction","target":{"@type":"EntryPoint","urlTemplate":"https:\/\/www.ladiagonale.net\/?s={search_term_string}"},"query-input":"required name=search_term_string"}],"inLanguage":"fr-FR"},{"@type":"Person","@id":"https:\/\/www.ladiagonale.net\/#\/schema\/person\/79ff1e7b0853ed01b2aa26e64ad300bf","name":"Damien Dellerba","image":{"@type":"ImageObject","inLanguage":"fr-FR","@id":"https:\/\/www.ladiagonale.net\/#\/schema\/person\/image\/","url":"https:\/\/secure.gravatar.com\/avatar\/c7850e06d3ff63cdbaee88b7fc16e2f0?s=96&d=mm&r=g","contentUrl":"https:\/\/secure.gravatar.com\/avatar\/c7850e06d3ff63cdbaee88b7fc16e2f0?s=96&d=mm&r=g","caption":"Damien Dellerba"},"url":"https:\/\/www.ladiagonale.net\/index.php\/author\/damien\/"}]}},"_links":{"self":[{"href":"https:\/\/www.ladiagonale.net\/index.php\/wp-json\/wp\/v2\/posts\/22447"}],"collection":[{"href":"https:\/\/www.ladiagonale.net\/index.php\/wp-json\/wp\/v2\/posts"}],"about":[{"href":"https:\/\/www.ladiagonale.net\/index.php\/wp-json\/wp\/v2\/types\/post"}],"author":[{"embeddable":true,"href":"https:\/\/www.ladiagonale.net\/index.php\/wp-json\/wp\/v2\/users\/2"}],"replies":[{"embeddable":true,"href":"https:\/\/www.ladiagonale.net\/index.php\/wp-json\/wp\/v2\/comments?post=22447"}],"version-history":[{"count":2,"href":"https:\/\/www.ladiagonale.net\/index.php\/wp-json\/wp\/v2\/posts\/22447\/revisions"}],"predecessor-version":[{"id":22449,"href":"https:\/\/www.ladiagonale.net\/index.php\/wp-json\/wp\/v2\/posts\/22447\/revisions\/22449"}],"wp:attachment":[{"href":"https:\/\/www.ladiagonale.net\/index.php\/wp-json\/wp\/v2\/media?parent=22447"}],"wp:term":[{"taxonomy":"category","embeddable":true,"href":"https:\/\/www.ladiagonale.net\/index.php\/wp-json\/wp\/v2\/categories?post=22447"},{"taxonomy":"post_tag","embeddable":true,"href":"https:\/\/www.ladiagonale.net\/index.php\/wp-json\/wp\/v2\/tags?post=22447"}],"curies":[{"name":"wp","href":"https:\/\/api.w.org\/{rel}","templated":true}]}}