{"id":22465,"date":"2024-04-23T15:51:00","date_gmt":"2024-04-23T13:51:00","guid":{"rendered":"https:\/\/www.ladiagonale.net\/?p=22465"},"modified":"2024-04-30T13:36:03","modified_gmt":"2024-04-30T11:36:03","slug":"caio-fera-son-retour-dans-le-groupe-contre-lille","status":"publish","type":"post","link":"https:\/\/www.ladiagonale.net\/index.php\/2024\/04\/23\/caio-fera-son-retour-dans-le-groupe-contre-lille\/","title":{"rendered":"Caio Henrique fera son retour dans le groupe contre Lille"},"content":{"rendered":"\n<p>Apr\u00e8s avoir donn\u00e9 <a href=\"https:\/\/www.ladiagonale.net\/index.php\/2024\/04\/22\/embolo-une-si-longue-attente\/\" target=\"_blank\" rel=\"noreferrer noopener\">ses premi\u00e8res minutes \u00e0 Breel Embolo<\/a> contre Brest dimanche dernier, Adi H\u00fctter va int\u00e9grer Caio Henrique au groupe qui affrontera Lille ce mercredi (21h). \u00ab\u00a0<em>Il sera sur le banc des rempla\u00e7ants<\/em>\u00a0\u00bb, a annonc\u00e9 le coach de l\u2019AS Monaco. Le lat\u00e9ral br\u00e9silien, qui s\u2019\u00e9tait rompu le ligament crois\u00e9 ant\u00e9rieur du genou gauche contre Nice le 22 septembre 2023, voit son retour \u00e0 la comp\u00e9tition se pr\u00e9ciser, alors qu\u2019il a pu s\u2019entra\u00eener normalement depuis le d\u00e9but de la semaine, y compris dans les duels.<\/p>\n\n\n\n<p>L\u2019entra\u00eeneur autrichien a toutefois exclu de le faire jouer contre Lille : \u00ab&nbsp;<em>Il ne jouera pas. Nous le faisons parce qu\u2019il a parcouru un tr\u00e8s long chemin pour revenir et \u00eatre pr\u00eat pour les derniers matches de la saison. C\u2019est aussi un signal positif pour toute l\u2019\u00e9quipe. Nous avons fait \u00e7a avec Breel (Embolo) et Mo (Camara) apr\u00e8s leurs blessures, ils ont eu un impact sur le groupe. Mais ce n\u2019est pas dans mon esprit de le faire jouer demain.<\/em>&nbsp;\u00bb<\/p>\n\n\n","protected":false},"excerpt":{"rendered":"<p>Apr\u00e8s avoir donn\u00e9 ses premi\u00e8res minutes \u00e0 Breel Embolo contre Brest dimanche dernier, Adi H\u00fctter va int\u00e9grer Caio Henrique au groupe qui affrontera Lille ce mercredi (21h). \u00ab\u00a0Il sera sur le banc des rempla\u00e7ants\u00a0\u00bb, a annonc\u00e9 le coach de l\u2019AS Monaco. Le lat\u00e9ral br\u00e9silien, qui s\u2019\u00e9tait rompu le ligament crois\u00e9 ant\u00e9rieur du genou gauche contre [&#8230;]\n","protected":false},"author":2,"featured_media":0,"comment_status":"open","ping_status":"open","sticky":false,"template":"","format":"standard","meta":[],"categories":[4,6],"tags":[86,137,94,511],"yoast_head":"<!-- This site is optimized with the Yoast SEO plugin v19.8 - https:\/\/yoast.com\/wordpress\/plugins\/seo\/ -->\n<title>Caio Henrique fera son retour dans le groupe contre Lille - La Diagonale<\/title>\n<meta name=\"robots\" content=\"index, follow, max-snippet:-1, max-image-preview:large, max-video-preview:-1\" \/>\n<link rel=\"canonical\" href=\"https:\/\/www.ladiagonale.net\/index.php\/2024\/04\/23\/caio-fera-son-retour-dans-le-groupe-contre-lille\/\" \/>\n<meta property=\"og:locale\" content=\"fr_FR\" \/>\n<meta property=\"og:type\" content=\"article\" \/>\n<meta property=\"og:title\" content=\"Caio Henrique fera son retour dans le groupe contre Lille - La Diagonale\" \/>\n<meta property=\"og:description\" content=\"Apr\u00e8s avoir donn\u00e9 ses premi\u00e8res minutes \u00e0 Breel Embolo contre Brest dimanche dernier, Adi H\u00fctter va int\u00e9grer Caio Henrique au groupe qui affrontera Lille ce mercredi (21h). \u00ab\u00a0Il sera sur le banc des rempla\u00e7ants\u00a0\u00bb, a annonc\u00e9 le coach de l\u2019AS Monaco. Le lat\u00e9ral br\u00e9silien, qui s\u2019\u00e9tait rompu le ligament crois\u00e9 ant\u00e9rieur du genou gauche contre [...]\" \/>\n<meta property=\"og:url\" content=\"https:\/\/www.ladiagonale.net\/index.php\/2024\/04\/23\/caio-fera-son-retour-dans-le-groupe-contre-lille\/\" \/>\n<meta property=\"og:site_name\" content=\"La Diagonale\" \/>\n<meta property=\"article:published_time\" content=\"2024-04-23T13:51:00+00:00\" \/>\n<meta property=\"article:modified_time\" content=\"2024-04-30T11:36:03+00:00\" \/>\n<meta property=\"og:image\" content=\"https:\/\/www.ladiagonale.net\/wp-content\/uploads\/2023\/09\/caio.png\" \/>\n\t<meta property=\"og:image:width\" content=\"1160\" \/>\n\t<meta property=\"og:image:height\" content=\"650\" \/>\n\t<meta property=\"og:image:type\" content=\"image\/png\" \/>\n<meta name=\"author\" content=\"Damien Dellerba\" \/>\n<meta name=\"twitter:card\" content=\"summary_large_image\" \/>\n<meta name=\"twitter:image\" content=\"https:\/\/www.ladiagonale.net\/wp-content\/uploads\/2023\/09\/caio.png\" \/>\n<meta name=\"twitter:label1\" content=\"\u00c9crit par\" \/>\n\t<meta name=\"twitter:data1\" content=\"Damien Dellerba\" \/>\n\t<meta name=\"twitter:label2\" content=\"Dur\u00e9e de lecture estim\u00e9e\" \/>\n\t<meta name=\"twitter:data2\" content=\"1 minute\" \/>\n<script type=\"application\/ld+json\" class=\"yoast-schema-graph\">{\"@context\":\"https:\/\/schema.org\",\"@graph\":[{\"@type\":\"WebPage\",\"@id\":\"https:\/\/www.ladiagonale.net\/index.php\/2024\/04\/23\/caio-fera-son-retour-dans-le-groupe-contre-lille\/\",\"url\":\"https:\/\/www.ladiagonale.net\/index.php\/2024\/04\/23\/caio-fera-son-retour-dans-le-groupe-contre-lille\/\",\"name\":\"Caio Henrique fera son retour dans le groupe contre Lille - La Diagonale\",\"isPartOf\":{\"@id\":\"https:\/\/www.ladiagonale.net\/#website\"},\"datePublished\":\"2024-04-23T13:51:00+00:00\",\"dateModified\":\"2024-04-30T11:36:03+00:00\",\"author\":{\"@id\":\"https:\/\/www.ladiagonale.net\/#\/schema\/person\/79ff1e7b0853ed01b2aa26e64ad300bf\"},\"breadcrumb\":{\"@id\":\"https:\/\/www.ladiagonale.net\/index.php\/2024\/04\/23\/caio-fera-son-retour-dans-le-groupe-contre-lille\/#breadcrumb\"},\"inLanguage\":\"fr-FR\",\"potentialAction\":[{\"@type\":\"ReadAction\",\"target\":[\"https:\/\/www.ladiagonale.net\/index.php\/2024\/04\/23\/caio-fera-son-retour-dans-le-groupe-contre-lille\/\"]}]},{\"@type\":\"BreadcrumbList\",\"@id\":\"https:\/\/www.ladiagonale.net\/index.php\/2024\/04\/23\/caio-fera-son-retour-dans-le-groupe-contre-lille\/#breadcrumb\",\"itemListElement\":[{\"@type\":\"ListItem\",\"position\":1,\"name\":\"Accueil\",\"item\":\"https:\/\/www.ladiagonale.net\/\"},{\"@type\":\"ListItem\",\"position\":2,\"name\":\"Caio Henrique fera son retour dans le groupe contre Lille\"}]},{\"@type\":\"WebSite\",\"@id\":\"https:\/\/www.ladiagonale.net\/#website\",\"url\":\"https:\/\/www.ladiagonale.net\/\",\"name\":\"La Diagonale\",\"description\":\"Le site des supporters de l&#039;AS Monaco FC\",\"potentialAction\":[{\"@type\":\"SearchAction\",\"target\":{\"@type\":\"EntryPoint\",\"urlTemplate\":\"https:\/\/www.ladiagonale.net\/?s={search_term_string}\"},\"query-input\":\"required name=search_term_string\"}],\"inLanguage\":\"fr-FR\"},{\"@type\":\"Person\",\"@id\":\"https:\/\/www.ladiagonale.net\/#\/schema\/person\/79ff1e7b0853ed01b2aa26e64ad300bf\",\"name\":\"Damien Dellerba\",\"image\":{\"@type\":\"ImageObject\",\"inLanguage\":\"fr-FR\",\"@id\":\"https:\/\/www.ladiagonale.net\/#\/schema\/person\/image\/\",\"url\":\"https:\/\/secure.gravatar.com\/avatar\/c7850e06d3ff63cdbaee88b7fc16e2f0?s=96&d=mm&r=g\",\"contentUrl\":\"https:\/\/secure.gravatar.com\/avatar\/c7850e06d3ff63cdbaee88b7fc16e2f0?s=96&d=mm&r=g\",\"caption\":\"Damien Dellerba\"},\"url\":\"https:\/\/www.ladiagonale.net\/index.php\/author\/damien\/\"}]}<\/script>\n<!-- \/ Yoast SEO plugin. -->","yoast_head_json":{"title":"Caio Henrique fera son retour dans le groupe contre Lille - La Diagonale","robots":{"index":"index","follow":"follow","max-snippet":"max-snippet:-1","max-image-preview":"max-image-preview:large","max-video-preview":"max-video-preview:-1"},"canonical":"https:\/\/www.ladiagonale.net\/index.php\/2024\/04\/23\/caio-fera-son-retour-dans-le-groupe-contre-lille\/","og_locale":"fr_FR","og_type":"article","og_title":"Caio Henrique fera son retour dans le groupe contre Lille - La Diagonale","og_description":"Apr\u00e8s avoir donn\u00e9 ses premi\u00e8res minutes \u00e0 Breel Embolo contre Brest dimanche dernier, Adi H\u00fctter va int\u00e9grer Caio Henrique au groupe qui affrontera Lille ce mercredi (21h). \u00ab\u00a0Il sera sur le banc des rempla\u00e7ants\u00a0\u00bb, a annonc\u00e9 le coach de l\u2019AS Monaco. Le lat\u00e9ral br\u00e9silien, qui s\u2019\u00e9tait rompu le ligament crois\u00e9 ant\u00e9rieur du genou gauche contre [...]","og_url":"https:\/\/www.ladiagonale.net\/index.php\/2024\/04\/23\/caio-fera-son-retour-dans-le-groupe-contre-lille\/","og_site_name":"La Diagonale","article_published_time":"2024-04-23T13:51:00+00:00","article_modified_time":"2024-04-30T11:36:03+00:00","og_image":[{"width":1160,"height":650,"url":"https:\/\/www.ladiagonale.net\/wp-content\/uploads\/2023\/09\/caio.png","type":"image\/png"}],"author":"Damien Dellerba","twitter_card":"summary_large_image","twitter_image":"https:\/\/www.ladiagonale.net\/wp-content\/uploads\/2023\/09\/caio.png","twitter_misc":{"\u00c9crit par":"Damien Dellerba","Dur\u00e9e de lecture estim\u00e9e":"1 minute"},"schema":{"@context":"https:\/\/schema.org","@graph":[{"@type":"WebPage","@id":"https:\/\/www.ladiagonale.net\/index.php\/2024\/04\/23\/caio-fera-son-retour-dans-le-groupe-contre-lille\/","url":"https:\/\/www.ladiagonale.net\/index.php\/2024\/04\/23\/caio-fera-son-retour-dans-le-groupe-contre-lille\/","name":"Caio Henrique fera son retour dans le groupe contre Lille - La Diagonale","isPartOf":{"@id":"https:\/\/www.ladiagonale.net\/#website"},"datePublished":"2024-04-23T13:51:00+00:00","dateModified":"2024-04-30T11:36:03+00:00","author":{"@id":"https:\/\/www.ladiagonale.net\/#\/schema\/person\/79ff1e7b0853ed01b2aa26e64ad300bf"},"breadcrumb":{"@id":"https:\/\/www.ladiagonale.net\/index.php\/2024\/04\/23\/caio-fera-son-retour-dans-le-groupe-contre-lille\/#breadcrumb"},"inLanguage":"fr-FR","potentialAction":[{"@type":"ReadAction","target":["https:\/\/www.ladiagonale.net\/index.php\/2024\/04\/23\/caio-fera-son-retour-dans-le-groupe-contre-lille\/"]}]},{"@type":"BreadcrumbList","@id":"https:\/\/www.ladiagonale.net\/index.php\/2024\/04\/23\/caio-fera-son-retour-dans-le-groupe-contre-lille\/#breadcrumb","itemListElement":[{"@type":"ListItem","position":1,"name":"Accueil","item":"https:\/\/www.ladiagonale.net\/"},{"@type":"ListItem","position":2,"name":"Caio Henrique fera son retour dans le groupe contre Lille"}]},{"@type":"WebSite","@id":"https:\/\/www.ladiagonale.net\/#website","url":"https:\/\/www.ladiagonale.net\/","name":"La Diagonale","description":"Le site des supporters de l&#039;AS Monaco FC","potentialAction":[{"@type":"SearchAction","target":{"@type":"EntryPoint","urlTemplate":"https:\/\/www.ladiagonale.net\/?s={search_term_string}"},"query-input":"required name=search_term_string"}],"inLanguage":"fr-FR"},{"@type":"Person","@id":"https:\/\/www.ladiagonale.net\/#\/schema\/person\/79ff1e7b0853ed01b2aa26e64ad300bf","name":"Damien Dellerba","image":{"@type":"ImageObject","inLanguage":"fr-FR","@id":"https:\/\/www.ladiagonale.net\/#\/schema\/person\/image\/","url":"https:\/\/secure.gravatar.com\/avatar\/c7850e06d3ff63cdbaee88b7fc16e2f0?s=96&d=mm&r=g","contentUrl":"https:\/\/secure.gravatar.com\/avatar\/c7850e06d3ff63cdbaee88b7fc16e2f0?s=96&d=mm&r=g","caption":"Damien Dellerba"},"url":"https:\/\/www.ladiagonale.net\/index.php\/author\/damien\/"}]}},"_links":{"self":[{"href":"https:\/\/www.ladiagonale.net\/index.php\/wp-json\/wp\/v2\/posts\/22465"}],"collection":[{"href":"https:\/\/www.ladiagonale.net\/index.php\/wp-json\/wp\/v2\/posts"}],"about":[{"href":"https:\/\/www.ladiagonale.net\/index.php\/wp-json\/wp\/v2\/types\/post"}],"author":[{"embeddable":true,"href":"https:\/\/www.ladiagonale.net\/index.php\/wp-json\/wp\/v2\/users\/2"}],"replies":[{"embeddable":true,"href":"https:\/\/www.ladiagonale.net\/index.php\/wp-json\/wp\/v2\/comments?post=22465"}],"version-history":[{"count":3,"href":"https:\/\/www.ladiagonale.net\/index.php\/wp-json\/wp\/v2\/posts\/22465\/revisions"}],"predecessor-version":[{"id":22705,"href":"https:\/\/www.ladiagonale.net\/index.php\/wp-json\/wp\/v2\/posts\/22465\/revisions\/22705"}],"wp:attachment":[{"href":"https:\/\/www.ladiagonale.net\/index.php\/wp-json\/wp\/v2\/media?parent=22465"}],"wp:term":[{"taxonomy":"category","embeddable":true,"href":"https:\/\/www.ladiagonale.net\/index.php\/wp-json\/wp\/v2\/categories?post=22465"},{"taxonomy":"post_tag","embeddable":true,"href":"https:\/\/www.ladiagonale.net\/index.php\/wp-json\/wp\/v2\/tags?post=22465"}],"curies":[{"name":"wp","href":"https:\/\/api.w.org\/{rel}","templated":true}]}}