{"id":22550,"date":"2024-04-25T22:03:20","date_gmt":"2024-04-25T20:03:20","guid":{"rendered":"https:\/\/www.ladiagonale.net\/?p=22550"},"modified":"2024-04-26T11:46:12","modified_gmt":"2024-04-26T09:46:12","slug":"ben-seghir-et-singo-pas-epargnes-par-la-commission-de-discipline","status":"publish","type":"post","link":"https:\/\/www.ladiagonale.net\/index.php\/2024\/04\/25\/ben-seghir-et-singo-pas-epargnes-par-la-commission-de-discipline\/","title":{"rendered":"Ben Seghir et Singo pas \u00e9pargn\u00e9s par la commission de discipline"},"content":{"rendered":"\n\n\n<p>Eliesse Ben Seghir et Wilfried Singo ne vont pas revenir tout de suite sur le terrain avec l&rsquo;AS Monaco. Apr\u00e8s leur exclusion dimanche dernier contre Brest pour deux mauvais gestes, la commission de discipline a d\u00e9cid\u00e9 de juger des cas des deux As\u00e9mistes avec s\u00e9v\u00e9rit\u00e9. Coupable d&rsquo;avoir bouscul\u00e9 Hugo Magnetti apr\u00e8s un t\u00eate contre t\u00eate, Eliesse Ben Seghir a pris trois matches de suspension ferme. Pour avoir voulu donner un coup de pied \u00e0 J\u00e9r\u00e9my Le Douaron, Wilfried Singo a pris deux matches de suspension ferme plus un autre avec sursis. <\/p>\n\n\n\n<p>Les deux joueurs ayant d\u00e9j\u00e0 purg\u00e9 un premier match de suspension contre Lille ce mercredi, rateront \u00e9galement le d\u00e9placement \u00e0 Lyon pr\u00e9vu dimanche (19h). Singo pourra effectuer son retour face \u00e0 Clermont, alors que Ben Seghir devra patienter jusqu&rsquo;au d\u00e9placement \u00e0 Montpellier, programm\u00e9 le dimanche 12 mai. <\/p>\n\n\n\n<p>Plus \u00e9tonnant, la commission de discipline a \u00e9galement suspendu Maghnes Akliouche pour une rencontre apr\u00e8s avoir atteint les trois avertissements dans une p\u00e9riode de dix matches. Il avait d\u00e9j\u00e0 \u00e9t\u00e9 suspendu contre Lens (le 25 f\u00e9vrier) apr\u00e8s deux avertissements re\u00e7us en Coupe de France et un en Ligue 1, mais n&rsquo;en avait pourtant re\u00e7u que deux depuis, face \u00e0 Brest et Lille. Le jeune milieu offensif, particuli\u00e8rement en forme ces derni\u00e8res semaines, loupera donc la r\u00e9ception de Clermont le 4 mai prochain, m\u00eame si son cas est pour le moins myst\u00e9rieux. \u00c0 noter que le Clermontois Elbasan Rashani sera suspendu pour cette rencontre.<\/p>\n","protected":false},"excerpt":{"rendered":"<p>Eliesse Ben Seghir et Wilfried Singo ne vont pas revenir tout de suite sur le terrain avec l&rsquo;AS Monaco. Apr\u00e8s leur exclusion dimanche dernier contre Brest pour deux mauvais gestes, la commission de discipline a d\u00e9cid\u00e9 de juger des cas des deux As\u00e9mistes avec s\u00e9v\u00e9rit\u00e9. Coupable d&rsquo;avoir bouscul\u00e9 Hugo Magnetti apr\u00e8s un t\u00eate contre t\u00eate, [&#8230;]\n","protected":false},"author":2,"featured_media":0,"comment_status":"open","ping_status":"open","sticky":false,"template":"","format":"standard","meta":[],"categories":[4,6],"tags":[86,257,286,94,190,665],"yoast_head":"<!-- This site is optimized with the Yoast SEO plugin v19.8 - https:\/\/yoast.com\/wordpress\/plugins\/seo\/ -->\n<title>Ben Seghir et Singo pas \u00e9pargn\u00e9s par la commission de discipline - La Diagonale<\/title>\n<meta name=\"robots\" content=\"index, follow, max-snippet:-1, max-image-preview:large, max-video-preview:-1\" \/>\n<link rel=\"canonical\" href=\"https:\/\/www.ladiagonale.net\/index.php\/2024\/04\/25\/ben-seghir-et-singo-pas-epargnes-par-la-commission-de-discipline\/\" \/>\n<meta property=\"og:locale\" content=\"fr_FR\" \/>\n<meta property=\"og:type\" content=\"article\" \/>\n<meta property=\"og:title\" content=\"Ben Seghir et Singo pas \u00e9pargn\u00e9s par la commission de discipline - La Diagonale\" \/>\n<meta property=\"og:description\" content=\"Eliesse Ben Seghir et Wilfried Singo ne vont pas revenir tout de suite sur le terrain avec l&rsquo;AS Monaco. Apr\u00e8s leur exclusion dimanche dernier contre Brest pour deux mauvais gestes, la commission de discipline a d\u00e9cid\u00e9 de juger des cas des deux As\u00e9mistes avec s\u00e9v\u00e9rit\u00e9. Coupable d&rsquo;avoir bouscul\u00e9 Hugo Magnetti apr\u00e8s un t\u00eate contre t\u00eate, [...]\" \/>\n<meta property=\"og:url\" content=\"https:\/\/www.ladiagonale.net\/index.php\/2024\/04\/25\/ben-seghir-et-singo-pas-epargnes-par-la-commission-de-discipline\/\" \/>\n<meta property=\"og:site_name\" content=\"La Diagonale\" \/>\n<meta property=\"article:published_time\" content=\"2024-04-25T20:03:20+00:00\" \/>\n<meta property=\"article:modified_time\" content=\"2024-04-26T09:46:12+00:00\" \/>\n<meta property=\"og:image\" content=\"https:\/\/www.ladiagonale.net\/wp-content\/uploads\/2024\/04\/BS-rouge.png\" \/>\n\t<meta property=\"og:image:width\" content=\"1160\" \/>\n\t<meta property=\"og:image:height\" content=\"650\" \/>\n\t<meta property=\"og:image:type\" content=\"image\/png\" \/>\n<meta name=\"author\" content=\"Damien Dellerba\" \/>\n<meta name=\"twitter:card\" content=\"summary_large_image\" \/>\n<meta name=\"twitter:image\" content=\"https:\/\/www.ladiagonale.net\/wp-content\/uploads\/2024\/04\/BS-rouge.png\" \/>\n<meta name=\"twitter:label1\" content=\"\u00c9crit par\" \/>\n\t<meta name=\"twitter:data1\" content=\"Damien Dellerba\" \/>\n\t<meta name=\"twitter:label2\" content=\"Dur\u00e9e de lecture estim\u00e9e\" \/>\n\t<meta name=\"twitter:data2\" content=\"2 minutes\" \/>\n<script type=\"application\/ld+json\" class=\"yoast-schema-graph\">{\"@context\":\"https:\/\/schema.org\",\"@graph\":[{\"@type\":\"WebPage\",\"@id\":\"https:\/\/www.ladiagonale.net\/index.php\/2024\/04\/25\/ben-seghir-et-singo-pas-epargnes-par-la-commission-de-discipline\/\",\"url\":\"https:\/\/www.ladiagonale.net\/index.php\/2024\/04\/25\/ben-seghir-et-singo-pas-epargnes-par-la-commission-de-discipline\/\",\"name\":\"Ben Seghir et Singo pas \u00e9pargn\u00e9s par la commission de discipline - La Diagonale\",\"isPartOf\":{\"@id\":\"https:\/\/www.ladiagonale.net\/#website\"},\"datePublished\":\"2024-04-25T20:03:20+00:00\",\"dateModified\":\"2024-04-26T09:46:12+00:00\",\"author\":{\"@id\":\"https:\/\/www.ladiagonale.net\/#\/schema\/person\/79ff1e7b0853ed01b2aa26e64ad300bf\"},\"breadcrumb\":{\"@id\":\"https:\/\/www.ladiagonale.net\/index.php\/2024\/04\/25\/ben-seghir-et-singo-pas-epargnes-par-la-commission-de-discipline\/#breadcrumb\"},\"inLanguage\":\"fr-FR\",\"potentialAction\":[{\"@type\":\"ReadAction\",\"target\":[\"https:\/\/www.ladiagonale.net\/index.php\/2024\/04\/25\/ben-seghir-et-singo-pas-epargnes-par-la-commission-de-discipline\/\"]}]},{\"@type\":\"BreadcrumbList\",\"@id\":\"https:\/\/www.ladiagonale.net\/index.php\/2024\/04\/25\/ben-seghir-et-singo-pas-epargnes-par-la-commission-de-discipline\/#breadcrumb\",\"itemListElement\":[{\"@type\":\"ListItem\",\"position\":1,\"name\":\"Accueil\",\"item\":\"https:\/\/www.ladiagonale.net\/\"},{\"@type\":\"ListItem\",\"position\":2,\"name\":\"Ben Seghir et Singo pas \u00e9pargn\u00e9s par la commission de discipline\"}]},{\"@type\":\"WebSite\",\"@id\":\"https:\/\/www.ladiagonale.net\/#website\",\"url\":\"https:\/\/www.ladiagonale.net\/\",\"name\":\"La Diagonale\",\"description\":\"Le site des supporters de l&#039;AS Monaco FC\",\"potentialAction\":[{\"@type\":\"SearchAction\",\"target\":{\"@type\":\"EntryPoint\",\"urlTemplate\":\"https:\/\/www.ladiagonale.net\/?s={search_term_string}\"},\"query-input\":\"required name=search_term_string\"}],\"inLanguage\":\"fr-FR\"},{\"@type\":\"Person\",\"@id\":\"https:\/\/www.ladiagonale.net\/#\/schema\/person\/79ff1e7b0853ed01b2aa26e64ad300bf\",\"name\":\"Damien Dellerba\",\"image\":{\"@type\":\"ImageObject\",\"inLanguage\":\"fr-FR\",\"@id\":\"https:\/\/www.ladiagonale.net\/#\/schema\/person\/image\/\",\"url\":\"https:\/\/secure.gravatar.com\/avatar\/c7850e06d3ff63cdbaee88b7fc16e2f0?s=96&d=mm&r=g\",\"contentUrl\":\"https:\/\/secure.gravatar.com\/avatar\/c7850e06d3ff63cdbaee88b7fc16e2f0?s=96&d=mm&r=g\",\"caption\":\"Damien Dellerba\"},\"url\":\"https:\/\/www.ladiagonale.net\/index.php\/author\/damien\/\"}]}<\/script>\n<!-- \/ Yoast SEO plugin. -->","yoast_head_json":{"title":"Ben Seghir et Singo pas \u00e9pargn\u00e9s par la commission de discipline - La Diagonale","robots":{"index":"index","follow":"follow","max-snippet":"max-snippet:-1","max-image-preview":"max-image-preview:large","max-video-preview":"max-video-preview:-1"},"canonical":"https:\/\/www.ladiagonale.net\/index.php\/2024\/04\/25\/ben-seghir-et-singo-pas-epargnes-par-la-commission-de-discipline\/","og_locale":"fr_FR","og_type":"article","og_title":"Ben Seghir et Singo pas \u00e9pargn\u00e9s par la commission de discipline - La Diagonale","og_description":"Eliesse Ben Seghir et Wilfried Singo ne vont pas revenir tout de suite sur le terrain avec l&rsquo;AS Monaco. Apr\u00e8s leur exclusion dimanche dernier contre Brest pour deux mauvais gestes, la commission de discipline a d\u00e9cid\u00e9 de juger des cas des deux As\u00e9mistes avec s\u00e9v\u00e9rit\u00e9. Coupable d&rsquo;avoir bouscul\u00e9 Hugo Magnetti apr\u00e8s un t\u00eate contre t\u00eate, [...]","og_url":"https:\/\/www.ladiagonale.net\/index.php\/2024\/04\/25\/ben-seghir-et-singo-pas-epargnes-par-la-commission-de-discipline\/","og_site_name":"La Diagonale","article_published_time":"2024-04-25T20:03:20+00:00","article_modified_time":"2024-04-26T09:46:12+00:00","og_image":[{"width":1160,"height":650,"url":"https:\/\/www.ladiagonale.net\/wp-content\/uploads\/2024\/04\/BS-rouge.png","type":"image\/png"}],"author":"Damien Dellerba","twitter_card":"summary_large_image","twitter_image":"https:\/\/www.ladiagonale.net\/wp-content\/uploads\/2024\/04\/BS-rouge.png","twitter_misc":{"\u00c9crit par":"Damien Dellerba","Dur\u00e9e de lecture estim\u00e9e":"2 minutes"},"schema":{"@context":"https:\/\/schema.org","@graph":[{"@type":"WebPage","@id":"https:\/\/www.ladiagonale.net\/index.php\/2024\/04\/25\/ben-seghir-et-singo-pas-epargnes-par-la-commission-de-discipline\/","url":"https:\/\/www.ladiagonale.net\/index.php\/2024\/04\/25\/ben-seghir-et-singo-pas-epargnes-par-la-commission-de-discipline\/","name":"Ben Seghir et Singo pas \u00e9pargn\u00e9s par la commission de discipline - La Diagonale","isPartOf":{"@id":"https:\/\/www.ladiagonale.net\/#website"},"datePublished":"2024-04-25T20:03:20+00:00","dateModified":"2024-04-26T09:46:12+00:00","author":{"@id":"https:\/\/www.ladiagonale.net\/#\/schema\/person\/79ff1e7b0853ed01b2aa26e64ad300bf"},"breadcrumb":{"@id":"https:\/\/www.ladiagonale.net\/index.php\/2024\/04\/25\/ben-seghir-et-singo-pas-epargnes-par-la-commission-de-discipline\/#breadcrumb"},"inLanguage":"fr-FR","potentialAction":[{"@type":"ReadAction","target":["https:\/\/www.ladiagonale.net\/index.php\/2024\/04\/25\/ben-seghir-et-singo-pas-epargnes-par-la-commission-de-discipline\/"]}]},{"@type":"BreadcrumbList","@id":"https:\/\/www.ladiagonale.net\/index.php\/2024\/04\/25\/ben-seghir-et-singo-pas-epargnes-par-la-commission-de-discipline\/#breadcrumb","itemListElement":[{"@type":"ListItem","position":1,"name":"Accueil","item":"https:\/\/www.ladiagonale.net\/"},{"@type":"ListItem","position":2,"name":"Ben Seghir et Singo pas \u00e9pargn\u00e9s par la commission de discipline"}]},{"@type":"WebSite","@id":"https:\/\/www.ladiagonale.net\/#website","url":"https:\/\/www.ladiagonale.net\/","name":"La Diagonale","description":"Le site des supporters de l&#039;AS Monaco FC","potentialAction":[{"@type":"SearchAction","target":{"@type":"EntryPoint","urlTemplate":"https:\/\/www.ladiagonale.net\/?s={search_term_string}"},"query-input":"required name=search_term_string"}],"inLanguage":"fr-FR"},{"@type":"Person","@id":"https:\/\/www.ladiagonale.net\/#\/schema\/person\/79ff1e7b0853ed01b2aa26e64ad300bf","name":"Damien Dellerba","image":{"@type":"ImageObject","inLanguage":"fr-FR","@id":"https:\/\/www.ladiagonale.net\/#\/schema\/person\/image\/","url":"https:\/\/secure.gravatar.com\/avatar\/c7850e06d3ff63cdbaee88b7fc16e2f0?s=96&d=mm&r=g","contentUrl":"https:\/\/secure.gravatar.com\/avatar\/c7850e06d3ff63cdbaee88b7fc16e2f0?s=96&d=mm&r=g","caption":"Damien Dellerba"},"url":"https:\/\/www.ladiagonale.net\/index.php\/author\/damien\/"}]}},"_links":{"self":[{"href":"https:\/\/www.ladiagonale.net\/index.php\/wp-json\/wp\/v2\/posts\/22550"}],"collection":[{"href":"https:\/\/www.ladiagonale.net\/index.php\/wp-json\/wp\/v2\/posts"}],"about":[{"href":"https:\/\/www.ladiagonale.net\/index.php\/wp-json\/wp\/v2\/types\/post"}],"author":[{"embeddable":true,"href":"https:\/\/www.ladiagonale.net\/index.php\/wp-json\/wp\/v2\/users\/2"}],"replies":[{"embeddable":true,"href":"https:\/\/www.ladiagonale.net\/index.php\/wp-json\/wp\/v2\/comments?post=22550"}],"version-history":[{"count":7,"href":"https:\/\/www.ladiagonale.net\/index.php\/wp-json\/wp\/v2\/posts\/22550\/revisions"}],"predecessor-version":[{"id":22571,"href":"https:\/\/www.ladiagonale.net\/index.php\/wp-json\/wp\/v2\/posts\/22550\/revisions\/22571"}],"wp:attachment":[{"href":"https:\/\/www.ladiagonale.net\/index.php\/wp-json\/wp\/v2\/media?parent=22550"}],"wp:term":[{"taxonomy":"category","embeddable":true,"href":"https:\/\/www.ladiagonale.net\/index.php\/wp-json\/wp\/v2\/categories?post=22550"},{"taxonomy":"post_tag","embeddable":true,"href":"https:\/\/www.ladiagonale.net\/index.php\/wp-json\/wp\/v2\/tags?post=22550"}],"curies":[{"name":"wp","href":"https:\/\/api.w.org\/{rel}","templated":true}]}}