{"id":22563,"date":"2024-04-26T10:47:46","date_gmt":"2024-04-26T08:47:46","guid":{"rendered":"https:\/\/www.ladiagonale.net\/?p=22563"},"modified":"2024-04-26T11:22:17","modified_gmt":"2024-04-26T09:22:17","slug":"pas-de-suspension-pour-akliouche-contre-clermont","status":"publish","type":"post","link":"https:\/\/www.ladiagonale.net\/index.php\/2024\/04\/26\/pas-de-suspension-pour-akliouche-contre-clermont\/","title":{"rendered":"Pas de suspension pour Akliouche contre Clermont"},"content":{"rendered":"\n\n\n<p>Le communiqu\u00e9 de la commission de discipline publi\u00e9 mercredi soir sur le site de la LFP avait surpris, puisque celui-ci annon\u00e7ait par erreur une suspension pour Maghnes Akliouche, coupable d&rsquo;avoir recueilli trois avertissements en moins de dix rencontres. La LFP, alert\u00e9e dans la foul\u00e9e par l&rsquo;AS Monaco, vient de rectifier son communiqu\u00e9 et de retirer le nom du milieu offensif de l&rsquo;ASM, qui pourra donc jouer contre Clermont. Mais avec deux cartons re\u00e7us contre Brest et Lille, l&rsquo;international Espoirs est tout de m\u00eame sous la menace.<\/p>\n\n\n\n<p>Akliouche avait \u00e9t\u00e9 suspendu contre Lens, le 25 f\u00e9vrier dernier, apr\u00e8s avoir accumul\u00e9 trois avertissements dont deux en Coupe de France. C&rsquo;est probablement celui re\u00e7u \u00e0 Rouen qui est la cause de cet imbroglio, puisque sa suspension avait \u00e9t\u00e9 prononc\u00e9e par la commission de discipline de la FFF et non pas de la LFP \u00e0 l&rsquo;\u00e9poque. Un oubli purement administratif de la part de la LFP qui vient donc d&rsquo;\u00eatre rectifi\u00e9.<\/p>\n\n\n\n<blockquote class=\"twitter-tweet\"><p lang=\"fr\" dir=\"ltr\">\u2139\ufe0f Maghnes Akliouche ne sera finalement pas suspendu face au Clermont Foot 63 !<\/p>&mdash; Ligue 1 Uber Eats (@Ligue1UberEats) <a href=\"https:\/\/twitter.com\/Ligue1UberEats\/status\/1783782399203057926?ref_src=twsrc%5Etfw\">April 26, 2024<\/a><\/blockquote> <script async src=\"https:\/\/platform.twitter.com\/widgets.js\" charset=\"utf-8\"><\/script> \n","protected":false},"excerpt":{"rendered":"<p>Le communiqu\u00e9 de la commission de discipline publi\u00e9 mercredi soir sur le site de la LFP avait surpris, puisque celui-ci annon\u00e7ait par erreur une suspension pour Maghnes Akliouche, coupable d&rsquo;avoir recueilli trois avertissements en moins de dix rencontres. La LFP, alert\u00e9e dans la foul\u00e9e par l&rsquo;AS Monaco, vient de rectifier son communiqu\u00e9 et de retirer [&#8230;]\n","protected":false},"author":2,"featured_media":0,"comment_status":"open","ping_status":"open","sticky":false,"template":"","format":"standard","meta":[],"categories":[6],"tags":[86,257,190],"yoast_head":"<!-- This site is optimized with the Yoast SEO plugin v19.8 - https:\/\/yoast.com\/wordpress\/plugins\/seo\/ -->\n<title>Pas de suspension pour Akliouche contre Clermont - La Diagonale<\/title>\n<meta name=\"robots\" content=\"index, follow, max-snippet:-1, max-image-preview:large, max-video-preview:-1\" \/>\n<link rel=\"canonical\" href=\"https:\/\/www.ladiagonale.net\/index.php\/2024\/04\/26\/pas-de-suspension-pour-akliouche-contre-clermont\/\" \/>\n<meta property=\"og:locale\" content=\"fr_FR\" \/>\n<meta property=\"og:type\" content=\"article\" \/>\n<meta property=\"og:title\" content=\"Pas de suspension pour Akliouche contre Clermont - La Diagonale\" \/>\n<meta property=\"og:description\" content=\"Le communiqu\u00e9 de la commission de discipline publi\u00e9 mercredi soir sur le site de la LFP avait surpris, puisque celui-ci annon\u00e7ait par erreur une suspension pour Maghnes Akliouche, coupable d&rsquo;avoir recueilli trois avertissements en moins de dix rencontres. La LFP, alert\u00e9e dans la foul\u00e9e par l&rsquo;AS Monaco, vient de rectifier son communiqu\u00e9 et de retirer [...]\" \/>\n<meta property=\"og:url\" content=\"https:\/\/www.ladiagonale.net\/index.php\/2024\/04\/26\/pas-de-suspension-pour-akliouche-contre-clermont\/\" \/>\n<meta property=\"og:site_name\" content=\"La Diagonale\" \/>\n<meta property=\"article:published_time\" content=\"2024-04-26T08:47:46+00:00\" \/>\n<meta property=\"article:modified_time\" content=\"2024-04-26T09:22:17+00:00\" \/>\n<meta property=\"og:image\" content=\"https:\/\/www.ladiagonale.net\/wp-content\/uploads\/2023\/10\/akliouche.png\" \/>\n\t<meta property=\"og:image:width\" content=\"1160\" \/>\n\t<meta property=\"og:image:height\" content=\"650\" \/>\n\t<meta property=\"og:image:type\" content=\"image\/png\" \/>\n<meta name=\"author\" content=\"Damien Dellerba\" \/>\n<meta name=\"twitter:card\" content=\"summary_large_image\" \/>\n<meta name=\"twitter:image\" content=\"https:\/\/www.ladiagonale.net\/wp-content\/uploads\/2023\/10\/akliouche.png\" \/>\n<meta name=\"twitter:label1\" content=\"\u00c9crit par\" \/>\n\t<meta name=\"twitter:data1\" content=\"Damien Dellerba\" \/>\n\t<meta name=\"twitter:label2\" content=\"Dur\u00e9e de lecture estim\u00e9e\" \/>\n\t<meta name=\"twitter:data2\" content=\"1 minute\" \/>\n<script type=\"application\/ld+json\" class=\"yoast-schema-graph\">{\"@context\":\"https:\/\/schema.org\",\"@graph\":[{\"@type\":\"WebPage\",\"@id\":\"https:\/\/www.ladiagonale.net\/index.php\/2024\/04\/26\/pas-de-suspension-pour-akliouche-contre-clermont\/\",\"url\":\"https:\/\/www.ladiagonale.net\/index.php\/2024\/04\/26\/pas-de-suspension-pour-akliouche-contre-clermont\/\",\"name\":\"Pas de suspension pour Akliouche contre Clermont - La Diagonale\",\"isPartOf\":{\"@id\":\"https:\/\/www.ladiagonale.net\/#website\"},\"datePublished\":\"2024-04-26T08:47:46+00:00\",\"dateModified\":\"2024-04-26T09:22:17+00:00\",\"author\":{\"@id\":\"https:\/\/www.ladiagonale.net\/#\/schema\/person\/79ff1e7b0853ed01b2aa26e64ad300bf\"},\"breadcrumb\":{\"@id\":\"https:\/\/www.ladiagonale.net\/index.php\/2024\/04\/26\/pas-de-suspension-pour-akliouche-contre-clermont\/#breadcrumb\"},\"inLanguage\":\"fr-FR\",\"potentialAction\":[{\"@type\":\"ReadAction\",\"target\":[\"https:\/\/www.ladiagonale.net\/index.php\/2024\/04\/26\/pas-de-suspension-pour-akliouche-contre-clermont\/\"]}]},{\"@type\":\"BreadcrumbList\",\"@id\":\"https:\/\/www.ladiagonale.net\/index.php\/2024\/04\/26\/pas-de-suspension-pour-akliouche-contre-clermont\/#breadcrumb\",\"itemListElement\":[{\"@type\":\"ListItem\",\"position\":1,\"name\":\"Accueil\",\"item\":\"https:\/\/www.ladiagonale.net\/\"},{\"@type\":\"ListItem\",\"position\":2,\"name\":\"Pas de suspension pour Akliouche contre Clermont\"}]},{\"@type\":\"WebSite\",\"@id\":\"https:\/\/www.ladiagonale.net\/#website\",\"url\":\"https:\/\/www.ladiagonale.net\/\",\"name\":\"La Diagonale\",\"description\":\"Le site des supporters de l&#039;AS Monaco FC\",\"potentialAction\":[{\"@type\":\"SearchAction\",\"target\":{\"@type\":\"EntryPoint\",\"urlTemplate\":\"https:\/\/www.ladiagonale.net\/?s={search_term_string}\"},\"query-input\":\"required name=search_term_string\"}],\"inLanguage\":\"fr-FR\"},{\"@type\":\"Person\",\"@id\":\"https:\/\/www.ladiagonale.net\/#\/schema\/person\/79ff1e7b0853ed01b2aa26e64ad300bf\",\"name\":\"Damien Dellerba\",\"image\":{\"@type\":\"ImageObject\",\"inLanguage\":\"fr-FR\",\"@id\":\"https:\/\/www.ladiagonale.net\/#\/schema\/person\/image\/\",\"url\":\"https:\/\/secure.gravatar.com\/avatar\/c7850e06d3ff63cdbaee88b7fc16e2f0?s=96&d=mm&r=g\",\"contentUrl\":\"https:\/\/secure.gravatar.com\/avatar\/c7850e06d3ff63cdbaee88b7fc16e2f0?s=96&d=mm&r=g\",\"caption\":\"Damien Dellerba\"},\"url\":\"https:\/\/www.ladiagonale.net\/index.php\/author\/damien\/\"}]}<\/script>\n<!-- \/ Yoast SEO plugin. -->","yoast_head_json":{"title":"Pas de suspension pour Akliouche contre Clermont - La Diagonale","robots":{"index":"index","follow":"follow","max-snippet":"max-snippet:-1","max-image-preview":"max-image-preview:large","max-video-preview":"max-video-preview:-1"},"canonical":"https:\/\/www.ladiagonale.net\/index.php\/2024\/04\/26\/pas-de-suspension-pour-akliouche-contre-clermont\/","og_locale":"fr_FR","og_type":"article","og_title":"Pas de suspension pour Akliouche contre Clermont - La Diagonale","og_description":"Le communiqu\u00e9 de la commission de discipline publi\u00e9 mercredi soir sur le site de la LFP avait surpris, puisque celui-ci annon\u00e7ait par erreur une suspension pour Maghnes Akliouche, coupable d&rsquo;avoir recueilli trois avertissements en moins de dix rencontres. La LFP, alert\u00e9e dans la foul\u00e9e par l&rsquo;AS Monaco, vient de rectifier son communiqu\u00e9 et de retirer [...]","og_url":"https:\/\/www.ladiagonale.net\/index.php\/2024\/04\/26\/pas-de-suspension-pour-akliouche-contre-clermont\/","og_site_name":"La Diagonale","article_published_time":"2024-04-26T08:47:46+00:00","article_modified_time":"2024-04-26T09:22:17+00:00","og_image":[{"width":1160,"height":650,"url":"https:\/\/www.ladiagonale.net\/wp-content\/uploads\/2023\/10\/akliouche.png","type":"image\/png"}],"author":"Damien Dellerba","twitter_card":"summary_large_image","twitter_image":"https:\/\/www.ladiagonale.net\/wp-content\/uploads\/2023\/10\/akliouche.png","twitter_misc":{"\u00c9crit par":"Damien Dellerba","Dur\u00e9e de lecture estim\u00e9e":"1 minute"},"schema":{"@context":"https:\/\/schema.org","@graph":[{"@type":"WebPage","@id":"https:\/\/www.ladiagonale.net\/index.php\/2024\/04\/26\/pas-de-suspension-pour-akliouche-contre-clermont\/","url":"https:\/\/www.ladiagonale.net\/index.php\/2024\/04\/26\/pas-de-suspension-pour-akliouche-contre-clermont\/","name":"Pas de suspension pour Akliouche contre Clermont - La Diagonale","isPartOf":{"@id":"https:\/\/www.ladiagonale.net\/#website"},"datePublished":"2024-04-26T08:47:46+00:00","dateModified":"2024-04-26T09:22:17+00:00","author":{"@id":"https:\/\/www.ladiagonale.net\/#\/schema\/person\/79ff1e7b0853ed01b2aa26e64ad300bf"},"breadcrumb":{"@id":"https:\/\/www.ladiagonale.net\/index.php\/2024\/04\/26\/pas-de-suspension-pour-akliouche-contre-clermont\/#breadcrumb"},"inLanguage":"fr-FR","potentialAction":[{"@type":"ReadAction","target":["https:\/\/www.ladiagonale.net\/index.php\/2024\/04\/26\/pas-de-suspension-pour-akliouche-contre-clermont\/"]}]},{"@type":"BreadcrumbList","@id":"https:\/\/www.ladiagonale.net\/index.php\/2024\/04\/26\/pas-de-suspension-pour-akliouche-contre-clermont\/#breadcrumb","itemListElement":[{"@type":"ListItem","position":1,"name":"Accueil","item":"https:\/\/www.ladiagonale.net\/"},{"@type":"ListItem","position":2,"name":"Pas de suspension pour Akliouche contre Clermont"}]},{"@type":"WebSite","@id":"https:\/\/www.ladiagonale.net\/#website","url":"https:\/\/www.ladiagonale.net\/","name":"La Diagonale","description":"Le site des supporters de l&#039;AS Monaco FC","potentialAction":[{"@type":"SearchAction","target":{"@type":"EntryPoint","urlTemplate":"https:\/\/www.ladiagonale.net\/?s={search_term_string}"},"query-input":"required name=search_term_string"}],"inLanguage":"fr-FR"},{"@type":"Person","@id":"https:\/\/www.ladiagonale.net\/#\/schema\/person\/79ff1e7b0853ed01b2aa26e64ad300bf","name":"Damien Dellerba","image":{"@type":"ImageObject","inLanguage":"fr-FR","@id":"https:\/\/www.ladiagonale.net\/#\/schema\/person\/image\/","url":"https:\/\/secure.gravatar.com\/avatar\/c7850e06d3ff63cdbaee88b7fc16e2f0?s=96&d=mm&r=g","contentUrl":"https:\/\/secure.gravatar.com\/avatar\/c7850e06d3ff63cdbaee88b7fc16e2f0?s=96&d=mm&r=g","caption":"Damien Dellerba"},"url":"https:\/\/www.ladiagonale.net\/index.php\/author\/damien\/"}]}},"_links":{"self":[{"href":"https:\/\/www.ladiagonale.net\/index.php\/wp-json\/wp\/v2\/posts\/22563"}],"collection":[{"href":"https:\/\/www.ladiagonale.net\/index.php\/wp-json\/wp\/v2\/posts"}],"about":[{"href":"https:\/\/www.ladiagonale.net\/index.php\/wp-json\/wp\/v2\/types\/post"}],"author":[{"embeddable":true,"href":"https:\/\/www.ladiagonale.net\/index.php\/wp-json\/wp\/v2\/users\/2"}],"replies":[{"embeddable":true,"href":"https:\/\/www.ladiagonale.net\/index.php\/wp-json\/wp\/v2\/comments?post=22563"}],"version-history":[{"count":2,"href":"https:\/\/www.ladiagonale.net\/index.php\/wp-json\/wp\/v2\/posts\/22563\/revisions"}],"predecessor-version":[{"id":22570,"href":"https:\/\/www.ladiagonale.net\/index.php\/wp-json\/wp\/v2\/posts\/22563\/revisions\/22570"}],"wp:attachment":[{"href":"https:\/\/www.ladiagonale.net\/index.php\/wp-json\/wp\/v2\/media?parent=22563"}],"wp:term":[{"taxonomy":"category","embeddable":true,"href":"https:\/\/www.ladiagonale.net\/index.php\/wp-json\/wp\/v2\/categories?post=22563"},{"taxonomy":"post_tag","embeddable":true,"href":"https:\/\/www.ladiagonale.net\/index.php\/wp-json\/wp\/v2\/tags?post=22563"}],"curies":[{"name":"wp","href":"https:\/\/api.w.org\/{rel}","templated":true}]}}