{"id":22568,"date":"2024-04-26T11:20:46","date_gmt":"2024-04-26T09:20:46","guid":{"rendered":"https:\/\/www.ladiagonale.net\/?p=22568"},"modified":"2024-04-27T03:16:04","modified_gmt":"2024-04-27T01:16:04","slug":"dechepy-au-sifflet-pour-lyon-monaco","status":"publish","type":"post","link":"https:\/\/www.ladiagonale.net\/index.php\/2024\/04\/26\/dechepy-au-sifflet-pour-lyon-monaco\/","title":{"rendered":"Dechepy au sifflet pour Lyon-Monaco"},"content":{"rendered":"\n\n\n<p>L&rsquo;AS Monaco conna\u00eet l&rsquo;arbitre qui officiera lors de la rencontre face \u00e0 l&rsquo;Olympique Lyonnais ce dimanche (19h). C&rsquo;est Bastien Dechepy qui a \u00e9t\u00e9 d\u00e9sign\u00e9, et celui-ci sera assist\u00e9 de Brice Parient Le Tellier et Julien Haulbert. \u00c0 la vid\u00e9o, on pourra trouver Dominique Julien et Christian Guillard. <\/p>\n\n\n\n<p>Dechepy a d\u00e9j\u00e0 arbitr\u00e9 deux fois l&rsquo;ASM cette saison pour deux matches nuls. Contre Lorient r\u00e9cemment (2-2, le 17 mars) et contre Lens en Coupe de France, le 7 janvier, m\u00eame si le club de la Principaut\u00e9 s&rsquo;\u00e9tait qualifi\u00e9 aux tirs au but (2-2, 6-5 aux t.a.b.).<\/p>\n\n\n\n<blockquote class=\"twitter-tweet\"><p lang=\"fr\" dir=\"ltr\"><a href=\"https:\/\/twitter.com\/hashtag\/ASMonaco?src=hash&amp;ref_src=twsrc%5Etfw\">#ASMonaco<\/a> \ud83d\udd34\u26aa\ufe0f <a href=\"https:\/\/twitter.com\/hashtag\/ASM_Stats?src=hash&amp;ref_src=twsrc%5Etfw\">#ASM_Stats<\/a><br><br>8\u00e8me fois que Bastien DECHEPY arbitrera un match de Monaco depuis 2016 (le d\u00e9but de mes stats).<br>Il est le 16\u00e8me \u00e0 nous avoir le plus arbitr\u00e9 sur cette p\u00e9riode.<br><br>BILAN :<br>\ud83d\udfe2 4 Victoires<br>\ud83d\udd35 3 Nuls<br>\ud83d\udd34 0 D\u00e9faite<br><br>CARTONS JAUNE :<br>\ud83d\udfe8 13x (1,9 par match)\u2026 <a href=\"https:\/\/t.co\/80QEi9yOJx\">https:\/\/t.co\/80QEi9yOJx<\/a><\/p>&mdash; AlyumdrA \ud83c\uddee\ud83c\udde9 (@AlyumdrA) <a href=\"https:\/\/twitter.com\/AlyumdrA\/status\/1783814835492307236?ref_src=twsrc%5Etfw\">April 26, 2024<\/a><\/blockquote> <script async src=\"https:\/\/platform.twitter.com\/widgets.js\" charset=\"utf-8\"><\/script> \n","protected":false},"excerpt":{"rendered":"<p>L&rsquo;AS Monaco conna\u00eet l&rsquo;arbitre qui officiera lors de la rencontre face \u00e0 l&rsquo;Olympique Lyonnais ce dimanche (19h). C&rsquo;est Bastien Dechepy qui a \u00e9t\u00e9 d\u00e9sign\u00e9, et celui-ci sera assist\u00e9 de Brice Parient Le Tellier et Julien Haulbert. \u00c0 la vid\u00e9o, on pourra trouver Dominique Julien et Christian Guillard. Dechepy a d\u00e9j\u00e0 arbitr\u00e9 deux fois l&rsquo;ASM cette [&#8230;]\n","protected":false},"author":2,"featured_media":0,"comment_status":"open","ping_status":"open","sticky":false,"template":"","format":"standard","meta":[],"categories":[6],"tags":[86,484,94,515],"yoast_head":"<!-- This site is optimized with the Yoast SEO plugin v19.8 - https:\/\/yoast.com\/wordpress\/plugins\/seo\/ -->\n<title>Dechepy au sifflet pour Lyon-Monaco - La Diagonale<\/title>\n<meta name=\"robots\" content=\"index, follow, max-snippet:-1, max-image-preview:large, max-video-preview:-1\" \/>\n<link rel=\"canonical\" href=\"https:\/\/www.ladiagonale.net\/index.php\/2024\/04\/26\/dechepy-au-sifflet-pour-lyon-monaco\/\" \/>\n<meta property=\"og:locale\" content=\"fr_FR\" \/>\n<meta property=\"og:type\" content=\"article\" \/>\n<meta property=\"og:title\" content=\"Dechepy au sifflet pour Lyon-Monaco - La Diagonale\" \/>\n<meta property=\"og:description\" content=\"L&rsquo;AS Monaco conna\u00eet l&rsquo;arbitre qui officiera lors de la rencontre face \u00e0 l&rsquo;Olympique Lyonnais ce dimanche (19h). C&rsquo;est Bastien Dechepy qui a \u00e9t\u00e9 d\u00e9sign\u00e9, et celui-ci sera assist\u00e9 de Brice Parient Le Tellier et Julien Haulbert. \u00c0 la vid\u00e9o, on pourra trouver Dominique Julien et Christian Guillard. Dechepy a d\u00e9j\u00e0 arbitr\u00e9 deux fois l&rsquo;ASM cette [...]\" \/>\n<meta property=\"og:url\" content=\"https:\/\/www.ladiagonale.net\/index.php\/2024\/04\/26\/dechepy-au-sifflet-pour-lyon-monaco\/\" \/>\n<meta property=\"og:site_name\" content=\"La Diagonale\" \/>\n<meta property=\"article:published_time\" content=\"2024-04-26T09:20:46+00:00\" \/>\n<meta property=\"article:modified_time\" content=\"2024-04-27T01:16:04+00:00\" \/>\n<meta property=\"og:image\" content=\"https:\/\/www.ladiagonale.net\/wp-content\/uploads\/2023\/04\/dechepy.png\" \/>\n\t<meta property=\"og:image:width\" content=\"1160\" \/>\n\t<meta property=\"og:image:height\" content=\"650\" \/>\n\t<meta property=\"og:image:type\" content=\"image\/png\" \/>\n<meta name=\"author\" content=\"Damien Dellerba\" \/>\n<meta name=\"twitter:card\" content=\"summary_large_image\" \/>\n<meta name=\"twitter:image\" content=\"https:\/\/www.ladiagonale.net\/wp-content\/uploads\/2023\/04\/dechepy.png\" \/>\n<meta name=\"twitter:label1\" content=\"\u00c9crit par\" \/>\n\t<meta name=\"twitter:data1\" content=\"Damien Dellerba\" \/>\n\t<meta name=\"twitter:label2\" content=\"Dur\u00e9e de lecture estim\u00e9e\" \/>\n\t<meta name=\"twitter:data2\" content=\"1 minute\" \/>\n<script type=\"application\/ld+json\" class=\"yoast-schema-graph\">{\"@context\":\"https:\/\/schema.org\",\"@graph\":[{\"@type\":\"WebPage\",\"@id\":\"https:\/\/www.ladiagonale.net\/index.php\/2024\/04\/26\/dechepy-au-sifflet-pour-lyon-monaco\/\",\"url\":\"https:\/\/www.ladiagonale.net\/index.php\/2024\/04\/26\/dechepy-au-sifflet-pour-lyon-monaco\/\",\"name\":\"Dechepy au sifflet pour Lyon-Monaco - La Diagonale\",\"isPartOf\":{\"@id\":\"https:\/\/www.ladiagonale.net\/#website\"},\"datePublished\":\"2024-04-26T09:20:46+00:00\",\"dateModified\":\"2024-04-27T01:16:04+00:00\",\"author\":{\"@id\":\"https:\/\/www.ladiagonale.net\/#\/schema\/person\/79ff1e7b0853ed01b2aa26e64ad300bf\"},\"breadcrumb\":{\"@id\":\"https:\/\/www.ladiagonale.net\/index.php\/2024\/04\/26\/dechepy-au-sifflet-pour-lyon-monaco\/#breadcrumb\"},\"inLanguage\":\"fr-FR\",\"potentialAction\":[{\"@type\":\"ReadAction\",\"target\":[\"https:\/\/www.ladiagonale.net\/index.php\/2024\/04\/26\/dechepy-au-sifflet-pour-lyon-monaco\/\"]}]},{\"@type\":\"BreadcrumbList\",\"@id\":\"https:\/\/www.ladiagonale.net\/index.php\/2024\/04\/26\/dechepy-au-sifflet-pour-lyon-monaco\/#breadcrumb\",\"itemListElement\":[{\"@type\":\"ListItem\",\"position\":1,\"name\":\"Accueil\",\"item\":\"https:\/\/www.ladiagonale.net\/\"},{\"@type\":\"ListItem\",\"position\":2,\"name\":\"Dechepy au sifflet pour Lyon-Monaco\"}]},{\"@type\":\"WebSite\",\"@id\":\"https:\/\/www.ladiagonale.net\/#website\",\"url\":\"https:\/\/www.ladiagonale.net\/\",\"name\":\"La Diagonale\",\"description\":\"Le site des supporters de l&#039;AS Monaco FC\",\"potentialAction\":[{\"@type\":\"SearchAction\",\"target\":{\"@type\":\"EntryPoint\",\"urlTemplate\":\"https:\/\/www.ladiagonale.net\/?s={search_term_string}\"},\"query-input\":\"required name=search_term_string\"}],\"inLanguage\":\"fr-FR\"},{\"@type\":\"Person\",\"@id\":\"https:\/\/www.ladiagonale.net\/#\/schema\/person\/79ff1e7b0853ed01b2aa26e64ad300bf\",\"name\":\"Damien Dellerba\",\"image\":{\"@type\":\"ImageObject\",\"inLanguage\":\"fr-FR\",\"@id\":\"https:\/\/www.ladiagonale.net\/#\/schema\/person\/image\/\",\"url\":\"https:\/\/secure.gravatar.com\/avatar\/c7850e06d3ff63cdbaee88b7fc16e2f0?s=96&d=mm&r=g\",\"contentUrl\":\"https:\/\/secure.gravatar.com\/avatar\/c7850e06d3ff63cdbaee88b7fc16e2f0?s=96&d=mm&r=g\",\"caption\":\"Damien Dellerba\"},\"url\":\"https:\/\/www.ladiagonale.net\/index.php\/author\/damien\/\"}]}<\/script>\n<!-- \/ Yoast SEO plugin. -->","yoast_head_json":{"title":"Dechepy au sifflet pour Lyon-Monaco - La Diagonale","robots":{"index":"index","follow":"follow","max-snippet":"max-snippet:-1","max-image-preview":"max-image-preview:large","max-video-preview":"max-video-preview:-1"},"canonical":"https:\/\/www.ladiagonale.net\/index.php\/2024\/04\/26\/dechepy-au-sifflet-pour-lyon-monaco\/","og_locale":"fr_FR","og_type":"article","og_title":"Dechepy au sifflet pour Lyon-Monaco - La Diagonale","og_description":"L&rsquo;AS Monaco conna\u00eet l&rsquo;arbitre qui officiera lors de la rencontre face \u00e0 l&rsquo;Olympique Lyonnais ce dimanche (19h). C&rsquo;est Bastien Dechepy qui a \u00e9t\u00e9 d\u00e9sign\u00e9, et celui-ci sera assist\u00e9 de Brice Parient Le Tellier et Julien Haulbert. \u00c0 la vid\u00e9o, on pourra trouver Dominique Julien et Christian Guillard. Dechepy a d\u00e9j\u00e0 arbitr\u00e9 deux fois l&rsquo;ASM cette [...]","og_url":"https:\/\/www.ladiagonale.net\/index.php\/2024\/04\/26\/dechepy-au-sifflet-pour-lyon-monaco\/","og_site_name":"La Diagonale","article_published_time":"2024-04-26T09:20:46+00:00","article_modified_time":"2024-04-27T01:16:04+00:00","og_image":[{"width":1160,"height":650,"url":"https:\/\/www.ladiagonale.net\/wp-content\/uploads\/2023\/04\/dechepy.png","type":"image\/png"}],"author":"Damien Dellerba","twitter_card":"summary_large_image","twitter_image":"https:\/\/www.ladiagonale.net\/wp-content\/uploads\/2023\/04\/dechepy.png","twitter_misc":{"\u00c9crit par":"Damien Dellerba","Dur\u00e9e de lecture estim\u00e9e":"1 minute"},"schema":{"@context":"https:\/\/schema.org","@graph":[{"@type":"WebPage","@id":"https:\/\/www.ladiagonale.net\/index.php\/2024\/04\/26\/dechepy-au-sifflet-pour-lyon-monaco\/","url":"https:\/\/www.ladiagonale.net\/index.php\/2024\/04\/26\/dechepy-au-sifflet-pour-lyon-monaco\/","name":"Dechepy au sifflet pour Lyon-Monaco - La Diagonale","isPartOf":{"@id":"https:\/\/www.ladiagonale.net\/#website"},"datePublished":"2024-04-26T09:20:46+00:00","dateModified":"2024-04-27T01:16:04+00:00","author":{"@id":"https:\/\/www.ladiagonale.net\/#\/schema\/person\/79ff1e7b0853ed01b2aa26e64ad300bf"},"breadcrumb":{"@id":"https:\/\/www.ladiagonale.net\/index.php\/2024\/04\/26\/dechepy-au-sifflet-pour-lyon-monaco\/#breadcrumb"},"inLanguage":"fr-FR","potentialAction":[{"@type":"ReadAction","target":["https:\/\/www.ladiagonale.net\/index.php\/2024\/04\/26\/dechepy-au-sifflet-pour-lyon-monaco\/"]}]},{"@type":"BreadcrumbList","@id":"https:\/\/www.ladiagonale.net\/index.php\/2024\/04\/26\/dechepy-au-sifflet-pour-lyon-monaco\/#breadcrumb","itemListElement":[{"@type":"ListItem","position":1,"name":"Accueil","item":"https:\/\/www.ladiagonale.net\/"},{"@type":"ListItem","position":2,"name":"Dechepy au sifflet pour Lyon-Monaco"}]},{"@type":"WebSite","@id":"https:\/\/www.ladiagonale.net\/#website","url":"https:\/\/www.ladiagonale.net\/","name":"La Diagonale","description":"Le site des supporters de l&#039;AS Monaco FC","potentialAction":[{"@type":"SearchAction","target":{"@type":"EntryPoint","urlTemplate":"https:\/\/www.ladiagonale.net\/?s={search_term_string}"},"query-input":"required name=search_term_string"}],"inLanguage":"fr-FR"},{"@type":"Person","@id":"https:\/\/www.ladiagonale.net\/#\/schema\/person\/79ff1e7b0853ed01b2aa26e64ad300bf","name":"Damien Dellerba","image":{"@type":"ImageObject","inLanguage":"fr-FR","@id":"https:\/\/www.ladiagonale.net\/#\/schema\/person\/image\/","url":"https:\/\/secure.gravatar.com\/avatar\/c7850e06d3ff63cdbaee88b7fc16e2f0?s=96&d=mm&r=g","contentUrl":"https:\/\/secure.gravatar.com\/avatar\/c7850e06d3ff63cdbaee88b7fc16e2f0?s=96&d=mm&r=g","caption":"Damien Dellerba"},"url":"https:\/\/www.ladiagonale.net\/index.php\/author\/damien\/"}]}},"_links":{"self":[{"href":"https:\/\/www.ladiagonale.net\/index.php\/wp-json\/wp\/v2\/posts\/22568"}],"collection":[{"href":"https:\/\/www.ladiagonale.net\/index.php\/wp-json\/wp\/v2\/posts"}],"about":[{"href":"https:\/\/www.ladiagonale.net\/index.php\/wp-json\/wp\/v2\/types\/post"}],"author":[{"embeddable":true,"href":"https:\/\/www.ladiagonale.net\/index.php\/wp-json\/wp\/v2\/users\/2"}],"replies":[{"embeddable":true,"href":"https:\/\/www.ladiagonale.net\/index.php\/wp-json\/wp\/v2\/comments?post=22568"}],"version-history":[{"count":2,"href":"https:\/\/www.ladiagonale.net\/index.php\/wp-json\/wp\/v2\/posts\/22568\/revisions"}],"predecessor-version":[{"id":22587,"href":"https:\/\/www.ladiagonale.net\/index.php\/wp-json\/wp\/v2\/posts\/22568\/revisions\/22587"}],"wp:attachment":[{"href":"https:\/\/www.ladiagonale.net\/index.php\/wp-json\/wp\/v2\/media?parent=22568"}],"wp:term":[{"taxonomy":"category","embeddable":true,"href":"https:\/\/www.ladiagonale.net\/index.php\/wp-json\/wp\/v2\/categories?post=22568"},{"taxonomy":"post_tag","embeddable":true,"href":"https:\/\/www.ladiagonale.net\/index.php\/wp-json\/wp\/v2\/tags?post=22568"}],"curies":[{"name":"wp","href":"https:\/\/api.w.org\/{rel}","templated":true}]}}