{"id":22574,"date":"2024-04-26T16:30:41","date_gmt":"2024-04-26T14:30:41","guid":{"rendered":"https:\/\/www.ladiagonale.net\/?p=22574"},"modified":"2024-04-26T16:30:42","modified_gmt":"2024-04-26T14:30:42","slug":"hutter-nous-navons-encore-rien-fait","status":"publish","type":"post","link":"https:\/\/www.ladiagonale.net\/index.php\/2024\/04\/26\/hutter-nous-navons-encore-rien-fait\/","title":{"rendered":"H\u00fctter : \u00ab&nbsp;Nous n\u2019avons encore rien fait&nbsp;\u00bb"},"content":{"rendered":"\n<p>La prudence \u00e9tait de mise du c\u00f4t\u00e9 de l\u2019AS Monaco et d\u2019Adi H\u00fctter avant la rencontre face \u00e0 Lyon. L\u2019entra\u00eeneur autrichien a reconnu que la semaine de trois matchs avait parfaitement d\u00e9but\u00e9, avec des victoires essentielles face \u00e0 Brest et Lille : \u00ab\u00a0<em>Nous sommes tr\u00e8s concentr\u00e9s sur ce match contre Lyon. Je pense que mon \u00e9quipe aime jouer ce genre de match. Nous avons fait un travail fantastique depuis le d\u00e9but de la semaine en battant Brest et Lille avec deux clean sheets et en prenant six points. Nous sommes en tr\u00e8s bonne forme et depuis huit rencontres nous sommes invaincus. Mais il faut poursuivre notre travail et suivre le process.<\/em>\u00a0\u00bb<\/p>\n\n\n\n<p>Si Monaco a fait un grand pas vers la Ligue des champions, H\u00fctter ne veut pas rel\u00e2cher la pression : \u00ab\u00a0<em>Mon travail et de rester concentr\u00e9 avec l\u2019\u00e9quipe, de respecter chaque adversaire. Notre objectif est de finir la saison \u00e0 la deuxi\u00e8me place et c\u2019est ma cible, celle du club et des joueurs. Nous n\u2019avons rien fait encore donc le plus important c\u2019est de rester concentr\u00e9 sur le prochain match. Lyon va chercher \u00e0 nous battre devant son public mais nous voulons rester invaincus, et nous voulons continuer notre s\u00e9rie \u00e0 l\u2019ext\u00e9rieur. Nous avons pris 31 points en 15 matches \u00e0 l\u2019ext\u00e9rieur et je veux \u00eatre \u00e0 34 dimanche soir.\u00a0<\/em>\u00bb<\/p>\n\n\n\n<h3>Embolo est pr\u00eat \u00e0 d\u00e9buter un match<\/h3>\n\n\n\n<p>Avec l\u2019encha\u00eenement, les organismes sont mis \u00e0 rude \u00e9preuve mais H\u00fctter est confiant d\u2019avoir tout le monde en forme. Il n\u2019exclut cependant pas de faire aussi tourner :\u00a0\u00ab\u00a0<em>C\u2019est dans ma t\u00eate de faire tourner un petit peu. D\u2019un autre c\u00f4t\u00e9, nous avons un jour de plus de r\u00e9cup\u00e9ration car de dimanche \u00e0 mercredi c\u2019\u00e9tait tr\u00e8s court mais de mercredi \u00e0 dimanche c\u2019est un jour en plus pour r\u00e9cup\u00e9rer. Je pense que tout le monde sera en forme pour cette rencontre en forme mais je garde en t\u00eate de faire un petit peu tourner, \u00e7a reste ouvert.<\/em>\u00a0\u00bb<\/p>\n\n\n\n<p>Caio Henrique ne devrait pas jouer mais sera encore sur le banc des rempla\u00e7ants, tandis qu\u2019Embolo serait pr\u00eat physiquement pour d\u00e9buter :\u00a0\u00ab\u00a0<em>Oui il peut d\u00e9buter une rencontre. Il a fait un tr\u00e8s bon boulot en rentrant et il a eu un bon impact. Breel est un joueur diff\u00e9rent de Balogun et de Wissam (Ben Yedder).<\/em>\u00a0\u00bb Mais sera-t-il titulaire, alors que Balogun et Ben Yedder sont loin de leur meilleur niveau ? :\u00a0\u00ab\u00a0<em>Demandez-moi demain<\/em>\u00a0\u00bb, a r\u00e9pondu l\u2019Autrichien dans un sourire.<\/p>\n\n\n","protected":false},"excerpt":{"rendered":"<p>La prudence \u00e9tait de mise du c\u00f4t\u00e9 de l\u2019AS Monaco et d\u2019Adi H\u00fctter avant la rencontre face \u00e0 Lyon. L\u2019entra\u00eeneur autrichien a reconnu que la semaine de trois matchs avait parfaitement d\u00e9but\u00e9, avec des victoires essentielles face \u00e0 Brest et Lille : \u00ab\u00a0Nous sommes tr\u00e8s concentr\u00e9s sur ce match contre Lyon. Je pense que mon [&#8230;]\n","protected":false},"author":2,"featured_media":0,"comment_status":"open","ping_status":"open","sticky":false,"template":"","format":"standard","meta":[],"categories":[6],"tags":[576,86,94,515],"yoast_head":"<!-- This site is optimized with the Yoast SEO plugin v19.8 - https:\/\/yoast.com\/wordpress\/plugins\/seo\/ -->\n<title>H\u00fctter : \u00ab&nbsp;Nous n\u2019avons encore rien fait&nbsp;\u00bb - La Diagonale<\/title>\n<meta name=\"robots\" content=\"index, follow, max-snippet:-1, max-image-preview:large, max-video-preview:-1\" \/>\n<link rel=\"canonical\" href=\"https:\/\/www.ladiagonale.net\/index.php\/2024\/04\/26\/hutter-nous-navons-encore-rien-fait\/\" \/>\n<meta property=\"og:locale\" content=\"fr_FR\" \/>\n<meta property=\"og:type\" content=\"article\" \/>\n<meta property=\"og:title\" content=\"H\u00fctter : \u00ab&nbsp;Nous n\u2019avons encore rien fait&nbsp;\u00bb - La Diagonale\" \/>\n<meta property=\"og:description\" content=\"La prudence \u00e9tait de mise du c\u00f4t\u00e9 de l\u2019AS Monaco et d\u2019Adi H\u00fctter avant la rencontre face \u00e0 Lyon. L\u2019entra\u00eeneur autrichien a reconnu que la semaine de trois matchs avait parfaitement d\u00e9but\u00e9, avec des victoires essentielles face \u00e0 Brest et Lille : \u00ab\u00a0Nous sommes tr\u00e8s concentr\u00e9s sur ce match contre Lyon. Je pense que mon [...]\" \/>\n<meta property=\"og:url\" content=\"https:\/\/www.ladiagonale.net\/index.php\/2024\/04\/26\/hutter-nous-navons-encore-rien-fait\/\" \/>\n<meta property=\"og:site_name\" content=\"La Diagonale\" \/>\n<meta property=\"article:published_time\" content=\"2024-04-26T14:30:41+00:00\" \/>\n<meta property=\"article:modified_time\" content=\"2024-04-26T14:30:42+00:00\" \/>\n<meta property=\"og:image\" content=\"https:\/\/www.ladiagonale.net\/wp-content\/uploads\/2024\/02\/hu\u0308tter-training.png\" \/>\n\t<meta property=\"og:image:width\" content=\"1160\" \/>\n\t<meta property=\"og:image:height\" content=\"650\" \/>\n\t<meta property=\"og:image:type\" content=\"image\/png\" \/>\n<meta name=\"author\" content=\"Damien Dellerba\" \/>\n<meta name=\"twitter:card\" content=\"summary_large_image\" \/>\n<meta name=\"twitter:image\" content=\"https:\/\/www.ladiagonale.net\/wp-content\/uploads\/2024\/02\/hu\u0308tter-training.png\" \/>\n<meta name=\"twitter:label1\" content=\"\u00c9crit par\" \/>\n\t<meta name=\"twitter:data1\" content=\"Damien Dellerba\" \/>\n\t<meta name=\"twitter:label2\" content=\"Dur\u00e9e de lecture estim\u00e9e\" \/>\n\t<meta name=\"twitter:data2\" content=\"3 minutes\" \/>\n<script type=\"application\/ld+json\" class=\"yoast-schema-graph\">{\"@context\":\"https:\/\/schema.org\",\"@graph\":[{\"@type\":\"WebPage\",\"@id\":\"https:\/\/www.ladiagonale.net\/index.php\/2024\/04\/26\/hutter-nous-navons-encore-rien-fait\/\",\"url\":\"https:\/\/www.ladiagonale.net\/index.php\/2024\/04\/26\/hutter-nous-navons-encore-rien-fait\/\",\"name\":\"H\u00fctter : \u00ab&nbsp;Nous n\u2019avons encore rien fait&nbsp;\u00bb - La Diagonale\",\"isPartOf\":{\"@id\":\"https:\/\/www.ladiagonale.net\/#website\"},\"datePublished\":\"2024-04-26T14:30:41+00:00\",\"dateModified\":\"2024-04-26T14:30:42+00:00\",\"author\":{\"@id\":\"https:\/\/www.ladiagonale.net\/#\/schema\/person\/79ff1e7b0853ed01b2aa26e64ad300bf\"},\"breadcrumb\":{\"@id\":\"https:\/\/www.ladiagonale.net\/index.php\/2024\/04\/26\/hutter-nous-navons-encore-rien-fait\/#breadcrumb\"},\"inLanguage\":\"fr-FR\",\"potentialAction\":[{\"@type\":\"ReadAction\",\"target\":[\"https:\/\/www.ladiagonale.net\/index.php\/2024\/04\/26\/hutter-nous-navons-encore-rien-fait\/\"]}]},{\"@type\":\"BreadcrumbList\",\"@id\":\"https:\/\/www.ladiagonale.net\/index.php\/2024\/04\/26\/hutter-nous-navons-encore-rien-fait\/#breadcrumb\",\"itemListElement\":[{\"@type\":\"ListItem\",\"position\":1,\"name\":\"Accueil\",\"item\":\"https:\/\/www.ladiagonale.net\/\"},{\"@type\":\"ListItem\",\"position\":2,\"name\":\"H\u00fctter : \u00ab&nbsp;Nous n\u2019avons encore rien fait&nbsp;\u00bb\"}]},{\"@type\":\"WebSite\",\"@id\":\"https:\/\/www.ladiagonale.net\/#website\",\"url\":\"https:\/\/www.ladiagonale.net\/\",\"name\":\"La Diagonale\",\"description\":\"Le site des supporters de l&#039;AS Monaco FC\",\"potentialAction\":[{\"@type\":\"SearchAction\",\"target\":{\"@type\":\"EntryPoint\",\"urlTemplate\":\"https:\/\/www.ladiagonale.net\/?s={search_term_string}\"},\"query-input\":\"required name=search_term_string\"}],\"inLanguage\":\"fr-FR\"},{\"@type\":\"Person\",\"@id\":\"https:\/\/www.ladiagonale.net\/#\/schema\/person\/79ff1e7b0853ed01b2aa26e64ad300bf\",\"name\":\"Damien Dellerba\",\"image\":{\"@type\":\"ImageObject\",\"inLanguage\":\"fr-FR\",\"@id\":\"https:\/\/www.ladiagonale.net\/#\/schema\/person\/image\/\",\"url\":\"https:\/\/secure.gravatar.com\/avatar\/c7850e06d3ff63cdbaee88b7fc16e2f0?s=96&d=mm&r=g\",\"contentUrl\":\"https:\/\/secure.gravatar.com\/avatar\/c7850e06d3ff63cdbaee88b7fc16e2f0?s=96&d=mm&r=g\",\"caption\":\"Damien Dellerba\"},\"url\":\"https:\/\/www.ladiagonale.net\/index.php\/author\/damien\/\"}]}<\/script>\n<!-- \/ Yoast SEO plugin. -->","yoast_head_json":{"title":"H\u00fctter : \u00ab&nbsp;Nous n\u2019avons encore rien fait&nbsp;\u00bb - La Diagonale","robots":{"index":"index","follow":"follow","max-snippet":"max-snippet:-1","max-image-preview":"max-image-preview:large","max-video-preview":"max-video-preview:-1"},"canonical":"https:\/\/www.ladiagonale.net\/index.php\/2024\/04\/26\/hutter-nous-navons-encore-rien-fait\/","og_locale":"fr_FR","og_type":"article","og_title":"H\u00fctter : \u00ab&nbsp;Nous n\u2019avons encore rien fait&nbsp;\u00bb - La Diagonale","og_description":"La prudence \u00e9tait de mise du c\u00f4t\u00e9 de l\u2019AS Monaco et d\u2019Adi H\u00fctter avant la rencontre face \u00e0 Lyon. L\u2019entra\u00eeneur autrichien a reconnu que la semaine de trois matchs avait parfaitement d\u00e9but\u00e9, avec des victoires essentielles face \u00e0 Brest et Lille : \u00ab\u00a0Nous sommes tr\u00e8s concentr\u00e9s sur ce match contre Lyon. Je pense que mon [...]","og_url":"https:\/\/www.ladiagonale.net\/index.php\/2024\/04\/26\/hutter-nous-navons-encore-rien-fait\/","og_site_name":"La Diagonale","article_published_time":"2024-04-26T14:30:41+00:00","article_modified_time":"2024-04-26T14:30:42+00:00","og_image":[{"width":1160,"height":650,"url":"https:\/\/www.ladiagonale.net\/wp-content\/uploads\/2024\/02\/hu\u0308tter-training.png","type":"image\/png"}],"author":"Damien Dellerba","twitter_card":"summary_large_image","twitter_image":"https:\/\/www.ladiagonale.net\/wp-content\/uploads\/2024\/02\/hu\u0308tter-training.png","twitter_misc":{"\u00c9crit par":"Damien Dellerba","Dur\u00e9e de lecture estim\u00e9e":"3 minutes"},"schema":{"@context":"https:\/\/schema.org","@graph":[{"@type":"WebPage","@id":"https:\/\/www.ladiagonale.net\/index.php\/2024\/04\/26\/hutter-nous-navons-encore-rien-fait\/","url":"https:\/\/www.ladiagonale.net\/index.php\/2024\/04\/26\/hutter-nous-navons-encore-rien-fait\/","name":"H\u00fctter : \u00ab&nbsp;Nous n\u2019avons encore rien fait&nbsp;\u00bb - La Diagonale","isPartOf":{"@id":"https:\/\/www.ladiagonale.net\/#website"},"datePublished":"2024-04-26T14:30:41+00:00","dateModified":"2024-04-26T14:30:42+00:00","author":{"@id":"https:\/\/www.ladiagonale.net\/#\/schema\/person\/79ff1e7b0853ed01b2aa26e64ad300bf"},"breadcrumb":{"@id":"https:\/\/www.ladiagonale.net\/index.php\/2024\/04\/26\/hutter-nous-navons-encore-rien-fait\/#breadcrumb"},"inLanguage":"fr-FR","potentialAction":[{"@type":"ReadAction","target":["https:\/\/www.ladiagonale.net\/index.php\/2024\/04\/26\/hutter-nous-navons-encore-rien-fait\/"]}]},{"@type":"BreadcrumbList","@id":"https:\/\/www.ladiagonale.net\/index.php\/2024\/04\/26\/hutter-nous-navons-encore-rien-fait\/#breadcrumb","itemListElement":[{"@type":"ListItem","position":1,"name":"Accueil","item":"https:\/\/www.ladiagonale.net\/"},{"@type":"ListItem","position":2,"name":"H\u00fctter : \u00ab&nbsp;Nous n\u2019avons encore rien fait&nbsp;\u00bb"}]},{"@type":"WebSite","@id":"https:\/\/www.ladiagonale.net\/#website","url":"https:\/\/www.ladiagonale.net\/","name":"La Diagonale","description":"Le site des supporters de l&#039;AS Monaco FC","potentialAction":[{"@type":"SearchAction","target":{"@type":"EntryPoint","urlTemplate":"https:\/\/www.ladiagonale.net\/?s={search_term_string}"},"query-input":"required name=search_term_string"}],"inLanguage":"fr-FR"},{"@type":"Person","@id":"https:\/\/www.ladiagonale.net\/#\/schema\/person\/79ff1e7b0853ed01b2aa26e64ad300bf","name":"Damien Dellerba","image":{"@type":"ImageObject","inLanguage":"fr-FR","@id":"https:\/\/www.ladiagonale.net\/#\/schema\/person\/image\/","url":"https:\/\/secure.gravatar.com\/avatar\/c7850e06d3ff63cdbaee88b7fc16e2f0?s=96&d=mm&r=g","contentUrl":"https:\/\/secure.gravatar.com\/avatar\/c7850e06d3ff63cdbaee88b7fc16e2f0?s=96&d=mm&r=g","caption":"Damien Dellerba"},"url":"https:\/\/www.ladiagonale.net\/index.php\/author\/damien\/"}]}},"_links":{"self":[{"href":"https:\/\/www.ladiagonale.net\/index.php\/wp-json\/wp\/v2\/posts\/22574"}],"collection":[{"href":"https:\/\/www.ladiagonale.net\/index.php\/wp-json\/wp\/v2\/posts"}],"about":[{"href":"https:\/\/www.ladiagonale.net\/index.php\/wp-json\/wp\/v2\/types\/post"}],"author":[{"embeddable":true,"href":"https:\/\/www.ladiagonale.net\/index.php\/wp-json\/wp\/v2\/users\/2"}],"replies":[{"embeddable":true,"href":"https:\/\/www.ladiagonale.net\/index.php\/wp-json\/wp\/v2\/comments?post=22574"}],"version-history":[{"count":1,"href":"https:\/\/www.ladiagonale.net\/index.php\/wp-json\/wp\/v2\/posts\/22574\/revisions"}],"predecessor-version":[{"id":22575,"href":"https:\/\/www.ladiagonale.net\/index.php\/wp-json\/wp\/v2\/posts\/22574\/revisions\/22575"}],"wp:attachment":[{"href":"https:\/\/www.ladiagonale.net\/index.php\/wp-json\/wp\/v2\/media?parent=22574"}],"wp:term":[{"taxonomy":"category","embeddable":true,"href":"https:\/\/www.ladiagonale.net\/index.php\/wp-json\/wp\/v2\/categories?post=22574"},{"taxonomy":"post_tag","embeddable":true,"href":"https:\/\/www.ladiagonale.net\/index.php\/wp-json\/wp\/v2\/tags?post=22574"}],"curies":[{"name":"wp","href":"https:\/\/api.w.org\/{rel}","templated":true}]}}