{"id":22576,"date":"2024-04-26T17:22:41","date_gmt":"2024-04-26T15:22:41","guid":{"rendered":"https:\/\/www.ladiagonale.net\/?p=22576"},"modified":"2024-04-26T17:22:42","modified_gmt":"2024-04-26T15:22:42","slug":"fofana-le-coach-nous-a-refroidis-apres-lille","status":"publish","type":"post","link":"https:\/\/www.ladiagonale.net\/index.php\/2024\/04\/26\/fofana-le-coach-nous-a-refroidis-apres-lille\/","title":{"rendered":"Fofana : \u00ab\u00a0Le coach nous a refroidis apr\u00e8s Lille\u00a0\u00bb"},"content":{"rendered":"\n\n\n<p>L\u2019heure n\u2019est toujours pas \u00e0 la f\u00eate du c\u00f4t\u00e9 de l\u2019ASM, qui a pourtant fait un grand pas vers la Ligue des champions en battant successivement Brest et Lille. Adi H\u00fctter s\u2019est charg\u00e9 de mettre un terme \u00e0 toute euphorie dans son vestiaire mercredi soir, comme l\u2019a rapport\u00e9 Youssouf Fofana : \u00ab\u00a0<em>Dans le vestiaire, le coach nous a bien refroidis. Il nous a rappel\u00e9 que l\u2019on avait un match tr\u00e8s important dimanche et qu\u2019il fallait le gagner. Tant qu\u2019on n\u2018est pas s\u00fbrs d\u2019atteindre nos objectifs, il ne faut pas se reposer sur \u00e7a.<\/em>\u00a0\u00bb<\/p>\n\n\n\n<p>Le milieu de terrain indique que le v\u00e9ritable objectif de l\u2019ASM, c\u2019est la deuxi\u00e8me place : \u00ab\u00a0<em>Maintenant qu\u2019on est bien partis, on veut finir dauphin du PSG (\u2026) Mais tant que math\u00e9matiquement on n\u2019est pas deuxi\u00e8me, on ne s\u2019arr\u00eatera pas.<\/em>\u00a0\u00bb La bonne passe actuelle est tout de m\u00eame satisfaisante : \u00ab\u00a0<em>\u00c7a montre qu\u2019on est sur la bonne voie au niveau du travail fourni. \u00c7a conforte nos choix et nos axes de travail mais il faut confirmer, c\u2019est le foot.<\/em>\u00a0\u00bb<\/p>\n\n\n\n<blockquote class=\"wp-block-quote\"><p>\u00ab\u00a0On veut se mettre \u00e0 l\u2019abri le plus vite possible<\/p><\/blockquote>\n\n\n\n<p>Apr\u00e8s un d\u00e9but d\u2019ann\u00e9e difficile, des discussions entre joueurs et staff ont permis d\u2019inverser la tendance : \u00ab\u00a0<em>\u00c7a vient d\u2019un peu tout le monde. D\u2019une r\u00e9union entre joueurs apr\u00e8s un faux pas, d\u2019une r\u00e9union avec le coach, qui ne comprenait pas pourquoi on avait ces r\u00e9sultats et surtout aussi des jeunes qui mettent une ambiance de fou dans le vestiaire. Ils ont beaucoup de libert\u00e9 et am\u00e8nent une certaine joie qu\u2019on avait un peu oubli\u00e9e.<\/em>\u00a0\u00bb<\/p>\n\n\n\n<p>Le sprint final est tr\u00e8s bon, \u00e0 l\u2019image de saisons 2020-2021 et 2021-2022. Mais il faudra cette fois transformer l\u2019essai : \u00ab <em>Je ne sais pas si on est dans la m\u00eame situation. On a connu des gros sprints mais au bout il n\u2019y a pas eu l\u2019objectif. (\u2026) On veut se mettre \u00e0 l\u2019abri le plus vite possible pour avoir une fin de saison plus calme et pouvoir anticiper et pr\u00e9parer au mieux la saison prochaine.<\/em>\u00a0\u00bb<\/p>\n\n\n\n<p>En parlant de saison prochaine, Fofana ne sait pas encore de quoi sera fait son avenir. Il est en fin de contrat en 2025, <a href=\"https:\/\/www.ladiagonale.net\/index.php\/2024\/04\/25\/fofana-attise-les-convoitises-sur-le-marche-des-transferts\/\">courtis\u00e9 par plusieurs grosses \u00e9curies europ\u00e9ennes<\/a> et cet \u00e9t\u00e9 sera charni\u00e8re pour lui. Mais rien n\u2019a \u00e9t\u00e9 d\u00e9cid\u00e9 avec le club : \u00ab\u00a0<em>On n\u2019en a pas encore parl\u00e9 avec le directeur sportif. Il me laisse finir cette saison pour ne pas me mettre plein de choses dans la t\u00eate et puis s\u2019il y a l\u2019Euro avec l\u2019\u00e9quipe de France, on en reparlera \u00e0 mon retour. On ne s\u2019est pas arr\u00eat\u00e9s sur quelque chose.<\/em>\u00a0\u00bb<\/p>\n","protected":false},"excerpt":{"rendered":"<p>L\u2019heure n\u2019est toujours pas \u00e0 la f\u00eate du c\u00f4t\u00e9 de l\u2019ASM, qui a pourtant fait un grand pas vers la Ligue des champions en battant successivement Brest et Lille. Adi H\u00fctter s\u2019est charg\u00e9 de mettre un terme \u00e0 toute euphorie dans son vestiaire mercredi soir, comme l\u2019a rapport\u00e9 Youssouf Fofana : \u00ab\u00a0Dans le vestiaire, le [&#8230;]\n","protected":false},"author":2,"featured_media":0,"comment_status":"open","ping_status":"open","sticky":false,"template":"","format":"standard","meta":[],"categories":[6],"tags":[86,94,515,176],"yoast_head":"<!-- This site is optimized with the Yoast SEO plugin v19.8 - https:\/\/yoast.com\/wordpress\/plugins\/seo\/ -->\n<title>Fofana : \u00ab\u00a0Le coach nous a refroidis apr\u00e8s Lille\u00a0\u00bb - La Diagonale<\/title>\n<meta name=\"robots\" content=\"index, follow, max-snippet:-1, max-image-preview:large, max-video-preview:-1\" \/>\n<link rel=\"canonical\" href=\"https:\/\/www.ladiagonale.net\/index.php\/2024\/04\/26\/fofana-le-coach-nous-a-refroidis-apres-lille\/\" \/>\n<meta property=\"og:locale\" content=\"fr_FR\" \/>\n<meta property=\"og:type\" content=\"article\" \/>\n<meta property=\"og:title\" content=\"Fofana : \u00ab\u00a0Le coach nous a refroidis apr\u00e8s Lille\u00a0\u00bb - La Diagonale\" \/>\n<meta property=\"og:description\" content=\"L\u2019heure n\u2019est toujours pas \u00e0 la f\u00eate du c\u00f4t\u00e9 de l\u2019ASM, qui a pourtant fait un grand pas vers la Ligue des champions en battant successivement Brest et Lille. Adi H\u00fctter s\u2019est charg\u00e9 de mettre un terme \u00e0 toute euphorie dans son vestiaire mercredi soir, comme l\u2019a rapport\u00e9 Youssouf Fofana : \u00ab\u00a0Dans le vestiaire, le [...]\" \/>\n<meta property=\"og:url\" content=\"https:\/\/www.ladiagonale.net\/index.php\/2024\/04\/26\/fofana-le-coach-nous-a-refroidis-apres-lille\/\" \/>\n<meta property=\"og:site_name\" content=\"La Diagonale\" \/>\n<meta property=\"article:published_time\" content=\"2024-04-26T15:22:41+00:00\" \/>\n<meta property=\"article:modified_time\" content=\"2024-04-26T15:22:42+00:00\" \/>\n<meta property=\"og:image\" content=\"https:\/\/www.ladiagonale.net\/wp-content\/uploads\/2023\/08\/fofana2.png\" \/>\n\t<meta property=\"og:image:width\" content=\"1160\" \/>\n\t<meta property=\"og:image:height\" content=\"650\" \/>\n\t<meta property=\"og:image:type\" content=\"image\/png\" \/>\n<meta name=\"author\" content=\"Damien Dellerba\" \/>\n<meta name=\"twitter:card\" content=\"summary_large_image\" \/>\n<meta name=\"twitter:image\" content=\"https:\/\/www.ladiagonale.net\/wp-content\/uploads\/2023\/08\/fofana2.png\" \/>\n<meta name=\"twitter:label1\" content=\"\u00c9crit par\" \/>\n\t<meta name=\"twitter:data1\" content=\"Damien Dellerba\" \/>\n\t<meta name=\"twitter:label2\" content=\"Dur\u00e9e de lecture estim\u00e9e\" \/>\n\t<meta name=\"twitter:data2\" content=\"3 minutes\" \/>\n<script type=\"application\/ld+json\" class=\"yoast-schema-graph\">{\"@context\":\"https:\/\/schema.org\",\"@graph\":[{\"@type\":\"WebPage\",\"@id\":\"https:\/\/www.ladiagonale.net\/index.php\/2024\/04\/26\/fofana-le-coach-nous-a-refroidis-apres-lille\/\",\"url\":\"https:\/\/www.ladiagonale.net\/index.php\/2024\/04\/26\/fofana-le-coach-nous-a-refroidis-apres-lille\/\",\"name\":\"Fofana : \u00ab\u00a0Le coach nous a refroidis apr\u00e8s Lille\u00a0\u00bb - La Diagonale\",\"isPartOf\":{\"@id\":\"https:\/\/www.ladiagonale.net\/#website\"},\"datePublished\":\"2024-04-26T15:22:41+00:00\",\"dateModified\":\"2024-04-26T15:22:42+00:00\",\"author\":{\"@id\":\"https:\/\/www.ladiagonale.net\/#\/schema\/person\/79ff1e7b0853ed01b2aa26e64ad300bf\"},\"breadcrumb\":{\"@id\":\"https:\/\/www.ladiagonale.net\/index.php\/2024\/04\/26\/fofana-le-coach-nous-a-refroidis-apres-lille\/#breadcrumb\"},\"inLanguage\":\"fr-FR\",\"potentialAction\":[{\"@type\":\"ReadAction\",\"target\":[\"https:\/\/www.ladiagonale.net\/index.php\/2024\/04\/26\/fofana-le-coach-nous-a-refroidis-apres-lille\/\"]}]},{\"@type\":\"BreadcrumbList\",\"@id\":\"https:\/\/www.ladiagonale.net\/index.php\/2024\/04\/26\/fofana-le-coach-nous-a-refroidis-apres-lille\/#breadcrumb\",\"itemListElement\":[{\"@type\":\"ListItem\",\"position\":1,\"name\":\"Accueil\",\"item\":\"https:\/\/www.ladiagonale.net\/\"},{\"@type\":\"ListItem\",\"position\":2,\"name\":\"Fofana : \u00ab\u00a0Le coach nous a refroidis apr\u00e8s Lille\u00a0\u00bb\"}]},{\"@type\":\"WebSite\",\"@id\":\"https:\/\/www.ladiagonale.net\/#website\",\"url\":\"https:\/\/www.ladiagonale.net\/\",\"name\":\"La Diagonale\",\"description\":\"Le site des supporters de l&#039;AS Monaco FC\",\"potentialAction\":[{\"@type\":\"SearchAction\",\"target\":{\"@type\":\"EntryPoint\",\"urlTemplate\":\"https:\/\/www.ladiagonale.net\/?s={search_term_string}\"},\"query-input\":\"required name=search_term_string\"}],\"inLanguage\":\"fr-FR\"},{\"@type\":\"Person\",\"@id\":\"https:\/\/www.ladiagonale.net\/#\/schema\/person\/79ff1e7b0853ed01b2aa26e64ad300bf\",\"name\":\"Damien Dellerba\",\"image\":{\"@type\":\"ImageObject\",\"inLanguage\":\"fr-FR\",\"@id\":\"https:\/\/www.ladiagonale.net\/#\/schema\/person\/image\/\",\"url\":\"https:\/\/secure.gravatar.com\/avatar\/c7850e06d3ff63cdbaee88b7fc16e2f0?s=96&d=mm&r=g\",\"contentUrl\":\"https:\/\/secure.gravatar.com\/avatar\/c7850e06d3ff63cdbaee88b7fc16e2f0?s=96&d=mm&r=g\",\"caption\":\"Damien Dellerba\"},\"url\":\"https:\/\/www.ladiagonale.net\/index.php\/author\/damien\/\"}]}<\/script>\n<!-- \/ Yoast SEO plugin. -->","yoast_head_json":{"title":"Fofana : \u00ab\u00a0Le coach nous a refroidis apr\u00e8s Lille\u00a0\u00bb - La Diagonale","robots":{"index":"index","follow":"follow","max-snippet":"max-snippet:-1","max-image-preview":"max-image-preview:large","max-video-preview":"max-video-preview:-1"},"canonical":"https:\/\/www.ladiagonale.net\/index.php\/2024\/04\/26\/fofana-le-coach-nous-a-refroidis-apres-lille\/","og_locale":"fr_FR","og_type":"article","og_title":"Fofana : \u00ab\u00a0Le coach nous a refroidis apr\u00e8s Lille\u00a0\u00bb - La Diagonale","og_description":"L\u2019heure n\u2019est toujours pas \u00e0 la f\u00eate du c\u00f4t\u00e9 de l\u2019ASM, qui a pourtant fait un grand pas vers la Ligue des champions en battant successivement Brest et Lille. Adi H\u00fctter s\u2019est charg\u00e9 de mettre un terme \u00e0 toute euphorie dans son vestiaire mercredi soir, comme l\u2019a rapport\u00e9 Youssouf Fofana : \u00ab\u00a0Dans le vestiaire, le [...]","og_url":"https:\/\/www.ladiagonale.net\/index.php\/2024\/04\/26\/fofana-le-coach-nous-a-refroidis-apres-lille\/","og_site_name":"La Diagonale","article_published_time":"2024-04-26T15:22:41+00:00","article_modified_time":"2024-04-26T15:22:42+00:00","og_image":[{"width":1160,"height":650,"url":"https:\/\/www.ladiagonale.net\/wp-content\/uploads\/2023\/08\/fofana2.png","type":"image\/png"}],"author":"Damien Dellerba","twitter_card":"summary_large_image","twitter_image":"https:\/\/www.ladiagonale.net\/wp-content\/uploads\/2023\/08\/fofana2.png","twitter_misc":{"\u00c9crit par":"Damien Dellerba","Dur\u00e9e de lecture estim\u00e9e":"3 minutes"},"schema":{"@context":"https:\/\/schema.org","@graph":[{"@type":"WebPage","@id":"https:\/\/www.ladiagonale.net\/index.php\/2024\/04\/26\/fofana-le-coach-nous-a-refroidis-apres-lille\/","url":"https:\/\/www.ladiagonale.net\/index.php\/2024\/04\/26\/fofana-le-coach-nous-a-refroidis-apres-lille\/","name":"Fofana : \u00ab\u00a0Le coach nous a refroidis apr\u00e8s Lille\u00a0\u00bb - La Diagonale","isPartOf":{"@id":"https:\/\/www.ladiagonale.net\/#website"},"datePublished":"2024-04-26T15:22:41+00:00","dateModified":"2024-04-26T15:22:42+00:00","author":{"@id":"https:\/\/www.ladiagonale.net\/#\/schema\/person\/79ff1e7b0853ed01b2aa26e64ad300bf"},"breadcrumb":{"@id":"https:\/\/www.ladiagonale.net\/index.php\/2024\/04\/26\/fofana-le-coach-nous-a-refroidis-apres-lille\/#breadcrumb"},"inLanguage":"fr-FR","potentialAction":[{"@type":"ReadAction","target":["https:\/\/www.ladiagonale.net\/index.php\/2024\/04\/26\/fofana-le-coach-nous-a-refroidis-apres-lille\/"]}]},{"@type":"BreadcrumbList","@id":"https:\/\/www.ladiagonale.net\/index.php\/2024\/04\/26\/fofana-le-coach-nous-a-refroidis-apres-lille\/#breadcrumb","itemListElement":[{"@type":"ListItem","position":1,"name":"Accueil","item":"https:\/\/www.ladiagonale.net\/"},{"@type":"ListItem","position":2,"name":"Fofana : \u00ab\u00a0Le coach nous a refroidis apr\u00e8s Lille\u00a0\u00bb"}]},{"@type":"WebSite","@id":"https:\/\/www.ladiagonale.net\/#website","url":"https:\/\/www.ladiagonale.net\/","name":"La Diagonale","description":"Le site des supporters de l&#039;AS Monaco FC","potentialAction":[{"@type":"SearchAction","target":{"@type":"EntryPoint","urlTemplate":"https:\/\/www.ladiagonale.net\/?s={search_term_string}"},"query-input":"required name=search_term_string"}],"inLanguage":"fr-FR"},{"@type":"Person","@id":"https:\/\/www.ladiagonale.net\/#\/schema\/person\/79ff1e7b0853ed01b2aa26e64ad300bf","name":"Damien Dellerba","image":{"@type":"ImageObject","inLanguage":"fr-FR","@id":"https:\/\/www.ladiagonale.net\/#\/schema\/person\/image\/","url":"https:\/\/secure.gravatar.com\/avatar\/c7850e06d3ff63cdbaee88b7fc16e2f0?s=96&d=mm&r=g","contentUrl":"https:\/\/secure.gravatar.com\/avatar\/c7850e06d3ff63cdbaee88b7fc16e2f0?s=96&d=mm&r=g","caption":"Damien Dellerba"},"url":"https:\/\/www.ladiagonale.net\/index.php\/author\/damien\/"}]}},"_links":{"self":[{"href":"https:\/\/www.ladiagonale.net\/index.php\/wp-json\/wp\/v2\/posts\/22576"}],"collection":[{"href":"https:\/\/www.ladiagonale.net\/index.php\/wp-json\/wp\/v2\/posts"}],"about":[{"href":"https:\/\/www.ladiagonale.net\/index.php\/wp-json\/wp\/v2\/types\/post"}],"author":[{"embeddable":true,"href":"https:\/\/www.ladiagonale.net\/index.php\/wp-json\/wp\/v2\/users\/2"}],"replies":[{"embeddable":true,"href":"https:\/\/www.ladiagonale.net\/index.php\/wp-json\/wp\/v2\/comments?post=22576"}],"version-history":[{"count":1,"href":"https:\/\/www.ladiagonale.net\/index.php\/wp-json\/wp\/v2\/posts\/22576\/revisions"}],"predecessor-version":[{"id":22577,"href":"https:\/\/www.ladiagonale.net\/index.php\/wp-json\/wp\/v2\/posts\/22576\/revisions\/22577"}],"wp:attachment":[{"href":"https:\/\/www.ladiagonale.net\/index.php\/wp-json\/wp\/v2\/media?parent=22576"}],"wp:term":[{"taxonomy":"category","embeddable":true,"href":"https:\/\/www.ladiagonale.net\/index.php\/wp-json\/wp\/v2\/categories?post=22576"},{"taxonomy":"post_tag","embeddable":true,"href":"https:\/\/www.ladiagonale.net\/index.php\/wp-json\/wp\/v2\/tags?post=22576"}],"curies":[{"name":"wp","href":"https:\/\/api.w.org\/{rel}","templated":true}]}}