{"id":22617,"date":"2024-04-27T19:39:30","date_gmt":"2024-04-27T17:39:30","guid":{"rendered":"https:\/\/www.ladiagonale.net\/?p=22617"},"modified":"2024-04-27T19:40:21","modified_gmt":"2024-04-27T17:40:21","slug":"le-groupe-monegasque-le-meme-que-contre-lille","status":"publish","type":"post","link":"https:\/\/www.ladiagonale.net\/index.php\/2024\/04\/27\/le-groupe-monegasque-le-meme-que-contre-lille\/","title":{"rendered":"Le groupe mon\u00e9gasque : le m\u00eame que contre Lille"},"content":{"rendered":"\n\n\n<p>Pas de surprise dans ce groupe de 21 joueurs convoqu\u00e9s par Adi H\u00fctter pour le d\u00e9placement \u00e0 Lyon, puisque l\u2019on retrouve les m\u00eames hommes qui avaient \u00e9t\u00e9 retenus pour affronter Lille. Eliesse Ben Seghir et Wilfried Singo sont toujours suspendus tandis qu\u2019Ismail Jakobs et Aleksandr Golovin poursuivent les soins \u00e0 l\u2019infirmerie.<\/p>\n\n\n\n<h3 class=\"wp-block-heading\">Le groupe mon\u00e9gasque<\/h3>\n\n\n\n<ul>\n\n<li><strong>Gardiens :<\/strong> K\u00f6hn, Lienard, Majecki.<\/li>\n\n\n<li><strong>D\u00e9fenseurs :<\/strong> C. Henrique, Kehrer, Magassa, Maripan, Ouattara, Salisu, Vanderson.<\/li>\n\n\n<li><strong>Milieux :<\/strong> Akliouche, Camara, Coulibaly, Diatta, Diop, Fofana, Minamino, Zakaria.<\/li>\n\n\n<li><strong>Attaquants : <\/strong>Balogun, Ben Yedder, Embolo.<\/li>\n\n<\/ul>\n\n\n\n<p><em>Absents : <\/em>Ben Seghir, Singo (suspendus), Golovin, Jakobs (bless\u00e9s).<\/p>\n","protected":false},"excerpt":{"rendered":"<p>Pas de surprise dans ce groupe de 21 joueurs convoqu\u00e9s par Adi H\u00fctter pour le d\u00e9placement \u00e0 Lyon, puisque l\u2019on retrouve les m\u00eames hommes qui avaient \u00e9t\u00e9 retenus pour affronter Lille. Eliesse Ben Seghir et Wilfried Singo sont toujours suspendus tandis qu\u2019Ismail Jakobs et Aleksandr Golovin poursuivent les soins \u00e0 l\u2019infirmerie. Le groupe mon\u00e9gasque Absents [&#8230;]\n","protected":false},"author":2,"featured_media":0,"comment_status":"open","ping_status":"open","sticky":false,"template":"","format":"standard","meta":[],"categories":[4,6],"tags":[86,225,94,515],"yoast_head":"<!-- This site is optimized with the Yoast SEO plugin v19.8 - https:\/\/yoast.com\/wordpress\/plugins\/seo\/ -->\n<title>Le groupe mon\u00e9gasque : le m\u00eame que contre Lille - La Diagonale<\/title>\n<meta name=\"robots\" content=\"index, follow, max-snippet:-1, max-image-preview:large, max-video-preview:-1\" \/>\n<link rel=\"canonical\" href=\"https:\/\/www.ladiagonale.net\/index.php\/2024\/04\/27\/le-groupe-monegasque-le-meme-que-contre-lille\/\" \/>\n<meta property=\"og:locale\" content=\"fr_FR\" \/>\n<meta property=\"og:type\" content=\"article\" \/>\n<meta property=\"og:title\" content=\"Le groupe mon\u00e9gasque : le m\u00eame que contre Lille - La Diagonale\" \/>\n<meta property=\"og:description\" content=\"Pas de surprise dans ce groupe de 21 joueurs convoqu\u00e9s par Adi H\u00fctter pour le d\u00e9placement \u00e0 Lyon, puisque l\u2019on retrouve les m\u00eames hommes qui avaient \u00e9t\u00e9 retenus pour affronter Lille. Eliesse Ben Seghir et Wilfried Singo sont toujours suspendus tandis qu\u2019Ismail Jakobs et Aleksandr Golovin poursuivent les soins \u00e0 l\u2019infirmerie. Le groupe mon\u00e9gasque Absents [...]\" \/>\n<meta property=\"og:url\" content=\"https:\/\/www.ladiagonale.net\/index.php\/2024\/04\/27\/le-groupe-monegasque-le-meme-que-contre-lille\/\" \/>\n<meta property=\"og:site_name\" content=\"La Diagonale\" \/>\n<meta property=\"article:published_time\" content=\"2024-04-27T17:39:30+00:00\" \/>\n<meta property=\"article:modified_time\" content=\"2024-04-27T17:40:21+00:00\" \/>\n<meta property=\"og:image\" content=\"https:\/\/www.ladiagonale.net\/wp-content\/uploads\/2023\/09\/caio.png\" \/>\n\t<meta property=\"og:image:width\" content=\"1160\" \/>\n\t<meta property=\"og:image:height\" content=\"650\" \/>\n\t<meta property=\"og:image:type\" content=\"image\/png\" \/>\n<meta name=\"author\" content=\"Damien Dellerba\" \/>\n<meta name=\"twitter:card\" content=\"summary_large_image\" \/>\n<meta name=\"twitter:image\" content=\"https:\/\/www.ladiagonale.net\/wp-content\/uploads\/2023\/09\/caio.png\" \/>\n<meta name=\"twitter:label1\" content=\"\u00c9crit par\" \/>\n\t<meta name=\"twitter:data1\" content=\"Damien Dellerba\" \/>\n\t<meta name=\"twitter:label2\" content=\"Dur\u00e9e de lecture estim\u00e9e\" \/>\n\t<meta name=\"twitter:data2\" content=\"1 minute\" \/>\n<script type=\"application\/ld+json\" class=\"yoast-schema-graph\">{\"@context\":\"https:\/\/schema.org\",\"@graph\":[{\"@type\":\"WebPage\",\"@id\":\"https:\/\/www.ladiagonale.net\/index.php\/2024\/04\/27\/le-groupe-monegasque-le-meme-que-contre-lille\/\",\"url\":\"https:\/\/www.ladiagonale.net\/index.php\/2024\/04\/27\/le-groupe-monegasque-le-meme-que-contre-lille\/\",\"name\":\"Le groupe mon\u00e9gasque : le m\u00eame que contre Lille - La Diagonale\",\"isPartOf\":{\"@id\":\"https:\/\/www.ladiagonale.net\/#website\"},\"datePublished\":\"2024-04-27T17:39:30+00:00\",\"dateModified\":\"2024-04-27T17:40:21+00:00\",\"author\":{\"@id\":\"https:\/\/www.ladiagonale.net\/#\/schema\/person\/79ff1e7b0853ed01b2aa26e64ad300bf\"},\"breadcrumb\":{\"@id\":\"https:\/\/www.ladiagonale.net\/index.php\/2024\/04\/27\/le-groupe-monegasque-le-meme-que-contre-lille\/#breadcrumb\"},\"inLanguage\":\"fr-FR\",\"potentialAction\":[{\"@type\":\"ReadAction\",\"target\":[\"https:\/\/www.ladiagonale.net\/index.php\/2024\/04\/27\/le-groupe-monegasque-le-meme-que-contre-lille\/\"]}]},{\"@type\":\"BreadcrumbList\",\"@id\":\"https:\/\/www.ladiagonale.net\/index.php\/2024\/04\/27\/le-groupe-monegasque-le-meme-que-contre-lille\/#breadcrumb\",\"itemListElement\":[{\"@type\":\"ListItem\",\"position\":1,\"name\":\"Accueil\",\"item\":\"https:\/\/www.ladiagonale.net\/\"},{\"@type\":\"ListItem\",\"position\":2,\"name\":\"Le groupe mon\u00e9gasque : le m\u00eame que contre Lille\"}]},{\"@type\":\"WebSite\",\"@id\":\"https:\/\/www.ladiagonale.net\/#website\",\"url\":\"https:\/\/www.ladiagonale.net\/\",\"name\":\"La Diagonale\",\"description\":\"Le site des supporters de l&#039;AS Monaco FC\",\"potentialAction\":[{\"@type\":\"SearchAction\",\"target\":{\"@type\":\"EntryPoint\",\"urlTemplate\":\"https:\/\/www.ladiagonale.net\/?s={search_term_string}\"},\"query-input\":\"required name=search_term_string\"}],\"inLanguage\":\"fr-FR\"},{\"@type\":\"Person\",\"@id\":\"https:\/\/www.ladiagonale.net\/#\/schema\/person\/79ff1e7b0853ed01b2aa26e64ad300bf\",\"name\":\"Damien Dellerba\",\"image\":{\"@type\":\"ImageObject\",\"inLanguage\":\"fr-FR\",\"@id\":\"https:\/\/www.ladiagonale.net\/#\/schema\/person\/image\/\",\"url\":\"https:\/\/secure.gravatar.com\/avatar\/c7850e06d3ff63cdbaee88b7fc16e2f0?s=96&d=mm&r=g\",\"contentUrl\":\"https:\/\/secure.gravatar.com\/avatar\/c7850e06d3ff63cdbaee88b7fc16e2f0?s=96&d=mm&r=g\",\"caption\":\"Damien Dellerba\"},\"url\":\"https:\/\/www.ladiagonale.net\/index.php\/author\/damien\/\"}]}<\/script>\n<!-- \/ Yoast SEO plugin. -->","yoast_head_json":{"title":"Le groupe mon\u00e9gasque : le m\u00eame que contre Lille - La Diagonale","robots":{"index":"index","follow":"follow","max-snippet":"max-snippet:-1","max-image-preview":"max-image-preview:large","max-video-preview":"max-video-preview:-1"},"canonical":"https:\/\/www.ladiagonale.net\/index.php\/2024\/04\/27\/le-groupe-monegasque-le-meme-que-contre-lille\/","og_locale":"fr_FR","og_type":"article","og_title":"Le groupe mon\u00e9gasque : le m\u00eame que contre Lille - La Diagonale","og_description":"Pas de surprise dans ce groupe de 21 joueurs convoqu\u00e9s par Adi H\u00fctter pour le d\u00e9placement \u00e0 Lyon, puisque l\u2019on retrouve les m\u00eames hommes qui avaient \u00e9t\u00e9 retenus pour affronter Lille. Eliesse Ben Seghir et Wilfried Singo sont toujours suspendus tandis qu\u2019Ismail Jakobs et Aleksandr Golovin poursuivent les soins \u00e0 l\u2019infirmerie. Le groupe mon\u00e9gasque Absents [...]","og_url":"https:\/\/www.ladiagonale.net\/index.php\/2024\/04\/27\/le-groupe-monegasque-le-meme-que-contre-lille\/","og_site_name":"La Diagonale","article_published_time":"2024-04-27T17:39:30+00:00","article_modified_time":"2024-04-27T17:40:21+00:00","og_image":[{"width":1160,"height":650,"url":"https:\/\/www.ladiagonale.net\/wp-content\/uploads\/2023\/09\/caio.png","type":"image\/png"}],"author":"Damien Dellerba","twitter_card":"summary_large_image","twitter_image":"https:\/\/www.ladiagonale.net\/wp-content\/uploads\/2023\/09\/caio.png","twitter_misc":{"\u00c9crit par":"Damien Dellerba","Dur\u00e9e de lecture estim\u00e9e":"1 minute"},"schema":{"@context":"https:\/\/schema.org","@graph":[{"@type":"WebPage","@id":"https:\/\/www.ladiagonale.net\/index.php\/2024\/04\/27\/le-groupe-monegasque-le-meme-que-contre-lille\/","url":"https:\/\/www.ladiagonale.net\/index.php\/2024\/04\/27\/le-groupe-monegasque-le-meme-que-contre-lille\/","name":"Le groupe mon\u00e9gasque : le m\u00eame que contre Lille - La Diagonale","isPartOf":{"@id":"https:\/\/www.ladiagonale.net\/#website"},"datePublished":"2024-04-27T17:39:30+00:00","dateModified":"2024-04-27T17:40:21+00:00","author":{"@id":"https:\/\/www.ladiagonale.net\/#\/schema\/person\/79ff1e7b0853ed01b2aa26e64ad300bf"},"breadcrumb":{"@id":"https:\/\/www.ladiagonale.net\/index.php\/2024\/04\/27\/le-groupe-monegasque-le-meme-que-contre-lille\/#breadcrumb"},"inLanguage":"fr-FR","potentialAction":[{"@type":"ReadAction","target":["https:\/\/www.ladiagonale.net\/index.php\/2024\/04\/27\/le-groupe-monegasque-le-meme-que-contre-lille\/"]}]},{"@type":"BreadcrumbList","@id":"https:\/\/www.ladiagonale.net\/index.php\/2024\/04\/27\/le-groupe-monegasque-le-meme-que-contre-lille\/#breadcrumb","itemListElement":[{"@type":"ListItem","position":1,"name":"Accueil","item":"https:\/\/www.ladiagonale.net\/"},{"@type":"ListItem","position":2,"name":"Le groupe mon\u00e9gasque : le m\u00eame que contre Lille"}]},{"@type":"WebSite","@id":"https:\/\/www.ladiagonale.net\/#website","url":"https:\/\/www.ladiagonale.net\/","name":"La Diagonale","description":"Le site des supporters de l&#039;AS Monaco FC","potentialAction":[{"@type":"SearchAction","target":{"@type":"EntryPoint","urlTemplate":"https:\/\/www.ladiagonale.net\/?s={search_term_string}"},"query-input":"required name=search_term_string"}],"inLanguage":"fr-FR"},{"@type":"Person","@id":"https:\/\/www.ladiagonale.net\/#\/schema\/person\/79ff1e7b0853ed01b2aa26e64ad300bf","name":"Damien Dellerba","image":{"@type":"ImageObject","inLanguage":"fr-FR","@id":"https:\/\/www.ladiagonale.net\/#\/schema\/person\/image\/","url":"https:\/\/secure.gravatar.com\/avatar\/c7850e06d3ff63cdbaee88b7fc16e2f0?s=96&d=mm&r=g","contentUrl":"https:\/\/secure.gravatar.com\/avatar\/c7850e06d3ff63cdbaee88b7fc16e2f0?s=96&d=mm&r=g","caption":"Damien Dellerba"},"url":"https:\/\/www.ladiagonale.net\/index.php\/author\/damien\/"}]}},"_links":{"self":[{"href":"https:\/\/www.ladiagonale.net\/index.php\/wp-json\/wp\/v2\/posts\/22617"}],"collection":[{"href":"https:\/\/www.ladiagonale.net\/index.php\/wp-json\/wp\/v2\/posts"}],"about":[{"href":"https:\/\/www.ladiagonale.net\/index.php\/wp-json\/wp\/v2\/types\/post"}],"author":[{"embeddable":true,"href":"https:\/\/www.ladiagonale.net\/index.php\/wp-json\/wp\/v2\/users\/2"}],"replies":[{"embeddable":true,"href":"https:\/\/www.ladiagonale.net\/index.php\/wp-json\/wp\/v2\/comments?post=22617"}],"version-history":[{"count":5,"href":"https:\/\/www.ladiagonale.net\/index.php\/wp-json\/wp\/v2\/posts\/22617\/revisions"}],"predecessor-version":[{"id":22627,"href":"https:\/\/www.ladiagonale.net\/index.php\/wp-json\/wp\/v2\/posts\/22617\/revisions\/22627"}],"wp:attachment":[{"href":"https:\/\/www.ladiagonale.net\/index.php\/wp-json\/wp\/v2\/media?parent=22617"}],"wp:term":[{"taxonomy":"category","embeddable":true,"href":"https:\/\/www.ladiagonale.net\/index.php\/wp-json\/wp\/v2\/categories?post=22617"},{"taxonomy":"post_tag","embeddable":true,"href":"https:\/\/www.ladiagonale.net\/index.php\/wp-json\/wp\/v2\/tags?post=22617"}],"curies":[{"name":"wp","href":"https:\/\/api.w.org\/{rel}","templated":true}]}}