{"id":22647,"date":"2024-04-28T21:52:08","date_gmt":"2024-04-28T19:52:08","guid":{"rendered":"https:\/\/www.ladiagonale.net\/?p=22647"},"modified":"2024-04-28T21:52:10","modified_gmt":"2024-04-28T19:52:10","slug":"minamino-va-manquer-montpellier","status":"publish","type":"post","link":"https:\/\/www.ladiagonale.net\/index.php\/2024\/04\/28\/minamino-va-manquer-montpellier\/","title":{"rendered":"Minamino va manquer Montpellier"},"content":{"rendered":"\n<p>Chass\u00e9-crois\u00e9 \u00e0 La Mosson. Cette semaine, l\u2019AS Monaco a appris la suspension pour trois rencontres d\u2019Eliesse Ben Seghir. Le milieu de terrain devra encore ronger son frein face \u00e0 Clermont la semaine prochaine avant de pouvoir retrouver les terrains \u00e0 Montpellier, pour la 33<sup>e<\/sup> journ\u00e9e de Ligue 1. Cette journ\u00e9e, pr\u00e9vue le 12 mai, Takumi Minamino ne la jouera pas. Le Japonais a \u00e9cop\u00e9 d\u2019un carton jaune \u00e0 la 25<sup>e<\/sup> minute face \u00e0 Lyon et il s\u2019agissait de son troisi\u00e8me avertissement en moins de dix rencontres apr\u00e8s ceux re\u00e7us contre Strasbourg et Lorient.<\/p>\n\n\n\n<p>Averti d\u00e8s son entr\u00e9e en jeu \u00e0 la mi-temps, Kassoum Ouattara a \u00e9cop\u00e9 de son second avertissement en neuf rencontres. Il devra se tenir \u00e0 carreau contre Clermont, s\u2019il venait \u00e0 jouer, car une biscotte suppl\u00e9mentaire lui co\u00fbterait le dernier match de la saison, contre Nantes le 19 mai.<\/p>\n\n\n","protected":false},"excerpt":{"rendered":"<p>Chass\u00e9-crois\u00e9 \u00e0 La Mosson. Cette semaine, l\u2019AS Monaco a appris la suspension pour trois rencontres d\u2019Eliesse Ben Seghir. Le milieu de terrain devra encore ronger son frein face \u00e0 Clermont la semaine prochaine avant de pouvoir retrouver les terrains \u00e0 Montpellier, pour la 33e journ\u00e9e de Ligue 1. Cette journ\u00e9e, pr\u00e9vue le 12 mai, Takumi [&#8230;]\n","protected":false},"author":2,"featured_media":0,"comment_status":"open","ping_status":"open","sticky":false,"template":"","format":"standard","meta":[],"categories":[4,6],"tags":[86,257,94,236,164],"yoast_head":"<!-- This site is optimized with the Yoast SEO plugin v19.8 - https:\/\/yoast.com\/wordpress\/plugins\/seo\/ -->\n<title>Minamino va manquer Montpellier - La Diagonale<\/title>\n<meta name=\"robots\" content=\"index, follow, max-snippet:-1, max-image-preview:large, max-video-preview:-1\" \/>\n<link rel=\"canonical\" href=\"https:\/\/www.ladiagonale.net\/index.php\/2024\/04\/28\/minamino-va-manquer-montpellier\/\" \/>\n<meta property=\"og:locale\" content=\"fr_FR\" \/>\n<meta property=\"og:type\" content=\"article\" \/>\n<meta property=\"og:title\" content=\"Minamino va manquer Montpellier - La Diagonale\" \/>\n<meta property=\"og:description\" content=\"Chass\u00e9-crois\u00e9 \u00e0 La Mosson. Cette semaine, l\u2019AS Monaco a appris la suspension pour trois rencontres d\u2019Eliesse Ben Seghir. Le milieu de terrain devra encore ronger son frein face \u00e0 Clermont la semaine prochaine avant de pouvoir retrouver les terrains \u00e0 Montpellier, pour la 33e journ\u00e9e de Ligue 1. Cette journ\u00e9e, pr\u00e9vue le 12 mai, Takumi [...]\" \/>\n<meta property=\"og:url\" content=\"https:\/\/www.ladiagonale.net\/index.php\/2024\/04\/28\/minamino-va-manquer-montpellier\/\" \/>\n<meta property=\"og:site_name\" content=\"La Diagonale\" \/>\n<meta property=\"article:published_time\" content=\"2024-04-28T19:52:08+00:00\" \/>\n<meta property=\"article:modified_time\" content=\"2024-04-28T19:52:10+00:00\" \/>\n<meta property=\"og:image\" content=\"https:\/\/www.ladiagonale.net\/wp-content\/uploads\/2023\/08\/minamino4.png\" \/>\n\t<meta property=\"og:image:width\" content=\"1160\" \/>\n\t<meta property=\"og:image:height\" content=\"650\" \/>\n\t<meta property=\"og:image:type\" content=\"image\/png\" \/>\n<meta name=\"author\" content=\"Damien Dellerba\" \/>\n<meta name=\"twitter:card\" content=\"summary_large_image\" \/>\n<meta name=\"twitter:image\" content=\"https:\/\/www.ladiagonale.net\/wp-content\/uploads\/2023\/08\/minamino4.png\" \/>\n<meta name=\"twitter:label1\" content=\"\u00c9crit par\" \/>\n\t<meta name=\"twitter:data1\" content=\"Damien Dellerba\" \/>\n\t<meta name=\"twitter:label2\" content=\"Dur\u00e9e de lecture estim\u00e9e\" \/>\n\t<meta name=\"twitter:data2\" content=\"1 minute\" \/>\n<script type=\"application\/ld+json\" class=\"yoast-schema-graph\">{\"@context\":\"https:\/\/schema.org\",\"@graph\":[{\"@type\":\"WebPage\",\"@id\":\"https:\/\/www.ladiagonale.net\/index.php\/2024\/04\/28\/minamino-va-manquer-montpellier\/\",\"url\":\"https:\/\/www.ladiagonale.net\/index.php\/2024\/04\/28\/minamino-va-manquer-montpellier\/\",\"name\":\"Minamino va manquer Montpellier - La Diagonale\",\"isPartOf\":{\"@id\":\"https:\/\/www.ladiagonale.net\/#website\"},\"datePublished\":\"2024-04-28T19:52:08+00:00\",\"dateModified\":\"2024-04-28T19:52:10+00:00\",\"author\":{\"@id\":\"https:\/\/www.ladiagonale.net\/#\/schema\/person\/79ff1e7b0853ed01b2aa26e64ad300bf\"},\"breadcrumb\":{\"@id\":\"https:\/\/www.ladiagonale.net\/index.php\/2024\/04\/28\/minamino-va-manquer-montpellier\/#breadcrumb\"},\"inLanguage\":\"fr-FR\",\"potentialAction\":[{\"@type\":\"ReadAction\",\"target\":[\"https:\/\/www.ladiagonale.net\/index.php\/2024\/04\/28\/minamino-va-manquer-montpellier\/\"]}]},{\"@type\":\"BreadcrumbList\",\"@id\":\"https:\/\/www.ladiagonale.net\/index.php\/2024\/04\/28\/minamino-va-manquer-montpellier\/#breadcrumb\",\"itemListElement\":[{\"@type\":\"ListItem\",\"position\":1,\"name\":\"Accueil\",\"item\":\"https:\/\/www.ladiagonale.net\/\"},{\"@type\":\"ListItem\",\"position\":2,\"name\":\"Minamino va manquer Montpellier\"}]},{\"@type\":\"WebSite\",\"@id\":\"https:\/\/www.ladiagonale.net\/#website\",\"url\":\"https:\/\/www.ladiagonale.net\/\",\"name\":\"La Diagonale\",\"description\":\"Le site des supporters de l&#039;AS Monaco FC\",\"potentialAction\":[{\"@type\":\"SearchAction\",\"target\":{\"@type\":\"EntryPoint\",\"urlTemplate\":\"https:\/\/www.ladiagonale.net\/?s={search_term_string}\"},\"query-input\":\"required name=search_term_string\"}],\"inLanguage\":\"fr-FR\"},{\"@type\":\"Person\",\"@id\":\"https:\/\/www.ladiagonale.net\/#\/schema\/person\/79ff1e7b0853ed01b2aa26e64ad300bf\",\"name\":\"Damien Dellerba\",\"image\":{\"@type\":\"ImageObject\",\"inLanguage\":\"fr-FR\",\"@id\":\"https:\/\/www.ladiagonale.net\/#\/schema\/person\/image\/\",\"url\":\"https:\/\/secure.gravatar.com\/avatar\/c7850e06d3ff63cdbaee88b7fc16e2f0?s=96&d=mm&r=g\",\"contentUrl\":\"https:\/\/secure.gravatar.com\/avatar\/c7850e06d3ff63cdbaee88b7fc16e2f0?s=96&d=mm&r=g\",\"caption\":\"Damien Dellerba\"},\"url\":\"https:\/\/www.ladiagonale.net\/index.php\/author\/damien\/\"}]}<\/script>\n<!-- \/ Yoast SEO plugin. -->","yoast_head_json":{"title":"Minamino va manquer Montpellier - La Diagonale","robots":{"index":"index","follow":"follow","max-snippet":"max-snippet:-1","max-image-preview":"max-image-preview:large","max-video-preview":"max-video-preview:-1"},"canonical":"https:\/\/www.ladiagonale.net\/index.php\/2024\/04\/28\/minamino-va-manquer-montpellier\/","og_locale":"fr_FR","og_type":"article","og_title":"Minamino va manquer Montpellier - La Diagonale","og_description":"Chass\u00e9-crois\u00e9 \u00e0 La Mosson. Cette semaine, l\u2019AS Monaco a appris la suspension pour trois rencontres d\u2019Eliesse Ben Seghir. Le milieu de terrain devra encore ronger son frein face \u00e0 Clermont la semaine prochaine avant de pouvoir retrouver les terrains \u00e0 Montpellier, pour la 33e journ\u00e9e de Ligue 1. Cette journ\u00e9e, pr\u00e9vue le 12 mai, Takumi [...]","og_url":"https:\/\/www.ladiagonale.net\/index.php\/2024\/04\/28\/minamino-va-manquer-montpellier\/","og_site_name":"La Diagonale","article_published_time":"2024-04-28T19:52:08+00:00","article_modified_time":"2024-04-28T19:52:10+00:00","og_image":[{"width":1160,"height":650,"url":"https:\/\/www.ladiagonale.net\/wp-content\/uploads\/2023\/08\/minamino4.png","type":"image\/png"}],"author":"Damien Dellerba","twitter_card":"summary_large_image","twitter_image":"https:\/\/www.ladiagonale.net\/wp-content\/uploads\/2023\/08\/minamino4.png","twitter_misc":{"\u00c9crit par":"Damien Dellerba","Dur\u00e9e de lecture estim\u00e9e":"1 minute"},"schema":{"@context":"https:\/\/schema.org","@graph":[{"@type":"WebPage","@id":"https:\/\/www.ladiagonale.net\/index.php\/2024\/04\/28\/minamino-va-manquer-montpellier\/","url":"https:\/\/www.ladiagonale.net\/index.php\/2024\/04\/28\/minamino-va-manquer-montpellier\/","name":"Minamino va manquer Montpellier - La Diagonale","isPartOf":{"@id":"https:\/\/www.ladiagonale.net\/#website"},"datePublished":"2024-04-28T19:52:08+00:00","dateModified":"2024-04-28T19:52:10+00:00","author":{"@id":"https:\/\/www.ladiagonale.net\/#\/schema\/person\/79ff1e7b0853ed01b2aa26e64ad300bf"},"breadcrumb":{"@id":"https:\/\/www.ladiagonale.net\/index.php\/2024\/04\/28\/minamino-va-manquer-montpellier\/#breadcrumb"},"inLanguage":"fr-FR","potentialAction":[{"@type":"ReadAction","target":["https:\/\/www.ladiagonale.net\/index.php\/2024\/04\/28\/minamino-va-manquer-montpellier\/"]}]},{"@type":"BreadcrumbList","@id":"https:\/\/www.ladiagonale.net\/index.php\/2024\/04\/28\/minamino-va-manquer-montpellier\/#breadcrumb","itemListElement":[{"@type":"ListItem","position":1,"name":"Accueil","item":"https:\/\/www.ladiagonale.net\/"},{"@type":"ListItem","position":2,"name":"Minamino va manquer Montpellier"}]},{"@type":"WebSite","@id":"https:\/\/www.ladiagonale.net\/#website","url":"https:\/\/www.ladiagonale.net\/","name":"La Diagonale","description":"Le site des supporters de l&#039;AS Monaco FC","potentialAction":[{"@type":"SearchAction","target":{"@type":"EntryPoint","urlTemplate":"https:\/\/www.ladiagonale.net\/?s={search_term_string}"},"query-input":"required name=search_term_string"}],"inLanguage":"fr-FR"},{"@type":"Person","@id":"https:\/\/www.ladiagonale.net\/#\/schema\/person\/79ff1e7b0853ed01b2aa26e64ad300bf","name":"Damien Dellerba","image":{"@type":"ImageObject","inLanguage":"fr-FR","@id":"https:\/\/www.ladiagonale.net\/#\/schema\/person\/image\/","url":"https:\/\/secure.gravatar.com\/avatar\/c7850e06d3ff63cdbaee88b7fc16e2f0?s=96&d=mm&r=g","contentUrl":"https:\/\/secure.gravatar.com\/avatar\/c7850e06d3ff63cdbaee88b7fc16e2f0?s=96&d=mm&r=g","caption":"Damien Dellerba"},"url":"https:\/\/www.ladiagonale.net\/index.php\/author\/damien\/"}]}},"_links":{"self":[{"href":"https:\/\/www.ladiagonale.net\/index.php\/wp-json\/wp\/v2\/posts\/22647"}],"collection":[{"href":"https:\/\/www.ladiagonale.net\/index.php\/wp-json\/wp\/v2\/posts"}],"about":[{"href":"https:\/\/www.ladiagonale.net\/index.php\/wp-json\/wp\/v2\/types\/post"}],"author":[{"embeddable":true,"href":"https:\/\/www.ladiagonale.net\/index.php\/wp-json\/wp\/v2\/users\/2"}],"replies":[{"embeddable":true,"href":"https:\/\/www.ladiagonale.net\/index.php\/wp-json\/wp\/v2\/comments?post=22647"}],"version-history":[{"count":1,"href":"https:\/\/www.ladiagonale.net\/index.php\/wp-json\/wp\/v2\/posts\/22647\/revisions"}],"predecessor-version":[{"id":22648,"href":"https:\/\/www.ladiagonale.net\/index.php\/wp-json\/wp\/v2\/posts\/22647\/revisions\/22648"}],"wp:attachment":[{"href":"https:\/\/www.ladiagonale.net\/index.php\/wp-json\/wp\/v2\/media?parent=22647"}],"wp:term":[{"taxonomy":"category","embeddable":true,"href":"https:\/\/www.ladiagonale.net\/index.php\/wp-json\/wp\/v2\/categories?post=22647"},{"taxonomy":"post_tag","embeddable":true,"href":"https:\/\/www.ladiagonale.net\/index.php\/wp-json\/wp\/v2\/tags?post=22647"}],"curies":[{"name":"wp","href":"https:\/\/api.w.org\/{rel}","templated":true}]}}