{"id":22653,"date":"2024-04-29T00:48:25","date_gmt":"2024-04-28T22:48:25","guid":{"rendered":"https:\/\/www.ladiagonale.net\/?p=22653"},"modified":"2024-04-29T00:48:36","modified_gmt":"2024-04-28T22:48:36","slug":"hutter-trop-passifs-a-1-0","status":"publish","type":"post","link":"https:\/\/www.ladiagonale.net\/index.php\/2024\/04\/29\/hutter-trop-passifs-a-1-0\/","title":{"rendered":"H\u00fctter : \u00ab&nbsp;Trop passifs \u00e0 1-0&nbsp;\u00bb"},"content":{"rendered":"\n<p>Pour Adi H\u00fctter, la d\u00e9faite \u00e0 Lyon a \u00e9t\u00e9 \u00ab\u00a0frustrante\u00a0\u00bb. L\u2019entra\u00eeneur de l\u2019AS Monaco a notamment regrett\u00e9 que son \u00e9quipe a \u00e9t\u00e9 un peu trop spectatrice apr\u00e8s avoir men\u00e9 au score : \u00ab\u00a0<em>\u00c0 1-0, je pense que nous \u00e9tions trop passifs et leur avons donn\u00e9 la possibilit\u00e9 de revenir. C\u2019est la grosse d\u00e9ception de la soir\u00e9e, et cette d\u00e9faite est \u00e9videmment frustrante. (\u2026) Je pense que ce qui nous a p\u00e9nalis\u00e9s en premi\u00e8re mi-temps, c\u2019est de ne pas avoir la possession. Ensuite nous avons ouvert trop d\u2019espaces \u00e0 l\u2019OL, et c\u2019\u00e9tait trop facile pour eux de marquer le troisi\u00e8me but.<\/em>\u00a0\u00bb<\/p>\n\n\n\n<p>Son \u00e9quipe men\u00e9e \u00e0 la pause (1-2), Adi H\u00fctter a proc\u00e9d\u00e9 \u00e0 trois changements. Il s\u2019en est expliqu\u00e9 : \u00ab\u00a0<em>Apr\u00e8s un d\u00e9marrage fantastique pour nous, nous avons commenc\u00e9 \u00e0 rencontrer des difficult\u00e9s \u00e0 d\u00e9fendre notre cage. (\u2026) C\u2019\u00e9tait avant tout un choix tactique, notamment de mettre un pied gauche dans l\u2019axe avec Mohammed Salisu pour la construction, car Lyon \u00e9tait tr\u00e8s pr\u00e9sent dans l\u2019axe, donc il y avait des opportunit\u00e9s sur les ailes \u00e0 la relance. Il a fait une tr\u00e8s bonne entr\u00e9e, et l\u2019id\u00e9e \u00e9tait aussi d\u2019amener de la fra\u00eecheur, car Guillermo et Vanderson disputaient leur troisi\u00e8me match cette semaine.\u00a0<\/em>\u00bb<\/p>\n\n\n\n<p>Monaco a donc grill\u00e9 son joker contre l\u2019OL. Le faux pas sera interdit face \u00e0 Clermont la semaine prochaine : \u00ab\u00a0<em>Brest l\u2019a emport\u00e9 dans les derniers instants aujourd\u2019hui \u00e0 Rennes, mais le plus important est que nous ayons notre destin en main. C\u2019est toujours mieux d\u2019\u00eatre dans cette situation, d\u2019autant que nous allons encore recevoir deux fois.(\u2026) Nous devrons gagner contre Clermont. Ils ont remport\u00e9 leur match aujourd\u2019hui, donc il faudra faire le travail. Nous n\u2019avons pas d\u2019excuses car nous serons \u00e0 la maison. Nous voulons \u00eatre une \u00e9quipe de niveau Ligue des Champions pour pouvoir la jouer, donc il faut imp\u00e9rativement l\u2019emporter.<\/em>\u00a0\u00bb<\/p>\n\n\n\n<p>Source : AS Monaco<\/p>\n\n\n","protected":false},"excerpt":{"rendered":"<p>Pour Adi H\u00fctter, la d\u00e9faite \u00e0 Lyon a \u00e9t\u00e9 \u00ab\u00a0frustrante\u00a0\u00bb. L\u2019entra\u00eeneur de l\u2019AS Monaco a notamment regrett\u00e9 que son \u00e9quipe a \u00e9t\u00e9 un peu trop spectatrice apr\u00e8s avoir men\u00e9 au score : \u00ab\u00a0\u00c0 1-0, je pense que nous \u00e9tions trop passifs et leur avons donn\u00e9 la possibilit\u00e9 de revenir. C\u2019est la grosse d\u00e9ception de la [&#8230;]\n","protected":false},"author":2,"featured_media":0,"comment_status":"open","ping_status":"open","sticky":false,"template":"","format":"standard","meta":[],"categories":[6],"tags":[576,86,94,515],"yoast_head":"<!-- This site is optimized with the Yoast SEO plugin v19.8 - https:\/\/yoast.com\/wordpress\/plugins\/seo\/ -->\n<title>H\u00fctter : \u00ab&nbsp;Trop passifs \u00e0 1-0&nbsp;\u00bb - La Diagonale<\/title>\n<meta name=\"robots\" content=\"index, follow, max-snippet:-1, max-image-preview:large, max-video-preview:-1\" \/>\n<link rel=\"canonical\" href=\"https:\/\/www.ladiagonale.net\/index.php\/2024\/04\/29\/hutter-trop-passifs-a-1-0\/\" \/>\n<meta property=\"og:locale\" content=\"fr_FR\" \/>\n<meta property=\"og:type\" content=\"article\" \/>\n<meta property=\"og:title\" content=\"H\u00fctter : \u00ab&nbsp;Trop passifs \u00e0 1-0&nbsp;\u00bb - La Diagonale\" \/>\n<meta property=\"og:description\" content=\"Pour Adi H\u00fctter, la d\u00e9faite \u00e0 Lyon a \u00e9t\u00e9 \u00ab\u00a0frustrante\u00a0\u00bb. L\u2019entra\u00eeneur de l\u2019AS Monaco a notamment regrett\u00e9 que son \u00e9quipe a \u00e9t\u00e9 un peu trop spectatrice apr\u00e8s avoir men\u00e9 au score : \u00ab\u00a0\u00c0 1-0, je pense que nous \u00e9tions trop passifs et leur avons donn\u00e9 la possibilit\u00e9 de revenir. C\u2019est la grosse d\u00e9ception de la [...]\" \/>\n<meta property=\"og:url\" content=\"https:\/\/www.ladiagonale.net\/index.php\/2024\/04\/29\/hutter-trop-passifs-a-1-0\/\" \/>\n<meta property=\"og:site_name\" content=\"La Diagonale\" \/>\n<meta property=\"article:published_time\" content=\"2024-04-28T22:48:25+00:00\" \/>\n<meta property=\"article:modified_time\" content=\"2024-04-28T22:48:36+00:00\" \/>\n<meta property=\"og:image\" content=\"https:\/\/www.ladiagonale.net\/wp-content\/uploads\/2023\/12\/hutter4.png\" \/>\n\t<meta property=\"og:image:width\" content=\"1160\" \/>\n\t<meta property=\"og:image:height\" content=\"650\" \/>\n\t<meta property=\"og:image:type\" content=\"image\/png\" \/>\n<meta name=\"author\" content=\"Damien Dellerba\" \/>\n<meta name=\"twitter:card\" content=\"summary_large_image\" \/>\n<meta name=\"twitter:image\" content=\"https:\/\/www.ladiagonale.net\/wp-content\/uploads\/2023\/12\/hutter4.png\" \/>\n<meta name=\"twitter:label1\" content=\"\u00c9crit par\" \/>\n\t<meta name=\"twitter:data1\" content=\"Damien Dellerba\" \/>\n\t<meta name=\"twitter:label2\" content=\"Dur\u00e9e de lecture estim\u00e9e\" \/>\n\t<meta name=\"twitter:data2\" content=\"2 minutes\" \/>\n<script type=\"application\/ld+json\" class=\"yoast-schema-graph\">{\"@context\":\"https:\/\/schema.org\",\"@graph\":[{\"@type\":\"WebPage\",\"@id\":\"https:\/\/www.ladiagonale.net\/index.php\/2024\/04\/29\/hutter-trop-passifs-a-1-0\/\",\"url\":\"https:\/\/www.ladiagonale.net\/index.php\/2024\/04\/29\/hutter-trop-passifs-a-1-0\/\",\"name\":\"H\u00fctter : \u00ab&nbsp;Trop passifs \u00e0 1-0&nbsp;\u00bb - La Diagonale\",\"isPartOf\":{\"@id\":\"https:\/\/www.ladiagonale.net\/#website\"},\"datePublished\":\"2024-04-28T22:48:25+00:00\",\"dateModified\":\"2024-04-28T22:48:36+00:00\",\"author\":{\"@id\":\"https:\/\/www.ladiagonale.net\/#\/schema\/person\/79ff1e7b0853ed01b2aa26e64ad300bf\"},\"breadcrumb\":{\"@id\":\"https:\/\/www.ladiagonale.net\/index.php\/2024\/04\/29\/hutter-trop-passifs-a-1-0\/#breadcrumb\"},\"inLanguage\":\"fr-FR\",\"potentialAction\":[{\"@type\":\"ReadAction\",\"target\":[\"https:\/\/www.ladiagonale.net\/index.php\/2024\/04\/29\/hutter-trop-passifs-a-1-0\/\"]}]},{\"@type\":\"BreadcrumbList\",\"@id\":\"https:\/\/www.ladiagonale.net\/index.php\/2024\/04\/29\/hutter-trop-passifs-a-1-0\/#breadcrumb\",\"itemListElement\":[{\"@type\":\"ListItem\",\"position\":1,\"name\":\"Accueil\",\"item\":\"https:\/\/www.ladiagonale.net\/\"},{\"@type\":\"ListItem\",\"position\":2,\"name\":\"H\u00fctter : \u00ab&nbsp;Trop passifs \u00e0 1-0&nbsp;\u00bb\"}]},{\"@type\":\"WebSite\",\"@id\":\"https:\/\/www.ladiagonale.net\/#website\",\"url\":\"https:\/\/www.ladiagonale.net\/\",\"name\":\"La Diagonale\",\"description\":\"Le site des supporters de l&#039;AS Monaco FC\",\"potentialAction\":[{\"@type\":\"SearchAction\",\"target\":{\"@type\":\"EntryPoint\",\"urlTemplate\":\"https:\/\/www.ladiagonale.net\/?s={search_term_string}\"},\"query-input\":\"required name=search_term_string\"}],\"inLanguage\":\"fr-FR\"},{\"@type\":\"Person\",\"@id\":\"https:\/\/www.ladiagonale.net\/#\/schema\/person\/79ff1e7b0853ed01b2aa26e64ad300bf\",\"name\":\"Damien Dellerba\",\"image\":{\"@type\":\"ImageObject\",\"inLanguage\":\"fr-FR\",\"@id\":\"https:\/\/www.ladiagonale.net\/#\/schema\/person\/image\/\",\"url\":\"https:\/\/secure.gravatar.com\/avatar\/c7850e06d3ff63cdbaee88b7fc16e2f0?s=96&d=mm&r=g\",\"contentUrl\":\"https:\/\/secure.gravatar.com\/avatar\/c7850e06d3ff63cdbaee88b7fc16e2f0?s=96&d=mm&r=g\",\"caption\":\"Damien Dellerba\"},\"url\":\"https:\/\/www.ladiagonale.net\/index.php\/author\/damien\/\"}]}<\/script>\n<!-- \/ Yoast SEO plugin. -->","yoast_head_json":{"title":"H\u00fctter : \u00ab&nbsp;Trop passifs \u00e0 1-0&nbsp;\u00bb - La Diagonale","robots":{"index":"index","follow":"follow","max-snippet":"max-snippet:-1","max-image-preview":"max-image-preview:large","max-video-preview":"max-video-preview:-1"},"canonical":"https:\/\/www.ladiagonale.net\/index.php\/2024\/04\/29\/hutter-trop-passifs-a-1-0\/","og_locale":"fr_FR","og_type":"article","og_title":"H\u00fctter : \u00ab&nbsp;Trop passifs \u00e0 1-0&nbsp;\u00bb - La Diagonale","og_description":"Pour Adi H\u00fctter, la d\u00e9faite \u00e0 Lyon a \u00e9t\u00e9 \u00ab\u00a0frustrante\u00a0\u00bb. L\u2019entra\u00eeneur de l\u2019AS Monaco a notamment regrett\u00e9 que son \u00e9quipe a \u00e9t\u00e9 un peu trop spectatrice apr\u00e8s avoir men\u00e9 au score : \u00ab\u00a0\u00c0 1-0, je pense que nous \u00e9tions trop passifs et leur avons donn\u00e9 la possibilit\u00e9 de revenir. C\u2019est la grosse d\u00e9ception de la [...]","og_url":"https:\/\/www.ladiagonale.net\/index.php\/2024\/04\/29\/hutter-trop-passifs-a-1-0\/","og_site_name":"La Diagonale","article_published_time":"2024-04-28T22:48:25+00:00","article_modified_time":"2024-04-28T22:48:36+00:00","og_image":[{"width":1160,"height":650,"url":"https:\/\/www.ladiagonale.net\/wp-content\/uploads\/2023\/12\/hutter4.png","type":"image\/png"}],"author":"Damien Dellerba","twitter_card":"summary_large_image","twitter_image":"https:\/\/www.ladiagonale.net\/wp-content\/uploads\/2023\/12\/hutter4.png","twitter_misc":{"\u00c9crit par":"Damien Dellerba","Dur\u00e9e de lecture estim\u00e9e":"2 minutes"},"schema":{"@context":"https:\/\/schema.org","@graph":[{"@type":"WebPage","@id":"https:\/\/www.ladiagonale.net\/index.php\/2024\/04\/29\/hutter-trop-passifs-a-1-0\/","url":"https:\/\/www.ladiagonale.net\/index.php\/2024\/04\/29\/hutter-trop-passifs-a-1-0\/","name":"H\u00fctter : \u00ab&nbsp;Trop passifs \u00e0 1-0&nbsp;\u00bb - La Diagonale","isPartOf":{"@id":"https:\/\/www.ladiagonale.net\/#website"},"datePublished":"2024-04-28T22:48:25+00:00","dateModified":"2024-04-28T22:48:36+00:00","author":{"@id":"https:\/\/www.ladiagonale.net\/#\/schema\/person\/79ff1e7b0853ed01b2aa26e64ad300bf"},"breadcrumb":{"@id":"https:\/\/www.ladiagonale.net\/index.php\/2024\/04\/29\/hutter-trop-passifs-a-1-0\/#breadcrumb"},"inLanguage":"fr-FR","potentialAction":[{"@type":"ReadAction","target":["https:\/\/www.ladiagonale.net\/index.php\/2024\/04\/29\/hutter-trop-passifs-a-1-0\/"]}]},{"@type":"BreadcrumbList","@id":"https:\/\/www.ladiagonale.net\/index.php\/2024\/04\/29\/hutter-trop-passifs-a-1-0\/#breadcrumb","itemListElement":[{"@type":"ListItem","position":1,"name":"Accueil","item":"https:\/\/www.ladiagonale.net\/"},{"@type":"ListItem","position":2,"name":"H\u00fctter : \u00ab&nbsp;Trop passifs \u00e0 1-0&nbsp;\u00bb"}]},{"@type":"WebSite","@id":"https:\/\/www.ladiagonale.net\/#website","url":"https:\/\/www.ladiagonale.net\/","name":"La Diagonale","description":"Le site des supporters de l&#039;AS Monaco FC","potentialAction":[{"@type":"SearchAction","target":{"@type":"EntryPoint","urlTemplate":"https:\/\/www.ladiagonale.net\/?s={search_term_string}"},"query-input":"required name=search_term_string"}],"inLanguage":"fr-FR"},{"@type":"Person","@id":"https:\/\/www.ladiagonale.net\/#\/schema\/person\/79ff1e7b0853ed01b2aa26e64ad300bf","name":"Damien Dellerba","image":{"@type":"ImageObject","inLanguage":"fr-FR","@id":"https:\/\/www.ladiagonale.net\/#\/schema\/person\/image\/","url":"https:\/\/secure.gravatar.com\/avatar\/c7850e06d3ff63cdbaee88b7fc16e2f0?s=96&d=mm&r=g","contentUrl":"https:\/\/secure.gravatar.com\/avatar\/c7850e06d3ff63cdbaee88b7fc16e2f0?s=96&d=mm&r=g","caption":"Damien Dellerba"},"url":"https:\/\/www.ladiagonale.net\/index.php\/author\/damien\/"}]}},"_links":{"self":[{"href":"https:\/\/www.ladiagonale.net\/index.php\/wp-json\/wp\/v2\/posts\/22653"}],"collection":[{"href":"https:\/\/www.ladiagonale.net\/index.php\/wp-json\/wp\/v2\/posts"}],"about":[{"href":"https:\/\/www.ladiagonale.net\/index.php\/wp-json\/wp\/v2\/types\/post"}],"author":[{"embeddable":true,"href":"https:\/\/www.ladiagonale.net\/index.php\/wp-json\/wp\/v2\/users\/2"}],"replies":[{"embeddable":true,"href":"https:\/\/www.ladiagonale.net\/index.php\/wp-json\/wp\/v2\/comments?post=22653"}],"version-history":[{"count":2,"href":"https:\/\/www.ladiagonale.net\/index.php\/wp-json\/wp\/v2\/posts\/22653\/revisions"}],"predecessor-version":[{"id":22655,"href":"https:\/\/www.ladiagonale.net\/index.php\/wp-json\/wp\/v2\/posts\/22653\/revisions\/22655"}],"wp:attachment":[{"href":"https:\/\/www.ladiagonale.net\/index.php\/wp-json\/wp\/v2\/media?parent=22653"}],"wp:term":[{"taxonomy":"category","embeddable":true,"href":"https:\/\/www.ladiagonale.net\/index.php\/wp-json\/wp\/v2\/categories?post=22653"},{"taxonomy":"post_tag","embeddable":true,"href":"https:\/\/www.ladiagonale.net\/index.php\/wp-json\/wp\/v2\/tags?post=22653"}],"curies":[{"name":"wp","href":"https:\/\/api.w.org\/{rel}","templated":true}]}}