{"id":22656,"date":"2024-04-29T09:17:00","date_gmt":"2024-04-29T07:17:00","guid":{"rendered":"https:\/\/www.ladiagonale.net\/?p=22656"},"modified":"2024-04-29T04:53:04","modified_gmt":"2024-04-29T02:53:04","slug":"les-notes-diatta-en-plein-brouillard","status":"publish","type":"post","link":"https:\/\/www.ladiagonale.net\/index.php\/2024\/04\/29\/les-notes-diatta-en-plein-brouillard\/","title":{"rendered":"Les notes : Diatta en plein brouillard"},"content":{"rendered":"\n\n\n<p><strong>Face \u00e0 Lyon, Kr\u00e9pin Diatta a v\u00e9cu une soir\u00e9e cauchemardesque, impliqu\u00e9 sur les trois buts adverses.<\/strong><\/p>\n\n\n\n<h4 class=\"wp-block-heading has-white-color has-vivid-red-background-color has-text-color has-background\">FLOPS<\/h4>\n\n\n\n<div class=\"wp-block-media-text alignwide is-stacked-on-mobile is-vertically-aligned-center\" style=\"grid-template-columns:30% auto\"><figure class=\"wp-block-media-text__media\"><img loading=\"lazy\" width=\"400\" height=\"400\" src=\"https:\/\/www.ladiagonale.net\/wp-content\/uploads\/2024\/04\/Diatta2.png\" alt=\"\" class=\"wp-image-22659 size-full\"\/><\/figure><div class=\"wp-block-media-text__content\">\n<p style=\"font-size:16px\"><strong>Kr\u00e9pin Diatta<\/strong><\/p>\n\n\n\n<p style=\"font-size:15px\">A-t-il r\u00e9ellement r\u00e9ussi quelque chose dans ce match ? \u00c0 l\u2019exception de son bon coup franc pour le tripl\u00e9 de Ben Yedder, r\u00e9duit \u00e0 n\u00e9ant pour un hors-jeu (78<sup>e<\/sup>), le S\u00e9n\u00e9galais a rat\u00e9 \u00e0 peu pr\u00e8s toutes ses interventions. Coupable sur les trois buts lyonnais, d\u2019abord pour coulisser trop tardivement sur Lacazette (22<sup>e<\/sup>) puis en se faisant prendre dans son dos par Mata (26<sup>e<\/sup>) et enfin en laissant partir Fofana (84e). Que dire encore de son absence de marquage sur Cherki, qui ne doit qu&rsquo;au rat\u00e9 du Lyonnais de n\u2019avoir pas de plus grosse cons\u00e9quence (72<sup>e<\/sup>). On ne rel\u00e8vera pas toutes ses approximations (21 ballons perdus, pire total du match), ses passes rat\u00e9es, dont une qui met Majecki dans l&#8217;embarras (44<sup>e<\/sup>). D\u2019abord lat\u00e9ral gauche puis droit apr\u00e8s la pause, Diatta a montr\u00e9 qu\u2019il ne pouvait pas \u00eatre plus qu\u2019une solution de d\u00e9pannage \u00e0 ce poste.<\/p>\n<\/div><\/div>\n\n\n\n<div style=\"height:50px\" aria-hidden=\"true\" class=\"wp-block-spacer\"><\/div>\n\n\n\n<div class=\"wp-block-media-text alignwide is-stacked-on-mobile\" style=\"grid-template-columns:30% auto\"><figure class=\"wp-block-media-text__media\"><img loading=\"lazy\" width=\"400\" height=\"400\" src=\"https:\/\/www.ladiagonale.net\/wp-content\/uploads\/2024\/01\/Balogun3.png\" alt=\"\" class=\"wp-image-19549 size-full\" srcset=\"https:\/\/www.ladiagonale.net\/wp-content\/uploads\/2024\/01\/Balogun3.png 400w, https:\/\/www.ladiagonale.net\/wp-content\/uploads\/2024\/01\/Balogun3-300x300.png 300w, https:\/\/www.ladiagonale.net\/wp-content\/uploads\/2024\/01\/Balogun3-150x150.png 150w, https:\/\/www.ladiagonale.net\/wp-content\/uploads\/2024\/01\/Balogun3-128x128.png 128w, https:\/\/www.ladiagonale.net\/wp-content\/uploads\/2024\/01\/Balogun3-32x32.png 32w\" sizes=\"(max-width: 400px) 100vw, 400px\" \/><\/figure><div class=\"wp-block-media-text__content\">\n<p style=\"font-size:16px\"><strong>Folarin Balogun<\/strong><\/p>\n\n\n\n<p style=\"font-size:15px\">L\u2019attaquant am\u00e9ricain n\u2019arrive vraiment plus \u00e0 rien cette saison. Au mieux discret lorsque l\u2019\u00e9quipe tourne bien, il est devenu carr\u00e9ment friable ce dimanche sur la pelouse du Groupama Stadium. Il permet certes de remettre Ben Yedder en jeu sur le but, mais cela est davantage d\u00fb \u00e0 son contr\u00f4le manqu\u00e9. Dans un r\u00f4le de point de fixation, plus en retrait de Ben Yedder, comme dans un 4-2-3-1, il n\u2019a pas r\u00e9ussi \u00e0 imposer son jeu dos au but face \u00e0 des clients sur le plan athl\u00e9tique. Il n\u2019arrive d\u2019ailleurs pas \u00e0 obtenir la faute sur ce type d\u2019action et perd le ballon qui am\u00e8ne l\u2019\u00e9galisation lyonnaise (22<sup>e<\/sup>). Un but refus\u00e9 pour hors-jeu (15<sup>e<\/sup>).<\/p>\n<\/div><\/div>\n\n\n\n<div style=\"height:50px\" aria-hidden=\"true\" class=\"wp-block-spacer\"><\/div>\n\n\n\n<div class=\"wp-block-media-text alignwide is-stacked-on-mobile\" style=\"grid-template-columns:30% auto\"><figure class=\"wp-block-media-text__media\"><img loading=\"lazy\" width=\"400\" height=\"400\" src=\"https:\/\/www.ladiagonale.net\/wp-content\/uploads\/2024\/01\/Majecki4.png\" alt=\"\" class=\"wp-image-19879 size-full\" srcset=\"https:\/\/www.ladiagonale.net\/wp-content\/uploads\/2024\/01\/Majecki4.png 400w, https:\/\/www.ladiagonale.net\/wp-content\/uploads\/2024\/01\/Majecki4-300x300.png 300w, https:\/\/www.ladiagonale.net\/wp-content\/uploads\/2024\/01\/Majecki4-150x150.png 150w, https:\/\/www.ladiagonale.net\/wp-content\/uploads\/2024\/01\/Majecki4-128x128.png 128w, https:\/\/www.ladiagonale.net\/wp-content\/uploads\/2024\/01\/Majecki4-32x32.png 32w\" sizes=\"(max-width: 400px) 100vw, 400px\" \/><\/figure><div class=\"wp-block-media-text__content\">\n<p style=\"font-size:16px\"><strong>Radoslaw Majecki<\/strong><\/p>\n\n\n\n<p style=\"font-size:15px\">Est-ce un simple trou d\u2019air ou la fin de l\u2019embellie pour Majecki ? Le portier polonais, si serein lors des huit matches pr\u00e9c\u00e9dents, a perdu de sa superbe dans l\u2019ambiance pesante du Groupama Stadium. Il a certes \u00e9t\u00e9 abandonn\u00e9 par sa d\u00e9fense sur les deux premiers buts, mais il nous avait aussi habitu\u00e9s \u00e0 faire des exploits. En revanche, il doit vraiment mieux faire sur le troisi\u00e8me but de Fofana (84<sup>e<\/sup>). Il a permis \u00e0 l\u2019ASM de continuer \u00e0 y croire jusqu\u2019au bout en d\u00e9tournant sur son poteau une frappe puissante de Lacazette (87<sup>e<\/sup>) et intervient bien devant Benrahma finalement signal\u00e9 hors-jeu. Plut\u00f4t f\u00e9brile dans le jeu au pied ou dans certaines sorties a\u00e9riennes (31<sup>e<\/sup>).<\/p>\n<\/div><\/div>\n\n\n\n<div style=\"height:50px\" aria-hidden=\"true\" class=\"wp-block-spacer\"><\/div>\n\n\n\n<div class=\"wp-block-media-text alignwide is-stacked-on-mobile\" style=\"grid-template-columns:30% auto\"><figure class=\"wp-block-media-text__media\"><img loading=\"lazy\" width=\"400\" height=\"400\" src=\"https:\/\/www.ladiagonale.net\/wp-content\/uploads\/2023\/09\/Minamino4.png\" alt=\"\" class=\"wp-image-16512 size-full\" srcset=\"https:\/\/www.ladiagonale.net\/wp-content\/uploads\/2023\/09\/Minamino4.png 400w, https:\/\/www.ladiagonale.net\/wp-content\/uploads\/2023\/09\/Minamino4-300x300.png 300w, https:\/\/www.ladiagonale.net\/wp-content\/uploads\/2023\/09\/Minamino4-150x150.png 150w, https:\/\/www.ladiagonale.net\/wp-content\/uploads\/2023\/09\/Minamino4-128x128.png 128w, https:\/\/www.ladiagonale.net\/wp-content\/uploads\/2023\/09\/Minamino4-32x32.png 32w\" sizes=\"(max-width: 400px) 100vw, 400px\" \/><\/figure><div class=\"wp-block-media-text__content\">\n<p style=\"font-size:16px\"><strong>Takumi Minamino<\/strong><\/p>\n\n\n\n<p style=\"font-size:15px\">Passeur d\u00e9cisif sur la toute premi\u00e8re incursion mon\u00e9gasque dans la surface, le Japonais a pourtant pein\u00e9 \u00e0 influer sur le jeu de son \u00e9quipe. Trouv\u00e9 entre les lignes, il a essay\u00e9 de se retourner rapidement pour se remettre dans le sens du jeu et lancer les attaques de son \u00e9quipe mais il a souvent \u00e9t\u00e9 cadenass\u00e9 et n\u2019a finalement pas r\u00e9ussi grand-chose d\u2019autre dans cette rencontre. Tr\u00e8s rapidement averti (25<sup>e<\/sup>), il a commis plusieurs petites fautes encore apr\u00e8s, signe qu\u2019il a \u00e9t\u00e9 mis sous pression par l\u2019OL dans cette rencontre.<\/p>\n<\/div><\/div>\n\n\n\n<div style=\"height:50px\" aria-hidden=\"true\" class=\"wp-block-spacer\"><\/div>\n\n\n\n<h4 class=\"wp-block-heading has-white-color has-text-color has-background\" style=\"background-color:#4cae47\">TOPS<\/h4>\n\n\n\n<div class=\"wp-block-media-text alignwide is-stacked-on-mobile\" style=\"grid-template-columns:30% auto\"><figure class=\"wp-block-media-text__media\"><img loading=\"lazy\" width=\"400\" height=\"400\" src=\"https:\/\/www.ladiagonale.net\/wp-content\/uploads\/2023\/10\/BenYedder7.png\" alt=\"\" class=\"wp-image-16894 size-full\" srcset=\"https:\/\/www.ladiagonale.net\/wp-content\/uploads\/2023\/10\/BenYedder7.png 400w, https:\/\/www.ladiagonale.net\/wp-content\/uploads\/2023\/10\/BenYedder7-300x300.png 300w, https:\/\/www.ladiagonale.net\/wp-content\/uploads\/2023\/10\/BenYedder7-150x150.png 150w, https:\/\/www.ladiagonale.net\/wp-content\/uploads\/2023\/10\/BenYedder7-128x128.png 128w, https:\/\/www.ladiagonale.net\/wp-content\/uploads\/2023\/10\/BenYedder7-32x32.png 32w\" sizes=\"(max-width: 400px) 100vw, 400px\" \/><\/figure><div class=\"wp-block-media-text__content\">\n<p style=\"font-size:16px\"><strong>Wissam Ben Yedder<\/strong><\/p>\n\n\n\n<p style=\"font-size:15px\">Le capitaine mon\u00e9gasque a \u00e9t\u00e9 d\u2019une grande efficacit\u00e9 pour s&rsquo;offrir un doubl\u00e9, ce qui lui avait fait d\u00e9faut lors de ses neuf derni\u00e8res sorties, et il aurait m\u00eame pu r\u00e9aliser le coup du chapeau sans un hors-jeu de quelques centim\u00e8tres dont il ne tire pas vraiment de b\u00e9n\u00e9fice. Un match de renard de surface, de celui dont on dit simplement \u00ab&nbsp;merci&nbsp;\u00bb quand il vous fait gagner. Sauf que les deux buts de Ben Yedder n\u2019ont pas suffi \u00e0 l\u2019ASM pour l\u2019emporter. Deux coups d\u2019\u00e9p\u00e9e dans l\u2019eau. S&rsquo;il a \u00e9t\u00e9 assez discret dans le jeu et a assez peu combin\u00e9 avec ses co\u00e9quipiers, il a repr\u00e9sent\u00e9 une menace permanente pour la charni\u00e8re lyonnaise.<\/p>\n<\/div><\/div>\n\n\n\n<div style=\"height:50px\" aria-hidden=\"true\" class=\"wp-block-spacer\"><\/div>\n\n\n\n<div class=\"wp-block-media-text alignwide is-stacked-on-mobile\" style=\"grid-template-columns:30% auto\"><figure class=\"wp-block-media-text__media\"><img loading=\"lazy\" width=\"400\" height=\"400\" src=\"https:\/\/www.ladiagonale.net\/wp-content\/uploads\/2023\/10\/Akliouche6.png\" alt=\"\" class=\"wp-image-17652 size-full\" srcset=\"https:\/\/www.ladiagonale.net\/wp-content\/uploads\/2023\/10\/Akliouche6.png 400w, https:\/\/www.ladiagonale.net\/wp-content\/uploads\/2023\/10\/Akliouche6-300x300.png 300w, https:\/\/www.ladiagonale.net\/wp-content\/uploads\/2023\/10\/Akliouche6-150x150.png 150w, https:\/\/www.ladiagonale.net\/wp-content\/uploads\/2023\/10\/Akliouche6-128x128.png 128w, https:\/\/www.ladiagonale.net\/wp-content\/uploads\/2023\/10\/Akliouche6-32x32.png 32w\" sizes=\"(max-width: 400px) 100vw, 400px\" \/><\/figure><div class=\"wp-block-media-text__content\">\n<p style=\"font-size:16px\"><strong>Maghnes Akliouche<\/strong><\/p>\n\n\n\n<p style=\"font-size:15px\">Comme contre Lille, l\u2019international espoirs a brill\u00e9 par son abattage et sa capacit\u00e9 \u00e0 r\u00e9cup\u00e9rer les ballons (8, record de son \u00e9quipe). C\u2019est d\u2019ailleurs sur sa premi\u00e8re r\u00e9cup\u00e9ration qu\u2019il d\u00e9cale Minamino sur le premier but. Son intelligence de jeu lui permet d\u2019\u00eatre souvent bien plac\u00e9 et de pouvoir sentir les coups et presser \u00e0 bon escient. Sur une autre r\u00e9cup\u00e9ration, il lance parfaitement Ben Yedder, qui croise trop sa frappe (62<sup>e<\/sup>). Il a pris une nouvelle envergure et justifi\u00e9 les compliments adress\u00e9s par son entra\u00eeneur un peu plus t\u00f4t dans la semaine.<\/p>\n<\/div><\/div>\n\n\n\n<div style=\"height:50px\" aria-hidden=\"true\" class=\"wp-block-spacer\"><\/div>\n\n\n\n<h4 class=\"wp-block-heading has-white-color has-text-color has-background\" style=\"background-color:#303030\">Les autres notes<\/h4>\n\n\n<div class=\"wp-block-image\">\n<figure class=\"aligncenter size-full is-resized\"><img loading=\"lazy\" src=\"https:\/\/www.ladiagonale.net\/wp-content\/uploads\/2024\/04\/lineup-builder-7.png\" alt=\"\" class=\"wp-image-22668\" width=\"621\" height=\"776\"\/><figcaption>Embolo : 4 &#8211; Salisu : 5 &#8211; Ouattara : 6 &#8211; H\u00fctter : 5 &#8211; Moyenne : 4,6\/10<\/figcaption><\/figure><\/div>","protected":false},"excerpt":{"rendered":"<p>Face \u00e0 Lyon, Kr\u00e9pin Diatta a v\u00e9cu une soir\u00e9e cauchemardesque, impliqu\u00e9 sur les trois buts adverses. FLOPS Kr\u00e9pin Diatta A-t-il r\u00e9ellement r\u00e9ussi quelque chose dans ce match ? \u00c0 l\u2019exception de son bon coup franc pour le tripl\u00e9 de Ben Yedder, r\u00e9duit \u00e0 n\u00e9ant pour un hors-jeu (78e), le S\u00e9n\u00e9galais a rat\u00e9 \u00e0 peu pr\u00e8s [&#8230;]\n","protected":false},"author":2,"featured_media":22661,"comment_status":"open","ping_status":"open","sticky":false,"template":"","format":"standard","meta":[],"categories":[5,6],"tags":[86,94,515,248],"yoast_head":"<!-- This site is optimized with the Yoast SEO plugin v19.8 - https:\/\/yoast.com\/wordpress\/plugins\/seo\/ -->\n<title>Les notes : Diatta en plein brouillard - La Diagonale<\/title>\n<meta name=\"robots\" content=\"index, follow, max-snippet:-1, max-image-preview:large, max-video-preview:-1\" \/>\n<link rel=\"canonical\" href=\"https:\/\/www.ladiagonale.net\/index.php\/2024\/04\/29\/les-notes-diatta-en-plein-brouillard\/\" \/>\n<meta property=\"og:locale\" content=\"fr_FR\" \/>\n<meta property=\"og:type\" content=\"article\" \/>\n<meta property=\"og:title\" content=\"Les notes : Diatta en plein brouillard - La Diagonale\" \/>\n<meta property=\"og:description\" content=\"Face \u00e0 Lyon, Kr\u00e9pin Diatta a v\u00e9cu une soir\u00e9e cauchemardesque, impliqu\u00e9 sur les trois buts adverses. FLOPS Kr\u00e9pin Diatta A-t-il r\u00e9ellement r\u00e9ussi quelque chose dans ce match ? \u00c0 l\u2019exception de son bon coup franc pour le tripl\u00e9 de Ben Yedder, r\u00e9duit \u00e0 n\u00e9ant pour un hors-jeu (78e), le S\u00e9n\u00e9galais a rat\u00e9 \u00e0 peu pr\u00e8s [...]\" \/>\n<meta property=\"og:url\" content=\"https:\/\/www.ladiagonale.net\/index.php\/2024\/04\/29\/les-notes-diatta-en-plein-brouillard\/\" \/>\n<meta property=\"og:site_name\" content=\"La Diagonale\" \/>\n<meta property=\"article:published_time\" content=\"2024-04-29T07:17:00+00:00\" \/>\n<meta property=\"article:modified_time\" content=\"2024-04-29T02:53:04+00:00\" \/>\n<meta property=\"og:image\" content=\"https:\/\/www.ladiagonale.net\/wp-content\/uploads\/2024\/04\/OLr.png\" \/>\n\t<meta property=\"og:image:width\" content=\"1160\" \/>\n\t<meta property=\"og:image:height\" content=\"650\" \/>\n\t<meta property=\"og:image:type\" content=\"image\/png\" \/>\n<meta name=\"author\" content=\"Damien Dellerba\" \/>\n<meta name=\"twitter:card\" content=\"summary_large_image\" \/>\n<meta name=\"twitter:image\" content=\"https:\/\/www.ladiagonale.net\/wp-content\/uploads\/2024\/04\/OLr.png\" \/>\n<meta name=\"twitter:label1\" content=\"\u00c9crit par\" \/>\n\t<meta name=\"twitter:data1\" content=\"Damien Dellerba\" \/>\n\t<meta name=\"twitter:label2\" content=\"Dur\u00e9e de lecture estim\u00e9e\" \/>\n\t<meta name=\"twitter:data2\" content=\"6 minutes\" \/>\n<script type=\"application\/ld+json\" class=\"yoast-schema-graph\">{\"@context\":\"https:\/\/schema.org\",\"@graph\":[{\"@type\":\"WebPage\",\"@id\":\"https:\/\/www.ladiagonale.net\/index.php\/2024\/04\/29\/les-notes-diatta-en-plein-brouillard\/\",\"url\":\"https:\/\/www.ladiagonale.net\/index.php\/2024\/04\/29\/les-notes-diatta-en-plein-brouillard\/\",\"name\":\"Les notes : Diatta en plein brouillard - La Diagonale\",\"isPartOf\":{\"@id\":\"https:\/\/www.ladiagonale.net\/#website\"},\"datePublished\":\"2024-04-29T07:17:00+00:00\",\"dateModified\":\"2024-04-29T02:53:04+00:00\",\"author\":{\"@id\":\"https:\/\/www.ladiagonale.net\/#\/schema\/person\/79ff1e7b0853ed01b2aa26e64ad300bf\"},\"breadcrumb\":{\"@id\":\"https:\/\/www.ladiagonale.net\/index.php\/2024\/04\/29\/les-notes-diatta-en-plein-brouillard\/#breadcrumb\"},\"inLanguage\":\"fr-FR\",\"potentialAction\":[{\"@type\":\"ReadAction\",\"target\":[\"https:\/\/www.ladiagonale.net\/index.php\/2024\/04\/29\/les-notes-diatta-en-plein-brouillard\/\"]}]},{\"@type\":\"BreadcrumbList\",\"@id\":\"https:\/\/www.ladiagonale.net\/index.php\/2024\/04\/29\/les-notes-diatta-en-plein-brouillard\/#breadcrumb\",\"itemListElement\":[{\"@type\":\"ListItem\",\"position\":1,\"name\":\"Accueil\",\"item\":\"https:\/\/www.ladiagonale.net\/\"},{\"@type\":\"ListItem\",\"position\":2,\"name\":\"Les notes : Diatta en plein brouillard\"}]},{\"@type\":\"WebSite\",\"@id\":\"https:\/\/www.ladiagonale.net\/#website\",\"url\":\"https:\/\/www.ladiagonale.net\/\",\"name\":\"La Diagonale\",\"description\":\"Le site des supporters de l&#039;AS Monaco FC\",\"potentialAction\":[{\"@type\":\"SearchAction\",\"target\":{\"@type\":\"EntryPoint\",\"urlTemplate\":\"https:\/\/www.ladiagonale.net\/?s={search_term_string}\"},\"query-input\":\"required name=search_term_string\"}],\"inLanguage\":\"fr-FR\"},{\"@type\":\"Person\",\"@id\":\"https:\/\/www.ladiagonale.net\/#\/schema\/person\/79ff1e7b0853ed01b2aa26e64ad300bf\",\"name\":\"Damien Dellerba\",\"image\":{\"@type\":\"ImageObject\",\"inLanguage\":\"fr-FR\",\"@id\":\"https:\/\/www.ladiagonale.net\/#\/schema\/person\/image\/\",\"url\":\"https:\/\/secure.gravatar.com\/avatar\/c7850e06d3ff63cdbaee88b7fc16e2f0?s=96&d=mm&r=g\",\"contentUrl\":\"https:\/\/secure.gravatar.com\/avatar\/c7850e06d3ff63cdbaee88b7fc16e2f0?s=96&d=mm&r=g\",\"caption\":\"Damien Dellerba\"},\"url\":\"https:\/\/www.ladiagonale.net\/index.php\/author\/damien\/\"}]}<\/script>\n<!-- \/ Yoast SEO plugin. -->","yoast_head_json":{"title":"Les notes : Diatta en plein brouillard - La Diagonale","robots":{"index":"index","follow":"follow","max-snippet":"max-snippet:-1","max-image-preview":"max-image-preview:large","max-video-preview":"max-video-preview:-1"},"canonical":"https:\/\/www.ladiagonale.net\/index.php\/2024\/04\/29\/les-notes-diatta-en-plein-brouillard\/","og_locale":"fr_FR","og_type":"article","og_title":"Les notes : Diatta en plein brouillard - La Diagonale","og_description":"Face \u00e0 Lyon, Kr\u00e9pin Diatta a v\u00e9cu une soir\u00e9e cauchemardesque, impliqu\u00e9 sur les trois buts adverses. FLOPS Kr\u00e9pin Diatta A-t-il r\u00e9ellement r\u00e9ussi quelque chose dans ce match ? \u00c0 l\u2019exception de son bon coup franc pour le tripl\u00e9 de Ben Yedder, r\u00e9duit \u00e0 n\u00e9ant pour un hors-jeu (78e), le S\u00e9n\u00e9galais a rat\u00e9 \u00e0 peu pr\u00e8s [...]","og_url":"https:\/\/www.ladiagonale.net\/index.php\/2024\/04\/29\/les-notes-diatta-en-plein-brouillard\/","og_site_name":"La Diagonale","article_published_time":"2024-04-29T07:17:00+00:00","article_modified_time":"2024-04-29T02:53:04+00:00","og_image":[{"width":1160,"height":650,"url":"https:\/\/www.ladiagonale.net\/wp-content\/uploads\/2024\/04\/OLr.png","type":"image\/png"}],"author":"Damien Dellerba","twitter_card":"summary_large_image","twitter_image":"https:\/\/www.ladiagonale.net\/wp-content\/uploads\/2024\/04\/OLr.png","twitter_misc":{"\u00c9crit par":"Damien Dellerba","Dur\u00e9e de lecture estim\u00e9e":"6 minutes"},"schema":{"@context":"https:\/\/schema.org","@graph":[{"@type":"WebPage","@id":"https:\/\/www.ladiagonale.net\/index.php\/2024\/04\/29\/les-notes-diatta-en-plein-brouillard\/","url":"https:\/\/www.ladiagonale.net\/index.php\/2024\/04\/29\/les-notes-diatta-en-plein-brouillard\/","name":"Les notes : Diatta en plein brouillard - La Diagonale","isPartOf":{"@id":"https:\/\/www.ladiagonale.net\/#website"},"datePublished":"2024-04-29T07:17:00+00:00","dateModified":"2024-04-29T02:53:04+00:00","author":{"@id":"https:\/\/www.ladiagonale.net\/#\/schema\/person\/79ff1e7b0853ed01b2aa26e64ad300bf"},"breadcrumb":{"@id":"https:\/\/www.ladiagonale.net\/index.php\/2024\/04\/29\/les-notes-diatta-en-plein-brouillard\/#breadcrumb"},"inLanguage":"fr-FR","potentialAction":[{"@type":"ReadAction","target":["https:\/\/www.ladiagonale.net\/index.php\/2024\/04\/29\/les-notes-diatta-en-plein-brouillard\/"]}]},{"@type":"BreadcrumbList","@id":"https:\/\/www.ladiagonale.net\/index.php\/2024\/04\/29\/les-notes-diatta-en-plein-brouillard\/#breadcrumb","itemListElement":[{"@type":"ListItem","position":1,"name":"Accueil","item":"https:\/\/www.ladiagonale.net\/"},{"@type":"ListItem","position":2,"name":"Les notes : Diatta en plein brouillard"}]},{"@type":"WebSite","@id":"https:\/\/www.ladiagonale.net\/#website","url":"https:\/\/www.ladiagonale.net\/","name":"La Diagonale","description":"Le site des supporters de l&#039;AS Monaco FC","potentialAction":[{"@type":"SearchAction","target":{"@type":"EntryPoint","urlTemplate":"https:\/\/www.ladiagonale.net\/?s={search_term_string}"},"query-input":"required name=search_term_string"}],"inLanguage":"fr-FR"},{"@type":"Person","@id":"https:\/\/www.ladiagonale.net\/#\/schema\/person\/79ff1e7b0853ed01b2aa26e64ad300bf","name":"Damien Dellerba","image":{"@type":"ImageObject","inLanguage":"fr-FR","@id":"https:\/\/www.ladiagonale.net\/#\/schema\/person\/image\/","url":"https:\/\/secure.gravatar.com\/avatar\/c7850e06d3ff63cdbaee88b7fc16e2f0?s=96&d=mm&r=g","contentUrl":"https:\/\/secure.gravatar.com\/avatar\/c7850e06d3ff63cdbaee88b7fc16e2f0?s=96&d=mm&r=g","caption":"Damien Dellerba"},"url":"https:\/\/www.ladiagonale.net\/index.php\/author\/damien\/"}]}},"_links":{"self":[{"href":"https:\/\/www.ladiagonale.net\/index.php\/wp-json\/wp\/v2\/posts\/22656"}],"collection":[{"href":"https:\/\/www.ladiagonale.net\/index.php\/wp-json\/wp\/v2\/posts"}],"about":[{"href":"https:\/\/www.ladiagonale.net\/index.php\/wp-json\/wp\/v2\/types\/post"}],"author":[{"embeddable":true,"href":"https:\/\/www.ladiagonale.net\/index.php\/wp-json\/wp\/v2\/users\/2"}],"replies":[{"embeddable":true,"href":"https:\/\/www.ladiagonale.net\/index.php\/wp-json\/wp\/v2\/comments?post=22656"}],"version-history":[{"count":9,"href":"https:\/\/www.ladiagonale.net\/index.php\/wp-json\/wp\/v2\/posts\/22656\/revisions"}],"predecessor-version":[{"id":22674,"href":"https:\/\/www.ladiagonale.net\/index.php\/wp-json\/wp\/v2\/posts\/22656\/revisions\/22674"}],"wp:featuredmedia":[{"embeddable":true,"href":"https:\/\/www.ladiagonale.net\/index.php\/wp-json\/wp\/v2\/media\/22661"}],"wp:attachment":[{"href":"https:\/\/www.ladiagonale.net\/index.php\/wp-json\/wp\/v2\/media?parent=22656"}],"wp:term":[{"taxonomy":"category","embeddable":true,"href":"https:\/\/www.ladiagonale.net\/index.php\/wp-json\/wp\/v2\/categories?post=22656"},{"taxonomy":"post_tag","embeddable":true,"href":"https:\/\/www.ladiagonale.net\/index.php\/wp-json\/wp\/v2\/tags?post=22656"}],"curies":[{"name":"wp","href":"https:\/\/api.w.org\/{rel}","templated":true}]}}