{"id":22676,"date":"2024-04-29T09:54:00","date_gmt":"2024-04-29T07:54:00","guid":{"rendered":"https:\/\/www.ladiagonale.net\/?p=22676"},"modified":"2024-04-29T06:01:28","modified_gmt":"2024-04-29T04:01:28","slug":"ben-yedder-buteur-toujours-plus-historique","status":"publish","type":"post","link":"https:\/\/www.ladiagonale.net\/index.php\/2024\/04\/29\/ben-yedder-buteur-toujours-plus-historique\/","title":{"rendered":"Ben Yedder, buteur toujours plus historique"},"content":{"rendered":"\n\n\n<p>Les supporters pr\u00e9sents au Groupama Stadium n\u2019ont peut-\u00eatre pas tous pu appr\u00e9cier le 114<sup>e<\/sup> but de Wissam Ben Yedder sous le maillot de l\u2019AS Monaco. La faute \u00e0 un brouillard tenace, cons\u00e9quence d\u2019un d\u00e9luge de fumig\u00e8nes craqu\u00e9s par les supporters lyonnais pour rendre encore un peu plus maussade cette m\u00e9t\u00e9o diluvienne qui s\u2019est abattue toute la journ\u00e9e durant sur la capitale des Gaules. L\u2019\u00e9paisse fum\u00e9e provoqu\u00e9e par ces engins pyrotechniques a oblig\u00e9 l\u2019arbitre \u00e0 faire patienter tous les acteurs pendant quatre minutes avant de pouvoir les lancer. La pur\u00e9e de pois ne s\u2019\u00e9tait pas totalement dissip\u00e9e quand le coup de sifflet salvateur de Bastien Dechepy a r\u00e9sonn\u00e9 dans l\u2019antre de D\u00e9cines et pas davantage lorsque Ben Yedder a frapp\u00e9. Comme l\u2019\u00e9clair.<\/p>\n\n\n\n<p>Son dernier but remontait au 4 f\u00e9vrier, contre Le Havre (1-1), une \u00e9ternit\u00e9 pour lui, et il venait de traverser sa neuvi\u00e8me rencontre sans marquer, ce qui ne lui \u00e9tait plus arriv\u00e9 depuis son aventure toulousaine. Face \u00e0 l\u2019OL, Il aurait pu attendre quelques minutes de plus que cela n\u2019aurait pas chang\u00e9 grand-chose, mais non. Apr\u00e8s 701 minutes d\u2019abstinence, le capitaine mon\u00e9gasque a dit \u00ab&nbsp;stop&nbsp;\u00bb et n\u2019a pas voulu en ajouter une de plus \u00e0 un compteur qui tournait d\u00e9j\u00e0 depuis trop longtemps. 21 secondes ont suffi \u00e0 Ben Yedder pour retrouver le chemin du but, concluant une transition rapide initi\u00e9e par une r\u00e9cup\u00e9ration au milieu de terrain de Maghnes Akliouche.<\/p>\n\n\n\n<p>Une heure plus tard, l\u2019international fran\u00e7ais a r\u00e9cidiv\u00e9, cette fois de la t\u00eate sur une galette de Youssouf Fofana. Son 13e but en Ligue 1 de la saison est autrement plus symbolique puisqu\u2019il lui permet cette fois d\u2019atteindre la barre symbolique des 115 buts par\u00e9 du maillot \u00e0 la diagonale, \u00e9galant ainsi Lucien Cossou (1959-1965). Un total qu\u2019on ne pensait plus voir un Mon\u00e9gasque atteindre tant l\u2019ASM n\u2019a jamais pu garder ses buteurs suffisamment longtemps pour \u00e7a. Le dernier en date, Radamel Falcao (83 buts), s\u2019\u00e9tait tout juste approch\u00e9 des 89 r\u00e9alisations de Christian Dalger, mais Ben Yedder l\u2019avait d\u00e9j\u00e0 d\u00e9pass\u00e9 depuis longtemps.<\/p>\n\n\n\n<p>Aller chercher Delio Onnis et ses 223 buts est illusoire, mais sur les trois matches qu\u2019il reste \u00e0 Ben Yedder, d\u00e9passer Cossou pour devenir seul deuxi\u00e8me meilleur buteur du club est largement envisageable. Il n\u2019en \u00e9tait d\u2019ailleurs pas loin, ce dimanche, lorsqu\u2019il a trop crois\u00e9 sa frappe (62e) o\u00f9 lorsqu\u2019il s\u2019est vu refuser un but pour un hors-jeu loin d\u2019\u00eatre \u00e9vident (78e). L\u2019avenir dira ensuite quelle importance accorder \u00e0 l\u2019international fran\u00e7ais et sa performance dans l&rsquo;histoire du club. Mais \u00e7a, ce n\u2019est pas pour tout de suite, pas encore.<\/p>\n","protected":false},"excerpt":{"rendered":"<p>Les supporters pr\u00e9sents au Groupama Stadium n\u2019ont peut-\u00eatre pas tous pu appr\u00e9cier le 114e but de Wissam Ben Yedder sous le maillot de l\u2019AS Monaco. La faute \u00e0 un brouillard tenace, cons\u00e9quence d\u2019un d\u00e9luge de fumig\u00e8nes craqu\u00e9s par les supporters lyonnais pour rendre encore un peu plus maussade cette m\u00e9t\u00e9o diluvienne qui s\u2019est abattue toute [&#8230;]\n","protected":false},"author":2,"featured_media":0,"comment_status":"open","ping_status":"open","sticky":false,"template":"","format":"standard","meta":[],"categories":[6],"tags":[86,215,175],"yoast_head":"<!-- This site is optimized with the Yoast SEO plugin v19.8 - https:\/\/yoast.com\/wordpress\/plugins\/seo\/ -->\n<title>Ben Yedder, buteur toujours plus historique - La Diagonale<\/title>\n<meta name=\"robots\" content=\"index, follow, max-snippet:-1, max-image-preview:large, max-video-preview:-1\" \/>\n<link rel=\"canonical\" href=\"https:\/\/www.ladiagonale.net\/index.php\/2024\/04\/29\/ben-yedder-buteur-toujours-plus-historique\/\" \/>\n<meta property=\"og:locale\" content=\"fr_FR\" \/>\n<meta property=\"og:type\" content=\"article\" \/>\n<meta property=\"og:title\" content=\"Ben Yedder, buteur toujours plus historique - La Diagonale\" \/>\n<meta property=\"og:description\" content=\"Les supporters pr\u00e9sents au Groupama Stadium n\u2019ont peut-\u00eatre pas tous pu appr\u00e9cier le 114e but de Wissam Ben Yedder sous le maillot de l\u2019AS Monaco. La faute \u00e0 un brouillard tenace, cons\u00e9quence d\u2019un d\u00e9luge de fumig\u00e8nes craqu\u00e9s par les supporters lyonnais pour rendre encore un peu plus maussade cette m\u00e9t\u00e9o diluvienne qui s\u2019est abattue toute [...]\" \/>\n<meta property=\"og:url\" content=\"https:\/\/www.ladiagonale.net\/index.php\/2024\/04\/29\/ben-yedder-buteur-toujours-plus-historique\/\" \/>\n<meta property=\"og:site_name\" content=\"La Diagonale\" \/>\n<meta property=\"article:published_time\" content=\"2024-04-29T07:54:00+00:00\" \/>\n<meta property=\"article:modified_time\" content=\"2024-04-29T04:01:28+00:00\" \/>\n<meta property=\"og:image\" content=\"https:\/\/www.ladiagonale.net\/wp-content\/uploads\/2024\/04\/by-but.png\" \/>\n\t<meta property=\"og:image:width\" content=\"1160\" \/>\n\t<meta property=\"og:image:height\" content=\"650\" \/>\n\t<meta property=\"og:image:type\" content=\"image\/png\" \/>\n<meta name=\"author\" content=\"Damien Dellerba\" \/>\n<meta name=\"twitter:card\" content=\"summary_large_image\" \/>\n<meta name=\"twitter:image\" content=\"https:\/\/www.ladiagonale.net\/wp-content\/uploads\/2024\/04\/by-but.png\" \/>\n<meta name=\"twitter:label1\" content=\"\u00c9crit par\" \/>\n\t<meta name=\"twitter:data1\" content=\"Damien Dellerba\" \/>\n\t<meta name=\"twitter:label2\" content=\"Dur\u00e9e de lecture estim\u00e9e\" \/>\n\t<meta name=\"twitter:data2\" content=\"3 minutes\" \/>\n<script type=\"application\/ld+json\" class=\"yoast-schema-graph\">{\"@context\":\"https:\/\/schema.org\",\"@graph\":[{\"@type\":\"WebPage\",\"@id\":\"https:\/\/www.ladiagonale.net\/index.php\/2024\/04\/29\/ben-yedder-buteur-toujours-plus-historique\/\",\"url\":\"https:\/\/www.ladiagonale.net\/index.php\/2024\/04\/29\/ben-yedder-buteur-toujours-plus-historique\/\",\"name\":\"Ben Yedder, buteur toujours plus historique - La Diagonale\",\"isPartOf\":{\"@id\":\"https:\/\/www.ladiagonale.net\/#website\"},\"datePublished\":\"2024-04-29T07:54:00+00:00\",\"dateModified\":\"2024-04-29T04:01:28+00:00\",\"author\":{\"@id\":\"https:\/\/www.ladiagonale.net\/#\/schema\/person\/79ff1e7b0853ed01b2aa26e64ad300bf\"},\"breadcrumb\":{\"@id\":\"https:\/\/www.ladiagonale.net\/index.php\/2024\/04\/29\/ben-yedder-buteur-toujours-plus-historique\/#breadcrumb\"},\"inLanguage\":\"fr-FR\",\"potentialAction\":[{\"@type\":\"ReadAction\",\"target\":[\"https:\/\/www.ladiagonale.net\/index.php\/2024\/04\/29\/ben-yedder-buteur-toujours-plus-historique\/\"]}]},{\"@type\":\"BreadcrumbList\",\"@id\":\"https:\/\/www.ladiagonale.net\/index.php\/2024\/04\/29\/ben-yedder-buteur-toujours-plus-historique\/#breadcrumb\",\"itemListElement\":[{\"@type\":\"ListItem\",\"position\":1,\"name\":\"Accueil\",\"item\":\"https:\/\/www.ladiagonale.net\/\"},{\"@type\":\"ListItem\",\"position\":2,\"name\":\"Ben Yedder, buteur toujours plus historique\"}]},{\"@type\":\"WebSite\",\"@id\":\"https:\/\/www.ladiagonale.net\/#website\",\"url\":\"https:\/\/www.ladiagonale.net\/\",\"name\":\"La Diagonale\",\"description\":\"Le site des supporters de l&#039;AS Monaco FC\",\"potentialAction\":[{\"@type\":\"SearchAction\",\"target\":{\"@type\":\"EntryPoint\",\"urlTemplate\":\"https:\/\/www.ladiagonale.net\/?s={search_term_string}\"},\"query-input\":\"required name=search_term_string\"}],\"inLanguage\":\"fr-FR\"},{\"@type\":\"Person\",\"@id\":\"https:\/\/www.ladiagonale.net\/#\/schema\/person\/79ff1e7b0853ed01b2aa26e64ad300bf\",\"name\":\"Damien Dellerba\",\"image\":{\"@type\":\"ImageObject\",\"inLanguage\":\"fr-FR\",\"@id\":\"https:\/\/www.ladiagonale.net\/#\/schema\/person\/image\/\",\"url\":\"https:\/\/secure.gravatar.com\/avatar\/c7850e06d3ff63cdbaee88b7fc16e2f0?s=96&d=mm&r=g\",\"contentUrl\":\"https:\/\/secure.gravatar.com\/avatar\/c7850e06d3ff63cdbaee88b7fc16e2f0?s=96&d=mm&r=g\",\"caption\":\"Damien Dellerba\"},\"url\":\"https:\/\/www.ladiagonale.net\/index.php\/author\/damien\/\"}]}<\/script>\n<!-- \/ Yoast SEO plugin. -->","yoast_head_json":{"title":"Ben Yedder, buteur toujours plus historique - La Diagonale","robots":{"index":"index","follow":"follow","max-snippet":"max-snippet:-1","max-image-preview":"max-image-preview:large","max-video-preview":"max-video-preview:-1"},"canonical":"https:\/\/www.ladiagonale.net\/index.php\/2024\/04\/29\/ben-yedder-buteur-toujours-plus-historique\/","og_locale":"fr_FR","og_type":"article","og_title":"Ben Yedder, buteur toujours plus historique - La Diagonale","og_description":"Les supporters pr\u00e9sents au Groupama Stadium n\u2019ont peut-\u00eatre pas tous pu appr\u00e9cier le 114e but de Wissam Ben Yedder sous le maillot de l\u2019AS Monaco. La faute \u00e0 un brouillard tenace, cons\u00e9quence d\u2019un d\u00e9luge de fumig\u00e8nes craqu\u00e9s par les supporters lyonnais pour rendre encore un peu plus maussade cette m\u00e9t\u00e9o diluvienne qui s\u2019est abattue toute [...]","og_url":"https:\/\/www.ladiagonale.net\/index.php\/2024\/04\/29\/ben-yedder-buteur-toujours-plus-historique\/","og_site_name":"La Diagonale","article_published_time":"2024-04-29T07:54:00+00:00","article_modified_time":"2024-04-29T04:01:28+00:00","og_image":[{"width":1160,"height":650,"url":"https:\/\/www.ladiagonale.net\/wp-content\/uploads\/2024\/04\/by-but.png","type":"image\/png"}],"author":"Damien Dellerba","twitter_card":"summary_large_image","twitter_image":"https:\/\/www.ladiagonale.net\/wp-content\/uploads\/2024\/04\/by-but.png","twitter_misc":{"\u00c9crit par":"Damien Dellerba","Dur\u00e9e de lecture estim\u00e9e":"3 minutes"},"schema":{"@context":"https:\/\/schema.org","@graph":[{"@type":"WebPage","@id":"https:\/\/www.ladiagonale.net\/index.php\/2024\/04\/29\/ben-yedder-buteur-toujours-plus-historique\/","url":"https:\/\/www.ladiagonale.net\/index.php\/2024\/04\/29\/ben-yedder-buteur-toujours-plus-historique\/","name":"Ben Yedder, buteur toujours plus historique - La Diagonale","isPartOf":{"@id":"https:\/\/www.ladiagonale.net\/#website"},"datePublished":"2024-04-29T07:54:00+00:00","dateModified":"2024-04-29T04:01:28+00:00","author":{"@id":"https:\/\/www.ladiagonale.net\/#\/schema\/person\/79ff1e7b0853ed01b2aa26e64ad300bf"},"breadcrumb":{"@id":"https:\/\/www.ladiagonale.net\/index.php\/2024\/04\/29\/ben-yedder-buteur-toujours-plus-historique\/#breadcrumb"},"inLanguage":"fr-FR","potentialAction":[{"@type":"ReadAction","target":["https:\/\/www.ladiagonale.net\/index.php\/2024\/04\/29\/ben-yedder-buteur-toujours-plus-historique\/"]}]},{"@type":"BreadcrumbList","@id":"https:\/\/www.ladiagonale.net\/index.php\/2024\/04\/29\/ben-yedder-buteur-toujours-plus-historique\/#breadcrumb","itemListElement":[{"@type":"ListItem","position":1,"name":"Accueil","item":"https:\/\/www.ladiagonale.net\/"},{"@type":"ListItem","position":2,"name":"Ben Yedder, buteur toujours plus historique"}]},{"@type":"WebSite","@id":"https:\/\/www.ladiagonale.net\/#website","url":"https:\/\/www.ladiagonale.net\/","name":"La Diagonale","description":"Le site des supporters de l&#039;AS Monaco FC","potentialAction":[{"@type":"SearchAction","target":{"@type":"EntryPoint","urlTemplate":"https:\/\/www.ladiagonale.net\/?s={search_term_string}"},"query-input":"required name=search_term_string"}],"inLanguage":"fr-FR"},{"@type":"Person","@id":"https:\/\/www.ladiagonale.net\/#\/schema\/person\/79ff1e7b0853ed01b2aa26e64ad300bf","name":"Damien Dellerba","image":{"@type":"ImageObject","inLanguage":"fr-FR","@id":"https:\/\/www.ladiagonale.net\/#\/schema\/person\/image\/","url":"https:\/\/secure.gravatar.com\/avatar\/c7850e06d3ff63cdbaee88b7fc16e2f0?s=96&d=mm&r=g","contentUrl":"https:\/\/secure.gravatar.com\/avatar\/c7850e06d3ff63cdbaee88b7fc16e2f0?s=96&d=mm&r=g","caption":"Damien Dellerba"},"url":"https:\/\/www.ladiagonale.net\/index.php\/author\/damien\/"}]}},"_links":{"self":[{"href":"https:\/\/www.ladiagonale.net\/index.php\/wp-json\/wp\/v2\/posts\/22676"}],"collection":[{"href":"https:\/\/www.ladiagonale.net\/index.php\/wp-json\/wp\/v2\/posts"}],"about":[{"href":"https:\/\/www.ladiagonale.net\/index.php\/wp-json\/wp\/v2\/types\/post"}],"author":[{"embeddable":true,"href":"https:\/\/www.ladiagonale.net\/index.php\/wp-json\/wp\/v2\/users\/2"}],"replies":[{"embeddable":true,"href":"https:\/\/www.ladiagonale.net\/index.php\/wp-json\/wp\/v2\/comments?post=22676"}],"version-history":[{"count":6,"href":"https:\/\/www.ladiagonale.net\/index.php\/wp-json\/wp\/v2\/posts\/22676\/revisions"}],"predecessor-version":[{"id":22683,"href":"https:\/\/www.ladiagonale.net\/index.php\/wp-json\/wp\/v2\/posts\/22676\/revisions\/22683"}],"wp:attachment":[{"href":"https:\/\/www.ladiagonale.net\/index.php\/wp-json\/wp\/v2\/media?parent=22676"}],"wp:term":[{"taxonomy":"category","embeddable":true,"href":"https:\/\/www.ladiagonale.net\/index.php\/wp-json\/wp\/v2\/categories?post=22676"},{"taxonomy":"post_tag","embeddable":true,"href":"https:\/\/www.ladiagonale.net\/index.php\/wp-json\/wp\/v2\/tags?post=22676"}],"curies":[{"name":"wp","href":"https:\/\/api.w.org\/{rel}","templated":true}]}}