{"id":22718,"date":"2024-04-30T16:15:57","date_gmt":"2024-04-30T14:15:57","guid":{"rendered":"https:\/\/www.ladiagonale.net\/?p=22718"},"modified":"2024-04-30T16:15:58","modified_gmt":"2024-04-30T14:15:58","slug":"ben-el-hadj-au-sifflet-delajod-a-la-var","status":"publish","type":"post","link":"https:\/\/www.ladiagonale.net\/index.php\/2024\/04\/30\/ben-el-hadj-au-sifflet-delajod-a-la-var\/","title":{"rendered":"Ben El Hadj au sifflet, Delajod \u00e0 la VAR"},"content":{"rendered":"\n\n\n<p>Samedi (17h), l&rsquo;AS Monaco recevra Clermont pour la 32<sup>e<\/sup> journ\u00e9e de Ligue 1 et son avant-dernier match \u00e0 domicile. C&rsquo;est Hakim Ben El Hadj qui a \u00e9t\u00e9 d\u00e9sign\u00e9 comme arbitre. Ce sera sa deuxi\u00e8me fois de la saison sur une rencontre de l&rsquo;ASM, apr\u00e8s celle de la 8<sup>e<\/sup> journ\u00e9e contre Reims (3-1, le 7 octobre). Il sera assist\u00e9 de Julien Aube et Ludovic Reyes.<\/p>\n\n\n\n<p>\u00c0 la vid\u00e9o, on trouvera Willy Delajod et St\u00e9phane Br\u00e9. Le premier n&rsquo;a \u00e9videmment pas laiss\u00e9 un bon souvenir \u00e0 l&rsquo;ASM, notamment pour son arbitrage tr\u00e8s contest\u00e9 lors du choc face \u00e0 Marseille en janvier dernier. Il avait notamment expuls\u00e9 s\u00e9v\u00e8rement Guillermo Maripan et oubli\u00e9 de brandir le carton rouge au Marseillais Emran Soglo. <\/p>\n\n\n\n<p>Thiago Scuro avait <a href=\"https:\/\/www.ladiagonale.net\/index.php\/2024\/01\/28\/pour-scuro-la-var-aurait-du-corriger-les-erreurs-darbitrage\/\" target=\"_blank\" rel=\"noreferrer noopener\">d\u00e9gain\u00e9 \u00e0 l&rsquo;issue de la rencontre<\/a>, en parlant d&rsquo;un \u00ab\u00a0<em>grand match avec des grands joueurs mais pas avec une bonne qualit\u00e9 d&rsquo;arbitrage<\/em> \u00bb. Un mois plus tard, Delajod avait reconnu n&rsquo;avoir \u00ab <em>pas du tout \u00e9t\u00e9 performant<\/em> \u00bb.<\/p>\n","protected":false},"excerpt":{"rendered":"<p>Samedi (17h), l&rsquo;AS Monaco recevra Clermont pour la 32e journ\u00e9e de Ligue 1 et son avant-dernier match \u00e0 domicile. C&rsquo;est Hakim Ben El Hadj qui a \u00e9t\u00e9 d\u00e9sign\u00e9 comme arbitre. Ce sera sa deuxi\u00e8me fois de la saison sur une rencontre de l&rsquo;ASM, apr\u00e8s celle de la 8e journ\u00e9e contre Reims (3-1, le 7 octobre). [&#8230;]\n","protected":false},"author":2,"featured_media":0,"comment_status":"open","ping_status":"open","sticky":false,"template":"","format":"standard","meta":[],"categories":[6],"tags":[86,359,94,243,252],"yoast_head":"<!-- This site is optimized with the Yoast SEO plugin v19.8 - https:\/\/yoast.com\/wordpress\/plugins\/seo\/ -->\n<title>Ben El Hadj au sifflet, Delajod \u00e0 la VAR - La Diagonale<\/title>\n<meta name=\"robots\" content=\"index, follow, max-snippet:-1, max-image-preview:large, max-video-preview:-1\" \/>\n<link rel=\"canonical\" href=\"https:\/\/www.ladiagonale.net\/index.php\/2024\/04\/30\/ben-el-hadj-au-sifflet-delajod-a-la-var\/\" \/>\n<meta property=\"og:locale\" content=\"fr_FR\" \/>\n<meta property=\"og:type\" content=\"article\" \/>\n<meta property=\"og:title\" content=\"Ben El Hadj au sifflet, Delajod \u00e0 la VAR - La Diagonale\" \/>\n<meta property=\"og:description\" content=\"Samedi (17h), l&rsquo;AS Monaco recevra Clermont pour la 32e journ\u00e9e de Ligue 1 et son avant-dernier match \u00e0 domicile. C&rsquo;est Hakim Ben El Hadj qui a \u00e9t\u00e9 d\u00e9sign\u00e9 comme arbitre. Ce sera sa deuxi\u00e8me fois de la saison sur une rencontre de l&rsquo;ASM, apr\u00e8s celle de la 8e journ\u00e9e contre Reims (3-1, le 7 octobre). [...]\" \/>\n<meta property=\"og:url\" content=\"https:\/\/www.ladiagonale.net\/index.php\/2024\/04\/30\/ben-el-hadj-au-sifflet-delajod-a-la-var\/\" \/>\n<meta property=\"og:site_name\" content=\"La Diagonale\" \/>\n<meta property=\"article:published_time\" content=\"2024-04-30T14:15:57+00:00\" \/>\n<meta property=\"article:modified_time\" content=\"2024-04-30T14:15:58+00:00\" \/>\n<meta property=\"og:image\" content=\"https:\/\/www.ladiagonale.net\/wp-content\/uploads\/2023\/01\/ben-el-hadj.png\" \/>\n\t<meta property=\"og:image:width\" content=\"1160\" \/>\n\t<meta property=\"og:image:height\" content=\"650\" \/>\n\t<meta property=\"og:image:type\" content=\"image\/png\" \/>\n<meta name=\"author\" content=\"Damien Dellerba\" \/>\n<meta name=\"twitter:card\" content=\"summary_large_image\" \/>\n<meta name=\"twitter:image\" content=\"https:\/\/www.ladiagonale.net\/wp-content\/uploads\/2023\/01\/ben-el-hadj.png\" \/>\n<meta name=\"twitter:label1\" content=\"\u00c9crit par\" \/>\n\t<meta name=\"twitter:data1\" content=\"Damien Dellerba\" \/>\n\t<meta name=\"twitter:label2\" content=\"Dur\u00e9e de lecture estim\u00e9e\" \/>\n\t<meta name=\"twitter:data2\" content=\"1 minute\" \/>\n<script type=\"application\/ld+json\" class=\"yoast-schema-graph\">{\"@context\":\"https:\/\/schema.org\",\"@graph\":[{\"@type\":\"WebPage\",\"@id\":\"https:\/\/www.ladiagonale.net\/index.php\/2024\/04\/30\/ben-el-hadj-au-sifflet-delajod-a-la-var\/\",\"url\":\"https:\/\/www.ladiagonale.net\/index.php\/2024\/04\/30\/ben-el-hadj-au-sifflet-delajod-a-la-var\/\",\"name\":\"Ben El Hadj au sifflet, Delajod \u00e0 la VAR - La Diagonale\",\"isPartOf\":{\"@id\":\"https:\/\/www.ladiagonale.net\/#website\"},\"datePublished\":\"2024-04-30T14:15:57+00:00\",\"dateModified\":\"2024-04-30T14:15:58+00:00\",\"author\":{\"@id\":\"https:\/\/www.ladiagonale.net\/#\/schema\/person\/79ff1e7b0853ed01b2aa26e64ad300bf\"},\"breadcrumb\":{\"@id\":\"https:\/\/www.ladiagonale.net\/index.php\/2024\/04\/30\/ben-el-hadj-au-sifflet-delajod-a-la-var\/#breadcrumb\"},\"inLanguage\":\"fr-FR\",\"potentialAction\":[{\"@type\":\"ReadAction\",\"target\":[\"https:\/\/www.ladiagonale.net\/index.php\/2024\/04\/30\/ben-el-hadj-au-sifflet-delajod-a-la-var\/\"]}]},{\"@type\":\"BreadcrumbList\",\"@id\":\"https:\/\/www.ladiagonale.net\/index.php\/2024\/04\/30\/ben-el-hadj-au-sifflet-delajod-a-la-var\/#breadcrumb\",\"itemListElement\":[{\"@type\":\"ListItem\",\"position\":1,\"name\":\"Accueil\",\"item\":\"https:\/\/www.ladiagonale.net\/\"},{\"@type\":\"ListItem\",\"position\":2,\"name\":\"Ben El Hadj au sifflet, Delajod \u00e0 la VAR\"}]},{\"@type\":\"WebSite\",\"@id\":\"https:\/\/www.ladiagonale.net\/#website\",\"url\":\"https:\/\/www.ladiagonale.net\/\",\"name\":\"La Diagonale\",\"description\":\"Le site des supporters de l&#039;AS Monaco FC\",\"potentialAction\":[{\"@type\":\"SearchAction\",\"target\":{\"@type\":\"EntryPoint\",\"urlTemplate\":\"https:\/\/www.ladiagonale.net\/?s={search_term_string}\"},\"query-input\":\"required name=search_term_string\"}],\"inLanguage\":\"fr-FR\"},{\"@type\":\"Person\",\"@id\":\"https:\/\/www.ladiagonale.net\/#\/schema\/person\/79ff1e7b0853ed01b2aa26e64ad300bf\",\"name\":\"Damien Dellerba\",\"image\":{\"@type\":\"ImageObject\",\"inLanguage\":\"fr-FR\",\"@id\":\"https:\/\/www.ladiagonale.net\/#\/schema\/person\/image\/\",\"url\":\"https:\/\/secure.gravatar.com\/avatar\/c7850e06d3ff63cdbaee88b7fc16e2f0?s=96&d=mm&r=g\",\"contentUrl\":\"https:\/\/secure.gravatar.com\/avatar\/c7850e06d3ff63cdbaee88b7fc16e2f0?s=96&d=mm&r=g\",\"caption\":\"Damien Dellerba\"},\"url\":\"https:\/\/www.ladiagonale.net\/index.php\/author\/damien\/\"}]}<\/script>\n<!-- \/ Yoast SEO plugin. -->","yoast_head_json":{"title":"Ben El Hadj au sifflet, Delajod \u00e0 la VAR - La Diagonale","robots":{"index":"index","follow":"follow","max-snippet":"max-snippet:-1","max-image-preview":"max-image-preview:large","max-video-preview":"max-video-preview:-1"},"canonical":"https:\/\/www.ladiagonale.net\/index.php\/2024\/04\/30\/ben-el-hadj-au-sifflet-delajod-a-la-var\/","og_locale":"fr_FR","og_type":"article","og_title":"Ben El Hadj au sifflet, Delajod \u00e0 la VAR - La Diagonale","og_description":"Samedi (17h), l&rsquo;AS Monaco recevra Clermont pour la 32e journ\u00e9e de Ligue 1 et son avant-dernier match \u00e0 domicile. C&rsquo;est Hakim Ben El Hadj qui a \u00e9t\u00e9 d\u00e9sign\u00e9 comme arbitre. Ce sera sa deuxi\u00e8me fois de la saison sur une rencontre de l&rsquo;ASM, apr\u00e8s celle de la 8e journ\u00e9e contre Reims (3-1, le 7 octobre). [...]","og_url":"https:\/\/www.ladiagonale.net\/index.php\/2024\/04\/30\/ben-el-hadj-au-sifflet-delajod-a-la-var\/","og_site_name":"La Diagonale","article_published_time":"2024-04-30T14:15:57+00:00","article_modified_time":"2024-04-30T14:15:58+00:00","og_image":[{"width":1160,"height":650,"url":"https:\/\/www.ladiagonale.net\/wp-content\/uploads\/2023\/01\/ben-el-hadj.png","type":"image\/png"}],"author":"Damien Dellerba","twitter_card":"summary_large_image","twitter_image":"https:\/\/www.ladiagonale.net\/wp-content\/uploads\/2023\/01\/ben-el-hadj.png","twitter_misc":{"\u00c9crit par":"Damien Dellerba","Dur\u00e9e de lecture estim\u00e9e":"1 minute"},"schema":{"@context":"https:\/\/schema.org","@graph":[{"@type":"WebPage","@id":"https:\/\/www.ladiagonale.net\/index.php\/2024\/04\/30\/ben-el-hadj-au-sifflet-delajod-a-la-var\/","url":"https:\/\/www.ladiagonale.net\/index.php\/2024\/04\/30\/ben-el-hadj-au-sifflet-delajod-a-la-var\/","name":"Ben El Hadj au sifflet, Delajod \u00e0 la VAR - La Diagonale","isPartOf":{"@id":"https:\/\/www.ladiagonale.net\/#website"},"datePublished":"2024-04-30T14:15:57+00:00","dateModified":"2024-04-30T14:15:58+00:00","author":{"@id":"https:\/\/www.ladiagonale.net\/#\/schema\/person\/79ff1e7b0853ed01b2aa26e64ad300bf"},"breadcrumb":{"@id":"https:\/\/www.ladiagonale.net\/index.php\/2024\/04\/30\/ben-el-hadj-au-sifflet-delajod-a-la-var\/#breadcrumb"},"inLanguage":"fr-FR","potentialAction":[{"@type":"ReadAction","target":["https:\/\/www.ladiagonale.net\/index.php\/2024\/04\/30\/ben-el-hadj-au-sifflet-delajod-a-la-var\/"]}]},{"@type":"BreadcrumbList","@id":"https:\/\/www.ladiagonale.net\/index.php\/2024\/04\/30\/ben-el-hadj-au-sifflet-delajod-a-la-var\/#breadcrumb","itemListElement":[{"@type":"ListItem","position":1,"name":"Accueil","item":"https:\/\/www.ladiagonale.net\/"},{"@type":"ListItem","position":2,"name":"Ben El Hadj au sifflet, Delajod \u00e0 la VAR"}]},{"@type":"WebSite","@id":"https:\/\/www.ladiagonale.net\/#website","url":"https:\/\/www.ladiagonale.net\/","name":"La Diagonale","description":"Le site des supporters de l&#039;AS Monaco FC","potentialAction":[{"@type":"SearchAction","target":{"@type":"EntryPoint","urlTemplate":"https:\/\/www.ladiagonale.net\/?s={search_term_string}"},"query-input":"required name=search_term_string"}],"inLanguage":"fr-FR"},{"@type":"Person","@id":"https:\/\/www.ladiagonale.net\/#\/schema\/person\/79ff1e7b0853ed01b2aa26e64ad300bf","name":"Damien Dellerba","image":{"@type":"ImageObject","inLanguage":"fr-FR","@id":"https:\/\/www.ladiagonale.net\/#\/schema\/person\/image\/","url":"https:\/\/secure.gravatar.com\/avatar\/c7850e06d3ff63cdbaee88b7fc16e2f0?s=96&d=mm&r=g","contentUrl":"https:\/\/secure.gravatar.com\/avatar\/c7850e06d3ff63cdbaee88b7fc16e2f0?s=96&d=mm&r=g","caption":"Damien Dellerba"},"url":"https:\/\/www.ladiagonale.net\/index.php\/author\/damien\/"}]}},"_links":{"self":[{"href":"https:\/\/www.ladiagonale.net\/index.php\/wp-json\/wp\/v2\/posts\/22718"}],"collection":[{"href":"https:\/\/www.ladiagonale.net\/index.php\/wp-json\/wp\/v2\/posts"}],"about":[{"href":"https:\/\/www.ladiagonale.net\/index.php\/wp-json\/wp\/v2\/types\/post"}],"author":[{"embeddable":true,"href":"https:\/\/www.ladiagonale.net\/index.php\/wp-json\/wp\/v2\/users\/2"}],"replies":[{"embeddable":true,"href":"https:\/\/www.ladiagonale.net\/index.php\/wp-json\/wp\/v2\/comments?post=22718"}],"version-history":[{"count":1,"href":"https:\/\/www.ladiagonale.net\/index.php\/wp-json\/wp\/v2\/posts\/22718\/revisions"}],"predecessor-version":[{"id":22719,"href":"https:\/\/www.ladiagonale.net\/index.php\/wp-json\/wp\/v2\/posts\/22718\/revisions\/22719"}],"wp:attachment":[{"href":"https:\/\/www.ladiagonale.net\/index.php\/wp-json\/wp\/v2\/media?parent=22718"}],"wp:term":[{"taxonomy":"category","embeddable":true,"href":"https:\/\/www.ladiagonale.net\/index.php\/wp-json\/wp\/v2\/categories?post=22718"},{"taxonomy":"post_tag","embeddable":true,"href":"https:\/\/www.ladiagonale.net\/index.php\/wp-json\/wp\/v2\/tags?post=22718"}],"curies":[{"name":"wp","href":"https:\/\/api.w.org\/{rel}","templated":true}]}}