{"id":22720,"date":"2024-04-30T21:08:36","date_gmt":"2024-04-30T19:08:36","guid":{"rendered":"https:\/\/www.ladiagonale.net\/?p=22720"},"modified":"2024-04-30T21:08:37","modified_gmt":"2024-04-30T19:08:37","slug":"ben-seghir-en-lice-pour-le-trophee-unfp-du-meilleur-espoir","status":"publish","type":"post","link":"https:\/\/www.ladiagonale.net\/index.php\/2024\/04\/30\/ben-seghir-en-lice-pour-le-trophee-unfp-du-meilleur-espoir\/","title":{"rendered":"Ben Seghir en lice pour le troph\u00e9e UNFP du meilleur espoir"},"content":{"rendered":"\n\n\n<p>Ce mardi, l&rsquo;UNFP a d\u00e9voil\u00e9 les diff\u00e9rentes listes des nomm\u00e9s pour les traditionnelles r\u00e9compenses de fin de saison. Un seul Mon\u00e9gasque a \u00e9t\u00e9 nomm\u00e9, il s&rsquo;agit d&rsquo;Eliesse Ben Seghir. Comme la saison derni\u00e8re, le jeune milieu offensif (19 ans) concourra pour d\u00e9crocher le troph\u00e9e UNFP du meilleur espoir de Ligue 1. Une r\u00e9compense qui ne concerne que les joueurs de 21 ans ou moins.<\/p>\n\n\n\n<p>Si la d\u00e9signation de Ben Seghir pour ce troph\u00e9e \u00e9tait logique et m\u00e9rit\u00e9e la saison pr\u00e9c\u00e9dente, celle de cette ann\u00e9e est beaucoup plus surprenante. Bless\u00e9 par deux fois \u00e0 une cuisse puis \u00e0 une \u00e9paule, l&rsquo;international Marocain a manqu\u00e9 plus de quatre mois de comp\u00e9tition au total et n&rsquo;a disput\u00e9 que 11 rencontres en championnat cette ann\u00e9e, pour deux titularisations. Il a aussi inscrit un but contre Strasbourg (<em>1-0, le 10 mars<\/em>) et d\u00e9livr\u00e9 une passe d\u00e9cisive. <\/p>\n\n\n\n<p>Face \u00e0 lui, se dresseront le Parisien Warren Za\u00efre-Emery, le Lyonnais Rayan Cherki, le Rennais D\u00e9sir\u00e9 Dou\u00e9 et le Lillois Leny Yoro. Le dernier Mon\u00e9gasque \u00e0 avoir obtenu ce troph\u00e9e de meilleur espoir avec le maillot \u00e0 la diagonale est Aur\u00e9lien Tchouam\u00e9ni en 2021. Une distinction qu\u2019aime tout particuli\u00e8rement l\u2019AS Monaco, qui l\u2019a remport\u00e9e \u00e0 six reprises. Aucun autre club ne fait mieux.<\/p>\n\n\n<div class=\"wp-block-image\">\n<figure class=\"aligncenter size-full is-resized\"><img loading=\"lazy\" src=\"https:\/\/www.ladiagonale.net\/wp-content\/uploads\/2024\/04\/GMbgQxWWUAAoM5w.jpg\" alt=\"\" class=\"wp-image-22721\" width=\"541\" height=\"540\"\/><\/figure><\/div>\n\n\n<p><\/p>\n","protected":false},"excerpt":{"rendered":"<p>Ce mardi, l&rsquo;UNFP a d\u00e9voil\u00e9 les diff\u00e9rentes listes des nomm\u00e9s pour les traditionnelles r\u00e9compenses de fin de saison. Un seul Mon\u00e9gasque a \u00e9t\u00e9 nomm\u00e9, il s&rsquo;agit d&rsquo;Eliesse Ben Seghir. Comme la saison derni\u00e8re, le jeune milieu offensif (19 ans) concourra pour d\u00e9crocher le troph\u00e9e UNFP du meilleur espoir de Ligue 1. Une r\u00e9compense qui ne [&#8230;]\n","protected":false},"author":2,"featured_media":0,"comment_status":"open","ping_status":"open","sticky":false,"template":"","format":"standard","meta":[],"categories":[4,6],"tags":[86,286,94,536,535],"yoast_head":"<!-- This site is optimized with the Yoast SEO plugin v19.8 - https:\/\/yoast.com\/wordpress\/plugins\/seo\/ -->\n<title>Ben Seghir en lice pour le troph\u00e9e UNFP du meilleur espoir - La Diagonale<\/title>\n<meta name=\"robots\" content=\"index, follow, max-snippet:-1, max-image-preview:large, max-video-preview:-1\" \/>\n<link rel=\"canonical\" href=\"https:\/\/www.ladiagonale.net\/index.php\/2024\/04\/30\/ben-seghir-en-lice-pour-le-trophee-unfp-du-meilleur-espoir\/\" \/>\n<meta property=\"og:locale\" content=\"fr_FR\" \/>\n<meta property=\"og:type\" content=\"article\" \/>\n<meta property=\"og:title\" content=\"Ben Seghir en lice pour le troph\u00e9e UNFP du meilleur espoir - La Diagonale\" \/>\n<meta property=\"og:description\" content=\"Ce mardi, l&rsquo;UNFP a d\u00e9voil\u00e9 les diff\u00e9rentes listes des nomm\u00e9s pour les traditionnelles r\u00e9compenses de fin de saison. Un seul Mon\u00e9gasque a \u00e9t\u00e9 nomm\u00e9, il s&rsquo;agit d&rsquo;Eliesse Ben Seghir. Comme la saison derni\u00e8re, le jeune milieu offensif (19 ans) concourra pour d\u00e9crocher le troph\u00e9e UNFP du meilleur espoir de Ligue 1. Une r\u00e9compense qui ne [...]\" \/>\n<meta property=\"og:url\" content=\"https:\/\/www.ladiagonale.net\/index.php\/2024\/04\/30\/ben-seghir-en-lice-pour-le-trophee-unfp-du-meilleur-espoir\/\" \/>\n<meta property=\"og:site_name\" content=\"La Diagonale\" \/>\n<meta property=\"article:published_time\" content=\"2024-04-30T19:08:36+00:00\" \/>\n<meta property=\"article:modified_time\" content=\"2024-04-30T19:08:37+00:00\" \/>\n<meta property=\"og:image\" content=\"https:\/\/www.ladiagonale.net\/wp-content\/uploads\/2024\/03\/ben-seghir-metz.png\" \/>\n\t<meta property=\"og:image:width\" content=\"1160\" \/>\n\t<meta property=\"og:image:height\" content=\"650\" \/>\n\t<meta property=\"og:image:type\" content=\"image\/png\" \/>\n<meta name=\"author\" content=\"Damien Dellerba\" \/>\n<meta name=\"twitter:card\" content=\"summary_large_image\" \/>\n<meta name=\"twitter:image\" content=\"https:\/\/www.ladiagonale.net\/wp-content\/uploads\/2024\/03\/ben-seghir-metz.png\" \/>\n<meta name=\"twitter:label1\" content=\"\u00c9crit par\" \/>\n\t<meta name=\"twitter:data1\" content=\"Damien Dellerba\" \/>\n\t<meta name=\"twitter:label2\" content=\"Dur\u00e9e de lecture estim\u00e9e\" \/>\n\t<meta name=\"twitter:data2\" content=\"2 minutes\" \/>\n<script type=\"application\/ld+json\" class=\"yoast-schema-graph\">{\"@context\":\"https:\/\/schema.org\",\"@graph\":[{\"@type\":\"WebPage\",\"@id\":\"https:\/\/www.ladiagonale.net\/index.php\/2024\/04\/30\/ben-seghir-en-lice-pour-le-trophee-unfp-du-meilleur-espoir\/\",\"url\":\"https:\/\/www.ladiagonale.net\/index.php\/2024\/04\/30\/ben-seghir-en-lice-pour-le-trophee-unfp-du-meilleur-espoir\/\",\"name\":\"Ben Seghir en lice pour le troph\u00e9e UNFP du meilleur espoir - La Diagonale\",\"isPartOf\":{\"@id\":\"https:\/\/www.ladiagonale.net\/#website\"},\"datePublished\":\"2024-04-30T19:08:36+00:00\",\"dateModified\":\"2024-04-30T19:08:37+00:00\",\"author\":{\"@id\":\"https:\/\/www.ladiagonale.net\/#\/schema\/person\/79ff1e7b0853ed01b2aa26e64ad300bf\"},\"breadcrumb\":{\"@id\":\"https:\/\/www.ladiagonale.net\/index.php\/2024\/04\/30\/ben-seghir-en-lice-pour-le-trophee-unfp-du-meilleur-espoir\/#breadcrumb\"},\"inLanguage\":\"fr-FR\",\"potentialAction\":[{\"@type\":\"ReadAction\",\"target\":[\"https:\/\/www.ladiagonale.net\/index.php\/2024\/04\/30\/ben-seghir-en-lice-pour-le-trophee-unfp-du-meilleur-espoir\/\"]}]},{\"@type\":\"BreadcrumbList\",\"@id\":\"https:\/\/www.ladiagonale.net\/index.php\/2024\/04\/30\/ben-seghir-en-lice-pour-le-trophee-unfp-du-meilleur-espoir\/#breadcrumb\",\"itemListElement\":[{\"@type\":\"ListItem\",\"position\":1,\"name\":\"Accueil\",\"item\":\"https:\/\/www.ladiagonale.net\/\"},{\"@type\":\"ListItem\",\"position\":2,\"name\":\"Ben Seghir en lice pour le troph\u00e9e UNFP du meilleur espoir\"}]},{\"@type\":\"WebSite\",\"@id\":\"https:\/\/www.ladiagonale.net\/#website\",\"url\":\"https:\/\/www.ladiagonale.net\/\",\"name\":\"La Diagonale\",\"description\":\"Le site des supporters de l&#039;AS Monaco FC\",\"potentialAction\":[{\"@type\":\"SearchAction\",\"target\":{\"@type\":\"EntryPoint\",\"urlTemplate\":\"https:\/\/www.ladiagonale.net\/?s={search_term_string}\"},\"query-input\":\"required name=search_term_string\"}],\"inLanguage\":\"fr-FR\"},{\"@type\":\"Person\",\"@id\":\"https:\/\/www.ladiagonale.net\/#\/schema\/person\/79ff1e7b0853ed01b2aa26e64ad300bf\",\"name\":\"Damien Dellerba\",\"image\":{\"@type\":\"ImageObject\",\"inLanguage\":\"fr-FR\",\"@id\":\"https:\/\/www.ladiagonale.net\/#\/schema\/person\/image\/\",\"url\":\"https:\/\/secure.gravatar.com\/avatar\/c7850e06d3ff63cdbaee88b7fc16e2f0?s=96&d=mm&r=g\",\"contentUrl\":\"https:\/\/secure.gravatar.com\/avatar\/c7850e06d3ff63cdbaee88b7fc16e2f0?s=96&d=mm&r=g\",\"caption\":\"Damien Dellerba\"},\"url\":\"https:\/\/www.ladiagonale.net\/index.php\/author\/damien\/\"}]}<\/script>\n<!-- \/ Yoast SEO plugin. -->","yoast_head_json":{"title":"Ben Seghir en lice pour le troph\u00e9e UNFP du meilleur espoir - La Diagonale","robots":{"index":"index","follow":"follow","max-snippet":"max-snippet:-1","max-image-preview":"max-image-preview:large","max-video-preview":"max-video-preview:-1"},"canonical":"https:\/\/www.ladiagonale.net\/index.php\/2024\/04\/30\/ben-seghir-en-lice-pour-le-trophee-unfp-du-meilleur-espoir\/","og_locale":"fr_FR","og_type":"article","og_title":"Ben Seghir en lice pour le troph\u00e9e UNFP du meilleur espoir - La Diagonale","og_description":"Ce mardi, l&rsquo;UNFP a d\u00e9voil\u00e9 les diff\u00e9rentes listes des nomm\u00e9s pour les traditionnelles r\u00e9compenses de fin de saison. Un seul Mon\u00e9gasque a \u00e9t\u00e9 nomm\u00e9, il s&rsquo;agit d&rsquo;Eliesse Ben Seghir. Comme la saison derni\u00e8re, le jeune milieu offensif (19 ans) concourra pour d\u00e9crocher le troph\u00e9e UNFP du meilleur espoir de Ligue 1. Une r\u00e9compense qui ne [...]","og_url":"https:\/\/www.ladiagonale.net\/index.php\/2024\/04\/30\/ben-seghir-en-lice-pour-le-trophee-unfp-du-meilleur-espoir\/","og_site_name":"La Diagonale","article_published_time":"2024-04-30T19:08:36+00:00","article_modified_time":"2024-04-30T19:08:37+00:00","og_image":[{"width":1160,"height":650,"url":"https:\/\/www.ladiagonale.net\/wp-content\/uploads\/2024\/03\/ben-seghir-metz.png","type":"image\/png"}],"author":"Damien Dellerba","twitter_card":"summary_large_image","twitter_image":"https:\/\/www.ladiagonale.net\/wp-content\/uploads\/2024\/03\/ben-seghir-metz.png","twitter_misc":{"\u00c9crit par":"Damien Dellerba","Dur\u00e9e de lecture estim\u00e9e":"2 minutes"},"schema":{"@context":"https:\/\/schema.org","@graph":[{"@type":"WebPage","@id":"https:\/\/www.ladiagonale.net\/index.php\/2024\/04\/30\/ben-seghir-en-lice-pour-le-trophee-unfp-du-meilleur-espoir\/","url":"https:\/\/www.ladiagonale.net\/index.php\/2024\/04\/30\/ben-seghir-en-lice-pour-le-trophee-unfp-du-meilleur-espoir\/","name":"Ben Seghir en lice pour le troph\u00e9e UNFP du meilleur espoir - La Diagonale","isPartOf":{"@id":"https:\/\/www.ladiagonale.net\/#website"},"datePublished":"2024-04-30T19:08:36+00:00","dateModified":"2024-04-30T19:08:37+00:00","author":{"@id":"https:\/\/www.ladiagonale.net\/#\/schema\/person\/79ff1e7b0853ed01b2aa26e64ad300bf"},"breadcrumb":{"@id":"https:\/\/www.ladiagonale.net\/index.php\/2024\/04\/30\/ben-seghir-en-lice-pour-le-trophee-unfp-du-meilleur-espoir\/#breadcrumb"},"inLanguage":"fr-FR","potentialAction":[{"@type":"ReadAction","target":["https:\/\/www.ladiagonale.net\/index.php\/2024\/04\/30\/ben-seghir-en-lice-pour-le-trophee-unfp-du-meilleur-espoir\/"]}]},{"@type":"BreadcrumbList","@id":"https:\/\/www.ladiagonale.net\/index.php\/2024\/04\/30\/ben-seghir-en-lice-pour-le-trophee-unfp-du-meilleur-espoir\/#breadcrumb","itemListElement":[{"@type":"ListItem","position":1,"name":"Accueil","item":"https:\/\/www.ladiagonale.net\/"},{"@type":"ListItem","position":2,"name":"Ben Seghir en lice pour le troph\u00e9e UNFP du meilleur espoir"}]},{"@type":"WebSite","@id":"https:\/\/www.ladiagonale.net\/#website","url":"https:\/\/www.ladiagonale.net\/","name":"La Diagonale","description":"Le site des supporters de l&#039;AS Monaco FC","potentialAction":[{"@type":"SearchAction","target":{"@type":"EntryPoint","urlTemplate":"https:\/\/www.ladiagonale.net\/?s={search_term_string}"},"query-input":"required name=search_term_string"}],"inLanguage":"fr-FR"},{"@type":"Person","@id":"https:\/\/www.ladiagonale.net\/#\/schema\/person\/79ff1e7b0853ed01b2aa26e64ad300bf","name":"Damien Dellerba","image":{"@type":"ImageObject","inLanguage":"fr-FR","@id":"https:\/\/www.ladiagonale.net\/#\/schema\/person\/image\/","url":"https:\/\/secure.gravatar.com\/avatar\/c7850e06d3ff63cdbaee88b7fc16e2f0?s=96&d=mm&r=g","contentUrl":"https:\/\/secure.gravatar.com\/avatar\/c7850e06d3ff63cdbaee88b7fc16e2f0?s=96&d=mm&r=g","caption":"Damien Dellerba"},"url":"https:\/\/www.ladiagonale.net\/index.php\/author\/damien\/"}]}},"_links":{"self":[{"href":"https:\/\/www.ladiagonale.net\/index.php\/wp-json\/wp\/v2\/posts\/22720"}],"collection":[{"href":"https:\/\/www.ladiagonale.net\/index.php\/wp-json\/wp\/v2\/posts"}],"about":[{"href":"https:\/\/www.ladiagonale.net\/index.php\/wp-json\/wp\/v2\/types\/post"}],"author":[{"embeddable":true,"href":"https:\/\/www.ladiagonale.net\/index.php\/wp-json\/wp\/v2\/users\/2"}],"replies":[{"embeddable":true,"href":"https:\/\/www.ladiagonale.net\/index.php\/wp-json\/wp\/v2\/comments?post=22720"}],"version-history":[{"count":1,"href":"https:\/\/www.ladiagonale.net\/index.php\/wp-json\/wp\/v2\/posts\/22720\/revisions"}],"predecessor-version":[{"id":22722,"href":"https:\/\/www.ladiagonale.net\/index.php\/wp-json\/wp\/v2\/posts\/22720\/revisions\/22722"}],"wp:attachment":[{"href":"https:\/\/www.ladiagonale.net\/index.php\/wp-json\/wp\/v2\/media?parent=22720"}],"wp:term":[{"taxonomy":"category","embeddable":true,"href":"https:\/\/www.ladiagonale.net\/index.php\/wp-json\/wp\/v2\/categories?post=22720"},{"taxonomy":"post_tag","embeddable":true,"href":"https:\/\/www.ladiagonale.net\/index.php\/wp-json\/wp\/v2\/tags?post=22720"}],"curies":[{"name":"wp","href":"https:\/\/api.w.org\/{rel}","templated":true}]}}