{"id":22730,"date":"2024-05-02T10:41:46","date_gmt":"2024-05-02T08:41:46","guid":{"rendered":"https:\/\/www.ladiagonale.net\/?p=22730"},"modified":"2024-05-08T17:56:31","modified_gmt":"2024-05-08T15:56:31","slug":"les-u19-elimines-de-la-al-abtal-cup","status":"publish","type":"post","link":"https:\/\/www.ladiagonale.net\/index.php\/2024\/05\/02\/les-u19-elimines-de-la-al-abtal-cup\/","title":{"rendered":"Les U19 \u00e9limin\u00e9s de la Al Abtal Cup"},"content":{"rendered":"\n\n\n<p>Petite d\u00e9ception pour les U19 de l&rsquo;AS Monaco, \u00e9limin\u00e9s en quart de finale de la <em>Al Abtal Cup<\/em>. Mercredi, les hommes de Fr\u00e9d\u00e9ric Barilaro se sont inclin\u00e9s face \u00e0 Benfica aux tirs au but (2-2, 4-5 aux t.a.b.), malgr\u00e9 le renfort de Lucas Michal, auteur d&rsquo;un doubl\u00e9 (10<sup>e<\/sup>, 48<sup>e<\/sup>). Les Mon\u00e9gasques peuvent regretter cette issue d\u00e9favorable, eux qui ont men\u00e9 \u00e0 deux reprises dans cette rencontre et domin\u00e9 assez nettement la partie. Ils se sont fait rejoindre sur deux coups de pied arr\u00eat\u00e9s.<\/p>\n\n\n\n<p>Au repos ce week-end, les jeunes pousses as\u00e9mistes termineront la saison dimanche prochain, avec une derni\u00e8re rencontre sans enjeu dans le cadre du championnat U19 face au SC Bastia.<\/p>\n","protected":false},"excerpt":{"rendered":"<p>Petite d\u00e9ception pour les U19 de l&rsquo;AS Monaco, \u00e9limin\u00e9s en quart de finale de la Al Abtal Cup. Mercredi, les hommes de Fr\u00e9d\u00e9ric Barilaro se sont inclin\u00e9s face \u00e0 Benfica aux tirs au but (2-2, 4-5 aux t.a.b.), malgr\u00e9 le renfort de Lucas Michal, auteur d&rsquo;un doubl\u00e9 (10e, 48e). Les Mon\u00e9gasques peuvent regretter cette issue [&#8230;]\n","protected":false},"author":2,"featured_media":0,"comment_status":"open","ping_status":"open","sticky":false,"template":"","format":"standard","meta":[],"categories":[6],"tags":[76,280,86,112],"yoast_head":"<!-- This site is optimized with the Yoast SEO plugin v19.8 - https:\/\/yoast.com\/wordpress\/plugins\/seo\/ -->\n<title>Les U19 \u00e9limin\u00e9s de la Al Abtal Cup - La Diagonale<\/title>\n<meta name=\"robots\" content=\"index, follow, max-snippet:-1, max-image-preview:large, max-video-preview:-1\" \/>\n<link rel=\"canonical\" href=\"https:\/\/www.ladiagonale.net\/index.php\/2024\/05\/02\/les-u19-elimines-de-la-al-abtal-cup\/\" \/>\n<meta property=\"og:locale\" content=\"fr_FR\" \/>\n<meta property=\"og:type\" content=\"article\" \/>\n<meta property=\"og:title\" content=\"Les U19 \u00e9limin\u00e9s de la Al Abtal Cup - La Diagonale\" \/>\n<meta property=\"og:description\" content=\"Petite d\u00e9ception pour les U19 de l&rsquo;AS Monaco, \u00e9limin\u00e9s en quart de finale de la Al Abtal Cup. Mercredi, les hommes de Fr\u00e9d\u00e9ric Barilaro se sont inclin\u00e9s face \u00e0 Benfica aux tirs au but (2-2, 4-5 aux t.a.b.), malgr\u00e9 le renfort de Lucas Michal, auteur d&rsquo;un doubl\u00e9 (10e, 48e). Les Mon\u00e9gasques peuvent regretter cette issue [...]\" \/>\n<meta property=\"og:url\" content=\"https:\/\/www.ladiagonale.net\/index.php\/2024\/05\/02\/les-u19-elimines-de-la-al-abtal-cup\/\" \/>\n<meta property=\"og:site_name\" content=\"La Diagonale\" \/>\n<meta property=\"article:published_time\" content=\"2024-05-02T08:41:46+00:00\" \/>\n<meta property=\"article:modified_time\" content=\"2024-05-08T15:56:31+00:00\" \/>\n<meta property=\"og:image\" content=\"https:\/\/www.ladiagonale.net\/wp-content\/uploads\/2024\/03\/michal-mu.png\" \/>\n\t<meta property=\"og:image:width\" content=\"1160\" \/>\n\t<meta property=\"og:image:height\" content=\"650\" \/>\n\t<meta property=\"og:image:type\" content=\"image\/png\" \/>\n<meta name=\"author\" content=\"Damien Dellerba\" \/>\n<meta name=\"twitter:card\" content=\"summary_large_image\" \/>\n<meta name=\"twitter:image\" content=\"https:\/\/www.ladiagonale.net\/wp-content\/uploads\/2024\/03\/michal-mu.png\" \/>\n<meta name=\"twitter:label1\" content=\"\u00c9crit par\" \/>\n\t<meta name=\"twitter:data1\" content=\"Damien Dellerba\" \/>\n\t<meta name=\"twitter:label2\" content=\"Dur\u00e9e de lecture estim\u00e9e\" \/>\n\t<meta name=\"twitter:data2\" content=\"1 minute\" \/>\n<script type=\"application\/ld+json\" class=\"yoast-schema-graph\">{\"@context\":\"https:\/\/schema.org\",\"@graph\":[{\"@type\":\"WebPage\",\"@id\":\"https:\/\/www.ladiagonale.net\/index.php\/2024\/05\/02\/les-u19-elimines-de-la-al-abtal-cup\/\",\"url\":\"https:\/\/www.ladiagonale.net\/index.php\/2024\/05\/02\/les-u19-elimines-de-la-al-abtal-cup\/\",\"name\":\"Les U19 \u00e9limin\u00e9s de la Al Abtal Cup - La Diagonale\",\"isPartOf\":{\"@id\":\"https:\/\/www.ladiagonale.net\/#website\"},\"datePublished\":\"2024-05-02T08:41:46+00:00\",\"dateModified\":\"2024-05-08T15:56:31+00:00\",\"author\":{\"@id\":\"https:\/\/www.ladiagonale.net\/#\/schema\/person\/79ff1e7b0853ed01b2aa26e64ad300bf\"},\"breadcrumb\":{\"@id\":\"https:\/\/www.ladiagonale.net\/index.php\/2024\/05\/02\/les-u19-elimines-de-la-al-abtal-cup\/#breadcrumb\"},\"inLanguage\":\"fr-FR\",\"potentialAction\":[{\"@type\":\"ReadAction\",\"target\":[\"https:\/\/www.ladiagonale.net\/index.php\/2024\/05\/02\/les-u19-elimines-de-la-al-abtal-cup\/\"]}]},{\"@type\":\"BreadcrumbList\",\"@id\":\"https:\/\/www.ladiagonale.net\/index.php\/2024\/05\/02\/les-u19-elimines-de-la-al-abtal-cup\/#breadcrumb\",\"itemListElement\":[{\"@type\":\"ListItem\",\"position\":1,\"name\":\"Accueil\",\"item\":\"https:\/\/www.ladiagonale.net\/\"},{\"@type\":\"ListItem\",\"position\":2,\"name\":\"Les U19 \u00e9limin\u00e9s de la Al Abtal Cup\"}]},{\"@type\":\"WebSite\",\"@id\":\"https:\/\/www.ladiagonale.net\/#website\",\"url\":\"https:\/\/www.ladiagonale.net\/\",\"name\":\"La Diagonale\",\"description\":\"Le site des supporters de l&#039;AS Monaco FC\",\"potentialAction\":[{\"@type\":\"SearchAction\",\"target\":{\"@type\":\"EntryPoint\",\"urlTemplate\":\"https:\/\/www.ladiagonale.net\/?s={search_term_string}\"},\"query-input\":\"required name=search_term_string\"}],\"inLanguage\":\"fr-FR\"},{\"@type\":\"Person\",\"@id\":\"https:\/\/www.ladiagonale.net\/#\/schema\/person\/79ff1e7b0853ed01b2aa26e64ad300bf\",\"name\":\"Damien Dellerba\",\"image\":{\"@type\":\"ImageObject\",\"inLanguage\":\"fr-FR\",\"@id\":\"https:\/\/www.ladiagonale.net\/#\/schema\/person\/image\/\",\"url\":\"https:\/\/secure.gravatar.com\/avatar\/c7850e06d3ff63cdbaee88b7fc16e2f0?s=96&d=mm&r=g\",\"contentUrl\":\"https:\/\/secure.gravatar.com\/avatar\/c7850e06d3ff63cdbaee88b7fc16e2f0?s=96&d=mm&r=g\",\"caption\":\"Damien Dellerba\"},\"url\":\"https:\/\/www.ladiagonale.net\/index.php\/author\/damien\/\"}]}<\/script>\n<!-- \/ Yoast SEO plugin. -->","yoast_head_json":{"title":"Les U19 \u00e9limin\u00e9s de la Al Abtal Cup - La Diagonale","robots":{"index":"index","follow":"follow","max-snippet":"max-snippet:-1","max-image-preview":"max-image-preview:large","max-video-preview":"max-video-preview:-1"},"canonical":"https:\/\/www.ladiagonale.net\/index.php\/2024\/05\/02\/les-u19-elimines-de-la-al-abtal-cup\/","og_locale":"fr_FR","og_type":"article","og_title":"Les U19 \u00e9limin\u00e9s de la Al Abtal Cup - La Diagonale","og_description":"Petite d\u00e9ception pour les U19 de l&rsquo;AS Monaco, \u00e9limin\u00e9s en quart de finale de la Al Abtal Cup. Mercredi, les hommes de Fr\u00e9d\u00e9ric Barilaro se sont inclin\u00e9s face \u00e0 Benfica aux tirs au but (2-2, 4-5 aux t.a.b.), malgr\u00e9 le renfort de Lucas Michal, auteur d&rsquo;un doubl\u00e9 (10e, 48e). Les Mon\u00e9gasques peuvent regretter cette issue [...]","og_url":"https:\/\/www.ladiagonale.net\/index.php\/2024\/05\/02\/les-u19-elimines-de-la-al-abtal-cup\/","og_site_name":"La Diagonale","article_published_time":"2024-05-02T08:41:46+00:00","article_modified_time":"2024-05-08T15:56:31+00:00","og_image":[{"width":1160,"height":650,"url":"https:\/\/www.ladiagonale.net\/wp-content\/uploads\/2024\/03\/michal-mu.png","type":"image\/png"}],"author":"Damien Dellerba","twitter_card":"summary_large_image","twitter_image":"https:\/\/www.ladiagonale.net\/wp-content\/uploads\/2024\/03\/michal-mu.png","twitter_misc":{"\u00c9crit par":"Damien Dellerba","Dur\u00e9e de lecture estim\u00e9e":"1 minute"},"schema":{"@context":"https:\/\/schema.org","@graph":[{"@type":"WebPage","@id":"https:\/\/www.ladiagonale.net\/index.php\/2024\/05\/02\/les-u19-elimines-de-la-al-abtal-cup\/","url":"https:\/\/www.ladiagonale.net\/index.php\/2024\/05\/02\/les-u19-elimines-de-la-al-abtal-cup\/","name":"Les U19 \u00e9limin\u00e9s de la Al Abtal Cup - La Diagonale","isPartOf":{"@id":"https:\/\/www.ladiagonale.net\/#website"},"datePublished":"2024-05-02T08:41:46+00:00","dateModified":"2024-05-08T15:56:31+00:00","author":{"@id":"https:\/\/www.ladiagonale.net\/#\/schema\/person\/79ff1e7b0853ed01b2aa26e64ad300bf"},"breadcrumb":{"@id":"https:\/\/www.ladiagonale.net\/index.php\/2024\/05\/02\/les-u19-elimines-de-la-al-abtal-cup\/#breadcrumb"},"inLanguage":"fr-FR","potentialAction":[{"@type":"ReadAction","target":["https:\/\/www.ladiagonale.net\/index.php\/2024\/05\/02\/les-u19-elimines-de-la-al-abtal-cup\/"]}]},{"@type":"BreadcrumbList","@id":"https:\/\/www.ladiagonale.net\/index.php\/2024\/05\/02\/les-u19-elimines-de-la-al-abtal-cup\/#breadcrumb","itemListElement":[{"@type":"ListItem","position":1,"name":"Accueil","item":"https:\/\/www.ladiagonale.net\/"},{"@type":"ListItem","position":2,"name":"Les U19 \u00e9limin\u00e9s de la Al Abtal Cup"}]},{"@type":"WebSite","@id":"https:\/\/www.ladiagonale.net\/#website","url":"https:\/\/www.ladiagonale.net\/","name":"La Diagonale","description":"Le site des supporters de l&#039;AS Monaco FC","potentialAction":[{"@type":"SearchAction","target":{"@type":"EntryPoint","urlTemplate":"https:\/\/www.ladiagonale.net\/?s={search_term_string}"},"query-input":"required name=search_term_string"}],"inLanguage":"fr-FR"},{"@type":"Person","@id":"https:\/\/www.ladiagonale.net\/#\/schema\/person\/79ff1e7b0853ed01b2aa26e64ad300bf","name":"Damien Dellerba","image":{"@type":"ImageObject","inLanguage":"fr-FR","@id":"https:\/\/www.ladiagonale.net\/#\/schema\/person\/image\/","url":"https:\/\/secure.gravatar.com\/avatar\/c7850e06d3ff63cdbaee88b7fc16e2f0?s=96&d=mm&r=g","contentUrl":"https:\/\/secure.gravatar.com\/avatar\/c7850e06d3ff63cdbaee88b7fc16e2f0?s=96&d=mm&r=g","caption":"Damien Dellerba"},"url":"https:\/\/www.ladiagonale.net\/index.php\/author\/damien\/"}]}},"_links":{"self":[{"href":"https:\/\/www.ladiagonale.net\/index.php\/wp-json\/wp\/v2\/posts\/22730"}],"collection":[{"href":"https:\/\/www.ladiagonale.net\/index.php\/wp-json\/wp\/v2\/posts"}],"about":[{"href":"https:\/\/www.ladiagonale.net\/index.php\/wp-json\/wp\/v2\/types\/post"}],"author":[{"embeddable":true,"href":"https:\/\/www.ladiagonale.net\/index.php\/wp-json\/wp\/v2\/users\/2"}],"replies":[{"embeddable":true,"href":"https:\/\/www.ladiagonale.net\/index.php\/wp-json\/wp\/v2\/comments?post=22730"}],"version-history":[{"count":3,"href":"https:\/\/www.ladiagonale.net\/index.php\/wp-json\/wp\/v2\/posts\/22730\/revisions"}],"predecessor-version":[{"id":22854,"href":"https:\/\/www.ladiagonale.net\/index.php\/wp-json\/wp\/v2\/posts\/22730\/revisions\/22854"}],"wp:attachment":[{"href":"https:\/\/www.ladiagonale.net\/index.php\/wp-json\/wp\/v2\/media?parent=22730"}],"wp:term":[{"taxonomy":"category","embeddable":true,"href":"https:\/\/www.ladiagonale.net\/index.php\/wp-json\/wp\/v2\/categories?post=22730"},{"taxonomy":"post_tag","embeddable":true,"href":"https:\/\/www.ladiagonale.net\/index.php\/wp-json\/wp\/v2\/tags?post=22730"}],"curies":[{"name":"wp","href":"https:\/\/api.w.org\/{rel}","templated":true}]}}