{"id":22766,"date":"2024-05-03T21:09:52","date_gmt":"2024-05-03T19:09:52","guid":{"rendered":"https:\/\/www.ladiagonale.net\/?p=22766"},"modified":"2024-05-03T21:51:56","modified_gmt":"2024-05-03T19:51:56","slug":"le-groupe-clermontois-matsima-ne-sera-pas-la","status":"publish","type":"post","link":"https:\/\/www.ladiagonale.net\/index.php\/2024\/05\/03\/le-groupe-clermontois-matsima-ne-sera-pas-la\/","title":{"rendered":"Le groupe clermontois : Matsima ne sera pas l\u00e0"},"content":{"rendered":"\n<p>L\u2019op\u00e9ration maintien sera difficile pour les Clermontois \u00e0 Monaco ce samedi. Chrislain Matsima, pr\u00eat\u00e9 par l\u2019ASM, ne sera pas align\u00e9 en vertu d\u2019un accord entre les deux clubs. Plusieurs joueurs importants seront absents puisque Elbasan Rashani est suspendu tandis que Maxime Gonalons et Jim Allevinah sont forfaits.<\/p>\n\n\n\n<p>Incertains cette semaine, Bilal Boutobba et J\u00e9r\u00e9my Jacquet sont finalement pr\u00e9sents dans le groupe.<\/p>\n\n\n\n<h3 class=\"wp-block-heading\">Le groupe clermontois<\/h3>\n\n\n\n<ul>\n\n<li><strong>Gardiens : <\/strong>Diaw, N\u2019Diaye.<\/li>\n\n\n<li><strong>D\u00e9fenseurs : <\/strong>Armougom, Borges, Caufriez, Jacquet, Ogier, Pelmard, Zeffane.<\/li>\n\n\n<li><strong>Milieux : <\/strong>Berkani, Boutobba, Cham, Gastien, Ke\u00efta, Magnin.<\/li>\n\n\n<li><strong>Attaquants :<\/strong> Bela, Bouchenna, Fakili, Kyei, Nicholson, Virginius.<\/li>\n\n<\/ul>\n\n\n\n<p><em>Absents : <\/em>Rashani (suspendu), Allevinah, Gonalons, Konat\u00e9, Mabrouk (bless\u00e9s), Matsima (accord entre clubs), Andric (choix de l\u2019entra\u00eeneur).<\/p>\n","protected":false},"excerpt":{"rendered":"<p>L\u2019op\u00e9ration maintien sera difficile pour les Clermontois \u00e0 Monaco ce samedi. Chrislain Matsima, pr\u00eat\u00e9 par l\u2019ASM, ne sera pas align\u00e9 en vertu d\u2019un accord entre les deux clubs. Plusieurs joueurs importants seront absents puisque Elbasan Rashani est suspendu tandis que Maxime Gonalons et Jim Allevinah sont forfaits. Incertains cette semaine, Bilal Boutobba et J\u00e9r\u00e9my Jacquet [&#8230;]\n","protected":false},"author":1,"featured_media":0,"comment_status":"open","ping_status":"open","sticky":false,"template":"","format":"standard","meta":[],"categories":[6],"tags":[86,225,94,243],"yoast_head":"<!-- This site is optimized with the Yoast SEO plugin v19.8 - https:\/\/yoast.com\/wordpress\/plugins\/seo\/ -->\n<title>Le groupe clermontois : Matsima ne sera pas l\u00e0 - La Diagonale<\/title>\n<meta name=\"robots\" content=\"index, follow, max-snippet:-1, max-image-preview:large, max-video-preview:-1\" \/>\n<link rel=\"canonical\" href=\"https:\/\/www.ladiagonale.net\/index.php\/2024\/05\/03\/le-groupe-clermontois-matsima-ne-sera-pas-la\/\" \/>\n<meta property=\"og:locale\" content=\"fr_FR\" \/>\n<meta property=\"og:type\" content=\"article\" \/>\n<meta property=\"og:title\" content=\"Le groupe clermontois : Matsima ne sera pas l\u00e0 - La Diagonale\" \/>\n<meta property=\"og:description\" content=\"L\u2019op\u00e9ration maintien sera difficile pour les Clermontois \u00e0 Monaco ce samedi. Chrislain Matsima, pr\u00eat\u00e9 par l\u2019ASM, ne sera pas align\u00e9 en vertu d\u2019un accord entre les deux clubs. Plusieurs joueurs importants seront absents puisque Elbasan Rashani est suspendu tandis que Maxime Gonalons et Jim Allevinah sont forfaits. Incertains cette semaine, Bilal Boutobba et J\u00e9r\u00e9my Jacquet [...]\" \/>\n<meta property=\"og:url\" content=\"https:\/\/www.ladiagonale.net\/index.php\/2024\/05\/03\/le-groupe-clermontois-matsima-ne-sera-pas-la\/\" \/>\n<meta property=\"og:site_name\" content=\"La Diagonale\" \/>\n<meta property=\"article:published_time\" content=\"2024-05-03T19:09:52+00:00\" \/>\n<meta property=\"article:modified_time\" content=\"2024-05-03T19:51:56+00:00\" \/>\n<meta property=\"og:image\" content=\"https:\/\/www.ladiagonale.net\/wp-content\/uploads\/2024\/05\/IMG_3806.png\" \/>\n\t<meta property=\"og:image:width\" content=\"657\" \/>\n\t<meta property=\"og:image:height\" content=\"438\" \/>\n\t<meta property=\"og:image:type\" content=\"image\/png\" \/>\n<meta name=\"author\" content=\"admin\" \/>\n<meta name=\"twitter:card\" content=\"summary_large_image\" \/>\n<meta name=\"twitter:image\" content=\"https:\/\/www.ladiagonale.net\/wp-content\/uploads\/2024\/05\/IMG_3806.png\" \/>\n<meta name=\"twitter:label1\" content=\"\u00c9crit par\" \/>\n\t<meta name=\"twitter:data1\" content=\"admin\" \/>\n\t<meta name=\"twitter:label2\" content=\"Dur\u00e9e de lecture estim\u00e9e\" \/>\n\t<meta name=\"twitter:data2\" content=\"1 minute\" \/>\n<script type=\"application\/ld+json\" class=\"yoast-schema-graph\">{\"@context\":\"https:\/\/schema.org\",\"@graph\":[{\"@type\":\"WebPage\",\"@id\":\"https:\/\/www.ladiagonale.net\/index.php\/2024\/05\/03\/le-groupe-clermontois-matsima-ne-sera-pas-la\/\",\"url\":\"https:\/\/www.ladiagonale.net\/index.php\/2024\/05\/03\/le-groupe-clermontois-matsima-ne-sera-pas-la\/\",\"name\":\"Le groupe clermontois : Matsima ne sera pas l\u00e0 - La Diagonale\",\"isPartOf\":{\"@id\":\"https:\/\/www.ladiagonale.net\/#website\"},\"datePublished\":\"2024-05-03T19:09:52+00:00\",\"dateModified\":\"2024-05-03T19:51:56+00:00\",\"author\":{\"@id\":\"https:\/\/www.ladiagonale.net\/#\/schema\/person\/03fa041acd51875ece8bf97a37252a4d\"},\"breadcrumb\":{\"@id\":\"https:\/\/www.ladiagonale.net\/index.php\/2024\/05\/03\/le-groupe-clermontois-matsima-ne-sera-pas-la\/#breadcrumb\"},\"inLanguage\":\"fr-FR\",\"potentialAction\":[{\"@type\":\"ReadAction\",\"target\":[\"https:\/\/www.ladiagonale.net\/index.php\/2024\/05\/03\/le-groupe-clermontois-matsima-ne-sera-pas-la\/\"]}]},{\"@type\":\"BreadcrumbList\",\"@id\":\"https:\/\/www.ladiagonale.net\/index.php\/2024\/05\/03\/le-groupe-clermontois-matsima-ne-sera-pas-la\/#breadcrumb\",\"itemListElement\":[{\"@type\":\"ListItem\",\"position\":1,\"name\":\"Accueil\",\"item\":\"https:\/\/www.ladiagonale.net\/\"},{\"@type\":\"ListItem\",\"position\":2,\"name\":\"Le groupe clermontois : Matsima ne sera pas l\u00e0\"}]},{\"@type\":\"WebSite\",\"@id\":\"https:\/\/www.ladiagonale.net\/#website\",\"url\":\"https:\/\/www.ladiagonale.net\/\",\"name\":\"La Diagonale\",\"description\":\"Le site des supporters de l&#039;AS Monaco FC\",\"potentialAction\":[{\"@type\":\"SearchAction\",\"target\":{\"@type\":\"EntryPoint\",\"urlTemplate\":\"https:\/\/www.ladiagonale.net\/?s={search_term_string}\"},\"query-input\":\"required name=search_term_string\"}],\"inLanguage\":\"fr-FR\"},{\"@type\":\"Person\",\"@id\":\"https:\/\/www.ladiagonale.net\/#\/schema\/person\/03fa041acd51875ece8bf97a37252a4d\",\"name\":\"admin\",\"image\":{\"@type\":\"ImageObject\",\"inLanguage\":\"fr-FR\",\"@id\":\"https:\/\/www.ladiagonale.net\/#\/schema\/person\/image\/\",\"url\":\"https:\/\/secure.gravatar.com\/avatar\/894b9daaf19cc759b072b6bb09cac5f2?s=96&d=mm&r=g\",\"contentUrl\":\"https:\/\/secure.gravatar.com\/avatar\/894b9daaf19cc759b072b6bb09cac5f2?s=96&d=mm&r=g\",\"caption\":\"admin\"},\"sameAs\":[\"https:\/\/v2.ladiagonale.net\"],\"url\":\"https:\/\/www.ladiagonale.net\/index.php\/author\/admin\/\"}]}<\/script>\n<!-- \/ Yoast SEO plugin. -->","yoast_head_json":{"title":"Le groupe clermontois : Matsima ne sera pas l\u00e0 - La Diagonale","robots":{"index":"index","follow":"follow","max-snippet":"max-snippet:-1","max-image-preview":"max-image-preview:large","max-video-preview":"max-video-preview:-1"},"canonical":"https:\/\/www.ladiagonale.net\/index.php\/2024\/05\/03\/le-groupe-clermontois-matsima-ne-sera-pas-la\/","og_locale":"fr_FR","og_type":"article","og_title":"Le groupe clermontois : Matsima ne sera pas l\u00e0 - La Diagonale","og_description":"L\u2019op\u00e9ration maintien sera difficile pour les Clermontois \u00e0 Monaco ce samedi. Chrislain Matsima, pr\u00eat\u00e9 par l\u2019ASM, ne sera pas align\u00e9 en vertu d\u2019un accord entre les deux clubs. Plusieurs joueurs importants seront absents puisque Elbasan Rashani est suspendu tandis que Maxime Gonalons et Jim Allevinah sont forfaits. Incertains cette semaine, Bilal Boutobba et J\u00e9r\u00e9my Jacquet [...]","og_url":"https:\/\/www.ladiagonale.net\/index.php\/2024\/05\/03\/le-groupe-clermontois-matsima-ne-sera-pas-la\/","og_site_name":"La Diagonale","article_published_time":"2024-05-03T19:09:52+00:00","article_modified_time":"2024-05-03T19:51:56+00:00","og_image":[{"width":657,"height":438,"url":"https:\/\/www.ladiagonale.net\/wp-content\/uploads\/2024\/05\/IMG_3806.png","type":"image\/png"}],"author":"admin","twitter_card":"summary_large_image","twitter_image":"https:\/\/www.ladiagonale.net\/wp-content\/uploads\/2024\/05\/IMG_3806.png","twitter_misc":{"\u00c9crit par":"admin","Dur\u00e9e de lecture estim\u00e9e":"1 minute"},"schema":{"@context":"https:\/\/schema.org","@graph":[{"@type":"WebPage","@id":"https:\/\/www.ladiagonale.net\/index.php\/2024\/05\/03\/le-groupe-clermontois-matsima-ne-sera-pas-la\/","url":"https:\/\/www.ladiagonale.net\/index.php\/2024\/05\/03\/le-groupe-clermontois-matsima-ne-sera-pas-la\/","name":"Le groupe clermontois : Matsima ne sera pas l\u00e0 - La Diagonale","isPartOf":{"@id":"https:\/\/www.ladiagonale.net\/#website"},"datePublished":"2024-05-03T19:09:52+00:00","dateModified":"2024-05-03T19:51:56+00:00","author":{"@id":"https:\/\/www.ladiagonale.net\/#\/schema\/person\/03fa041acd51875ece8bf97a37252a4d"},"breadcrumb":{"@id":"https:\/\/www.ladiagonale.net\/index.php\/2024\/05\/03\/le-groupe-clermontois-matsima-ne-sera-pas-la\/#breadcrumb"},"inLanguage":"fr-FR","potentialAction":[{"@type":"ReadAction","target":["https:\/\/www.ladiagonale.net\/index.php\/2024\/05\/03\/le-groupe-clermontois-matsima-ne-sera-pas-la\/"]}]},{"@type":"BreadcrumbList","@id":"https:\/\/www.ladiagonale.net\/index.php\/2024\/05\/03\/le-groupe-clermontois-matsima-ne-sera-pas-la\/#breadcrumb","itemListElement":[{"@type":"ListItem","position":1,"name":"Accueil","item":"https:\/\/www.ladiagonale.net\/"},{"@type":"ListItem","position":2,"name":"Le groupe clermontois : Matsima ne sera pas l\u00e0"}]},{"@type":"WebSite","@id":"https:\/\/www.ladiagonale.net\/#website","url":"https:\/\/www.ladiagonale.net\/","name":"La Diagonale","description":"Le site des supporters de l&#039;AS Monaco FC","potentialAction":[{"@type":"SearchAction","target":{"@type":"EntryPoint","urlTemplate":"https:\/\/www.ladiagonale.net\/?s={search_term_string}"},"query-input":"required name=search_term_string"}],"inLanguage":"fr-FR"},{"@type":"Person","@id":"https:\/\/www.ladiagonale.net\/#\/schema\/person\/03fa041acd51875ece8bf97a37252a4d","name":"admin","image":{"@type":"ImageObject","inLanguage":"fr-FR","@id":"https:\/\/www.ladiagonale.net\/#\/schema\/person\/image\/","url":"https:\/\/secure.gravatar.com\/avatar\/894b9daaf19cc759b072b6bb09cac5f2?s=96&d=mm&r=g","contentUrl":"https:\/\/secure.gravatar.com\/avatar\/894b9daaf19cc759b072b6bb09cac5f2?s=96&d=mm&r=g","caption":"admin"},"sameAs":["https:\/\/v2.ladiagonale.net"],"url":"https:\/\/www.ladiagonale.net\/index.php\/author\/admin\/"}]}},"_links":{"self":[{"href":"https:\/\/www.ladiagonale.net\/index.php\/wp-json\/wp\/v2\/posts\/22766"}],"collection":[{"href":"https:\/\/www.ladiagonale.net\/index.php\/wp-json\/wp\/v2\/posts"}],"about":[{"href":"https:\/\/www.ladiagonale.net\/index.php\/wp-json\/wp\/v2\/types\/post"}],"author":[{"embeddable":true,"href":"https:\/\/www.ladiagonale.net\/index.php\/wp-json\/wp\/v2\/users\/1"}],"replies":[{"embeddable":true,"href":"https:\/\/www.ladiagonale.net\/index.php\/wp-json\/wp\/v2\/comments?post=22766"}],"version-history":[{"count":4,"href":"https:\/\/www.ladiagonale.net\/index.php\/wp-json\/wp\/v2\/posts\/22766\/revisions"}],"predecessor-version":[{"id":22776,"href":"https:\/\/www.ladiagonale.net\/index.php\/wp-json\/wp\/v2\/posts\/22766\/revisions\/22776"}],"wp:attachment":[{"href":"https:\/\/www.ladiagonale.net\/index.php\/wp-json\/wp\/v2\/media?parent=22766"}],"wp:term":[{"taxonomy":"category","embeddable":true,"href":"https:\/\/www.ladiagonale.net\/index.php\/wp-json\/wp\/v2\/categories?post=22766"},{"taxonomy":"post_tag","embeddable":true,"href":"https:\/\/www.ladiagonale.net\/index.php\/wp-json\/wp\/v2\/tags?post=22766"}],"curies":[{"name":"wp","href":"https:\/\/api.w.org\/{rel}","templated":true}]}}