{"id":22779,"date":"2024-05-04T09:25:00","date_gmt":"2024-05-04T07:25:00","guid":{"rendered":"https:\/\/www.ladiagonale.net\/?p=22779"},"modified":"2024-05-04T05:31:09","modified_gmt":"2024-05-04T03:31:09","slug":"gare-au-piege","status":"publish","type":"post","link":"https:\/\/www.ladiagonale.net\/index.php\/2024\/05\/04\/gare-au-piege\/","title":{"rendered":"Gare au pi\u00e8ge"},"content":{"rendered":"\n<p><strong>Une semaine apr\u00e8s avoir chut\u00e9 contre Lyon, Monaco doit rebondir face \u00e0 Clermont, lanterne rouge de Ligue 1 ce samedi (17h) pour la 32<sup>e<\/sup> journ\u00e9e.<\/strong><\/p>\n\n\n\n<p>Il fallait bien que cela arrive. Apr\u00e8s huit rencontres \u00e0 refuser la d\u00e9faite, la neuvi\u00e8me a \u00e9t\u00e9 fatale \u00e0 Monaco, qui s\u2019est inclin\u00e9 contre Lyon dimanche dernier (2-3). Pour sa troisi\u00e8me rencontre en sept jours, et face \u00e0 trois des meilleures \u00e9quipes actuelles de ce championnat, Monaco aura donc fini par l\u00e2cher des points. Mais les Rouge et Blanc ont peut-\u00eatre choisi le meilleur moment pour cela, juste apr\u00e8s avoir sign\u00e9 des victoires d\u2019une grande importance contre Brest (2-0) et Lille (1-0). L\u2019avenir et les trois derniers matches de la saison nous en diront plus des cons\u00e9quences ou non de cette d\u00e9faite, mais en attendant, Monaco garde la main dans la lutte pour la deuxi\u00e8me place et pour une qualification directe en Ligue des champions.<\/p>\n\n\n\n<p>Avec deux et trois points d\u2019avance sur Brest et Lille, les Mon\u00e9gasques voient en plus leur calendrier se d\u00e9gager avec trois \u00e9quipes de la seconde moiti\u00e9 de tableau \u00e0 venir. La prochaine \u00e9tape pour l\u2019ASM s\u2019appelle Clermont, qui occupe la derni\u00e8re place en Ligue 1. Les Clermontois n\u2019ont certes plus le choix s\u2019ils veulent se maintenir dans l\u2019\u00e9lite, et l\u2019ASM va devoir \u00e9viter le pi\u00e8ge de cette \u00e9quipe qui l\u2019avait pas mal g\u00ean\u00e9 \u00e0 l\u2019aller. Samedi, Monaco ne pourra faire de sentiments devant la situation difficile des Clermontois alors qu\u2019il joue son avenir europ\u00e9en. \u00ab\u00a0<em>On veut se mettre \u00e0 l\u2019abri le plus vite possible pour avoir une fin de saison plus calme et pouvoir anticiper et pr\u00e9parer au mieux la saison prochaine<\/em>\u00a0\u00bb, avait dit Youssouf Fofana avant le d\u00e9placement dans le Rh\u00f4ne. Les Rouge et Blanc ont perdu un peu de temps en chemin, mais ils restent toujours sur la grand-route qui m\u00e8ne \u00e0 la C1.<\/p>\n\n\n\n<p>Les As\u00e9mistes auront tout de m\u00eame laiss\u00e9 quelques joueurs importants sur le bas-c\u00f4t\u00e9 en cette fin d\u2019exercice. Apr\u00e8s Golovin, c\u2019est Denis Zakaria qui va devoir abandonner ses co\u00e9quipiers pour les derni\u00e8res \u00e9ch\u00e9ances de la saison. Le milieu de terrain suisse souffre d\u2019une d\u00e9chirure \u00e0 l\u2019ischio-jambier droit et voit d\u00e9sormais sa participation \u00e0 l\u2019Euro remise en question. Un coup dur pour Monaco, un de plus, \u00e0 qui pas grand-chose n\u2019aura finalement \u00e9t\u00e9 \u00e9pargn\u00e9. Auteur d\u2019une saison discr\u00e8te, Mohamed Camara aura l\u2019occasion de redorer son blason et ainsi aider Monaco \u00e0 retrouver une place parmi les \u00e9toiles europ\u00e9ennes.<\/p>\n\n\n","protected":false},"excerpt":{"rendered":"<p>Une semaine apr\u00e8s avoir chut\u00e9 contre Lyon, Monaco doit rebondir face \u00e0 Clermont, lanterne rouge de Ligue 1 ce samedi (17h) pour la 32e journ\u00e9e. Il fallait bien que cela arrive. Apr\u00e8s huit rencontres \u00e0 refuser la d\u00e9faite, la neuvi\u00e8me a \u00e9t\u00e9 fatale \u00e0 Monaco, qui s\u2019est inclin\u00e9 contre Lyon dimanche dernier (2-3). Pour sa [&#8230;]\n","protected":false},"author":2,"featured_media":22780,"comment_status":"open","ping_status":"open","sticky":false,"template":"","format":"standard","meta":[],"categories":[5,6],"tags":[86,94,243],"yoast_head":"<!-- This site is optimized with the Yoast SEO plugin v19.8 - https:\/\/yoast.com\/wordpress\/plugins\/seo\/ -->\n<title>Gare au pi\u00e8ge - La Diagonale<\/title>\n<meta name=\"robots\" content=\"index, follow, max-snippet:-1, max-image-preview:large, max-video-preview:-1\" \/>\n<link rel=\"canonical\" href=\"https:\/\/www.ladiagonale.net\/index.php\/2024\/05\/04\/gare-au-piege\/\" \/>\n<meta property=\"og:locale\" content=\"fr_FR\" \/>\n<meta property=\"og:type\" content=\"article\" \/>\n<meta property=\"og:title\" content=\"Gare au pi\u00e8ge - La Diagonale\" \/>\n<meta property=\"og:description\" content=\"Une semaine apr\u00e8s avoir chut\u00e9 contre Lyon, Monaco doit rebondir face \u00e0 Clermont, lanterne rouge de Ligue 1 ce samedi (17h) pour la 32e journ\u00e9e. Il fallait bien que cela arrive. Apr\u00e8s huit rencontres \u00e0 refuser la d\u00e9faite, la neuvi\u00e8me a \u00e9t\u00e9 fatale \u00e0 Monaco, qui s\u2019est inclin\u00e9 contre Lyon dimanche dernier (2-3). Pour sa [...]\" \/>\n<meta property=\"og:url\" content=\"https:\/\/www.ladiagonale.net\/index.php\/2024\/05\/04\/gare-au-piege\/\" \/>\n<meta property=\"og:site_name\" content=\"La Diagonale\" \/>\n<meta property=\"article:published_time\" content=\"2024-05-04T07:25:00+00:00\" \/>\n<meta property=\"article:modified_time\" content=\"2024-05-04T03:31:09+00:00\" \/>\n<meta property=\"og:image\" content=\"https:\/\/www.ladiagonale.net\/wp-content\/uploads\/2024\/05\/cam.png\" \/>\n\t<meta property=\"og:image:width\" content=\"1160\" \/>\n\t<meta property=\"og:image:height\" content=\"650\" \/>\n\t<meta property=\"og:image:type\" content=\"image\/png\" \/>\n<meta name=\"author\" content=\"Damien Dellerba\" \/>\n<meta name=\"twitter:card\" content=\"summary_large_image\" \/>\n<meta name=\"twitter:image\" content=\"https:\/\/www.ladiagonale.net\/wp-content\/uploads\/2024\/05\/cam.png\" \/>\n<meta name=\"twitter:label1\" content=\"\u00c9crit par\" \/>\n\t<meta name=\"twitter:data1\" content=\"Damien Dellerba\" \/>\n\t<meta name=\"twitter:label2\" content=\"Dur\u00e9e de lecture estim\u00e9e\" \/>\n\t<meta name=\"twitter:data2\" content=\"3 minutes\" \/>\n<script type=\"application\/ld+json\" class=\"yoast-schema-graph\">{\"@context\":\"https:\/\/schema.org\",\"@graph\":[{\"@type\":\"WebPage\",\"@id\":\"https:\/\/www.ladiagonale.net\/index.php\/2024\/05\/04\/gare-au-piege\/\",\"url\":\"https:\/\/www.ladiagonale.net\/index.php\/2024\/05\/04\/gare-au-piege\/\",\"name\":\"Gare au pi\u00e8ge - La Diagonale\",\"isPartOf\":{\"@id\":\"https:\/\/www.ladiagonale.net\/#website\"},\"datePublished\":\"2024-05-04T07:25:00+00:00\",\"dateModified\":\"2024-05-04T03:31:09+00:00\",\"author\":{\"@id\":\"https:\/\/www.ladiagonale.net\/#\/schema\/person\/79ff1e7b0853ed01b2aa26e64ad300bf\"},\"breadcrumb\":{\"@id\":\"https:\/\/www.ladiagonale.net\/index.php\/2024\/05\/04\/gare-au-piege\/#breadcrumb\"},\"inLanguage\":\"fr-FR\",\"potentialAction\":[{\"@type\":\"ReadAction\",\"target\":[\"https:\/\/www.ladiagonale.net\/index.php\/2024\/05\/04\/gare-au-piege\/\"]}]},{\"@type\":\"BreadcrumbList\",\"@id\":\"https:\/\/www.ladiagonale.net\/index.php\/2024\/05\/04\/gare-au-piege\/#breadcrumb\",\"itemListElement\":[{\"@type\":\"ListItem\",\"position\":1,\"name\":\"Accueil\",\"item\":\"https:\/\/www.ladiagonale.net\/\"},{\"@type\":\"ListItem\",\"position\":2,\"name\":\"Gare au pi\u00e8ge\"}]},{\"@type\":\"WebSite\",\"@id\":\"https:\/\/www.ladiagonale.net\/#website\",\"url\":\"https:\/\/www.ladiagonale.net\/\",\"name\":\"La Diagonale\",\"description\":\"Le site des supporters de l&#039;AS Monaco FC\",\"potentialAction\":[{\"@type\":\"SearchAction\",\"target\":{\"@type\":\"EntryPoint\",\"urlTemplate\":\"https:\/\/www.ladiagonale.net\/?s={search_term_string}\"},\"query-input\":\"required name=search_term_string\"}],\"inLanguage\":\"fr-FR\"},{\"@type\":\"Person\",\"@id\":\"https:\/\/www.ladiagonale.net\/#\/schema\/person\/79ff1e7b0853ed01b2aa26e64ad300bf\",\"name\":\"Damien Dellerba\",\"image\":{\"@type\":\"ImageObject\",\"inLanguage\":\"fr-FR\",\"@id\":\"https:\/\/www.ladiagonale.net\/#\/schema\/person\/image\/\",\"url\":\"https:\/\/secure.gravatar.com\/avatar\/c7850e06d3ff63cdbaee88b7fc16e2f0?s=96&d=mm&r=g\",\"contentUrl\":\"https:\/\/secure.gravatar.com\/avatar\/c7850e06d3ff63cdbaee88b7fc16e2f0?s=96&d=mm&r=g\",\"caption\":\"Damien Dellerba\"},\"url\":\"https:\/\/www.ladiagonale.net\/index.php\/author\/damien\/\"}]}<\/script>\n<!-- \/ Yoast SEO plugin. -->","yoast_head_json":{"title":"Gare au pi\u00e8ge - La Diagonale","robots":{"index":"index","follow":"follow","max-snippet":"max-snippet:-1","max-image-preview":"max-image-preview:large","max-video-preview":"max-video-preview:-1"},"canonical":"https:\/\/www.ladiagonale.net\/index.php\/2024\/05\/04\/gare-au-piege\/","og_locale":"fr_FR","og_type":"article","og_title":"Gare au pi\u00e8ge - La Diagonale","og_description":"Une semaine apr\u00e8s avoir chut\u00e9 contre Lyon, Monaco doit rebondir face \u00e0 Clermont, lanterne rouge de Ligue 1 ce samedi (17h) pour la 32e journ\u00e9e. Il fallait bien que cela arrive. Apr\u00e8s huit rencontres \u00e0 refuser la d\u00e9faite, la neuvi\u00e8me a \u00e9t\u00e9 fatale \u00e0 Monaco, qui s\u2019est inclin\u00e9 contre Lyon dimanche dernier (2-3). Pour sa [...]","og_url":"https:\/\/www.ladiagonale.net\/index.php\/2024\/05\/04\/gare-au-piege\/","og_site_name":"La Diagonale","article_published_time":"2024-05-04T07:25:00+00:00","article_modified_time":"2024-05-04T03:31:09+00:00","og_image":[{"width":1160,"height":650,"url":"https:\/\/www.ladiagonale.net\/wp-content\/uploads\/2024\/05\/cam.png","type":"image\/png"}],"author":"Damien Dellerba","twitter_card":"summary_large_image","twitter_image":"https:\/\/www.ladiagonale.net\/wp-content\/uploads\/2024\/05\/cam.png","twitter_misc":{"\u00c9crit par":"Damien Dellerba","Dur\u00e9e de lecture estim\u00e9e":"3 minutes"},"schema":{"@context":"https:\/\/schema.org","@graph":[{"@type":"WebPage","@id":"https:\/\/www.ladiagonale.net\/index.php\/2024\/05\/04\/gare-au-piege\/","url":"https:\/\/www.ladiagonale.net\/index.php\/2024\/05\/04\/gare-au-piege\/","name":"Gare au pi\u00e8ge - La Diagonale","isPartOf":{"@id":"https:\/\/www.ladiagonale.net\/#website"},"datePublished":"2024-05-04T07:25:00+00:00","dateModified":"2024-05-04T03:31:09+00:00","author":{"@id":"https:\/\/www.ladiagonale.net\/#\/schema\/person\/79ff1e7b0853ed01b2aa26e64ad300bf"},"breadcrumb":{"@id":"https:\/\/www.ladiagonale.net\/index.php\/2024\/05\/04\/gare-au-piege\/#breadcrumb"},"inLanguage":"fr-FR","potentialAction":[{"@type":"ReadAction","target":["https:\/\/www.ladiagonale.net\/index.php\/2024\/05\/04\/gare-au-piege\/"]}]},{"@type":"BreadcrumbList","@id":"https:\/\/www.ladiagonale.net\/index.php\/2024\/05\/04\/gare-au-piege\/#breadcrumb","itemListElement":[{"@type":"ListItem","position":1,"name":"Accueil","item":"https:\/\/www.ladiagonale.net\/"},{"@type":"ListItem","position":2,"name":"Gare au pi\u00e8ge"}]},{"@type":"WebSite","@id":"https:\/\/www.ladiagonale.net\/#website","url":"https:\/\/www.ladiagonale.net\/","name":"La Diagonale","description":"Le site des supporters de l&#039;AS Monaco FC","potentialAction":[{"@type":"SearchAction","target":{"@type":"EntryPoint","urlTemplate":"https:\/\/www.ladiagonale.net\/?s={search_term_string}"},"query-input":"required name=search_term_string"}],"inLanguage":"fr-FR"},{"@type":"Person","@id":"https:\/\/www.ladiagonale.net\/#\/schema\/person\/79ff1e7b0853ed01b2aa26e64ad300bf","name":"Damien Dellerba","image":{"@type":"ImageObject","inLanguage":"fr-FR","@id":"https:\/\/www.ladiagonale.net\/#\/schema\/person\/image\/","url":"https:\/\/secure.gravatar.com\/avatar\/c7850e06d3ff63cdbaee88b7fc16e2f0?s=96&d=mm&r=g","contentUrl":"https:\/\/secure.gravatar.com\/avatar\/c7850e06d3ff63cdbaee88b7fc16e2f0?s=96&d=mm&r=g","caption":"Damien Dellerba"},"url":"https:\/\/www.ladiagonale.net\/index.php\/author\/damien\/"}]}},"_links":{"self":[{"href":"https:\/\/www.ladiagonale.net\/index.php\/wp-json\/wp\/v2\/posts\/22779"}],"collection":[{"href":"https:\/\/www.ladiagonale.net\/index.php\/wp-json\/wp\/v2\/posts"}],"about":[{"href":"https:\/\/www.ladiagonale.net\/index.php\/wp-json\/wp\/v2\/types\/post"}],"author":[{"embeddable":true,"href":"https:\/\/www.ladiagonale.net\/index.php\/wp-json\/wp\/v2\/users\/2"}],"replies":[{"embeddable":true,"href":"https:\/\/www.ladiagonale.net\/index.php\/wp-json\/wp\/v2\/comments?post=22779"}],"version-history":[{"count":1,"href":"https:\/\/www.ladiagonale.net\/index.php\/wp-json\/wp\/v2\/posts\/22779\/revisions"}],"predecessor-version":[{"id":22781,"href":"https:\/\/www.ladiagonale.net\/index.php\/wp-json\/wp\/v2\/posts\/22779\/revisions\/22781"}],"wp:featuredmedia":[{"embeddable":true,"href":"https:\/\/www.ladiagonale.net\/index.php\/wp-json\/wp\/v2\/media\/22780"}],"wp:attachment":[{"href":"https:\/\/www.ladiagonale.net\/index.php\/wp-json\/wp\/v2\/media?parent=22779"}],"wp:term":[{"taxonomy":"category","embeddable":true,"href":"https:\/\/www.ladiagonale.net\/index.php\/wp-json\/wp\/v2\/categories?post=22779"},{"taxonomy":"post_tag","embeddable":true,"href":"https:\/\/www.ladiagonale.net\/index.php\/wp-json\/wp\/v2\/tags?post=22779"}],"curies":[{"name":"wp","href":"https:\/\/api.w.org\/{rel}","templated":true}]}}