{"id":22782,"date":"2024-05-04T13:10:20","date_gmt":"2024-05-04T11:10:20","guid":{"rendered":"https:\/\/www.ladiagonale.net\/?p=22782"},"modified":"2024-05-04T13:10:21","modified_gmt":"2024-05-04T11:10:21","slug":"sur-quelle-chaine-suivre-monaco-clermont","status":"publish","type":"post","link":"https:\/\/www.ladiagonale.net\/index.php\/2024\/05\/04\/sur-quelle-chaine-suivre-monaco-clermont\/","title":{"rendered":"Sur quelle cha\u00eene suivre Monaco-Clermont ?"},"content":{"rendered":"\n\n\n<p>Face \u00e0 Clermont ce samedi, l&rsquo;AS Monaco a l&rsquo;occasion de valider une place dans le top 4 de mani\u00e8re d\u00e9finitive. Cette rencontre de la 32<sup>e<\/sup> journ\u00e9e de Ligue 1 d\u00e9butera \u00e0 17 heures et sera diffus\u00e9e sur <em>Prime Video<\/em>.<\/p>\n\n\n\n<p>Pour ce qui est du casting, Corentin Meynier sera le commentateur, \u00e9paul\u00e9 par \u00c9douard Ciss\u00e9 comme consultant. Le micro de bord terrain sera confi\u00e9 \u00e0 Timoth\u00e9e Maymon, tandis que Laurie Samama et assurera la pr\u00e9sentation de la rencontre sur le bord de la pelouse.<\/p>\n\n\n\n<p>Source : <a href=\"https:\/\/twitter.com\/EnPleineLucarne\">En Pleine Lucarne<\/a><\/p>\n","protected":false},"excerpt":{"rendered":"<p>Face \u00e0 Clermont ce samedi, l&rsquo;AS Monaco a l&rsquo;occasion de valider une place dans le top 4 de mani\u00e8re d\u00e9finitive. Cette rencontre de la 32e journ\u00e9e de Ligue 1 d\u00e9butera \u00e0 17 heures et sera diffus\u00e9e sur Prime Video. Pour ce qui est du casting, Corentin Meynier sera le commentateur, \u00e9paul\u00e9 par \u00c9douard Ciss\u00e9 comme [&#8230;]\n","protected":false},"author":2,"featured_media":0,"comment_status":"open","ping_status":"open","sticky":false,"template":"","format":"standard","meta":[],"categories":[6],"tags":[86,94,243,701],"yoast_head":"<!-- This site is optimized with the Yoast SEO plugin v19.8 - https:\/\/yoast.com\/wordpress\/plugins\/seo\/ -->\n<title>Sur quelle cha\u00eene suivre Monaco-Clermont ? - La Diagonale<\/title>\n<meta name=\"robots\" content=\"index, follow, max-snippet:-1, max-image-preview:large, max-video-preview:-1\" \/>\n<link rel=\"canonical\" href=\"https:\/\/www.ladiagonale.net\/index.php\/2024\/05\/04\/sur-quelle-chaine-suivre-monaco-clermont\/\" \/>\n<meta property=\"og:locale\" content=\"fr_FR\" \/>\n<meta property=\"og:type\" content=\"article\" \/>\n<meta property=\"og:title\" content=\"Sur quelle cha\u00eene suivre Monaco-Clermont ? - La Diagonale\" \/>\n<meta property=\"og:description\" content=\"Face \u00e0 Clermont ce samedi, l&rsquo;AS Monaco a l&rsquo;occasion de valider une place dans le top 4 de mani\u00e8re d\u00e9finitive. Cette rencontre de la 32e journ\u00e9e de Ligue 1 d\u00e9butera \u00e0 17 heures et sera diffus\u00e9e sur Prime Video. Pour ce qui est du casting, Corentin Meynier sera le commentateur, \u00e9paul\u00e9 par \u00c9douard Ciss\u00e9 comme [...]\" \/>\n<meta property=\"og:url\" content=\"https:\/\/www.ladiagonale.net\/index.php\/2024\/05\/04\/sur-quelle-chaine-suivre-monaco-clermont\/\" \/>\n<meta property=\"og:site_name\" content=\"La Diagonale\" \/>\n<meta property=\"article:published_time\" content=\"2024-05-04T11:10:20+00:00\" \/>\n<meta property=\"article:modified_time\" content=\"2024-05-04T11:10:21+00:00\" \/>\n<meta property=\"og:image\" content=\"https:\/\/www.ladiagonale.net\/wp-content\/uploads\/2022\/10\/prime.png\" \/>\n\t<meta property=\"og:image:width\" content=\"1160\" \/>\n\t<meta property=\"og:image:height\" content=\"650\" \/>\n\t<meta property=\"og:image:type\" content=\"image\/png\" \/>\n<meta name=\"author\" content=\"Damien Dellerba\" \/>\n<meta name=\"twitter:card\" content=\"summary_large_image\" \/>\n<meta name=\"twitter:image\" content=\"https:\/\/www.ladiagonale.net\/wp-content\/uploads\/2022\/10\/prime.png\" \/>\n<meta name=\"twitter:label1\" content=\"\u00c9crit par\" \/>\n\t<meta name=\"twitter:data1\" content=\"Damien Dellerba\" \/>\n\t<meta name=\"twitter:label2\" content=\"Dur\u00e9e de lecture estim\u00e9e\" \/>\n\t<meta name=\"twitter:data2\" content=\"1 minute\" \/>\n<script type=\"application\/ld+json\" class=\"yoast-schema-graph\">{\"@context\":\"https:\/\/schema.org\",\"@graph\":[{\"@type\":\"WebPage\",\"@id\":\"https:\/\/www.ladiagonale.net\/index.php\/2024\/05\/04\/sur-quelle-chaine-suivre-monaco-clermont\/\",\"url\":\"https:\/\/www.ladiagonale.net\/index.php\/2024\/05\/04\/sur-quelle-chaine-suivre-monaco-clermont\/\",\"name\":\"Sur quelle cha\u00eene suivre Monaco-Clermont ? - La Diagonale\",\"isPartOf\":{\"@id\":\"https:\/\/www.ladiagonale.net\/#website\"},\"datePublished\":\"2024-05-04T11:10:20+00:00\",\"dateModified\":\"2024-05-04T11:10:21+00:00\",\"author\":{\"@id\":\"https:\/\/www.ladiagonale.net\/#\/schema\/person\/79ff1e7b0853ed01b2aa26e64ad300bf\"},\"breadcrumb\":{\"@id\":\"https:\/\/www.ladiagonale.net\/index.php\/2024\/05\/04\/sur-quelle-chaine-suivre-monaco-clermont\/#breadcrumb\"},\"inLanguage\":\"fr-FR\",\"potentialAction\":[{\"@type\":\"ReadAction\",\"target\":[\"https:\/\/www.ladiagonale.net\/index.php\/2024\/05\/04\/sur-quelle-chaine-suivre-monaco-clermont\/\"]}]},{\"@type\":\"BreadcrumbList\",\"@id\":\"https:\/\/www.ladiagonale.net\/index.php\/2024\/05\/04\/sur-quelle-chaine-suivre-monaco-clermont\/#breadcrumb\",\"itemListElement\":[{\"@type\":\"ListItem\",\"position\":1,\"name\":\"Accueil\",\"item\":\"https:\/\/www.ladiagonale.net\/\"},{\"@type\":\"ListItem\",\"position\":2,\"name\":\"Sur quelle cha\u00eene suivre Monaco-Clermont ?\"}]},{\"@type\":\"WebSite\",\"@id\":\"https:\/\/www.ladiagonale.net\/#website\",\"url\":\"https:\/\/www.ladiagonale.net\/\",\"name\":\"La Diagonale\",\"description\":\"Le site des supporters de l&#039;AS Monaco FC\",\"potentialAction\":[{\"@type\":\"SearchAction\",\"target\":{\"@type\":\"EntryPoint\",\"urlTemplate\":\"https:\/\/www.ladiagonale.net\/?s={search_term_string}\"},\"query-input\":\"required name=search_term_string\"}],\"inLanguage\":\"fr-FR\"},{\"@type\":\"Person\",\"@id\":\"https:\/\/www.ladiagonale.net\/#\/schema\/person\/79ff1e7b0853ed01b2aa26e64ad300bf\",\"name\":\"Damien Dellerba\",\"image\":{\"@type\":\"ImageObject\",\"inLanguage\":\"fr-FR\",\"@id\":\"https:\/\/www.ladiagonale.net\/#\/schema\/person\/image\/\",\"url\":\"https:\/\/secure.gravatar.com\/avatar\/c7850e06d3ff63cdbaee88b7fc16e2f0?s=96&d=mm&r=g\",\"contentUrl\":\"https:\/\/secure.gravatar.com\/avatar\/c7850e06d3ff63cdbaee88b7fc16e2f0?s=96&d=mm&r=g\",\"caption\":\"Damien Dellerba\"},\"url\":\"https:\/\/www.ladiagonale.net\/index.php\/author\/damien\/\"}]}<\/script>\n<!-- \/ Yoast SEO plugin. -->","yoast_head_json":{"title":"Sur quelle cha\u00eene suivre Monaco-Clermont ? - La Diagonale","robots":{"index":"index","follow":"follow","max-snippet":"max-snippet:-1","max-image-preview":"max-image-preview:large","max-video-preview":"max-video-preview:-1"},"canonical":"https:\/\/www.ladiagonale.net\/index.php\/2024\/05\/04\/sur-quelle-chaine-suivre-monaco-clermont\/","og_locale":"fr_FR","og_type":"article","og_title":"Sur quelle cha\u00eene suivre Monaco-Clermont ? - La Diagonale","og_description":"Face \u00e0 Clermont ce samedi, l&rsquo;AS Monaco a l&rsquo;occasion de valider une place dans le top 4 de mani\u00e8re d\u00e9finitive. Cette rencontre de la 32e journ\u00e9e de Ligue 1 d\u00e9butera \u00e0 17 heures et sera diffus\u00e9e sur Prime Video. Pour ce qui est du casting, Corentin Meynier sera le commentateur, \u00e9paul\u00e9 par \u00c9douard Ciss\u00e9 comme [...]","og_url":"https:\/\/www.ladiagonale.net\/index.php\/2024\/05\/04\/sur-quelle-chaine-suivre-monaco-clermont\/","og_site_name":"La Diagonale","article_published_time":"2024-05-04T11:10:20+00:00","article_modified_time":"2024-05-04T11:10:21+00:00","og_image":[{"width":1160,"height":650,"url":"https:\/\/www.ladiagonale.net\/wp-content\/uploads\/2022\/10\/prime.png","type":"image\/png"}],"author":"Damien Dellerba","twitter_card":"summary_large_image","twitter_image":"https:\/\/www.ladiagonale.net\/wp-content\/uploads\/2022\/10\/prime.png","twitter_misc":{"\u00c9crit par":"Damien Dellerba","Dur\u00e9e de lecture estim\u00e9e":"1 minute"},"schema":{"@context":"https:\/\/schema.org","@graph":[{"@type":"WebPage","@id":"https:\/\/www.ladiagonale.net\/index.php\/2024\/05\/04\/sur-quelle-chaine-suivre-monaco-clermont\/","url":"https:\/\/www.ladiagonale.net\/index.php\/2024\/05\/04\/sur-quelle-chaine-suivre-monaco-clermont\/","name":"Sur quelle cha\u00eene suivre Monaco-Clermont ? - La Diagonale","isPartOf":{"@id":"https:\/\/www.ladiagonale.net\/#website"},"datePublished":"2024-05-04T11:10:20+00:00","dateModified":"2024-05-04T11:10:21+00:00","author":{"@id":"https:\/\/www.ladiagonale.net\/#\/schema\/person\/79ff1e7b0853ed01b2aa26e64ad300bf"},"breadcrumb":{"@id":"https:\/\/www.ladiagonale.net\/index.php\/2024\/05\/04\/sur-quelle-chaine-suivre-monaco-clermont\/#breadcrumb"},"inLanguage":"fr-FR","potentialAction":[{"@type":"ReadAction","target":["https:\/\/www.ladiagonale.net\/index.php\/2024\/05\/04\/sur-quelle-chaine-suivre-monaco-clermont\/"]}]},{"@type":"BreadcrumbList","@id":"https:\/\/www.ladiagonale.net\/index.php\/2024\/05\/04\/sur-quelle-chaine-suivre-monaco-clermont\/#breadcrumb","itemListElement":[{"@type":"ListItem","position":1,"name":"Accueil","item":"https:\/\/www.ladiagonale.net\/"},{"@type":"ListItem","position":2,"name":"Sur quelle cha\u00eene suivre Monaco-Clermont ?"}]},{"@type":"WebSite","@id":"https:\/\/www.ladiagonale.net\/#website","url":"https:\/\/www.ladiagonale.net\/","name":"La Diagonale","description":"Le site des supporters de l&#039;AS Monaco FC","potentialAction":[{"@type":"SearchAction","target":{"@type":"EntryPoint","urlTemplate":"https:\/\/www.ladiagonale.net\/?s={search_term_string}"},"query-input":"required name=search_term_string"}],"inLanguage":"fr-FR"},{"@type":"Person","@id":"https:\/\/www.ladiagonale.net\/#\/schema\/person\/79ff1e7b0853ed01b2aa26e64ad300bf","name":"Damien Dellerba","image":{"@type":"ImageObject","inLanguage":"fr-FR","@id":"https:\/\/www.ladiagonale.net\/#\/schema\/person\/image\/","url":"https:\/\/secure.gravatar.com\/avatar\/c7850e06d3ff63cdbaee88b7fc16e2f0?s=96&d=mm&r=g","contentUrl":"https:\/\/secure.gravatar.com\/avatar\/c7850e06d3ff63cdbaee88b7fc16e2f0?s=96&d=mm&r=g","caption":"Damien Dellerba"},"url":"https:\/\/www.ladiagonale.net\/index.php\/author\/damien\/"}]}},"_links":{"self":[{"href":"https:\/\/www.ladiagonale.net\/index.php\/wp-json\/wp\/v2\/posts\/22782"}],"collection":[{"href":"https:\/\/www.ladiagonale.net\/index.php\/wp-json\/wp\/v2\/posts"}],"about":[{"href":"https:\/\/www.ladiagonale.net\/index.php\/wp-json\/wp\/v2\/types\/post"}],"author":[{"embeddable":true,"href":"https:\/\/www.ladiagonale.net\/index.php\/wp-json\/wp\/v2\/users\/2"}],"replies":[{"embeddable":true,"href":"https:\/\/www.ladiagonale.net\/index.php\/wp-json\/wp\/v2\/comments?post=22782"}],"version-history":[{"count":1,"href":"https:\/\/www.ladiagonale.net\/index.php\/wp-json\/wp\/v2\/posts\/22782\/revisions"}],"predecessor-version":[{"id":22783,"href":"https:\/\/www.ladiagonale.net\/index.php\/wp-json\/wp\/v2\/posts\/22782\/revisions\/22783"}],"wp:attachment":[{"href":"https:\/\/www.ladiagonale.net\/index.php\/wp-json\/wp\/v2\/media?parent=22782"}],"wp:term":[{"taxonomy":"category","embeddable":true,"href":"https:\/\/www.ladiagonale.net\/index.php\/wp-json\/wp\/v2\/categories?post=22782"},{"taxonomy":"post_tag","embeddable":true,"href":"https:\/\/www.ladiagonale.net\/index.php\/wp-json\/wp\/v2\/tags?post=22782"}],"curies":[{"name":"wp","href":"https:\/\/api.w.org\/{rel}","templated":true}]}}